{"id":25742,"date":"2025-12-27T11:37:04","date_gmt":"2025-12-27T10:37:04","guid":{"rendered":"https:\/\/veritasinfo.org\/?p=25742"},"modified":"2025-12-27T11:37:04","modified_gmt":"2025-12-27T10:37:04","slug":"kerkohet-reagim-i-be-se-ndaj-serbise-qe-hapi-vende-pune-ne-institucionet-paralele-kosove","status":"publish","type":"post","link":"https:\/\/veritasinfo.org\/?p=25742","title":{"rendered":"K\u00ebrkohet reagim i BE-s\u00eb ndaj Serbis\u00eb q\u00eb hapi vende pune n\u00eb institucionet paralele Kosov\u00eb"},"content":{"rendered":"<p><strong>Prishtin\u00eb, 27 dhjetor 2025 11:37<\/strong><\/p>\n<p>Njoh\u00ebs t\u00eb siguris\u00eb dhe t\u00eb \u00e7\u00ebshtjeve politike i vler\u00ebsojn\u00eb shqet\u00ebsuese veprimet e Beogradit p\u00ebr hapjen e konkurseve n\u00eb institucionet paralele sh\u00ebndet\u00ebsore serbe n\u00eb Kosov\u00eb, duke theksuar se ato kan\u00eb ndikim t\u00eb drejtp\u00ebrdrejt\u00eb zgjedhor te qytetar\u00ebt serb\u00eb dhe krijojn\u00eb nj\u00eb presion juridik dhe kushtetues ndaj Kosov\u00ebs.<\/p>\n<p>Ata kan\u00eb theksuar se Bashkimi Evropian duhet t\u00eb jap\u00eb nj\u00eb reagim t\u00eb menj\u00ebhersh\u00ebm ndaj k\u00ebtyre veprimeve, p\u00ebr t\u00eb parandaluar interferimin e shtetit serb n\u00eb proceset zgjedhore dhe brenda sistemit kushtetues t\u00eb Kosov\u00ebs.<\/p>\n<p>Politologu Albinot Maloku, ka theksuar se konkursi ka nj\u00eb konotacion t\u00eb fort\u00eb zgjedhor p\u00ebr mb\u00ebshtetjen e List\u00ebs Serbe n\u00eb zgjedhjet e 28 dhjetorit, nd\u00ebrsa eksperti i siguris\u00eb Drizan Shala e ka cil\u00ebsuar k\u00ebt\u00eb si nj\u00eb mesazh t\u00eb qart\u00eb t\u00eb Beogradit p\u00ebr interferim brenda sistemit kushtetues t\u00eb Kosov\u00ebs.<\/p>\n<p>Ai ka th\u00ebn\u00eb se veprimet e Beogradit jan\u00eb pjes\u00eb e fushat\u00ebs elektorale p\u00ebr t\u00eb mbajtur fuqin\u00eb e List\u00ebs Serbe dhe kan\u00eb efekt t\u00eb drejtp\u00ebrdrejt kushtetues, ekonomik dhe juridik ndaj Kosov\u00ebs.<\/p>\n<p>\u201cKonsideroj q\u00eb e b\u00ebr\u00eb p\u00ebr fushat\u00eb elektorale p\u00ebr t\u2019i mbajtur fuqin\u00eb List\u00ebs Serbe, Beogradi zyrtar ka edhe efektin tjet\u00ebr, agresion kushtetuese, ekonomik dhe juridik ndaj Kosov\u00ebs. Dhe p\u00ebrgjigjen do t\u00eb duhet ta kishte p\u00ebr k\u00ebt\u00eb situat\u00eb para s\u00eb gjithash BE-ja\u201d, tha Maloku.<\/p>\n<p>Eksperti i siguris\u00eb, Drizan Shala ka theksuar se aktiviteti politik i zhvilluar nga shteti serb korrespondon me q\u00ebndrimin zyrtar t\u00eb Serbis\u00eb sa i p\u00ebrket interferenc\u00ebs n\u00eb pjes\u00eb t\u00eb ndryshme t\u00eb shoq\u00ebris\u00eb shqiptare dhe kushtetueshm\u00ebris\u00eb.<\/p>\n<p>Ai ka sqaruar se hapja e konkurseve p\u00ebr strukturat paralele n\u00eb sektorin e sh\u00ebndet\u00ebsis\u00eb \u00ebsht\u00eb nj\u00eb sinjal p\u00ebr qytetar\u00ebt e komunitetit serb q\u00eb t\u00eb mb\u00ebshtesin List\u00ebn Serbe n\u00eb zgjedhjet e 28 dhjetorit.<\/p>\n","protected":false},"excerpt":{"rendered":"<p>Prishtin\u00eb, 27 dhjetor 2025 11:37 Njoh\u00ebs t\u00eb siguris\u00eb dhe t\u00eb \u00e7\u00ebshtjeve politike i vler\u00ebsojn\u00eb shqet\u00ebsuese veprimet e Beogradit p\u00ebr hapjen e konkurseve n\u00eb institucionet paralele<\/p>\n","protected":false},"author":2,"featured_media":25743,"comment_status":"open","ping_status":"open","sticky":false,"template":"","format":"standard","meta":{"footnotes":""},"categories":[58],"tags":[],"class_list":["post-25742","post","type-post","status-publish","format-standard","has-post-thumbnail","hentry","category-politike-sq"],"yoast_head":"<!-- This site is optimized with the Yoast SEO plugin v25.3.1 - https:\/\/yoast.com\/wordpress\/plugins\/seo\/ -->\n<title>K\u00ebrkohet reagim i BE-s\u00eb ndaj Serbis\u00eb q\u00eb hapi vende pune n\u00eb institucionet paralele Kosov\u00eb -<\/title>\n<meta name=\"robots\" content=\"index, follow, max-snippet:-1, max-image-preview:large, max-video-preview:-1\" \/>\n<link rel=\"canonical\" href=\"https:\/\/veritasinfo.org\/?p=25742\" \/>\n<meta property=\"og:locale\" content=\"en_US\" \/>\n<meta property=\"og:type\" content=\"article\" \/>\n<meta property=\"og:title\" content=\"K\u00ebrkohet reagim i BE-s\u00eb ndaj Serbis\u00eb q\u00eb hapi vende pune n\u00eb institucionet paralele Kosov\u00eb -\" \/>\n<meta property=\"og:description\" content=\"Prishtin\u00eb, 27 dhjetor 2025 11:37 Njoh\u00ebs t\u00eb siguris\u00eb dhe t\u00eb \u00e7\u00ebshtjeve politike i vler\u00ebsojn\u00eb shqet\u00ebsuese veprimet e Beogradit p\u00ebr hapjen e konkurseve n\u00eb institucionet paralele\" \/>\n<meta property=\"og:url\" content=\"https:\/\/veritasinfo.org\/?p=25742\" \/>\n<meta property=\"article:published_time\" content=\"2025-12-27T10:37:04+00:00\" \/>\n<meta property=\"og:image\" content=\"https:\/\/veritasinfo.org\/wp-content\/uploads\/2025\/12\/maloku.jpg\" \/>\n\t<meta property=\"og:image:width\" content=\"900\" \/>\n\t<meta property=\"og:image:height\" content=\"673\" \/>\n\t<meta property=\"og:image:type\" content=\"image\/jpeg\" \/>\n<meta name=\"author\" content=\"US1\" \/>\n<meta name=\"twitter:card\" content=\"summary_large_image\" \/>\n<meta name=\"twitter:label1\" content=\"Written by\" \/>\n\t<meta name=\"twitter:data1\" content=\"US1\" \/>\n\t<meta name=\"twitter:label2\" content=\"Est. reading time\" \/>\n\t<meta name=\"twitter:data2\" content=\"2 minutes\" \/>\n<script type=\"application\/ld+json\" class=\"yoast-schema-graph\">{\"@context\":\"https:\/\/schema.org\",\"@graph\":[{\"@type\":\"WebPage\",\"@id\":\"https:\/\/veritasinfo.org\/?p=25742\",\"url\":\"https:\/\/veritasinfo.org\/?p=25742\",\"name\":\"K\u00ebrkohet reagim i BE-s\u00eb ndaj Serbis\u00eb q\u00eb hapi vende pune n\u00eb institucionet paralele Kosov\u00eb -\",\"isPartOf\":{\"@id\":\"https:\/\/veritasinfo.org\/#website\"},\"primaryImageOfPage\":{\"@id\":\"https:\/\/veritasinfo.org\/?p=25742#primaryimage\"},\"image\":{\"@id\":\"https:\/\/veritasinfo.org\/?p=25742#primaryimage\"},\"thumbnailUrl\":\"https:\/\/veritasinfo.org\/wp-content\/uploads\/2025\/12\/maloku.jpg\",\"datePublished\":\"2025-12-27T10:37:04+00:00\",\"author\":{\"@id\":\"https:\/\/veritasinfo.org\/#\/schema\/person\/c2b8be262ea994d0995addca692c5e98\"},\"breadcrumb\":{\"@id\":\"https:\/\/veritasinfo.org\/?p=25742#breadcrumb\"},\"inLanguage\":\"en-US\",\"potentialAction\":[{\"@type\":\"ReadAction\",\"target\":[\"https:\/\/veritasinfo.org\/?p=25742\"]}]},{\"@type\":\"ImageObject\",\"inLanguage\":\"en-US\",\"@id\":\"https:\/\/veritasinfo.org\/?p=25742#primaryimage\",\"url\":\"https:\/\/veritasinfo.org\/wp-content\/uploads\/2025\/12\/maloku.jpg\",\"contentUrl\":\"https:\/\/veritasinfo.org\/wp-content\/uploads\/2025\/12\/maloku.jpg\",\"width\":900,\"height\":673},{\"@type\":\"BreadcrumbList\",\"@id\":\"https:\/\/veritasinfo.org\/?p=25742#breadcrumb\",\"itemListElement\":[{\"@type\":\"ListItem\",\"position\":1,\"name\":\"Home\",\"item\":\"https:\/\/veritasinfo.org\/\"},{\"@type\":\"ListItem\",\"position\":2,\"name\":\"K\u00ebrkohet reagim i BE-s\u00eb ndaj Serbis\u00eb q\u00eb hapi vende pune n\u00eb institucionet paralele Kosov\u00eb\"}]},{\"@type\":\"WebSite\",\"@id\":\"https:\/\/veritasinfo.org\/#website\",\"url\":\"https:\/\/veritasinfo.org\/\",\"name\":\"\",\"description\":\"\",\"potentialAction\":[{\"@type\":\"SearchAction\",\"target\":{\"@type\":\"EntryPoint\",\"urlTemplate\":\"https:\/\/veritasinfo.org\/?s={search_term_string}\"},\"query-input\":{\"@type\":\"PropertyValueSpecification\",\"valueRequired\":true,\"valueName\":\"search_term_string\"}}],\"inLanguage\":\"en-US\"},{\"@type\":\"Person\",\"@id\":\"https:\/\/veritasinfo.org\/#\/schema\/person\/c2b8be262ea994d0995addca692c5e98\",\"name\":\"US1\",\"image\":{\"@type\":\"ImageObject\",\"inLanguage\":\"en-US\",\"@id\":\"https:\/\/veritasinfo.org\/#\/schema\/person\/image\/\",\"url\":\"https:\/\/secure.gravatar.com\/avatar\/4e96a59bd256abf9956eb9963ac891a47461ffb364d47b0e9aab113328fdb75b?s=96&d=mm&r=g\",\"contentUrl\":\"https:\/\/secure.gravatar.com\/avatar\/4e96a59bd256abf9956eb9963ac891a47461ffb364d47b0e9aab113328fdb75b?s=96&d=mm&r=g\",\"caption\":\"US1\"},\"url\":\"https:\/\/veritasinfo.org\/?author=2\"}]}<\/script>\n<!-- \/ Yoast SEO plugin. -->","yoast_head_json":{"title":"K\u00ebrkohet reagim i BE-s\u00eb ndaj Serbis\u00eb q\u00eb hapi vende pune n\u00eb institucionet paralele Kosov\u00eb -","robots":{"index":"index","follow":"follow","max-snippet":"max-snippet:-1","max-image-preview":"max-image-preview:large","max-video-preview":"max-video-preview:-1"},"canonical":"https:\/\/veritasinfo.org\/?p=25742","og_locale":"en_US","og_type":"article","og_title":"K\u00ebrkohet reagim i BE-s\u00eb ndaj Serbis\u00eb q\u00eb hapi vende pune n\u00eb institucionet paralele Kosov\u00eb -","og_description":"Prishtin\u00eb, 27 dhjetor 2025 11:37 Njoh\u00ebs t\u00eb siguris\u00eb dhe t\u00eb \u00e7\u00ebshtjeve politike i vler\u00ebsojn\u00eb shqet\u00ebsuese veprimet e Beogradit p\u00ebr hapjen e konkurseve n\u00eb institucionet paralele","og_url":"https:\/\/veritasinfo.org\/?p=25742","article_published_time":"2025-12-27T10:37:04+00:00","og_image":[{"width":900,"height":673,"url":"https:\/\/veritasinfo.org\/wp-content\/uploads\/2025\/12\/maloku.jpg","type":"image\/jpeg"}],"author":"US1","twitter_card":"summary_large_image","twitter_misc":{"Written by":"US1","Est. reading time":"2 minutes"},"schema":{"@context":"https:\/\/schema.org","@graph":[{"@type":"WebPage","@id":"https:\/\/veritasinfo.org\/?p=25742","url":"https:\/\/veritasinfo.org\/?p=25742","name":"K\u00ebrkohet reagim i BE-s\u00eb ndaj Serbis\u00eb q\u00eb hapi vende pune n\u00eb institucionet paralele Kosov\u00eb -","isPartOf":{"@id":"https:\/\/veritasinfo.org\/#website"},"primaryImageOfPage":{"@id":"https:\/\/veritasinfo.org\/?p=25742#primaryimage"},"image":{"@id":"https:\/\/veritasinfo.org\/?p=25742#primaryimage"},"thumbnailUrl":"https:\/\/veritasinfo.org\/wp-content\/uploads\/2025\/12\/maloku.jpg","datePublished":"2025-12-27T10:37:04+00:00","author":{"@id":"https:\/\/veritasinfo.org\/#\/schema\/person\/c2b8be262ea994d0995addca692c5e98"},"breadcrumb":{"@id":"https:\/\/veritasinfo.org\/?p=25742#breadcrumb"},"inLanguage":"en-US","potentialAction":[{"@type":"ReadAction","target":["https:\/\/veritasinfo.org\/?p=25742"]}]},{"@type":"ImageObject","inLanguage":"en-US","@id":"https:\/\/veritasinfo.org\/?p=25742#primaryimage","url":"https:\/\/veritasinfo.org\/wp-content\/uploads\/2025\/12\/maloku.jpg","contentUrl":"https:\/\/veritasinfo.org\/wp-content\/uploads\/2025\/12\/maloku.jpg","width":900,"height":673},{"@type":"BreadcrumbList","@id":"https:\/\/veritasinfo.org\/?p=25742#breadcrumb","itemListElement":[{"@type":"ListItem","position":1,"name":"Home","item":"https:\/\/veritasinfo.org\/"},{"@type":"ListItem","position":2,"name":"K\u00ebrkohet reagim i BE-s\u00eb ndaj Serbis\u00eb q\u00eb hapi vende pune n\u00eb institucionet paralele Kosov\u00eb"}]},{"@type":"WebSite","@id":"https:\/\/veritasinfo.org\/#website","url":"https:\/\/veritasinfo.org\/","name":"","description":"","potentialAction":[{"@type":"SearchAction","target":{"@type":"EntryPoint","urlTemplate":"https:\/\/veritasinfo.org\/?s={search_term_string}"},"query-input":{"@type":"PropertyValueSpecification","valueRequired":true,"valueName":"search_term_string"}}],"inLanguage":"en-US"},{"@type":"Person","@id":"https:\/\/veritasinfo.org\/#\/schema\/person\/c2b8be262ea994d0995addca692c5e98","name":"US1","image":{"@type":"ImageObject","inLanguage":"en-US","@id":"https:\/\/veritasinfo.org\/#\/schema\/person\/image\/","url":"https:\/\/secure.gravatar.com\/avatar\/4e96a59bd256abf9956eb9963ac891a47461ffb364d47b0e9aab113328fdb75b?s=96&d=mm&r=g","contentUrl":"https:\/\/secure.gravatar.com\/avatar\/4e96a59bd256abf9956eb9963ac891a47461ffb364d47b0e9aab113328fdb75b?s=96&d=mm&r=g","caption":"US1"},"url":"https:\/\/veritasinfo.org\/?author=2"}]}},"featured_image_urls":{"full":["https:\/\/veritasinfo.org\/wp-content\/uploads\/2025\/12\/maloku.jpg",900,673,false],"thumbnail":["https:\/\/veritasinfo.org\/wp-content\/uploads\/2025\/12\/maloku-150x150.jpg",150,150,true],"medium":["https:\/\/veritasinfo.org\/wp-content\/uploads\/2025\/12\/maloku-300x224.jpg",300,224,true],"medium_large":["https:\/\/veritasinfo.org\/wp-content\/uploads\/2025\/12\/maloku-768x574.jpg",640,478,true],"large":["https:\/\/veritasinfo.org\/wp-content\/uploads\/2025\/12\/maloku.jpg",640,479,false],"1536x1536":["https:\/\/veritasinfo.org\/wp-content\/uploads\/2025\/12\/maloku.jpg",900,673,false],"2048x2048":["https:\/\/veritasinfo.org\/wp-content\/uploads\/2025\/12\/maloku.jpg",900,673,false],"kreeti-slider-full":["https:\/\/veritasinfo.org\/wp-content\/uploads\/2025\/12\/maloku.jpg",900,673,false],"kreeti-featured":["https:\/\/veritasinfo.org\/wp-content\/uploads\/2025\/12\/maloku.jpg",900,673,false],"kreeti-medium":["https:\/\/veritasinfo.org\/wp-content\/uploads\/2025\/12\/maloku.jpg",709,530,false],"kreeti-medium-square":["https:\/\/veritasinfo.org\/wp-content\/uploads\/2025\/12\/maloku.jpg",350,262,false]},"author_info":{"info":["US1"]},"category_info":"<a href=\"https:\/\/veritasinfo.org\/?cat=58\" rel=\"category\">Politik\u00eb<\/a>","tag_info":"Politik\u00eb","comment_count":"0","_links":{"self":[{"href":"https:\/\/veritasinfo.org\/index.php?rest_route=\/wp\/v2\/posts\/25742","targetHints":{"allow":["GET"]}}],"collection":[{"href":"https:\/\/veritasinfo.org\/index.php?rest_route=\/wp\/v2\/posts"}],"about":[{"href":"https:\/\/veritasinfo.org\/index.php?rest_route=\/wp\/v2\/types\/post"}],"author":[{"embeddable":true,"href":"https:\/\/veritasinfo.org\/index.php?rest_route=\/wp\/v2\/users\/2"}],"replies":[{"embeddable":true,"href":"https:\/\/veritasinfo.org\/index.php?rest_route=%2Fwp%2Fv2%2Fcomments&post=25742"}],"version-history":[{"count":1,"href":"https:\/\/veritasinfo.org\/index.php?rest_route=\/wp\/v2\/posts\/25742\/revisions"}],"predecessor-version":[{"id":25744,"href":"https:\/\/veritasinfo.org\/index.php?rest_route=\/wp\/v2\/posts\/25742\/revisions\/25744"}],"wp:featuredmedia":[{"embeddable":true,"href":"https:\/\/veritasinfo.org\/index.php?rest_route=\/wp\/v2\/media\/25743"}],"wp:attachment":[{"href":"https:\/\/veritasinfo.org\/index.php?rest_route=%2Fwp%2Fv2%2Fmedia&parent=25742"}],"wp:term":[{"taxonomy":"category","embeddable":true,"href":"https:\/\/veritasinfo.org\/index.php?rest_route=%2Fwp%2Fv2%2Fcategories&post=25742"},{"taxonomy":"post_tag","embeddable":true,"href":"https:\/\/veritasinfo.org\/index.php?rest_route=%2Fwp%2Fv2%2Ftags&post=25742"}],"curies":[{"name":"wp","href":"https:\/\/api.w.org\/{rel}","templated":true}]}}