{"id":2574,"date":"2025-07-05T08:29:49","date_gmt":"2025-07-05T06:29:49","guid":{"rendered":"https:\/\/veritasinfo.org\/?p=2574"},"modified":"2025-07-05T08:29:49","modified_gmt":"2025-07-05T06:29:49","slug":"arrestohet-kandidati-per-kryetar-te-drenasit-dyshohet-per-detyrim-dhe-prezantim-te-rreme-si-zyrtar-i-gjendet-arsenal-armesh","status":"publish","type":"post","link":"https:\/\/veritasinfo.org\/?p=2574","title":{"rendered":"Arrestohet kandidati p\u00ebr kryetar t\u00eb Drenasit, dyshohet p\u00ebr detyrim dhe prezantim t\u00eb rrem\u00eb si zyrtar, i gjendet arsenal arm\u00ebsh"},"content":{"rendered":"<p><strong>Prishtin\u00eb, 5 korrik 2025<\/strong><\/p>\n<p>Naim Bazaj, rreth 54-vje\u00e7ar, \u00ebsht\u00eb arrestuar si i dyshuar p\u00ebr disa vepra penale t\u00eb r\u00ebnda, p\u00ebrfshir\u00eb \u201cDetyrim\u201d, \u201cPrezantim i rrem\u00eb si person zyrtar\u201d dhe \u201cMbajtje t\u00eb paautorizuar t\u00eb arm\u00ebve\u201d. Ish-kryesuesi i Kuvendit Komunal t\u00eb Drenasit, Naim Bazaj, do t\u00eb garoj\u00eb n\u00eb zgjedhjet lokale n\u00ebn sigl\u00ebn e \u201cIniciativ\u00ebs p\u00ebr Drenasin\u201d.<\/p>\n<p>Gjat\u00eb kontrollit t\u00eb banes\u00ebs dhe objekteve p\u00ebrcjell\u00ebse, Policia ka sekuestruar nj\u00eb arsenal arm\u00ebsh dhe municioni, p\u00ebrfshir\u00eb: nj\u00eb arm\u00eb e gjat\u00eb me dylbi, nj\u00eb tyte dhe 200 fishek\u00eb kalib\u00ebr .22 Remington, 1 arm\u00eb automatike me 15 fishek\u00eb dhe nj\u00eb karikator, 1 pushk\u00eb gjahu me dy tyta dhe 46 fishek\u00eb, 1 arm\u00eb ajrore 4.5 mm (Made in Germany), 1 pistolet\u00eb Sig Sauer me nj\u00eb karikator dhe 29 fishek\u00eb, 1 pistolet\u00eb AG-9 me dy karikator\u00eb dhe pajisje p\u00ebrcjell\u00ebse, 1 iPhone 14 Pro Max dhe 1 kontrat\u00eb dhe dokumentacion i arm\u00ebs n\u00eb em\u00ebr t\u00eb Fitim Bazaj.<\/p>\n","protected":false},"excerpt":{"rendered":"<p>Prishtin\u00eb, 5 korrik 2025 Naim Bazaj, rreth 54-vje\u00e7ar, \u00ebsht\u00eb arrestuar si i dyshuar p\u00ebr disa vepra penale t\u00eb r\u00ebnda, p\u00ebrfshir\u00eb \u201cDetyrim\u201d, \u201cPrezantim i rrem\u00eb si<\/p>\n","protected":false},"author":2,"featured_media":2575,"comment_status":"open","ping_status":"open","sticky":false,"template":"","format":"standard","meta":{"footnotes":""},"categories":[60],"tags":[],"class_list":["post-2574","post","type-post","status-publish","format-standard","has-post-thumbnail","hentry","category-shoqerore-sq"],"yoast_head":"<!-- This site is optimized with the Yoast SEO plugin v25.3.1 - https:\/\/yoast.com\/wordpress\/plugins\/seo\/ -->\n<title>Arrestohet kandidati p\u00ebr kryetar t\u00eb Drenasit, dyshohet p\u00ebr detyrim dhe prezantim t\u00eb rrem\u00eb si zyrtar, i gjendet arsenal arm\u00ebsh -<\/title>\n<meta name=\"robots\" content=\"index, follow, max-snippet:-1, max-image-preview:large, max-video-preview:-1\" \/>\n<link rel=\"canonical\" href=\"https:\/\/veritasinfo.org\/?p=2574\" \/>\n<meta property=\"og:locale\" content=\"en_US\" \/>\n<meta property=\"og:type\" content=\"article\" \/>\n<meta property=\"og:title\" content=\"Arrestohet kandidati p\u00ebr kryetar t\u00eb Drenasit, dyshohet p\u00ebr detyrim dhe prezantim t\u00eb rrem\u00eb si zyrtar, i gjendet arsenal arm\u00ebsh -\" \/>\n<meta property=\"og:description\" content=\"Prishtin\u00eb, 5 korrik 2025 Naim Bazaj, rreth 54-vje\u00e7ar, \u00ebsht\u00eb arrestuar si i dyshuar p\u00ebr disa vepra penale t\u00eb r\u00ebnda, p\u00ebrfshir\u00eb \u201cDetyrim\u201d, \u201cPrezantim i rrem\u00eb si\" \/>\n<meta property=\"og:url\" content=\"https:\/\/veritasinfo.org\/?p=2574\" \/>\n<meta property=\"article:published_time\" content=\"2025-07-05T06:29:49+00:00\" \/>\n<meta property=\"og:image\" content=\"https:\/\/veritasinfo.org\/wp-content\/uploads\/2025\/07\/Naim-Bazaj.jpg\" \/>\n\t<meta property=\"og:image:width\" content=\"225\" \/>\n\t<meta property=\"og:image:height\" content=\"225\" \/>\n\t<meta property=\"og:image:type\" content=\"image\/jpeg\" \/>\n<meta name=\"author\" content=\"US1\" \/>\n<meta name=\"twitter:card\" content=\"summary_large_image\" \/>\n<meta name=\"twitter:label1\" content=\"Written by\" \/>\n\t<meta name=\"twitter:data1\" content=\"US1\" \/>\n\t<meta name=\"twitter:label2\" content=\"Est. reading time\" \/>\n\t<meta name=\"twitter:data2\" content=\"1 minute\" \/>\n<script type=\"application\/ld+json\" class=\"yoast-schema-graph\">{\"@context\":\"https:\/\/schema.org\",\"@graph\":[{\"@type\":\"WebPage\",\"@id\":\"https:\/\/veritasinfo.org\/?p=2574\",\"url\":\"https:\/\/veritasinfo.org\/?p=2574\",\"name\":\"Arrestohet kandidati p\u00ebr kryetar t\u00eb Drenasit, dyshohet p\u00ebr detyrim dhe prezantim t\u00eb rrem\u00eb si zyrtar, i gjendet arsenal arm\u00ebsh -\",\"isPartOf\":{\"@id\":\"https:\/\/veritasinfo.org\/#website\"},\"primaryImageOfPage\":{\"@id\":\"https:\/\/veritasinfo.org\/?p=2574#primaryimage\"},\"image\":{\"@id\":\"https:\/\/veritasinfo.org\/?p=2574#primaryimage\"},\"thumbnailUrl\":\"https:\/\/veritasinfo.org\/wp-content\/uploads\/2025\/07\/Naim-Bazaj.jpg\",\"datePublished\":\"2025-07-05T06:29:49+00:00\",\"author\":{\"@id\":\"https:\/\/veritasinfo.org\/#\/schema\/person\/c2b8be262ea994d0995addca692c5e98\"},\"breadcrumb\":{\"@id\":\"https:\/\/veritasinfo.org\/?p=2574#breadcrumb\"},\"inLanguage\":\"en-US\",\"potentialAction\":[{\"@type\":\"ReadAction\",\"target\":[\"https:\/\/veritasinfo.org\/?p=2574\"]}]},{\"@type\":\"ImageObject\",\"inLanguage\":\"en-US\",\"@id\":\"https:\/\/veritasinfo.org\/?p=2574#primaryimage\",\"url\":\"https:\/\/veritasinfo.org\/wp-content\/uploads\/2025\/07\/Naim-Bazaj.jpg\",\"contentUrl\":\"https:\/\/veritasinfo.org\/wp-content\/uploads\/2025\/07\/Naim-Bazaj.jpg\",\"width\":225,\"height\":225},{\"@type\":\"BreadcrumbList\",\"@id\":\"https:\/\/veritasinfo.org\/?p=2574#breadcrumb\",\"itemListElement\":[{\"@type\":\"ListItem\",\"position\":1,\"name\":\"Home\",\"item\":\"https:\/\/veritasinfo.org\/\"},{\"@type\":\"ListItem\",\"position\":2,\"name\":\"Arrestohet kandidati p\u00ebr kryetar t\u00eb Drenasit, dyshohet p\u00ebr detyrim dhe prezantim t\u00eb rrem\u00eb si zyrtar, i gjendet arsenal arm\u00ebsh\"}]},{\"@type\":\"WebSite\",\"@id\":\"https:\/\/veritasinfo.org\/#website\",\"url\":\"https:\/\/veritasinfo.org\/\",\"name\":\"\",\"description\":\"\",\"potentialAction\":[{\"@type\":\"SearchAction\",\"target\":{\"@type\":\"EntryPoint\",\"urlTemplate\":\"https:\/\/veritasinfo.org\/?s={search_term_string}\"},\"query-input\":{\"@type\":\"PropertyValueSpecification\",\"valueRequired\":true,\"valueName\":\"search_term_string\"}}],\"inLanguage\":\"en-US\"},{\"@type\":\"Person\",\"@id\":\"https:\/\/veritasinfo.org\/#\/schema\/person\/c2b8be262ea994d0995addca692c5e98\",\"name\":\"US1\",\"image\":{\"@type\":\"ImageObject\",\"inLanguage\":\"en-US\",\"@id\":\"https:\/\/veritasinfo.org\/#\/schema\/person\/image\/\",\"url\":\"https:\/\/secure.gravatar.com\/avatar\/4e96a59bd256abf9956eb9963ac891a47461ffb364d47b0e9aab113328fdb75b?s=96&d=mm&r=g\",\"contentUrl\":\"https:\/\/secure.gravatar.com\/avatar\/4e96a59bd256abf9956eb9963ac891a47461ffb364d47b0e9aab113328fdb75b?s=96&d=mm&r=g\",\"caption\":\"US1\"},\"url\":\"https:\/\/veritasinfo.org\/?author=2\"}]}<\/script>\n<!-- \/ Yoast SEO plugin. -->","yoast_head_json":{"title":"Arrestohet kandidati p\u00ebr kryetar t\u00eb Drenasit, dyshohet p\u00ebr detyrim dhe prezantim t\u00eb rrem\u00eb si zyrtar, i gjendet arsenal arm\u00ebsh -","robots":{"index":"index","follow":"follow","max-snippet":"max-snippet:-1","max-image-preview":"max-image-preview:large","max-video-preview":"max-video-preview:-1"},"canonical":"https:\/\/veritasinfo.org\/?p=2574","og_locale":"en_US","og_type":"article","og_title":"Arrestohet kandidati p\u00ebr kryetar t\u00eb Drenasit, dyshohet p\u00ebr detyrim dhe prezantim t\u00eb rrem\u00eb si zyrtar, i gjendet arsenal arm\u00ebsh -","og_description":"Prishtin\u00eb, 5 korrik 2025 Naim Bazaj, rreth 54-vje\u00e7ar, \u00ebsht\u00eb arrestuar si i dyshuar p\u00ebr disa vepra penale t\u00eb r\u00ebnda, p\u00ebrfshir\u00eb \u201cDetyrim\u201d, \u201cPrezantim i rrem\u00eb si","og_url":"https:\/\/veritasinfo.org\/?p=2574","article_published_time":"2025-07-05T06:29:49+00:00","og_image":[{"width":225,"height":225,"url":"https:\/\/veritasinfo.org\/wp-content\/uploads\/2025\/07\/Naim-Bazaj.jpg","type":"image\/jpeg"}],"author":"US1","twitter_card":"summary_large_image","twitter_misc":{"Written by":"US1","Est. reading time":"1 minute"},"schema":{"@context":"https:\/\/schema.org","@graph":[{"@type":"WebPage","@id":"https:\/\/veritasinfo.org\/?p=2574","url":"https:\/\/veritasinfo.org\/?p=2574","name":"Arrestohet kandidati p\u00ebr kryetar t\u00eb Drenasit, dyshohet p\u00ebr detyrim dhe prezantim t\u00eb rrem\u00eb si zyrtar, i gjendet arsenal arm\u00ebsh -","isPartOf":{"@id":"https:\/\/veritasinfo.org\/#website"},"primaryImageOfPage":{"@id":"https:\/\/veritasinfo.org\/?p=2574#primaryimage"},"image":{"@id":"https:\/\/veritasinfo.org\/?p=2574#primaryimage"},"thumbnailUrl":"https:\/\/veritasinfo.org\/wp-content\/uploads\/2025\/07\/Naim-Bazaj.jpg","datePublished":"2025-07-05T06:29:49+00:00","author":{"@id":"https:\/\/veritasinfo.org\/#\/schema\/person\/c2b8be262ea994d0995addca692c5e98"},"breadcrumb":{"@id":"https:\/\/veritasinfo.org\/?p=2574#breadcrumb"},"inLanguage":"en-US","potentialAction":[{"@type":"ReadAction","target":["https:\/\/veritasinfo.org\/?p=2574"]}]},{"@type":"ImageObject","inLanguage":"en-US","@id":"https:\/\/veritasinfo.org\/?p=2574#primaryimage","url":"https:\/\/veritasinfo.org\/wp-content\/uploads\/2025\/07\/Naim-Bazaj.jpg","contentUrl":"https:\/\/veritasinfo.org\/wp-content\/uploads\/2025\/07\/Naim-Bazaj.jpg","width":225,"height":225},{"@type":"BreadcrumbList","@id":"https:\/\/veritasinfo.org\/?p=2574#breadcrumb","itemListElement":[{"@type":"ListItem","position":1,"name":"Home","item":"https:\/\/veritasinfo.org\/"},{"@type":"ListItem","position":2,"name":"Arrestohet kandidati p\u00ebr kryetar t\u00eb Drenasit, dyshohet p\u00ebr detyrim dhe prezantim t\u00eb rrem\u00eb si zyrtar, i gjendet arsenal arm\u00ebsh"}]},{"@type":"WebSite","@id":"https:\/\/veritasinfo.org\/#website","url":"https:\/\/veritasinfo.org\/","name":"","description":"","potentialAction":[{"@type":"SearchAction","target":{"@type":"EntryPoint","urlTemplate":"https:\/\/veritasinfo.org\/?s={search_term_string}"},"query-input":{"@type":"PropertyValueSpecification","valueRequired":true,"valueName":"search_term_string"}}],"inLanguage":"en-US"},{"@type":"Person","@id":"https:\/\/veritasinfo.org\/#\/schema\/person\/c2b8be262ea994d0995addca692c5e98","name":"US1","image":{"@type":"ImageObject","inLanguage":"en-US","@id":"https:\/\/veritasinfo.org\/#\/schema\/person\/image\/","url":"https:\/\/secure.gravatar.com\/avatar\/4e96a59bd256abf9956eb9963ac891a47461ffb364d47b0e9aab113328fdb75b?s=96&d=mm&r=g","contentUrl":"https:\/\/secure.gravatar.com\/avatar\/4e96a59bd256abf9956eb9963ac891a47461ffb364d47b0e9aab113328fdb75b?s=96&d=mm&r=g","caption":"US1"},"url":"https:\/\/veritasinfo.org\/?author=2"}]}},"featured_image_urls":{"full":["https:\/\/veritasinfo.org\/wp-content\/uploads\/2025\/07\/Naim-Bazaj.jpg",225,225,false],"thumbnail":["https:\/\/veritasinfo.org\/wp-content\/uploads\/2025\/07\/Naim-Bazaj-150x150.jpg",150,150,true],"medium":["https:\/\/veritasinfo.org\/wp-content\/uploads\/2025\/07\/Naim-Bazaj.jpg",225,225,false],"medium_large":["https:\/\/veritasinfo.org\/wp-content\/uploads\/2025\/07\/Naim-Bazaj.jpg",225,225,false],"large":["https:\/\/veritasinfo.org\/wp-content\/uploads\/2025\/07\/Naim-Bazaj.jpg",225,225,false],"1536x1536":["https:\/\/veritasinfo.org\/wp-content\/uploads\/2025\/07\/Naim-Bazaj.jpg",225,225,false],"2048x2048":["https:\/\/veritasinfo.org\/wp-content\/uploads\/2025\/07\/Naim-Bazaj.jpg",225,225,false],"kreeti-slider-full":["https:\/\/veritasinfo.org\/wp-content\/uploads\/2025\/07\/Naim-Bazaj.jpg",225,225,false],"kreeti-featured":["https:\/\/veritasinfo.org\/wp-content\/uploads\/2025\/07\/Naim-Bazaj.jpg",225,225,false],"kreeti-medium":["https:\/\/veritasinfo.org\/wp-content\/uploads\/2025\/07\/Naim-Bazaj.jpg",225,225,false],"kreeti-medium-square":["https:\/\/veritasinfo.org\/wp-content\/uploads\/2025\/07\/Naim-Bazaj.jpg",225,225,false]},"author_info":{"info":["US1"]},"category_info":"<a href=\"https:\/\/veritasinfo.org\/?cat=60\" rel=\"category\">Shoq\u00ebrore<\/a>","tag_info":"Shoq\u00ebrore","comment_count":"0","_links":{"self":[{"href":"https:\/\/veritasinfo.org\/index.php?rest_route=\/wp\/v2\/posts\/2574","targetHints":{"allow":["GET"]}}],"collection":[{"href":"https:\/\/veritasinfo.org\/index.php?rest_route=\/wp\/v2\/posts"}],"about":[{"href":"https:\/\/veritasinfo.org\/index.php?rest_route=\/wp\/v2\/types\/post"}],"author":[{"embeddable":true,"href":"https:\/\/veritasinfo.org\/index.php?rest_route=\/wp\/v2\/users\/2"}],"replies":[{"embeddable":true,"href":"https:\/\/veritasinfo.org\/index.php?rest_route=%2Fwp%2Fv2%2Fcomments&post=2574"}],"version-history":[{"count":1,"href":"https:\/\/veritasinfo.org\/index.php?rest_route=\/wp\/v2\/posts\/2574\/revisions"}],"predecessor-version":[{"id":2576,"href":"https:\/\/veritasinfo.org\/index.php?rest_route=\/wp\/v2\/posts\/2574\/revisions\/2576"}],"wp:featuredmedia":[{"embeddable":true,"href":"https:\/\/veritasinfo.org\/index.php?rest_route=\/wp\/v2\/media\/2575"}],"wp:attachment":[{"href":"https:\/\/veritasinfo.org\/index.php?rest_route=%2Fwp%2Fv2%2Fmedia&parent=2574"}],"wp:term":[{"taxonomy":"category","embeddable":true,"href":"https:\/\/veritasinfo.org\/index.php?rest_route=%2Fwp%2Fv2%2Fcategories&post=2574"},{"taxonomy":"post_tag","embeddable":true,"href":"https:\/\/veritasinfo.org\/index.php?rest_route=%2Fwp%2Fv2%2Ftags&post=2574"}],"curies":[{"name":"wp","href":"https:\/\/api.w.org\/{rel}","templated":true}]}}