{"id":25650,"date":"2025-12-26T12:57:57","date_gmt":"2025-12-26T11:57:57","guid":{"rendered":"https:\/\/veritasinfo.org\/?p=25650"},"modified":"2025-12-26T12:57:57","modified_gmt":"2025-12-26T11:57:57","slug":"emini-serbia-nderhyn-ne-zgjedhjet-e-kosoves-vuciq-dhe-lista-serbe-perdorin-punesimet-dhe-ndihma-per-te-ndikuar-ne-vota","status":"publish","type":"post","link":"https:\/\/veritasinfo.org\/?p=25650","title":{"rendered":"Emini: Serbia nd\u00ebrhyn n\u00eb zgjedhjet e Kosov\u00ebs, Vu\u00e7iq dhe Lista Serbe p\u00ebrdorin pun\u00ebsimet dhe ndihma p\u00ebr t\u00eb ndikuar n\u00eb vota"},"content":{"rendered":"<p>Prishtin\u00eb | 26 Dhj 2025 | 12:38 | Nga Ekonomia Online<br \/>\nSe Kosova \u00ebsht\u00eb shtet i pavarur e sovran, v\u00ebshtir\u00eb e ka ta pranoj\u00eb Serbia, e cila n\u00eb vazhdim\u00ebsi me gjith\u00eb arsenalin e saj shtet\u00ebror tenton q\u00eb ta destabilizoj\u00eb, por edhe t\u00eb nd\u00ebrhyj\u00eb n\u00eb shtetin e Kosov\u00ebs. Kjo e d\u00ebshmon edhe me faktin se tani ka hapur konkurs p\u00ebr pun\u00ebsime n\u00eb institucionet paralele serbe n\u00eb Kosov\u00eb, vet\u00ebm e vet\u00ebm p\u00ebr t\u2019i bindur qytetar\u00ebt q\u00eb t\u00eb votojn\u00eb p\u00ebr partin\u00eb q\u00eb e dirigjojn\u00eb nga Beogradi, e q\u00eb \u00ebsht\u00eb Lista Serbe, raporton Ekonomia Online.<\/p>\n<p>Ridvan Emini, hulumtues n\u00eb Institutin p\u00ebr Studime t\u00eb Luft\u00ebs Hibride \u201cOctopus\u201d, n\u00eb nj\u00eb intervist\u00eb p\u00ebr Agjencin\u00eb e Lajmeve, Ekonomia Online ka th\u00ebn\u00eb se kjo \u00ebsht\u00eb vet\u00ebm nj\u00eb nga m\u00ebnyrat t\u00eb cilat e p\u00ebrdor Beogradi p\u00ebr t\u00eb nd\u00ebrhyr\u00eb n\u00eb zgjedhjet n\u00eb Kosov\u00eb, pa \u00e7ka i b\u00ebn thirrje Bashkimit Evropian q\u00eb t\u00eb marr\u00eb veprime konkret ndaj Presidentit t\u00eb Serbis\u00eb, Aleksand\u00ebr Vu\u00e7iq dhe jo t\u00eb jepen vet\u00ebm v\u00ebrejtje. Marr shkas k\u00ebtu edhe faktin se ai dit\u00eb m\u00eb par\u00eb haptazi shfaqi p\u00ebrkrahjen p\u00ebr partin\u00eb e preferuar t\u00eb t\u00eb tyre.<\/p>\n<p>Emini vler\u00ebson se konkurset po b\u00ebhen me q\u00ebllimin p\u00ebr t\u2019i manipuluar serb\u00ebt dhe t\u00eb diktoj\u00eb se kush do t\u00eb jet\u00eb fitues i zgjedhjeve nga komuniteti serb.<\/p>\n<p>\u201cNuk \u00ebsht\u00eb hera e par\u00eb q\u00eb Serbia nd\u00ebrhyn n\u00eb integritetin dhe territorialitetin e Kosov\u00ebs, edhe n\u00eb t\u00eb kaluar\u00ebn ka vepruar k\u00ebshtu edhe tash me zgjedhjet e jasht\u00ebzakonshme q\u00eb i kemi m\u00eb 28 dhjetor. Para tyre ka vendosur t\u00eb shpall\u00eb nj\u00eb konkurs shtes\u00eb lidhur me angazhimin e mbi 350 mjek\u00ebve sh\u00ebndet\u00ebsor\u00eb, dmth n\u00eb institucionet shtet\u00ebrore serbe t\u00eb cilat funksionojn\u00eb n\u00eb m\u00ebnyr\u00eb paralele dhe ilegale n\u00eb Republik\u00ebn e Kosov\u00ebs. Kjo \u00ebsht\u00eb nj\u00eb an\u00eb e nd\u00ebrhyrjes direkte t\u00eb Beogradit n\u00eb Republik\u00ebn e Kosov\u00ebs. Nga ana tjet\u00ebr, p\u00ebrmes k\u00ebtyre konkurseve Serbia n\u00eb vazhdim\u00ebsi manipulon dhe mban n\u00ebn presion qytetar\u00ebt serb\u00eb n\u00eb Kosov\u00eb, dhe para k\u00ebtij konkursi, me dat\u00eb 19, se prej dat\u00ebs 20 dhjetor do t\u00eb shp\u00ebrndaj\u00eb edhe ndihma financiare p\u00ebr qytetar\u00ebt serb\u00eb n\u00eb Kosov\u00eb. Nuk \u00ebsht\u00eb nj\u00eb konkurs i vet\u00ebm, por nj\u00eb politik\u00eb shtet\u00ebrore e cila angazhohet n\u00eb vazhdim\u00ebsi q\u00eb t\u00eb manipuloj\u00eb me qytetar\u00ebt serb\u00eb n\u00eb Kosov\u00eb, t\u00eb diktoj\u00eb se kush do t\u00eb jet\u00eb fituesi i zgjedhjeve nga komuniteti serb n\u00eb Kosov\u00eb, duke eliminuar t\u00eb gjitha alternativat e tjera demokratike q\u00eb vijn\u00eb po nga komuniteti serb\u201d, deklaroi Emini.Emini nga \u201cOctopus\u201d ka n\u00ebnvizuar deklarat\u00ebn e Vu\u00e7iq p\u00ebr partin\u00eb favorite t\u00eb saj p\u00ebr zgjedhjet e 28 dhjetorit q\u00eb do t\u00eb mbahen n\u00eb territorin e Republik\u00ebs s\u00eb Kosov\u00ebs.<\/p>\n<p>\u201cN\u00eb vazhdim\u00ebsi, Beogradi synon t\u00eb nd\u00ebrhyj\u00eb n\u00eb Kosov\u00eb p\u00ebrmes qoft\u00eb skemave sociale apo pun\u00ebsimeve t\u00eb tilla. Gjithashtu, Beogradi zyrtar, p\u00ebrkat\u00ebsisht presidenti serb, ka b\u00ebr\u00eb edhe disa deklarime duke shpallur favorit\u00ebt e Beogradit n\u00eb Kosov\u00eb p\u00ebr zgjedhjet e 28 dhjetorit. Pra, b\u00ebhet fjal\u00eb p\u00ebr List\u00ebn Serbe, madje ai ka nd\u00ebrhyr\u00eb n\u00eb proces duke th\u00ebn\u00eb se nj\u00eb kandidat nga nj\u00eb parti tjet\u00ebr serbe, i cili \u00ebsht\u00eb t\u00ebrhequr nga gara, ka b\u00ebr\u00eb nj\u00eb veprim pozitiv. Rrjedhimisht, kjo shihet si nd\u00ebrhyrje direkte, pra duke pamund\u00ebsuar alternativa t\u00eb tjera dhe duke favorizuar List\u00ebn Serbe. Rrjedhimisht, ky orientim i vot\u00ebs, ose kanalizim p\u00ebr t\u00eb votuar List\u00ebn Serbe me preferenca nga Beogradi, \u00ebsht\u00eb nj\u00eb sabotim n\u00eb procesin zgjedhor t\u00eb Kosov\u00ebs, p\u00ebr shkak se dim\u00eb shum\u00eb mir\u00eb edhe p\u00ebr t\u00eb kaluar\u00ebn se si Lista Serbe ka vepruar, duke u t\u00ebrhequr nga institucionet e Kosov\u00ebs. Pra, edhe n\u00eb t\u00eb ardhmen, n\u00ebse kjo parti politike arrin t\u2019i marr\u00eb mandatet t\u00eb cilat Republika e Kosov\u00ebs i ka t\u00eb rezervuara p\u00ebr komunitetin serb, at\u00ebher\u00eb \u00ebsht\u00eb nj\u00eb mund\u00ebsi tjet\u00ebr q\u00eb t\u00eb vazhdoj\u00eb politika e nj\u00ebjt\u00eb e Beogradit karshi Republik\u00ebs s\u00eb Kosov\u00ebs\u201d, potencoi Emini.Hulumtuesi Emini thot\u00eb se Instituti Octopus n\u00eb vazhdim\u00ebsi ka b\u00ebr\u00eb paralajm\u00ebrimet p\u00ebr nd\u00ebrhyrjet e shtetit serb n\u00eb zgjedhjet n\u00eb Kosov\u00eb, por q\u00eb p\u00ebr k\u00ebt\u00eb ende nuk ka ndonj\u00eb mas\u00eb. Me \u00e7\u2019rast ai thekson se BE duhet ta sanksionoj\u00eb lidershipin e Beogradin, merr k\u00ebtu p\u00ebr baz\u00eb edhe faktin e pamohuesh\u00ebm i implikimit n\u00eb sublimin terrorist n\u00eb Bansjka dhe n\u00eb kanalin e Ib\u00ebr Lepecin n\u00eb Varag\u00eb t\u00eb Zubin Potokut q\u00eb u kryen me direktiva t\u00eb tyre.<\/p>\n<p>\u201cInstituti \u2018Octopus\u2019 n\u00eb vazhdim\u00ebsi ka paralajm\u00ebruar p\u00ebr k\u00ebto nd\u00ebrhyrje jo vet\u00ebm tani, por edhe n\u00eb t\u00eb kaluar\u00ebn, andaj ne i kemi b\u00ebr\u00eb thirrje edhe komunitetit nd\u00ebrkomb\u00ebtar q\u00eb t\u00eb reagoj\u00eb lidhur me k\u00ebt\u00eb nd\u00ebrhyrje direkte t\u00eb Beogradit n\u00eb Republik\u00ebn e Kosov\u00ebs dhe n\u00eb procesin zgjedhor. Rrjedhimisht, BE duhet t\u00eb sanksionoj\u00eb lidershipin e Beogradit jo vet\u00ebm p\u00ebr k\u00ebto raste, por dim\u00eb q\u00eb edhe n\u00eb t\u00eb kaluar\u00ebn ka qen\u00eb i implikuar direkt qoft\u00eb n\u00eb rastin e Banjsk\u00ebs dhe atij n\u00eb Ib\u00ebr Lepenc. Mosveprimi adekuat i Per\u00ebndimit n\u00eb raport me Beogradin e ka lejuar Vu\u00e7iqin t\u00eb ket\u00eb nj\u00eb terren t\u00eb hapur dhe t\u00eb ndikoj\u00eb n\u00eb m\u00ebnyr\u00eb direkte p\u00ebrmes mekanizmave t\u00eb tij, si\u00e7 \u00ebsht\u00eb rasti i List\u00ebs Serbe n\u00eb Kosov\u00eb\u201d, n\u00ebnvizon ai.Ne si instituti kemi b\u00ebr\u00eb thirrje q\u00eb t\u00eb merret parasysh edhe ligji i ri amerikan, i cili realisht kanalizon t\u00eb gjith\u00eb ata q\u00eb kan\u00eb tendenca t\u00eb tilla, qoft\u00eb me nd\u00ebrhyrje nd\u00ebr-shtet\u00ebrore ose tendenca t\u00eb tjera. Andaj, nj\u00eb veprim i till\u00eb duhet ta pasoj\u00eb nj\u00ebjt\u00eb edhe BE, sikurse edhe SHBA, n\u00eb m\u00ebnyr\u00eb q\u00eb t\u00eb frenohet politika e Beogradit, e cila dihet mir\u00eb q\u00eb \u00ebsht\u00eb agresive n\u00eb raport me vendet e Ballkanit Per\u00ebndimor, por n\u00eb ve\u00e7anti me Kosov\u00ebn\u201d, tha nd\u00ebr t\u00eb tjera Emini.<\/p>\n<p>Por nuk jan\u00eb vet\u00ebm mekanizmat financiar dhe politik t\u00eb cilat regjimi serb po p\u00ebrdor p\u00ebr t\u00eb arritur q\u00ebllimin e saj karshi Kosov\u00ebs. Emini ka listuar metodologjit\u00eb p\u00ebrmes t\u00eb cilave Beogradi  po provon t\u00eb nd\u00ebrhyj\u00eb n\u00eb Republik\u00ebn e Kosov\u00ebs.<\/p>\n<p>\u201cSerbia nuk e p\u00ebrdor vet\u00ebm nj\u00eb mekaniz\u00ebm politik, vet\u00ebm financiar. Ajo p\u00ebrdor mekanizma hibrid\u00eb n\u00eb raport me Kosov\u00ebn. Jo vet\u00ebm partit\u00eb politike, jo vet\u00ebm organizatat joqeveritare, por edhe mediat t\u00eb cilat veprojn\u00eb n\u00eb Kosov\u00eb i manipulon ose i p\u00ebrdor p\u00ebr propagand\u00eb n\u00eb raport me institucionet e Kosov\u00ebs. Gjat\u00eb ver\u00ebs, nj\u00eb gj\u00eb t\u00eb till\u00eb e kishte b\u00ebr\u00eb n\u00eb raport me Policin\u00eb e Kosov\u00ebs n\u00eb veri, mir\u00ebpo pas nj\u00eb hulumtimi nd\u00ebrkomb\u00ebtar ka rezultuar se Policia e Kosov\u00ebs ka vepruar drejt n\u00eb raport me qytetar\u00ebt serb\u00eb n\u00eb veri dhe \u00ebsht\u00eb demaskuar ajo narrativ\u00eb serbe p\u00ebr t\u00eb cil\u00ebn \u2018Octopus\u2019 ka reaguar. Edhe k\u00ebto zgjedhje nuk p\u00ebrdoret vet\u00ebm mekanizmi politik dhe financiar, por edhe mediat, lajmet e rreme dhe t\u00eb gjitha organizatat e tjera t\u00eb cilat i p\u00ebrdor n\u00eb m\u00ebnyr\u00eb direkte ose indirekte p\u00ebrmes njer\u00ebzve t\u00eb saj q\u00eb i ka n\u00eb Kosov\u00eb\u201d, theksoi Emini.Emini pati dhe nj\u00eb thirrje p\u00ebr BE-n\u00eb.<\/p>\n<p>\u201cInstituti \u2018Octopus\u2019 i b\u00ebn thirrje Bashkimit Evropian q\u00eb t\u00eb nd\u00ebrmarr\u00eb hapa konkret\u00eb n\u00eb raport me Beogradin dhe t\u00eb ndalet nj\u00eb praktik\u00eb e till\u00eb n\u00eb raport me Kosov\u00ebn. Nuk mjafton m\u00eb t\u00ebrheqja e v\u00ebrejtjes ndaj Vu\u00e7iqit, por t\u00eb merren hapa konkret\u00eb, qoft\u00eb edhe ligjor\u00eb, si\u00e7 ka b\u00ebr\u00eb Amerika\u201d, b\u00ebri thirrje Emini.<br \/>\nMe 24 dhjetor 2025, Ministria e Sh\u00ebndet\u00ebsis\u00eb e Serbis\u00eb ka shpallur sot konkurs p\u00ebr 300 vende pune n\u00eb institucione paralele serbe n\u00eb Kosov\u00eb.<br \/>\nPo ashtu u tha se n\u00eb gjysm\u00ebn e dyt\u00eb t\u00eb janarit, 700 veta, personel mjek\u00ebsor dhe jomjek\u00ebsor, do t\u00eb pun\u00ebsohen pas nj\u00eb konkursi q\u00eb u zhvillua m\u00eb par\u00eb.<\/p>\n","protected":false},"excerpt":{"rendered":"<p>Prishtin\u00eb | 26 Dhj 2025 | 12:38 | Nga Ekonomia Online Se Kosova \u00ebsht\u00eb shtet i pavarur e sovran, v\u00ebshtir\u00eb e ka ta pranoj\u00eb Serbia,<\/p>\n","protected":false},"author":6,"featured_media":25651,"comment_status":"open","ping_status":"open","sticky":false,"template":"","format":"standard","meta":{"footnotes":""},"categories":[58],"tags":[],"class_list":["post-25650","post","type-post","status-publish","format-standard","has-post-thumbnail","hentry","category-politike-sq"],"yoast_head":"<!-- This site is optimized with the Yoast SEO plugin v25.3.1 - https:\/\/yoast.com\/wordpress\/plugins\/seo\/ -->\n<title>Emini: Serbia nd\u00ebrhyn n\u00eb zgjedhjet e Kosov\u00ebs, Vu\u00e7iq dhe Lista Serbe p\u00ebrdorin pun\u00ebsimet dhe ndihma p\u00ebr t\u00eb ndikuar n\u00eb vota -<\/title>\n<meta name=\"robots\" content=\"index, follow, max-snippet:-1, max-image-preview:large, max-video-preview:-1\" \/>\n<link rel=\"canonical\" href=\"https:\/\/veritasinfo.org\/?p=25650\" \/>\n<meta property=\"og:locale\" content=\"en_US\" \/>\n<meta property=\"og:type\" content=\"article\" \/>\n<meta property=\"og:title\" content=\"Emini: Serbia nd\u00ebrhyn n\u00eb zgjedhjet e Kosov\u00ebs, Vu\u00e7iq dhe Lista Serbe p\u00ebrdorin pun\u00ebsimet dhe ndihma p\u00ebr t\u00eb ndikuar n\u00eb vota -\" \/>\n<meta property=\"og:description\" content=\"Prishtin\u00eb | 26 Dhj 2025 | 12:38 | Nga Ekonomia Online Se Kosova \u00ebsht\u00eb shtet i pavarur e sovran, v\u00ebshtir\u00eb e ka ta pranoj\u00eb Serbia,\" \/>\n<meta property=\"og:url\" content=\"https:\/\/veritasinfo.org\/?p=25650\" \/>\n<meta property=\"article:published_time\" content=\"2025-12-26T11:57:57+00:00\" \/>\n<meta property=\"og:image\" content=\"https:\/\/veritasinfo.org\/wp-content\/uploads\/2025\/12\/rivan-emini-1536x864-1.jpg\" \/>\n\t<meta property=\"og:image:width\" content=\"1536\" \/>\n\t<meta property=\"og:image:height\" content=\"864\" \/>\n\t<meta property=\"og:image:type\" content=\"image\/jpeg\" \/>\n<meta name=\"author\" content=\"US5\" \/>\n<meta name=\"twitter:card\" content=\"summary_large_image\" \/>\n<meta name=\"twitter:label1\" content=\"Written by\" \/>\n\t<meta name=\"twitter:data1\" content=\"US5\" \/>\n<script type=\"application\/ld+json\" class=\"yoast-schema-graph\">{\"@context\":\"https:\/\/schema.org\",\"@graph\":[{\"@type\":\"WebPage\",\"@id\":\"https:\/\/veritasinfo.org\/?p=25650\",\"url\":\"https:\/\/veritasinfo.org\/?p=25650\",\"name\":\"Emini: Serbia nd\u00ebrhyn n\u00eb zgjedhjet e Kosov\u00ebs, Vu\u00e7iq dhe Lista Serbe p\u00ebrdorin pun\u00ebsimet dhe ndihma p\u00ebr t\u00eb ndikuar n\u00eb vota -\",\"isPartOf\":{\"@id\":\"https:\/\/veritasinfo.org\/#website\"},\"primaryImageOfPage\":{\"@id\":\"https:\/\/veritasinfo.org\/?p=25650#primaryimage\"},\"image\":{\"@id\":\"https:\/\/veritasinfo.org\/?p=25650#primaryimage\"},\"thumbnailUrl\":\"https:\/\/veritasinfo.org\/wp-content\/uploads\/2025\/12\/rivan-emini-1536x864-1.jpg\",\"datePublished\":\"2025-12-26T11:57:57+00:00\",\"author\":{\"@id\":\"https:\/\/veritasinfo.org\/#\/schema\/person\/bc442336e35414d04494ab8fb45db4c6\"},\"breadcrumb\":{\"@id\":\"https:\/\/veritasinfo.org\/?p=25650#breadcrumb\"},\"inLanguage\":\"en-US\",\"potentialAction\":[{\"@type\":\"ReadAction\",\"target\":[\"https:\/\/veritasinfo.org\/?p=25650\"]}]},{\"@type\":\"ImageObject\",\"inLanguage\":\"en-US\",\"@id\":\"https:\/\/veritasinfo.org\/?p=25650#primaryimage\",\"url\":\"https:\/\/veritasinfo.org\/wp-content\/uploads\/2025\/12\/rivan-emini-1536x864-1.jpg\",\"contentUrl\":\"https:\/\/veritasinfo.org\/wp-content\/uploads\/2025\/12\/rivan-emini-1536x864-1.jpg\",\"width\":1536,\"height\":864},{\"@type\":\"BreadcrumbList\",\"@id\":\"https:\/\/veritasinfo.org\/?p=25650#breadcrumb\",\"itemListElement\":[{\"@type\":\"ListItem\",\"position\":1,\"name\":\"Home\",\"item\":\"https:\/\/veritasinfo.org\/\"},{\"@type\":\"ListItem\",\"position\":2,\"name\":\"Emini: Serbia nd\u00ebrhyn n\u00eb zgjedhjet e Kosov\u00ebs, Vu\u00e7iq dhe Lista Serbe p\u00ebrdorin pun\u00ebsimet dhe ndihma p\u00ebr t\u00eb ndikuar n\u00eb vota\"}]},{\"@type\":\"WebSite\",\"@id\":\"https:\/\/veritasinfo.org\/#website\",\"url\":\"https:\/\/veritasinfo.org\/\",\"name\":\"\",\"description\":\"\",\"potentialAction\":[{\"@type\":\"SearchAction\",\"target\":{\"@type\":\"EntryPoint\",\"urlTemplate\":\"https:\/\/veritasinfo.org\/?s={search_term_string}\"},\"query-input\":{\"@type\":\"PropertyValueSpecification\",\"valueRequired\":true,\"valueName\":\"search_term_string\"}}],\"inLanguage\":\"en-US\"},{\"@type\":\"Person\",\"@id\":\"https:\/\/veritasinfo.org\/#\/schema\/person\/bc442336e35414d04494ab8fb45db4c6\",\"name\":\"US5\",\"image\":{\"@type\":\"ImageObject\",\"inLanguage\":\"en-US\",\"@id\":\"https:\/\/veritasinfo.org\/#\/schema\/person\/image\/\",\"url\":\"https:\/\/secure.gravatar.com\/avatar\/16a61e7272a0c5d001121ebb9e60e925d5816e4ac1e443ed3e640d9a6ae55d0c?s=96&d=mm&r=g\",\"contentUrl\":\"https:\/\/secure.gravatar.com\/avatar\/16a61e7272a0c5d001121ebb9e60e925d5816e4ac1e443ed3e640d9a6ae55d0c?s=96&d=mm&r=g\",\"caption\":\"US5\"},\"url\":\"https:\/\/veritasinfo.org\/?author=6\"}]}<\/script>\n<!-- \/ Yoast SEO plugin. -->","yoast_head_json":{"title":"Emini: Serbia nd\u00ebrhyn n\u00eb zgjedhjet e Kosov\u00ebs, Vu\u00e7iq dhe Lista Serbe p\u00ebrdorin pun\u00ebsimet dhe ndihma p\u00ebr t\u00eb ndikuar n\u00eb vota -","robots":{"index":"index","follow":"follow","max-snippet":"max-snippet:-1","max-image-preview":"max-image-preview:large","max-video-preview":"max-video-preview:-1"},"canonical":"https:\/\/veritasinfo.org\/?p=25650","og_locale":"en_US","og_type":"article","og_title":"Emini: Serbia nd\u00ebrhyn n\u00eb zgjedhjet e Kosov\u00ebs, Vu\u00e7iq dhe Lista Serbe p\u00ebrdorin pun\u00ebsimet dhe ndihma p\u00ebr t\u00eb ndikuar n\u00eb vota -","og_description":"Prishtin\u00eb | 26 Dhj 2025 | 12:38 | Nga Ekonomia Online Se Kosova \u00ebsht\u00eb shtet i pavarur e sovran, v\u00ebshtir\u00eb e ka ta pranoj\u00eb Serbia,","og_url":"https:\/\/veritasinfo.org\/?p=25650","article_published_time":"2025-12-26T11:57:57+00:00","og_image":[{"width":1536,"height":864,"url":"https:\/\/veritasinfo.org\/wp-content\/uploads\/2025\/12\/rivan-emini-1536x864-1.jpg","type":"image\/jpeg"}],"author":"US5","twitter_card":"summary_large_image","twitter_misc":{"Written by":"US5"},"schema":{"@context":"https:\/\/schema.org","@graph":[{"@type":"WebPage","@id":"https:\/\/veritasinfo.org\/?p=25650","url":"https:\/\/veritasinfo.org\/?p=25650","name":"Emini: Serbia nd\u00ebrhyn n\u00eb zgjedhjet e Kosov\u00ebs, Vu\u00e7iq dhe Lista Serbe p\u00ebrdorin pun\u00ebsimet dhe ndihma p\u00ebr t\u00eb ndikuar n\u00eb vota -","isPartOf":{"@id":"https:\/\/veritasinfo.org\/#website"},"primaryImageOfPage":{"@id":"https:\/\/veritasinfo.org\/?p=25650#primaryimage"},"image":{"@id":"https:\/\/veritasinfo.org\/?p=25650#primaryimage"},"thumbnailUrl":"https:\/\/veritasinfo.org\/wp-content\/uploads\/2025\/12\/rivan-emini-1536x864-1.jpg","datePublished":"2025-12-26T11:57:57+00:00","author":{"@id":"https:\/\/veritasinfo.org\/#\/schema\/person\/bc442336e35414d04494ab8fb45db4c6"},"breadcrumb":{"@id":"https:\/\/veritasinfo.org\/?p=25650#breadcrumb"},"inLanguage":"en-US","potentialAction":[{"@type":"ReadAction","target":["https:\/\/veritasinfo.org\/?p=25650"]}]},{"@type":"ImageObject","inLanguage":"en-US","@id":"https:\/\/veritasinfo.org\/?p=25650#primaryimage","url":"https:\/\/veritasinfo.org\/wp-content\/uploads\/2025\/12\/rivan-emini-1536x864-1.jpg","contentUrl":"https:\/\/veritasinfo.org\/wp-content\/uploads\/2025\/12\/rivan-emini-1536x864-1.jpg","width":1536,"height":864},{"@type":"BreadcrumbList","@id":"https:\/\/veritasinfo.org\/?p=25650#breadcrumb","itemListElement":[{"@type":"ListItem","position":1,"name":"Home","item":"https:\/\/veritasinfo.org\/"},{"@type":"ListItem","position":2,"name":"Emini: Serbia nd\u00ebrhyn n\u00eb zgjedhjet e Kosov\u00ebs, Vu\u00e7iq dhe Lista Serbe p\u00ebrdorin pun\u00ebsimet dhe ndihma p\u00ebr t\u00eb ndikuar n\u00eb vota"}]},{"@type":"WebSite","@id":"https:\/\/veritasinfo.org\/#website","url":"https:\/\/veritasinfo.org\/","name":"","description":"","potentialAction":[{"@type":"SearchAction","target":{"@type":"EntryPoint","urlTemplate":"https:\/\/veritasinfo.org\/?s={search_term_string}"},"query-input":{"@type":"PropertyValueSpecification","valueRequired":true,"valueName":"search_term_string"}}],"inLanguage":"en-US"},{"@type":"Person","@id":"https:\/\/veritasinfo.org\/#\/schema\/person\/bc442336e35414d04494ab8fb45db4c6","name":"US5","image":{"@type":"ImageObject","inLanguage":"en-US","@id":"https:\/\/veritasinfo.org\/#\/schema\/person\/image\/","url":"https:\/\/secure.gravatar.com\/avatar\/16a61e7272a0c5d001121ebb9e60e925d5816e4ac1e443ed3e640d9a6ae55d0c?s=96&d=mm&r=g","contentUrl":"https:\/\/secure.gravatar.com\/avatar\/16a61e7272a0c5d001121ebb9e60e925d5816e4ac1e443ed3e640d9a6ae55d0c?s=96&d=mm&r=g","caption":"US5"},"url":"https:\/\/veritasinfo.org\/?author=6"}]}},"featured_image_urls":{"full":["https:\/\/veritasinfo.org\/wp-content\/uploads\/2025\/12\/rivan-emini-1536x864-1.jpg",1536,864,false],"thumbnail":["https:\/\/veritasinfo.org\/wp-content\/uploads\/2025\/12\/rivan-emini-1536x864-1-150x150.jpg",150,150,true],"medium":["https:\/\/veritasinfo.org\/wp-content\/uploads\/2025\/12\/rivan-emini-1536x864-1-300x169.jpg",300,169,true],"medium_large":["https:\/\/veritasinfo.org\/wp-content\/uploads\/2025\/12\/rivan-emini-1536x864-1-768x432.jpg",640,360,true],"large":["https:\/\/veritasinfo.org\/wp-content\/uploads\/2025\/12\/rivan-emini-1536x864-1-1024x576.jpg",640,360,true],"1536x1536":["https:\/\/veritasinfo.org\/wp-content\/uploads\/2025\/12\/rivan-emini-1536x864-1.jpg",1536,864,false],"2048x2048":["https:\/\/veritasinfo.org\/wp-content\/uploads\/2025\/12\/rivan-emini-1536x864-1.jpg",1536,864,false],"kreeti-slider-full":["https:\/\/veritasinfo.org\/wp-content\/uploads\/2025\/12\/rivan-emini-1536x864-1.jpg",1280,720,false],"kreeti-featured":["https:\/\/veritasinfo.org\/wp-content\/uploads\/2025\/12\/rivan-emini-1536x864-1.jpg",1024,576,false],"kreeti-medium":["https:\/\/veritasinfo.org\/wp-content\/uploads\/2025\/12\/rivan-emini-1536x864-1.jpg",720,405,false],"kreeti-medium-square":["https:\/\/veritasinfo.org\/wp-content\/uploads\/2025\/12\/rivan-emini-1536x864-1.jpg",350,197,false]},"author_info":{"info":["US5"]},"category_info":"<a href=\"https:\/\/veritasinfo.org\/?cat=58\" rel=\"category\">Politik\u00eb<\/a>","tag_info":"Politik\u00eb","comment_count":"0","_links":{"self":[{"href":"https:\/\/veritasinfo.org\/index.php?rest_route=\/wp\/v2\/posts\/25650","targetHints":{"allow":["GET"]}}],"collection":[{"href":"https:\/\/veritasinfo.org\/index.php?rest_route=\/wp\/v2\/posts"}],"about":[{"href":"https:\/\/veritasinfo.org\/index.php?rest_route=\/wp\/v2\/types\/post"}],"author":[{"embeddable":true,"href":"https:\/\/veritasinfo.org\/index.php?rest_route=\/wp\/v2\/users\/6"}],"replies":[{"embeddable":true,"href":"https:\/\/veritasinfo.org\/index.php?rest_route=%2Fwp%2Fv2%2Fcomments&post=25650"}],"version-history":[{"count":1,"href":"https:\/\/veritasinfo.org\/index.php?rest_route=\/wp\/v2\/posts\/25650\/revisions"}],"predecessor-version":[{"id":25652,"href":"https:\/\/veritasinfo.org\/index.php?rest_route=\/wp\/v2\/posts\/25650\/revisions\/25652"}],"wp:featuredmedia":[{"embeddable":true,"href":"https:\/\/veritasinfo.org\/index.php?rest_route=\/wp\/v2\/media\/25651"}],"wp:attachment":[{"href":"https:\/\/veritasinfo.org\/index.php?rest_route=%2Fwp%2Fv2%2Fmedia&parent=25650"}],"wp:term":[{"taxonomy":"category","embeddable":true,"href":"https:\/\/veritasinfo.org\/index.php?rest_route=%2Fwp%2Fv2%2Fcategories&post=25650"},{"taxonomy":"post_tag","embeddable":true,"href":"https:\/\/veritasinfo.org\/index.php?rest_route=%2Fwp%2Fv2%2Ftags&post=25650"}],"curies":[{"name":"wp","href":"https:\/\/api.w.org\/{rel}","templated":true}]}}