{"id":25640,"date":"2025-12-26T12:19:39","date_gmt":"2025-12-26T11:19:39","guid":{"rendered":"https:\/\/veritasinfo.org\/?p=25640"},"modified":"2025-12-26T12:19:39","modified_gmt":"2025-12-26T11:19:39","slug":"kurti-investimi-ne-arsim-investim-ne-te-ardhmen-e-kosoves","status":"publish","type":"post","link":"https:\/\/veritasinfo.org\/?p=25640","title":{"rendered":"Kurti: Investimi n\u00eb arsim, investim n\u00eb t\u00eb ardhmen e Kosov\u00ebs"},"content":{"rendered":"<p>Prishtin\u00eb 26 Dhjetor 2025 12:18<\/p>\n<p>N\u00eb prezantimin e Burs\u00ebs s\u00eb Mobilitetit para student\u00ebve p\u00ebrfitues, kryeministri n\u00eb detyr\u00eb, Albin Kurti, tha se kjo skem\u00eb \u00ebsht\u00eb e bazuar n\u00eb nevoj\u00ebn dhe e dizajnuar n\u00eb parimin e drejt\u00ebsis\u00eb sociale, sepse, si\u00e7 tha ai, distanca gjeografike e gjendja ekonomike nuk duhet t\u00eb jen\u00eb penges\u00eb p\u00ebr arsimin cil\u00ebsor.<\/p>\n<p>\u201cNuk jemi duke folur vet\u00ebm p\u00ebr nj\u00eb skem\u00eb mb\u00ebshtet\u00ebse financiare, por edhe p\u00ebr nj\u00eb vizion m\u00eb t\u00eb gjer\u00eb, at\u00eb p\u00ebr nj\u00eb Republik\u00eb ku arsimi \u00ebsht\u00eb i qassh\u00ebm, i drejt\u00eb dhe i barabart\u00eb p\u00ebr t\u00eb gjith\u00eb. Me Burs\u00ebn e Mobilitetit p\u00ebr student\u00ebt, qeveria jon\u00eb po adreson nj\u00eb sfid\u00eb reale me t\u00eb cil\u00ebn jan\u00eb p\u00ebrballur shum\u00eb student\u00eb nd\u00ebr vite, e kjo \u00ebsht\u00eb kostoja e udh\u00ebtimi drejt universitetit\u201d, deklaroi kreu n\u00eb detyr\u00eb i qeveris\u00eb.<\/p>\n<p>Sipas tij, shum\u00eb familje shpenzimet e p\u00ebrditshme t\u00eb transportit i kan\u00eb barr\u00eb t\u00eb r\u00ebnd\u00eb, prandaj, tha se, kjo burs\u00eb nuk \u00ebsht\u00eb ve\u00e7se p\u00ebrkrahje financiare, por mesazh i qart\u00eb se shteti \u00ebsht\u00eb n\u00eb an\u00ebn e tyre, dhe se investimi n\u00eb arsim \u00ebsht\u00eb investim n\u00eb t\u00eb ardhmen e Kosov\u00ebs.<\/p>\n<p>Kurti tha se kjo nuk \u00ebsht\u00eb masa e vetme, derisa shtoi se kishin mb\u00ebshtetur student\u00ebt para fillimit t\u00eb vitit akademik me nga 100 euro.<\/p>\n<p>\u201cNj\u00eb hap tjet\u00ebr i r\u00ebnd\u00ebsish\u00ebm \u00ebsht\u00eb arsimi universitar publik pa pages\u00eb, sepse ne besojm\u00eb q\u00eb arsimi i lart\u00eb nuk \u00ebsht\u00eb privilegj, por \u00ebsht\u00eb nj\u00eb e drejt\u00eb, e nga kjo kan\u00eb p\u00ebrfituar af\u00ebr 200 mij\u00eb student\u00eb\u201d, shtoi ai.Kreu qeveritar tha se student\u00ebt jan\u00eb pasuria e vendit. \u201cInvestim n\u00eb ju, \u00ebsht\u00eb investim n\u00eb zhvillim ekonomik dhe n\u00eb drejt\u00ebsi sociale. Kosova ka nevoj\u00eb p\u00ebr energjin\u00eb, dijen dhe vizionin tuaj\u201d, u tha student\u00ebve ai.<\/p>\n<p>Kurti tha se gjat\u00eb mandatit qeveris\u00ebs ndan\u00eb af\u00ebr 18 mij\u00eb bursa me nj\u00eb buxhet p\u00ebrreth 20 milion euro. \u201cDhe n\u00eb vijim do ta dyfishojm\u00eb buxhetin p\u00ebr bursa. Nuk ka kategori shoq\u00ebrore q\u00eb mund t\u00eb tregoj\u00eb se nga po shkon zhvillimi socio-ekonomik e kulturor i nj\u00eb vendi, sikurse ajo e student\u00ebve t\u00eb universitetit. Qeveria do t\u00eb vazhdoj\u00eb t\u00eb q\u00ebndroj\u00eb p\u00ebrher\u00eb pran\u00eb jush\u201d, tha kryeministri n\u00eb detyr\u00eb.<\/p>\n<p>Ndryshe, dit\u00eb m\u00eb par\u00eb, Qeveria n\u00eb detyr\u00eb e Kosov\u00ebs kishte ndar\u00eb 1.65 milion\u00eb euro p\u00ebr grupin e par\u00eb prej 10 mij\u00eb student\u00ebsh p\u00ebrfitues, n\u00eb kuad\u00ebr t\u00eb Programit t\u00eb Burs\u00ebs s\u00eb Mobilitetit p\u00ebr Student\u00eb.<\/p>\n<p>Vlera e bursave ndryshon var\u00ebsisht nga distanca midis vendit ku jetojn\u00eb student\u00ebt dhe vendit ku studiojn\u00eb.<\/p>\n","protected":false},"excerpt":{"rendered":"<p>Prishtin\u00eb 26 Dhjetor 2025 12:18 N\u00eb prezantimin e Burs\u00ebs s\u00eb Mobilitetit para student\u00ebve p\u00ebrfitues, kryeministri n\u00eb detyr\u00eb, Albin Kurti, tha se kjo skem\u00eb \u00ebsht\u00eb e<\/p>\n","protected":false},"author":6,"featured_media":25404,"comment_status":"open","ping_status":"open","sticky":false,"template":"","format":"standard","meta":{"footnotes":""},"categories":[60],"tags":[],"class_list":["post-25640","post","type-post","status-publish","format-standard","has-post-thumbnail","hentry","category-shoqerore-sq"],"yoast_head":"<!-- This site is optimized with the Yoast SEO plugin v25.3.1 - https:\/\/yoast.com\/wordpress\/plugins\/seo\/ -->\n<title>Kurti: Investimi n\u00eb arsim, investim n\u00eb t\u00eb ardhmen e Kosov\u00ebs -<\/title>\n<meta name=\"robots\" content=\"index, follow, max-snippet:-1, max-image-preview:large, max-video-preview:-1\" \/>\n<link rel=\"canonical\" href=\"https:\/\/veritasinfo.org\/?p=25640\" \/>\n<meta property=\"og:locale\" content=\"en_US\" \/>\n<meta property=\"og:type\" content=\"article\" \/>\n<meta property=\"og:title\" content=\"Kurti: Investimi n\u00eb arsim, investim n\u00eb t\u00eb ardhmen e Kosov\u00ebs -\" \/>\n<meta property=\"og:description\" content=\"Prishtin\u00eb 26 Dhjetor 2025 12:18 N\u00eb prezantimin e Burs\u00ebs s\u00eb Mobilitetit para student\u00ebve p\u00ebrfitues, kryeministri n\u00eb detyr\u00eb, Albin Kurti, tha se kjo skem\u00eb \u00ebsht\u00eb e\" \/>\n<meta property=\"og:url\" content=\"https:\/\/veritasinfo.org\/?p=25640\" \/>\n<meta property=\"article:published_time\" content=\"2025-12-26T11:19:39+00:00\" \/>\n<meta property=\"og:image\" content=\"https:\/\/veritasinfo.org\/wp-content\/uploads\/2025\/12\/712820-zeYIc5Myh3.jpg\" \/>\n\t<meta property=\"og:image:width\" content=\"780\" \/>\n\t<meta property=\"og:image:height\" content=\"500\" \/>\n\t<meta property=\"og:image:type\" content=\"image\/jpeg\" \/>\n<meta name=\"author\" content=\"US5\" \/>\n<meta name=\"twitter:card\" content=\"summary_large_image\" \/>\n<meta name=\"twitter:label1\" content=\"Written by\" \/>\n\t<meta name=\"twitter:data1\" content=\"US5\" \/>\n<script type=\"application\/ld+json\" class=\"yoast-schema-graph\">{\"@context\":\"https:\/\/schema.org\",\"@graph\":[{\"@type\":\"WebPage\",\"@id\":\"https:\/\/veritasinfo.org\/?p=25640\",\"url\":\"https:\/\/veritasinfo.org\/?p=25640\",\"name\":\"Kurti: Investimi n\u00eb arsim, investim n\u00eb t\u00eb ardhmen e Kosov\u00ebs -\",\"isPartOf\":{\"@id\":\"https:\/\/veritasinfo.org\/#website\"},\"primaryImageOfPage\":{\"@id\":\"https:\/\/veritasinfo.org\/?p=25640#primaryimage\"},\"image\":{\"@id\":\"https:\/\/veritasinfo.org\/?p=25640#primaryimage\"},\"thumbnailUrl\":\"https:\/\/veritasinfo.org\/wp-content\/uploads\/2025\/12\/712820-zeYIc5Myh3.jpg\",\"datePublished\":\"2025-12-26T11:19:39+00:00\",\"author\":{\"@id\":\"https:\/\/veritasinfo.org\/#\/schema\/person\/bc442336e35414d04494ab8fb45db4c6\"},\"breadcrumb\":{\"@id\":\"https:\/\/veritasinfo.org\/?p=25640#breadcrumb\"},\"inLanguage\":\"en-US\",\"potentialAction\":[{\"@type\":\"ReadAction\",\"target\":[\"https:\/\/veritasinfo.org\/?p=25640\"]}]},{\"@type\":\"ImageObject\",\"inLanguage\":\"en-US\",\"@id\":\"https:\/\/veritasinfo.org\/?p=25640#primaryimage\",\"url\":\"https:\/\/veritasinfo.org\/wp-content\/uploads\/2025\/12\/712820-zeYIc5Myh3.jpg\",\"contentUrl\":\"https:\/\/veritasinfo.org\/wp-content\/uploads\/2025\/12\/712820-zeYIc5Myh3.jpg\",\"width\":780,\"height\":500},{\"@type\":\"BreadcrumbList\",\"@id\":\"https:\/\/veritasinfo.org\/?p=25640#breadcrumb\",\"itemListElement\":[{\"@type\":\"ListItem\",\"position\":1,\"name\":\"Home\",\"item\":\"https:\/\/veritasinfo.org\/\"},{\"@type\":\"ListItem\",\"position\":2,\"name\":\"Kurti: Investimi n\u00eb arsim, investim n\u00eb t\u00eb ardhmen e Kosov\u00ebs\"}]},{\"@type\":\"WebSite\",\"@id\":\"https:\/\/veritasinfo.org\/#website\",\"url\":\"https:\/\/veritasinfo.org\/\",\"name\":\"\",\"description\":\"\",\"potentialAction\":[{\"@type\":\"SearchAction\",\"target\":{\"@type\":\"EntryPoint\",\"urlTemplate\":\"https:\/\/veritasinfo.org\/?s={search_term_string}\"},\"query-input\":{\"@type\":\"PropertyValueSpecification\",\"valueRequired\":true,\"valueName\":\"search_term_string\"}}],\"inLanguage\":\"en-US\"},{\"@type\":\"Person\",\"@id\":\"https:\/\/veritasinfo.org\/#\/schema\/person\/bc442336e35414d04494ab8fb45db4c6\",\"name\":\"US5\",\"image\":{\"@type\":\"ImageObject\",\"inLanguage\":\"en-US\",\"@id\":\"https:\/\/veritasinfo.org\/#\/schema\/person\/image\/\",\"url\":\"https:\/\/secure.gravatar.com\/avatar\/16a61e7272a0c5d001121ebb9e60e925d5816e4ac1e443ed3e640d9a6ae55d0c?s=96&d=mm&r=g\",\"contentUrl\":\"https:\/\/secure.gravatar.com\/avatar\/16a61e7272a0c5d001121ebb9e60e925d5816e4ac1e443ed3e640d9a6ae55d0c?s=96&d=mm&r=g\",\"caption\":\"US5\"},\"url\":\"https:\/\/veritasinfo.org\/?author=6\"}]}<\/script>\n<!-- \/ Yoast SEO plugin. -->","yoast_head_json":{"title":"Kurti: Investimi n\u00eb arsim, investim n\u00eb t\u00eb ardhmen e Kosov\u00ebs -","robots":{"index":"index","follow":"follow","max-snippet":"max-snippet:-1","max-image-preview":"max-image-preview:large","max-video-preview":"max-video-preview:-1"},"canonical":"https:\/\/veritasinfo.org\/?p=25640","og_locale":"en_US","og_type":"article","og_title":"Kurti: Investimi n\u00eb arsim, investim n\u00eb t\u00eb ardhmen e Kosov\u00ebs -","og_description":"Prishtin\u00eb 26 Dhjetor 2025 12:18 N\u00eb prezantimin e Burs\u00ebs s\u00eb Mobilitetit para student\u00ebve p\u00ebrfitues, kryeministri n\u00eb detyr\u00eb, Albin Kurti, tha se kjo skem\u00eb \u00ebsht\u00eb e","og_url":"https:\/\/veritasinfo.org\/?p=25640","article_published_time":"2025-12-26T11:19:39+00:00","og_image":[{"width":780,"height":500,"url":"https:\/\/veritasinfo.org\/wp-content\/uploads\/2025\/12\/712820-zeYIc5Myh3.jpg","type":"image\/jpeg"}],"author":"US5","twitter_card":"summary_large_image","twitter_misc":{"Written by":"US5"},"schema":{"@context":"https:\/\/schema.org","@graph":[{"@type":"WebPage","@id":"https:\/\/veritasinfo.org\/?p=25640","url":"https:\/\/veritasinfo.org\/?p=25640","name":"Kurti: Investimi n\u00eb arsim, investim n\u00eb t\u00eb ardhmen e Kosov\u00ebs -","isPartOf":{"@id":"https:\/\/veritasinfo.org\/#website"},"primaryImageOfPage":{"@id":"https:\/\/veritasinfo.org\/?p=25640#primaryimage"},"image":{"@id":"https:\/\/veritasinfo.org\/?p=25640#primaryimage"},"thumbnailUrl":"https:\/\/veritasinfo.org\/wp-content\/uploads\/2025\/12\/712820-zeYIc5Myh3.jpg","datePublished":"2025-12-26T11:19:39+00:00","author":{"@id":"https:\/\/veritasinfo.org\/#\/schema\/person\/bc442336e35414d04494ab8fb45db4c6"},"breadcrumb":{"@id":"https:\/\/veritasinfo.org\/?p=25640#breadcrumb"},"inLanguage":"en-US","potentialAction":[{"@type":"ReadAction","target":["https:\/\/veritasinfo.org\/?p=25640"]}]},{"@type":"ImageObject","inLanguage":"en-US","@id":"https:\/\/veritasinfo.org\/?p=25640#primaryimage","url":"https:\/\/veritasinfo.org\/wp-content\/uploads\/2025\/12\/712820-zeYIc5Myh3.jpg","contentUrl":"https:\/\/veritasinfo.org\/wp-content\/uploads\/2025\/12\/712820-zeYIc5Myh3.jpg","width":780,"height":500},{"@type":"BreadcrumbList","@id":"https:\/\/veritasinfo.org\/?p=25640#breadcrumb","itemListElement":[{"@type":"ListItem","position":1,"name":"Home","item":"https:\/\/veritasinfo.org\/"},{"@type":"ListItem","position":2,"name":"Kurti: Investimi n\u00eb arsim, investim n\u00eb t\u00eb ardhmen e Kosov\u00ebs"}]},{"@type":"WebSite","@id":"https:\/\/veritasinfo.org\/#website","url":"https:\/\/veritasinfo.org\/","name":"","description":"","potentialAction":[{"@type":"SearchAction","target":{"@type":"EntryPoint","urlTemplate":"https:\/\/veritasinfo.org\/?s={search_term_string}"},"query-input":{"@type":"PropertyValueSpecification","valueRequired":true,"valueName":"search_term_string"}}],"inLanguage":"en-US"},{"@type":"Person","@id":"https:\/\/veritasinfo.org\/#\/schema\/person\/bc442336e35414d04494ab8fb45db4c6","name":"US5","image":{"@type":"ImageObject","inLanguage":"en-US","@id":"https:\/\/veritasinfo.org\/#\/schema\/person\/image\/","url":"https:\/\/secure.gravatar.com\/avatar\/16a61e7272a0c5d001121ebb9e60e925d5816e4ac1e443ed3e640d9a6ae55d0c?s=96&d=mm&r=g","contentUrl":"https:\/\/secure.gravatar.com\/avatar\/16a61e7272a0c5d001121ebb9e60e925d5816e4ac1e443ed3e640d9a6ae55d0c?s=96&d=mm&r=g","caption":"US5"},"url":"https:\/\/veritasinfo.org\/?author=6"}]}},"featured_image_urls":{"full":["https:\/\/veritasinfo.org\/wp-content\/uploads\/2025\/12\/712820-zeYIc5Myh3.jpg",780,500,false],"thumbnail":["https:\/\/veritasinfo.org\/wp-content\/uploads\/2025\/12\/712820-zeYIc5Myh3-150x150.jpg",150,150,true],"medium":["https:\/\/veritasinfo.org\/wp-content\/uploads\/2025\/12\/712820-zeYIc5Myh3-300x192.jpg",300,192,true],"medium_large":["https:\/\/veritasinfo.org\/wp-content\/uploads\/2025\/12\/712820-zeYIc5Myh3-768x492.jpg",640,410,true],"large":["https:\/\/veritasinfo.org\/wp-content\/uploads\/2025\/12\/712820-zeYIc5Myh3.jpg",640,410,false],"1536x1536":["https:\/\/veritasinfo.org\/wp-content\/uploads\/2025\/12\/712820-zeYIc5Myh3.jpg",780,500,false],"2048x2048":["https:\/\/veritasinfo.org\/wp-content\/uploads\/2025\/12\/712820-zeYIc5Myh3.jpg",780,500,false],"kreeti-slider-full":["https:\/\/veritasinfo.org\/wp-content\/uploads\/2025\/12\/712820-zeYIc5Myh3.jpg",780,500,false],"kreeti-featured":["https:\/\/veritasinfo.org\/wp-content\/uploads\/2025\/12\/712820-zeYIc5Myh3.jpg",780,500,false],"kreeti-medium":["https:\/\/veritasinfo.org\/wp-content\/uploads\/2025\/12\/712820-zeYIc5Myh3.jpg",720,462,false],"kreeti-medium-square":["https:\/\/veritasinfo.org\/wp-content\/uploads\/2025\/12\/712820-zeYIc5Myh3.jpg",350,224,false]},"author_info":{"info":["US5"]},"category_info":"<a href=\"https:\/\/veritasinfo.org\/?cat=60\" rel=\"category\">Shoq\u00ebrore<\/a>","tag_info":"Shoq\u00ebrore","comment_count":"0","_links":{"self":[{"href":"https:\/\/veritasinfo.org\/index.php?rest_route=\/wp\/v2\/posts\/25640","targetHints":{"allow":["GET"]}}],"collection":[{"href":"https:\/\/veritasinfo.org\/index.php?rest_route=\/wp\/v2\/posts"}],"about":[{"href":"https:\/\/veritasinfo.org\/index.php?rest_route=\/wp\/v2\/types\/post"}],"author":[{"embeddable":true,"href":"https:\/\/veritasinfo.org\/index.php?rest_route=\/wp\/v2\/users\/6"}],"replies":[{"embeddable":true,"href":"https:\/\/veritasinfo.org\/index.php?rest_route=%2Fwp%2Fv2%2Fcomments&post=25640"}],"version-history":[{"count":1,"href":"https:\/\/veritasinfo.org\/index.php?rest_route=\/wp\/v2\/posts\/25640\/revisions"}],"predecessor-version":[{"id":25642,"href":"https:\/\/veritasinfo.org\/index.php?rest_route=\/wp\/v2\/posts\/25640\/revisions\/25642"}],"wp:featuredmedia":[{"embeddable":true,"href":"https:\/\/veritasinfo.org\/index.php?rest_route=\/wp\/v2\/media\/25404"}],"wp:attachment":[{"href":"https:\/\/veritasinfo.org\/index.php?rest_route=%2Fwp%2Fv2%2Fmedia&parent=25640"}],"wp:term":[{"taxonomy":"category","embeddable":true,"href":"https:\/\/veritasinfo.org\/index.php?rest_route=%2Fwp%2Fv2%2Fcategories&post=25640"},{"taxonomy":"post_tag","embeddable":true,"href":"https:\/\/veritasinfo.org\/index.php?rest_route=%2Fwp%2Fv2%2Ftags&post=25640"}],"curies":[{"name":"wp","href":"https:\/\/api.w.org\/{rel}","templated":true}]}}