{"id":2561,"date":"2025-07-04T22:33:29","date_gmt":"2025-07-04T20:33:29","guid":{"rendered":"https:\/\/veritasinfo.org\/?p=2561"},"modified":"2025-07-04T22:33:29","modified_gmt":"2025-07-04T20:33:29","slug":"vucicev-rezim-okrece-oruzje-protiv-sopstvenih-gradjana-demonstranati-nasa-zandarmerija-je-teroristicka","status":"publish","type":"post","link":"https:\/\/veritasinfo.org\/?p=2561&lang=sr","title":{"rendered":"Vu\u010dic\u0301ev re\u017eim okrec\u0301e oru\u017eje protiv sopstvenih gra\u0111ana &#8211; demonstranati \u201eNa\u0161a \u017eandarmerija je teroristi\u010dka\u201c"},"content":{"rendered":"<p><strong>Beograd, \u00a04 jul 2025<\/strong><\/p>\n<p>U toku je akcija privo\u0111enja gra\u0111ana u blizini Tr\u017enog centra \u201eStaklenac\u201c u centru Beograda, javlja novinarka N1.<\/p>\n<p>Najmanje dve osobe su privedene nakon \u0161to su gra\u0111ani blokirali raskrsnicu kod Doma vojske. \u017dandarmerija i civilna policija spre\u010davaju gra\u0111ane da se okupljaju u naselju Stari grad.<\/p>\n<p>Oni su blokirali raskrsnicu kod Doma vojske, a \u017dandarmerija ih je uklonila sa puta. Gra\u0111ani su za N1 rekli da su samo stajali na raskrsnici kada su po\u010deli da ih zaustavljaju. Novinarka N1 je rekla da je videla najmanje dve privedene osobe.<\/p>\n<p>\u017dandarmerija ih je premestila sa raskrsnice na trotoar kako bi se vratio saobrac\u0301aj, dok ih preko puta, u cvetnoj leji kod \u201eStaklenaca\u201c, zaustavljaju. Gra\u0111ani su besni i vi\u010du \u201eSramota\u201c, i da se prema njima postupa kao prema \u201eteroristi\u010dkoj organizaciji\u201c.<\/p>\n","protected":false},"excerpt":{"rendered":"<p>Beograd, \u00a04 jul 2025 U toku je akcija privo\u0111enja gra\u0111ana u blizini Tr\u017enog centra \u201eStaklenac\u201c u centru Beograda, javlja novinarka N1. Najmanje dve osobe su<\/p>\n","protected":false},"author":2,"featured_media":2559,"comment_status":"open","ping_status":"open","sticky":false,"template":"","format":"standard","meta":{"footnotes":""},"categories":[28],"tags":[],"class_list":["post-2561","post","type-post","status-publish","format-standard","has-post-thumbnail","hentry","category-politika"],"yoast_head":"<!-- This site is optimized with the Yoast SEO plugin v25.3.1 - https:\/\/yoast.com\/wordpress\/plugins\/seo\/ -->\n<title>Vu\u010dic\u0301ev re\u017eim okrec\u0301e oru\u017eje protiv sopstvenih gra\u0111ana - demonstranati \u201eNa\u0161a \u017eandarmerija je teroristi\u010dka\u201c -<\/title>\n<meta name=\"robots\" content=\"index, follow, max-snippet:-1, max-image-preview:large, max-video-preview:-1\" \/>\n<link rel=\"canonical\" href=\"https:\/\/veritasinfo.org\/?p=2561&lang=sr\" \/>\n<meta property=\"og:locale\" content=\"en_US\" \/>\n<meta property=\"og:type\" content=\"article\" \/>\n<meta property=\"og:title\" content=\"Vu\u010dic\u0301ev re\u017eim okrec\u0301e oru\u017eje protiv sopstvenih gra\u0111ana - demonstranati \u201eNa\u0161a \u017eandarmerija je teroristi\u010dka\u201c -\" \/>\n<meta property=\"og:description\" content=\"Beograd, \u00a04 jul 2025 U toku je akcija privo\u0111enja gra\u0111ana u blizini Tr\u017enog centra \u201eStaklenac\u201c u centru Beograda, javlja novinarka N1. Najmanje dve osobe su\" \/>\n<meta property=\"og:url\" content=\"https:\/\/veritasinfo.org\/?p=2561&amp;lang=sr\" \/>\n<meta property=\"article:published_time\" content=\"2025-07-04T20:33:29+00:00\" \/>\n<meta property=\"og:image\" content=\"https:\/\/veritasinfo.org\/wp-content\/uploads\/2025\/07\/demonstrata.jpg\" \/>\n\t<meta property=\"og:image:width\" content=\"976\" \/>\n\t<meta property=\"og:image:height\" content=\"549\" \/>\n\t<meta property=\"og:image:type\" content=\"image\/jpeg\" \/>\n<meta name=\"author\" content=\"US1\" \/>\n<meta name=\"twitter:card\" content=\"summary_large_image\" \/>\n<meta name=\"twitter:label1\" content=\"Written by\" \/>\n\t<meta name=\"twitter:data1\" content=\"US1\" \/>\n\t<meta name=\"twitter:label2\" content=\"Est. reading time\" \/>\n\t<meta name=\"twitter:data2\" content=\"1 minute\" \/>\n<script type=\"application\/ld+json\" class=\"yoast-schema-graph\">{\"@context\":\"https:\/\/schema.org\",\"@graph\":[{\"@type\":\"WebPage\",\"@id\":\"https:\/\/veritasinfo.org\/?p=2561&lang=sr\",\"url\":\"https:\/\/veritasinfo.org\/?p=2561&lang=sr\",\"name\":\"Vu\u010dic\u0301ev re\u017eim okrec\u0301e oru\u017eje protiv sopstvenih gra\u0111ana - demonstranati \u201eNa\u0161a \u017eandarmerija je teroristi\u010dka\u201c -\",\"isPartOf\":{\"@id\":\"https:\/\/veritasinfo.org\/#website\"},\"primaryImageOfPage\":{\"@id\":\"https:\/\/veritasinfo.org\/?p=2561&lang=sr#primaryimage\"},\"image\":{\"@id\":\"https:\/\/veritasinfo.org\/?p=2561&lang=sr#primaryimage\"},\"thumbnailUrl\":\"https:\/\/veritasinfo.org\/wp-content\/uploads\/2025\/07\/demonstrata.jpg\",\"datePublished\":\"2025-07-04T20:33:29+00:00\",\"author\":{\"@id\":\"https:\/\/veritasinfo.org\/#\/schema\/person\/c2b8be262ea994d0995addca692c5e98\"},\"breadcrumb\":{\"@id\":\"https:\/\/veritasinfo.org\/?p=2561&lang=sr#breadcrumb\"},\"inLanguage\":\"en-US\",\"potentialAction\":[{\"@type\":\"ReadAction\",\"target\":[\"https:\/\/veritasinfo.org\/?p=2561&lang=sr\"]}]},{\"@type\":\"ImageObject\",\"inLanguage\":\"en-US\",\"@id\":\"https:\/\/veritasinfo.org\/?p=2561&lang=sr#primaryimage\",\"url\":\"https:\/\/veritasinfo.org\/wp-content\/uploads\/2025\/07\/demonstrata.jpg\",\"contentUrl\":\"https:\/\/veritasinfo.org\/wp-content\/uploads\/2025\/07\/demonstrata.jpg\",\"width\":976,\"height\":549},{\"@type\":\"BreadcrumbList\",\"@id\":\"https:\/\/veritasinfo.org\/?p=2561&lang=sr#breadcrumb\",\"itemListElement\":[{\"@type\":\"ListItem\",\"position\":1,\"name\":\"Home\",\"item\":\"https:\/\/veritasinfo.org\/\"},{\"@type\":\"ListItem\",\"position\":2,\"name\":\"Vu\u010dic\u0301ev re\u017eim okrec\u0301e oru\u017eje protiv sopstvenih gra\u0111ana &#8211; demonstranati \u201eNa\u0161a \u017eandarmerija je teroristi\u010dka\u201c\"}]},{\"@type\":\"WebSite\",\"@id\":\"https:\/\/veritasinfo.org\/#website\",\"url\":\"https:\/\/veritasinfo.org\/\",\"name\":\"\",\"description\":\"\",\"potentialAction\":[{\"@type\":\"SearchAction\",\"target\":{\"@type\":\"EntryPoint\",\"urlTemplate\":\"https:\/\/veritasinfo.org\/?s={search_term_string}\"},\"query-input\":{\"@type\":\"PropertyValueSpecification\",\"valueRequired\":true,\"valueName\":\"search_term_string\"}}],\"inLanguage\":\"en-US\"},{\"@type\":\"Person\",\"@id\":\"https:\/\/veritasinfo.org\/#\/schema\/person\/c2b8be262ea994d0995addca692c5e98\",\"name\":\"US1\",\"image\":{\"@type\":\"ImageObject\",\"inLanguage\":\"en-US\",\"@id\":\"https:\/\/veritasinfo.org\/#\/schema\/person\/image\/\",\"url\":\"https:\/\/secure.gravatar.com\/avatar\/4e96a59bd256abf9956eb9963ac891a47461ffb364d47b0e9aab113328fdb75b?s=96&d=mm&r=g\",\"contentUrl\":\"https:\/\/secure.gravatar.com\/avatar\/4e96a59bd256abf9956eb9963ac891a47461ffb364d47b0e9aab113328fdb75b?s=96&d=mm&r=g\",\"caption\":\"US1\"},\"url\":\"https:\/\/veritasinfo.org\/?author=2\"}]}<\/script>\n<!-- \/ Yoast SEO plugin. -->","yoast_head_json":{"title":"Vu\u010dic\u0301ev re\u017eim okrec\u0301e oru\u017eje protiv sopstvenih gra\u0111ana - demonstranati \u201eNa\u0161a \u017eandarmerija je teroristi\u010dka\u201c -","robots":{"index":"index","follow":"follow","max-snippet":"max-snippet:-1","max-image-preview":"max-image-preview:large","max-video-preview":"max-video-preview:-1"},"canonical":"https:\/\/veritasinfo.org\/?p=2561&lang=sr","og_locale":"en_US","og_type":"article","og_title":"Vu\u010dic\u0301ev re\u017eim okrec\u0301e oru\u017eje protiv sopstvenih gra\u0111ana - demonstranati \u201eNa\u0161a \u017eandarmerija je teroristi\u010dka\u201c -","og_description":"Beograd, \u00a04 jul 2025 U toku je akcija privo\u0111enja gra\u0111ana u blizini Tr\u017enog centra \u201eStaklenac\u201c u centru Beograda, javlja novinarka N1. Najmanje dve osobe su","og_url":"https:\/\/veritasinfo.org\/?p=2561&lang=sr","article_published_time":"2025-07-04T20:33:29+00:00","og_image":[{"width":976,"height":549,"url":"https:\/\/veritasinfo.org\/wp-content\/uploads\/2025\/07\/demonstrata.jpg","type":"image\/jpeg"}],"author":"US1","twitter_card":"summary_large_image","twitter_misc":{"Written by":"US1","Est. reading time":"1 minute"},"schema":{"@context":"https:\/\/schema.org","@graph":[{"@type":"WebPage","@id":"https:\/\/veritasinfo.org\/?p=2561&lang=sr","url":"https:\/\/veritasinfo.org\/?p=2561&lang=sr","name":"Vu\u010dic\u0301ev re\u017eim okrec\u0301e oru\u017eje protiv sopstvenih gra\u0111ana - demonstranati \u201eNa\u0161a \u017eandarmerija je teroristi\u010dka\u201c -","isPartOf":{"@id":"https:\/\/veritasinfo.org\/#website"},"primaryImageOfPage":{"@id":"https:\/\/veritasinfo.org\/?p=2561&lang=sr#primaryimage"},"image":{"@id":"https:\/\/veritasinfo.org\/?p=2561&lang=sr#primaryimage"},"thumbnailUrl":"https:\/\/veritasinfo.org\/wp-content\/uploads\/2025\/07\/demonstrata.jpg","datePublished":"2025-07-04T20:33:29+00:00","author":{"@id":"https:\/\/veritasinfo.org\/#\/schema\/person\/c2b8be262ea994d0995addca692c5e98"},"breadcrumb":{"@id":"https:\/\/veritasinfo.org\/?p=2561&lang=sr#breadcrumb"},"inLanguage":"en-US","potentialAction":[{"@type":"ReadAction","target":["https:\/\/veritasinfo.org\/?p=2561&lang=sr"]}]},{"@type":"ImageObject","inLanguage":"en-US","@id":"https:\/\/veritasinfo.org\/?p=2561&lang=sr#primaryimage","url":"https:\/\/veritasinfo.org\/wp-content\/uploads\/2025\/07\/demonstrata.jpg","contentUrl":"https:\/\/veritasinfo.org\/wp-content\/uploads\/2025\/07\/demonstrata.jpg","width":976,"height":549},{"@type":"BreadcrumbList","@id":"https:\/\/veritasinfo.org\/?p=2561&lang=sr#breadcrumb","itemListElement":[{"@type":"ListItem","position":1,"name":"Home","item":"https:\/\/veritasinfo.org\/"},{"@type":"ListItem","position":2,"name":"Vu\u010dic\u0301ev re\u017eim okrec\u0301e oru\u017eje protiv sopstvenih gra\u0111ana &#8211; demonstranati \u201eNa\u0161a \u017eandarmerija je teroristi\u010dka\u201c"}]},{"@type":"WebSite","@id":"https:\/\/veritasinfo.org\/#website","url":"https:\/\/veritasinfo.org\/","name":"","description":"","potentialAction":[{"@type":"SearchAction","target":{"@type":"EntryPoint","urlTemplate":"https:\/\/veritasinfo.org\/?s={search_term_string}"},"query-input":{"@type":"PropertyValueSpecification","valueRequired":true,"valueName":"search_term_string"}}],"inLanguage":"en-US"},{"@type":"Person","@id":"https:\/\/veritasinfo.org\/#\/schema\/person\/c2b8be262ea994d0995addca692c5e98","name":"US1","image":{"@type":"ImageObject","inLanguage":"en-US","@id":"https:\/\/veritasinfo.org\/#\/schema\/person\/image\/","url":"https:\/\/secure.gravatar.com\/avatar\/4e96a59bd256abf9956eb9963ac891a47461ffb364d47b0e9aab113328fdb75b?s=96&d=mm&r=g","contentUrl":"https:\/\/secure.gravatar.com\/avatar\/4e96a59bd256abf9956eb9963ac891a47461ffb364d47b0e9aab113328fdb75b?s=96&d=mm&r=g","caption":"US1"},"url":"https:\/\/veritasinfo.org\/?author=2"}]}},"featured_image_urls":{"full":["https:\/\/veritasinfo.org\/wp-content\/uploads\/2025\/07\/demonstrata.jpg",976,549,false],"thumbnail":["https:\/\/veritasinfo.org\/wp-content\/uploads\/2025\/07\/demonstrata-150x150.jpg",150,150,true],"medium":["https:\/\/veritasinfo.org\/wp-content\/uploads\/2025\/07\/demonstrata-300x169.jpg",300,169,true],"medium_large":["https:\/\/veritasinfo.org\/wp-content\/uploads\/2025\/07\/demonstrata-768x432.jpg",640,360,true],"large":["https:\/\/veritasinfo.org\/wp-content\/uploads\/2025\/07\/demonstrata.jpg",640,360,false],"1536x1536":["https:\/\/veritasinfo.org\/wp-content\/uploads\/2025\/07\/demonstrata.jpg",976,549,false],"2048x2048":["https:\/\/veritasinfo.org\/wp-content\/uploads\/2025\/07\/demonstrata.jpg",976,549,false],"kreeti-slider-full":["https:\/\/veritasinfo.org\/wp-content\/uploads\/2025\/07\/demonstrata.jpg",976,549,false],"kreeti-featured":["https:\/\/veritasinfo.org\/wp-content\/uploads\/2025\/07\/demonstrata.jpg",976,549,false],"kreeti-medium":["https:\/\/veritasinfo.org\/wp-content\/uploads\/2025\/07\/demonstrata.jpg",720,405,false],"kreeti-medium-square":["https:\/\/veritasinfo.org\/wp-content\/uploads\/2025\/07\/demonstrata.jpg",350,197,false]},"author_info":{"info":["US1"]},"category_info":"<a href=\"https:\/\/veritasinfo.org\/?cat=28&#038;lang=sr\" rel=\"category\">Politika<\/a>","tag_info":"Politika","comment_count":"0","_links":{"self":[{"href":"https:\/\/veritasinfo.org\/index.php?rest_route=\/wp\/v2\/posts\/2561","targetHints":{"allow":["GET"]}}],"collection":[{"href":"https:\/\/veritasinfo.org\/index.php?rest_route=\/wp\/v2\/posts"}],"about":[{"href":"https:\/\/veritasinfo.org\/index.php?rest_route=\/wp\/v2\/types\/post"}],"author":[{"embeddable":true,"href":"https:\/\/veritasinfo.org\/index.php?rest_route=\/wp\/v2\/users\/2"}],"replies":[{"embeddable":true,"href":"https:\/\/veritasinfo.org\/index.php?rest_route=%2Fwp%2Fv2%2Fcomments&post=2561"}],"version-history":[{"count":1,"href":"https:\/\/veritasinfo.org\/index.php?rest_route=\/wp\/v2\/posts\/2561\/revisions"}],"predecessor-version":[{"id":2562,"href":"https:\/\/veritasinfo.org\/index.php?rest_route=\/wp\/v2\/posts\/2561\/revisions\/2562"}],"wp:featuredmedia":[{"embeddable":true,"href":"https:\/\/veritasinfo.org\/index.php?rest_route=\/wp\/v2\/media\/2559"}],"wp:attachment":[{"href":"https:\/\/veritasinfo.org\/index.php?rest_route=%2Fwp%2Fv2%2Fmedia&parent=2561"}],"wp:term":[{"taxonomy":"category","embeddable":true,"href":"https:\/\/veritasinfo.org\/index.php?rest_route=%2Fwp%2Fv2%2Fcategories&post=2561"},{"taxonomy":"post_tag","embeddable":true,"href":"https:\/\/veritasinfo.org\/index.php?rest_route=%2Fwp%2Fv2%2Ftags&post=2561"}],"curies":[{"name":"wp","href":"https:\/\/api.w.org\/{rel}","templated":true}]}}