{"id":2558,"date":"2025-07-04T22:32:07","date_gmt":"2025-07-04T20:32:07","guid":{"rendered":"https:\/\/veritasinfo.org\/?p=2558"},"modified":"2025-07-04T22:32:07","modified_gmt":"2025-07-04T20:32:07","slug":"regjimi-i-vuciqit-i-kthen-armet-ndaj-qytetareve-te-vet-protestuesit-xhandarmeria-jone-eshte-terroriste-2","status":"publish","type":"post","link":"https:\/\/veritasinfo.org\/?p=2558","title":{"rendered":"Regjimi i Vu\u00e7iqit i kthen arm\u00ebt ndaj qytetar\u00ebve t\u00eb vet \u2013 protestuesit \u201cXhandarm\u00ebria jon\u00eb \u00ebsht\u00eb terroriste\u201d"},"content":{"rendered":"<p><strong>Beograd, 4 korrik 2025<\/strong><\/p>\n<p>Po zhvillohet nj\u00eb aksion i ndalimit t\u00eb qytetar\u00ebve pran\u00eb Qendr\u00ebs Tregtare \u201cStaklenac\u201d n\u00eb qend\u00ebr t\u00eb Beogradit, raporton gazetarja e N1.<\/p>\n<p>T\u00eb pakt\u00ebn dy persona jan\u00eb ndaluar pasi qytetar\u00ebt kishin bllokuar kryq\u00ebzimin pran\u00eb Sht\u00ebpis\u00eb s\u00eb Ushtris\u00eb. Xhandarm\u00ebria dhe polic\u00eb civil\u00eb po ndalojn\u00eb qytetar\u00eb nga tubimi n\u00eb lagjen Stari Grad.<\/p>\n<p>Ata kishin bllokuar kryq\u00ebzimin pran\u00eb Sht\u00ebpis\u00eb s\u00eb Ushtris\u00eb, dhe Xhandarm\u00ebria i ka larguar nga rruga. Qytetar\u00ebt i than\u00eb N1 se ata thjesht po q\u00ebndronin n\u00eb kryq\u00ebzim kur filluan t\u2019i ndalonin. Gazetarja e N1 tha se ka par\u00eb t\u00eb pakt\u00ebn dy persona t\u00eb ndaluar.<\/p>\n<p>Xhandarm\u00ebria i ka zhvendosur nga kryq\u00ebzimi n\u00eb trotuar p\u00ebr t\u00eb rivendosur qarkullimin, nd\u00ebrsa p\u00ebrball\u00eb, n\u00eb lulishte pran\u00eb \u201cStaklencit\u201d, po i ndalojn\u00eb. Qytetar\u00ebt jan\u00eb t\u00eb zem\u00ebruar dhe th\u00ebrrasin \u201cTurp\u201d, si dhe se po i trajtojn\u00eb si \u201corganizat\u00eb terroriste\u201d.<\/p>\n","protected":false},"excerpt":{"rendered":"<p>Beograd, 4 korrik 2025 Po zhvillohet nj\u00eb aksion i ndalimit t\u00eb qytetar\u00ebve pran\u00eb Qendr\u00ebs Tregtare \u201cStaklenac\u201d n\u00eb qend\u00ebr t\u00eb Beogradit, raporton gazetarja e N1. T\u00eb<\/p>\n","protected":false},"author":2,"featured_media":2559,"comment_status":"open","ping_status":"open","sticky":false,"template":"","format":"standard","meta":{"footnotes":""},"categories":[58],"tags":[],"class_list":["post-2558","post","type-post","status-publish","format-standard","has-post-thumbnail","hentry","category-politike-sq"],"yoast_head":"<!-- This site is optimized with the Yoast SEO plugin v25.3.1 - https:\/\/yoast.com\/wordpress\/plugins\/seo\/ -->\n<title>Regjimi i Vu\u00e7iqit i kthen arm\u00ebt ndaj qytetar\u00ebve t\u00eb vet \u2013 protestuesit \u201cXhandarm\u00ebria jon\u00eb \u00ebsht\u00eb terroriste\u201d -<\/title>\n<meta name=\"robots\" content=\"index, follow, max-snippet:-1, max-image-preview:large, max-video-preview:-1\" \/>\n<link rel=\"canonical\" href=\"https:\/\/veritasinfo.org\/?p=2558\" \/>\n<meta property=\"og:locale\" content=\"en_US\" \/>\n<meta property=\"og:type\" content=\"article\" \/>\n<meta property=\"og:title\" content=\"Regjimi i Vu\u00e7iqit i kthen arm\u00ebt ndaj qytetar\u00ebve t\u00eb vet \u2013 protestuesit \u201cXhandarm\u00ebria jon\u00eb \u00ebsht\u00eb terroriste\u201d -\" \/>\n<meta property=\"og:description\" content=\"Beograd, 4 korrik 2025 Po zhvillohet nj\u00eb aksion i ndalimit t\u00eb qytetar\u00ebve pran\u00eb Qendr\u00ebs Tregtare \u201cStaklenac\u201d n\u00eb qend\u00ebr t\u00eb Beogradit, raporton gazetarja e N1. T\u00eb\" \/>\n<meta property=\"og:url\" content=\"https:\/\/veritasinfo.org\/?p=2558\" \/>\n<meta property=\"article:published_time\" content=\"2025-07-04T20:32:07+00:00\" \/>\n<meta property=\"og:image\" content=\"https:\/\/veritasinfo.org\/wp-content\/uploads\/2025\/07\/demonstrata.jpg\" \/>\n\t<meta property=\"og:image:width\" content=\"976\" \/>\n\t<meta property=\"og:image:height\" content=\"549\" \/>\n\t<meta property=\"og:image:type\" content=\"image\/jpeg\" \/>\n<meta name=\"author\" content=\"US1\" \/>\n<meta name=\"twitter:card\" content=\"summary_large_image\" \/>\n<meta name=\"twitter:label1\" content=\"Written by\" \/>\n\t<meta name=\"twitter:data1\" content=\"US1\" \/>\n\t<meta name=\"twitter:label2\" content=\"Est. reading time\" \/>\n\t<meta name=\"twitter:data2\" content=\"1 minute\" \/>\n<script type=\"application\/ld+json\" class=\"yoast-schema-graph\">{\"@context\":\"https:\/\/schema.org\",\"@graph\":[{\"@type\":\"WebPage\",\"@id\":\"https:\/\/veritasinfo.org\/?p=2558\",\"url\":\"https:\/\/veritasinfo.org\/?p=2558\",\"name\":\"Regjimi i Vu\u00e7iqit i kthen arm\u00ebt ndaj qytetar\u00ebve t\u00eb vet \u2013 protestuesit \u201cXhandarm\u00ebria jon\u00eb \u00ebsht\u00eb terroriste\u201d -\",\"isPartOf\":{\"@id\":\"https:\/\/veritasinfo.org\/#website\"},\"primaryImageOfPage\":{\"@id\":\"https:\/\/veritasinfo.org\/?p=2558#primaryimage\"},\"image\":{\"@id\":\"https:\/\/veritasinfo.org\/?p=2558#primaryimage\"},\"thumbnailUrl\":\"https:\/\/veritasinfo.org\/wp-content\/uploads\/2025\/07\/demonstrata.jpg\",\"datePublished\":\"2025-07-04T20:32:07+00:00\",\"author\":{\"@id\":\"https:\/\/veritasinfo.org\/#\/schema\/person\/c2b8be262ea994d0995addca692c5e98\"},\"breadcrumb\":{\"@id\":\"https:\/\/veritasinfo.org\/?p=2558#breadcrumb\"},\"inLanguage\":\"en-US\",\"potentialAction\":[{\"@type\":\"ReadAction\",\"target\":[\"https:\/\/veritasinfo.org\/?p=2558\"]}]},{\"@type\":\"ImageObject\",\"inLanguage\":\"en-US\",\"@id\":\"https:\/\/veritasinfo.org\/?p=2558#primaryimage\",\"url\":\"https:\/\/veritasinfo.org\/wp-content\/uploads\/2025\/07\/demonstrata.jpg\",\"contentUrl\":\"https:\/\/veritasinfo.org\/wp-content\/uploads\/2025\/07\/demonstrata.jpg\",\"width\":976,\"height\":549},{\"@type\":\"BreadcrumbList\",\"@id\":\"https:\/\/veritasinfo.org\/?p=2558#breadcrumb\",\"itemListElement\":[{\"@type\":\"ListItem\",\"position\":1,\"name\":\"Home\",\"item\":\"https:\/\/veritasinfo.org\/\"},{\"@type\":\"ListItem\",\"position\":2,\"name\":\"Regjimi i Vu\u00e7iqit i kthen arm\u00ebt ndaj qytetar\u00ebve t\u00eb vet \u2013 protestuesit \u201cXhandarm\u00ebria jon\u00eb \u00ebsht\u00eb terroriste\u201d\"}]},{\"@type\":\"WebSite\",\"@id\":\"https:\/\/veritasinfo.org\/#website\",\"url\":\"https:\/\/veritasinfo.org\/\",\"name\":\"\",\"description\":\"\",\"potentialAction\":[{\"@type\":\"SearchAction\",\"target\":{\"@type\":\"EntryPoint\",\"urlTemplate\":\"https:\/\/veritasinfo.org\/?s={search_term_string}\"},\"query-input\":{\"@type\":\"PropertyValueSpecification\",\"valueRequired\":true,\"valueName\":\"search_term_string\"}}],\"inLanguage\":\"en-US\"},{\"@type\":\"Person\",\"@id\":\"https:\/\/veritasinfo.org\/#\/schema\/person\/c2b8be262ea994d0995addca692c5e98\",\"name\":\"US1\",\"image\":{\"@type\":\"ImageObject\",\"inLanguage\":\"en-US\",\"@id\":\"https:\/\/veritasinfo.org\/#\/schema\/person\/image\/\",\"url\":\"https:\/\/secure.gravatar.com\/avatar\/4e96a59bd256abf9956eb9963ac891a47461ffb364d47b0e9aab113328fdb75b?s=96&d=mm&r=g\",\"contentUrl\":\"https:\/\/secure.gravatar.com\/avatar\/4e96a59bd256abf9956eb9963ac891a47461ffb364d47b0e9aab113328fdb75b?s=96&d=mm&r=g\",\"caption\":\"US1\"},\"url\":\"https:\/\/veritasinfo.org\/?author=2\"}]}<\/script>\n<!-- \/ Yoast SEO plugin. -->","yoast_head_json":{"title":"Regjimi i Vu\u00e7iqit i kthen arm\u00ebt ndaj qytetar\u00ebve t\u00eb vet \u2013 protestuesit \u201cXhandarm\u00ebria jon\u00eb \u00ebsht\u00eb terroriste\u201d -","robots":{"index":"index","follow":"follow","max-snippet":"max-snippet:-1","max-image-preview":"max-image-preview:large","max-video-preview":"max-video-preview:-1"},"canonical":"https:\/\/veritasinfo.org\/?p=2558","og_locale":"en_US","og_type":"article","og_title":"Regjimi i Vu\u00e7iqit i kthen arm\u00ebt ndaj qytetar\u00ebve t\u00eb vet \u2013 protestuesit \u201cXhandarm\u00ebria jon\u00eb \u00ebsht\u00eb terroriste\u201d -","og_description":"Beograd, 4 korrik 2025 Po zhvillohet nj\u00eb aksion i ndalimit t\u00eb qytetar\u00ebve pran\u00eb Qendr\u00ebs Tregtare \u201cStaklenac\u201d n\u00eb qend\u00ebr t\u00eb Beogradit, raporton gazetarja e N1. T\u00eb","og_url":"https:\/\/veritasinfo.org\/?p=2558","article_published_time":"2025-07-04T20:32:07+00:00","og_image":[{"width":976,"height":549,"url":"https:\/\/veritasinfo.org\/wp-content\/uploads\/2025\/07\/demonstrata.jpg","type":"image\/jpeg"}],"author":"US1","twitter_card":"summary_large_image","twitter_misc":{"Written by":"US1","Est. reading time":"1 minute"},"schema":{"@context":"https:\/\/schema.org","@graph":[{"@type":"WebPage","@id":"https:\/\/veritasinfo.org\/?p=2558","url":"https:\/\/veritasinfo.org\/?p=2558","name":"Regjimi i Vu\u00e7iqit i kthen arm\u00ebt ndaj qytetar\u00ebve t\u00eb vet \u2013 protestuesit \u201cXhandarm\u00ebria jon\u00eb \u00ebsht\u00eb terroriste\u201d -","isPartOf":{"@id":"https:\/\/veritasinfo.org\/#website"},"primaryImageOfPage":{"@id":"https:\/\/veritasinfo.org\/?p=2558#primaryimage"},"image":{"@id":"https:\/\/veritasinfo.org\/?p=2558#primaryimage"},"thumbnailUrl":"https:\/\/veritasinfo.org\/wp-content\/uploads\/2025\/07\/demonstrata.jpg","datePublished":"2025-07-04T20:32:07+00:00","author":{"@id":"https:\/\/veritasinfo.org\/#\/schema\/person\/c2b8be262ea994d0995addca692c5e98"},"breadcrumb":{"@id":"https:\/\/veritasinfo.org\/?p=2558#breadcrumb"},"inLanguage":"en-US","potentialAction":[{"@type":"ReadAction","target":["https:\/\/veritasinfo.org\/?p=2558"]}]},{"@type":"ImageObject","inLanguage":"en-US","@id":"https:\/\/veritasinfo.org\/?p=2558#primaryimage","url":"https:\/\/veritasinfo.org\/wp-content\/uploads\/2025\/07\/demonstrata.jpg","contentUrl":"https:\/\/veritasinfo.org\/wp-content\/uploads\/2025\/07\/demonstrata.jpg","width":976,"height":549},{"@type":"BreadcrumbList","@id":"https:\/\/veritasinfo.org\/?p=2558#breadcrumb","itemListElement":[{"@type":"ListItem","position":1,"name":"Home","item":"https:\/\/veritasinfo.org\/"},{"@type":"ListItem","position":2,"name":"Regjimi i Vu\u00e7iqit i kthen arm\u00ebt ndaj qytetar\u00ebve t\u00eb vet \u2013 protestuesit \u201cXhandarm\u00ebria jon\u00eb \u00ebsht\u00eb terroriste\u201d"}]},{"@type":"WebSite","@id":"https:\/\/veritasinfo.org\/#website","url":"https:\/\/veritasinfo.org\/","name":"","description":"","potentialAction":[{"@type":"SearchAction","target":{"@type":"EntryPoint","urlTemplate":"https:\/\/veritasinfo.org\/?s={search_term_string}"},"query-input":{"@type":"PropertyValueSpecification","valueRequired":true,"valueName":"search_term_string"}}],"inLanguage":"en-US"},{"@type":"Person","@id":"https:\/\/veritasinfo.org\/#\/schema\/person\/c2b8be262ea994d0995addca692c5e98","name":"US1","image":{"@type":"ImageObject","inLanguage":"en-US","@id":"https:\/\/veritasinfo.org\/#\/schema\/person\/image\/","url":"https:\/\/secure.gravatar.com\/avatar\/4e96a59bd256abf9956eb9963ac891a47461ffb364d47b0e9aab113328fdb75b?s=96&d=mm&r=g","contentUrl":"https:\/\/secure.gravatar.com\/avatar\/4e96a59bd256abf9956eb9963ac891a47461ffb364d47b0e9aab113328fdb75b?s=96&d=mm&r=g","caption":"US1"},"url":"https:\/\/veritasinfo.org\/?author=2"}]}},"featured_image_urls":{"full":["https:\/\/veritasinfo.org\/wp-content\/uploads\/2025\/07\/demonstrata.jpg",976,549,false],"thumbnail":["https:\/\/veritasinfo.org\/wp-content\/uploads\/2025\/07\/demonstrata-150x150.jpg",150,150,true],"medium":["https:\/\/veritasinfo.org\/wp-content\/uploads\/2025\/07\/demonstrata-300x169.jpg",300,169,true],"medium_large":["https:\/\/veritasinfo.org\/wp-content\/uploads\/2025\/07\/demonstrata-768x432.jpg",640,360,true],"large":["https:\/\/veritasinfo.org\/wp-content\/uploads\/2025\/07\/demonstrata.jpg",640,360,false],"1536x1536":["https:\/\/veritasinfo.org\/wp-content\/uploads\/2025\/07\/demonstrata.jpg",976,549,false],"2048x2048":["https:\/\/veritasinfo.org\/wp-content\/uploads\/2025\/07\/demonstrata.jpg",976,549,false],"kreeti-slider-full":["https:\/\/veritasinfo.org\/wp-content\/uploads\/2025\/07\/demonstrata.jpg",976,549,false],"kreeti-featured":["https:\/\/veritasinfo.org\/wp-content\/uploads\/2025\/07\/demonstrata.jpg",976,549,false],"kreeti-medium":["https:\/\/veritasinfo.org\/wp-content\/uploads\/2025\/07\/demonstrata.jpg",720,405,false],"kreeti-medium-square":["https:\/\/veritasinfo.org\/wp-content\/uploads\/2025\/07\/demonstrata.jpg",350,197,false]},"author_info":{"info":["US1"]},"category_info":"<a href=\"https:\/\/veritasinfo.org\/?cat=58\" rel=\"category\">Politik\u00eb<\/a>","tag_info":"Politik\u00eb","comment_count":"0","_links":{"self":[{"href":"https:\/\/veritasinfo.org\/index.php?rest_route=\/wp\/v2\/posts\/2558","targetHints":{"allow":["GET"]}}],"collection":[{"href":"https:\/\/veritasinfo.org\/index.php?rest_route=\/wp\/v2\/posts"}],"about":[{"href":"https:\/\/veritasinfo.org\/index.php?rest_route=\/wp\/v2\/types\/post"}],"author":[{"embeddable":true,"href":"https:\/\/veritasinfo.org\/index.php?rest_route=\/wp\/v2\/users\/2"}],"replies":[{"embeddable":true,"href":"https:\/\/veritasinfo.org\/index.php?rest_route=%2Fwp%2Fv2%2Fcomments&post=2558"}],"version-history":[{"count":1,"href":"https:\/\/veritasinfo.org\/index.php?rest_route=\/wp\/v2\/posts\/2558\/revisions"}],"predecessor-version":[{"id":2560,"href":"https:\/\/veritasinfo.org\/index.php?rest_route=\/wp\/v2\/posts\/2558\/revisions\/2560"}],"wp:featuredmedia":[{"embeddable":true,"href":"https:\/\/veritasinfo.org\/index.php?rest_route=\/wp\/v2\/media\/2559"}],"wp:attachment":[{"href":"https:\/\/veritasinfo.org\/index.php?rest_route=%2Fwp%2Fv2%2Fmedia&parent=2558"}],"wp:term":[{"taxonomy":"category","embeddable":true,"href":"https:\/\/veritasinfo.org\/index.php?rest_route=%2Fwp%2Fv2%2Fcategories&post=2558"},{"taxonomy":"post_tag","embeddable":true,"href":"https:\/\/veritasinfo.org\/index.php?rest_route=%2Fwp%2Fv2%2Ftags&post=2558"}],"curies":[{"name":"wp","href":"https:\/\/api.w.org\/{rel}","templated":true}]}}