{"id":25550,"date":"2025-12-25T18:18:59","date_gmt":"2025-12-25T17:18:59","guid":{"rendered":"https:\/\/veritasinfo.org\/?p=25550"},"modified":"2025-12-25T18:18:59","modified_gmt":"2025-12-25T17:18:59","slug":"perzierje-flagrante-e-serbise-ne-zgjedhje-vuciq-sinjalizon-modelin-e-pranueshem-per-serbet-ne-kosove","status":"publish","type":"post","link":"https:\/\/veritasinfo.org\/?p=25550","title":{"rendered":"P\u00ebrzierje flagrante e Serbis\u00eb n\u00eb zgjedhje: Vu\u00e7iq sinjalizon \u201cmodelin e pranuesh\u00ebm\u201d p\u00ebr serb\u00ebt n\u00eb Kosov\u00eb"},"content":{"rendered":"<p>Prishtin\u00eb 25 Dhjetor 2025 18:16<\/p>\n<p>Presidenti i Serbis\u00eb, Aleksander Vu\u00e7iq u ka b\u00ebr\u00eb thirrje serb\u00ebve t\u00eb Kosov\u00ebs q\u00eb fitojn\u00eb ul\u00ebset e tyre n\u00eb Kuvend dhe si\u00e7 ka th\u00ebn\u00eb ai n\u00eb t\u00eb ardhmen t\u00eb \u201ct\u00eb p\u00ebrfaq\u00ebsojn\u00eb interesat e popullit ton\u00eb\u201d<\/p>\n<p>Ai ka th\u00ebn\u00eb se pret nj\u00eb fitore t\u00eb madhe t\u00eb List\u00ebs Serbre.<\/p>\n<p>\u201cLe t\u00eb luftojm\u00eb q\u00eb p\u00ebrfaq\u00ebsuesit serb\u00eb t\u2019i fitojn\u00eb vendet (ul\u00ebset) e tyre dhe q\u00eb serb\u00ebt t\u00eb p\u00ebrfaq\u00ebsohen n\u00eb at\u00eb m\u00ebnyr\u00eb q\u00eb n\u00eb t\u00eb ardhmen ata t\u00eb p\u00ebrfaq\u00ebsojn\u00eb interesat e popullit ton\u00eb, dhe jo interesat e Albin Kurtit. Mendoj se mesazhi nga z. Nikoli\u00e7evi\u00e7 nga Sht\u00ebrpca, i cili nuk deshi t\u00eb dal\u00eb n\u00eb zgjedhje kund\u00ebr popullit t\u00eb tij dhe q\u00eb u largua nga lista e Albin Kurtit, ose m\u00eb sakt\u00eb lista e Rashi\u00e7it, \u00ebsht\u00eb gjithashtu mesazh i mir\u00eb. Un\u00eb e mb\u00ebshtes sinqerisht dhe shpresoj p\u00ebr nj\u00eb fitore t\u00eb madhe dhe dometh\u00ebn\u00ebse p\u00ebr List\u00ebn Serbe dhe besoj se ata do t\u00eb marrin numrin m\u00eb t\u00eb madh t\u00eb mandateve serbe dhe dua q\u00eb ata t\u00eb p\u00ebrfaq\u00ebsojn\u00eb me sukses popullin ton\u00eb. Kurse sa i p\u00ebrket gjith\u00e7kaje tjet\u00ebr, do t\u2019ju g\u00ebnjeja n\u00ebse do t\u00eb thoja se n\u00eb shtat\u00eb dit\u00ebt e fundit i kam par\u00eb hulumtimet nga Prishtina, por shpresoj q\u00eb nes\u00ebr do t\u00eb kemi m\u00eb shum\u00eb koh\u00eb p\u00ebr t\u2019u marr\u00eb me k\u00ebt\u00eb\u201d, tha Vu\u00e7iq.\/<\/p>\n","protected":false},"excerpt":{"rendered":"<p>Prishtin\u00eb 25 Dhjetor 2025 18:16 Presidenti i Serbis\u00eb, Aleksander Vu\u00e7iq u ka b\u00ebr\u00eb thirrje serb\u00ebve t\u00eb Kosov\u00ebs q\u00eb fitojn\u00eb ul\u00ebset e tyre n\u00eb Kuvend dhe<\/p>\n","protected":false},"author":6,"featured_media":25551,"comment_status":"open","ping_status":"open","sticky":false,"template":"","format":"standard","meta":{"footnotes":""},"categories":[58],"tags":[],"class_list":["post-25550","post","type-post","status-publish","format-standard","has-post-thumbnail","hentry","category-politike-sq"],"yoast_head":"<!-- This site is optimized with the Yoast SEO plugin v25.3.1 - https:\/\/yoast.com\/wordpress\/plugins\/seo\/ -->\n<title>P\u00ebrzierje flagrante e Serbis\u00eb n\u00eb zgjedhje: Vu\u00e7iq sinjalizon \u201cmodelin e pranuesh\u00ebm\u201d p\u00ebr serb\u00ebt n\u00eb Kosov\u00eb -<\/title>\n<meta name=\"robots\" content=\"index, follow, max-snippet:-1, max-image-preview:large, max-video-preview:-1\" \/>\n<link rel=\"canonical\" href=\"https:\/\/veritasinfo.org\/?p=25550\" \/>\n<meta property=\"og:locale\" content=\"en_US\" \/>\n<meta property=\"og:type\" content=\"article\" \/>\n<meta property=\"og:title\" content=\"P\u00ebrzierje flagrante e Serbis\u00eb n\u00eb zgjedhje: Vu\u00e7iq sinjalizon \u201cmodelin e pranuesh\u00ebm\u201d p\u00ebr serb\u00ebt n\u00eb Kosov\u00eb -\" \/>\n<meta property=\"og:description\" content=\"Prishtin\u00eb 25 Dhjetor 2025 18:16 Presidenti i Serbis\u00eb, Aleksander Vu\u00e7iq u ka b\u00ebr\u00eb thirrje serb\u00ebve t\u00eb Kosov\u00ebs q\u00eb fitojn\u00eb ul\u00ebset e tyre n\u00eb Kuvend dhe\" \/>\n<meta property=\"og:url\" content=\"https:\/\/veritasinfo.org\/?p=25550\" \/>\n<meta property=\"article:published_time\" content=\"2025-12-25T17:18:59+00:00\" \/>\n<meta property=\"og:image\" content=\"https:\/\/veritasinfo.org\/wp-content\/uploads\/2025\/12\/IMG_20251225_181727.png\" \/>\n\t<meta property=\"og:image:width\" content=\"896\" \/>\n\t<meta property=\"og:image:height\" content=\"539\" \/>\n\t<meta property=\"og:image:type\" content=\"image\/png\" \/>\n<meta name=\"author\" content=\"US5\" \/>\n<meta name=\"twitter:card\" content=\"summary_large_image\" \/>\n<meta name=\"twitter:label1\" content=\"Written by\" \/>\n\t<meta name=\"twitter:data1\" content=\"US5\" \/>\n\t<meta name=\"twitter:label2\" content=\"Est. reading time\" \/>\n\t<meta name=\"twitter:data2\" content=\"1 minute\" \/>\n<script type=\"application\/ld+json\" class=\"yoast-schema-graph\">{\"@context\":\"https:\/\/schema.org\",\"@graph\":[{\"@type\":\"WebPage\",\"@id\":\"https:\/\/veritasinfo.org\/?p=25550\",\"url\":\"https:\/\/veritasinfo.org\/?p=25550\",\"name\":\"P\u00ebrzierje flagrante e Serbis\u00eb n\u00eb zgjedhje: Vu\u00e7iq sinjalizon \u201cmodelin e pranuesh\u00ebm\u201d p\u00ebr serb\u00ebt n\u00eb Kosov\u00eb -\",\"isPartOf\":{\"@id\":\"https:\/\/veritasinfo.org\/#website\"},\"primaryImageOfPage\":{\"@id\":\"https:\/\/veritasinfo.org\/?p=25550#primaryimage\"},\"image\":{\"@id\":\"https:\/\/veritasinfo.org\/?p=25550#primaryimage\"},\"thumbnailUrl\":\"https:\/\/veritasinfo.org\/wp-content\/uploads\/2025\/12\/IMG_20251225_181727.png\",\"datePublished\":\"2025-12-25T17:18:59+00:00\",\"author\":{\"@id\":\"https:\/\/veritasinfo.org\/#\/schema\/person\/bc442336e35414d04494ab8fb45db4c6\"},\"breadcrumb\":{\"@id\":\"https:\/\/veritasinfo.org\/?p=25550#breadcrumb\"},\"inLanguage\":\"en-US\",\"potentialAction\":[{\"@type\":\"ReadAction\",\"target\":[\"https:\/\/veritasinfo.org\/?p=25550\"]}]},{\"@type\":\"ImageObject\",\"inLanguage\":\"en-US\",\"@id\":\"https:\/\/veritasinfo.org\/?p=25550#primaryimage\",\"url\":\"https:\/\/veritasinfo.org\/wp-content\/uploads\/2025\/12\/IMG_20251225_181727.png\",\"contentUrl\":\"https:\/\/veritasinfo.org\/wp-content\/uploads\/2025\/12\/IMG_20251225_181727.png\",\"width\":896,\"height\":539},{\"@type\":\"BreadcrumbList\",\"@id\":\"https:\/\/veritasinfo.org\/?p=25550#breadcrumb\",\"itemListElement\":[{\"@type\":\"ListItem\",\"position\":1,\"name\":\"Home\",\"item\":\"https:\/\/veritasinfo.org\/\"},{\"@type\":\"ListItem\",\"position\":2,\"name\":\"P\u00ebrzierje flagrante e Serbis\u00eb n\u00eb zgjedhje: Vu\u00e7iq sinjalizon \u201cmodelin e pranuesh\u00ebm\u201d p\u00ebr serb\u00ebt n\u00eb Kosov\u00eb\"}]},{\"@type\":\"WebSite\",\"@id\":\"https:\/\/veritasinfo.org\/#website\",\"url\":\"https:\/\/veritasinfo.org\/\",\"name\":\"\",\"description\":\"\",\"potentialAction\":[{\"@type\":\"SearchAction\",\"target\":{\"@type\":\"EntryPoint\",\"urlTemplate\":\"https:\/\/veritasinfo.org\/?s={search_term_string}\"},\"query-input\":{\"@type\":\"PropertyValueSpecification\",\"valueRequired\":true,\"valueName\":\"search_term_string\"}}],\"inLanguage\":\"en-US\"},{\"@type\":\"Person\",\"@id\":\"https:\/\/veritasinfo.org\/#\/schema\/person\/bc442336e35414d04494ab8fb45db4c6\",\"name\":\"US5\",\"image\":{\"@type\":\"ImageObject\",\"inLanguage\":\"en-US\",\"@id\":\"https:\/\/veritasinfo.org\/#\/schema\/person\/image\/\",\"url\":\"https:\/\/secure.gravatar.com\/avatar\/16a61e7272a0c5d001121ebb9e60e925d5816e4ac1e443ed3e640d9a6ae55d0c?s=96&d=mm&r=g\",\"contentUrl\":\"https:\/\/secure.gravatar.com\/avatar\/16a61e7272a0c5d001121ebb9e60e925d5816e4ac1e443ed3e640d9a6ae55d0c?s=96&d=mm&r=g\",\"caption\":\"US5\"},\"url\":\"https:\/\/veritasinfo.org\/?author=6\"}]}<\/script>\n<!-- \/ Yoast SEO plugin. -->","yoast_head_json":{"title":"P\u00ebrzierje flagrante e Serbis\u00eb n\u00eb zgjedhje: Vu\u00e7iq sinjalizon \u201cmodelin e pranuesh\u00ebm\u201d p\u00ebr serb\u00ebt n\u00eb Kosov\u00eb -","robots":{"index":"index","follow":"follow","max-snippet":"max-snippet:-1","max-image-preview":"max-image-preview:large","max-video-preview":"max-video-preview:-1"},"canonical":"https:\/\/veritasinfo.org\/?p=25550","og_locale":"en_US","og_type":"article","og_title":"P\u00ebrzierje flagrante e Serbis\u00eb n\u00eb zgjedhje: Vu\u00e7iq sinjalizon \u201cmodelin e pranuesh\u00ebm\u201d p\u00ebr serb\u00ebt n\u00eb Kosov\u00eb -","og_description":"Prishtin\u00eb 25 Dhjetor 2025 18:16 Presidenti i Serbis\u00eb, Aleksander Vu\u00e7iq u ka b\u00ebr\u00eb thirrje serb\u00ebve t\u00eb Kosov\u00ebs q\u00eb fitojn\u00eb ul\u00ebset e tyre n\u00eb Kuvend dhe","og_url":"https:\/\/veritasinfo.org\/?p=25550","article_published_time":"2025-12-25T17:18:59+00:00","og_image":[{"width":896,"height":539,"url":"https:\/\/veritasinfo.org\/wp-content\/uploads\/2025\/12\/IMG_20251225_181727.png","type":"image\/png"}],"author":"US5","twitter_card":"summary_large_image","twitter_misc":{"Written by":"US5","Est. reading time":"1 minute"},"schema":{"@context":"https:\/\/schema.org","@graph":[{"@type":"WebPage","@id":"https:\/\/veritasinfo.org\/?p=25550","url":"https:\/\/veritasinfo.org\/?p=25550","name":"P\u00ebrzierje flagrante e Serbis\u00eb n\u00eb zgjedhje: Vu\u00e7iq sinjalizon \u201cmodelin e pranuesh\u00ebm\u201d p\u00ebr serb\u00ebt n\u00eb Kosov\u00eb -","isPartOf":{"@id":"https:\/\/veritasinfo.org\/#website"},"primaryImageOfPage":{"@id":"https:\/\/veritasinfo.org\/?p=25550#primaryimage"},"image":{"@id":"https:\/\/veritasinfo.org\/?p=25550#primaryimage"},"thumbnailUrl":"https:\/\/veritasinfo.org\/wp-content\/uploads\/2025\/12\/IMG_20251225_181727.png","datePublished":"2025-12-25T17:18:59+00:00","author":{"@id":"https:\/\/veritasinfo.org\/#\/schema\/person\/bc442336e35414d04494ab8fb45db4c6"},"breadcrumb":{"@id":"https:\/\/veritasinfo.org\/?p=25550#breadcrumb"},"inLanguage":"en-US","potentialAction":[{"@type":"ReadAction","target":["https:\/\/veritasinfo.org\/?p=25550"]}]},{"@type":"ImageObject","inLanguage":"en-US","@id":"https:\/\/veritasinfo.org\/?p=25550#primaryimage","url":"https:\/\/veritasinfo.org\/wp-content\/uploads\/2025\/12\/IMG_20251225_181727.png","contentUrl":"https:\/\/veritasinfo.org\/wp-content\/uploads\/2025\/12\/IMG_20251225_181727.png","width":896,"height":539},{"@type":"BreadcrumbList","@id":"https:\/\/veritasinfo.org\/?p=25550#breadcrumb","itemListElement":[{"@type":"ListItem","position":1,"name":"Home","item":"https:\/\/veritasinfo.org\/"},{"@type":"ListItem","position":2,"name":"P\u00ebrzierje flagrante e Serbis\u00eb n\u00eb zgjedhje: Vu\u00e7iq sinjalizon \u201cmodelin e pranuesh\u00ebm\u201d p\u00ebr serb\u00ebt n\u00eb Kosov\u00eb"}]},{"@type":"WebSite","@id":"https:\/\/veritasinfo.org\/#website","url":"https:\/\/veritasinfo.org\/","name":"","description":"","potentialAction":[{"@type":"SearchAction","target":{"@type":"EntryPoint","urlTemplate":"https:\/\/veritasinfo.org\/?s={search_term_string}"},"query-input":{"@type":"PropertyValueSpecification","valueRequired":true,"valueName":"search_term_string"}}],"inLanguage":"en-US"},{"@type":"Person","@id":"https:\/\/veritasinfo.org\/#\/schema\/person\/bc442336e35414d04494ab8fb45db4c6","name":"US5","image":{"@type":"ImageObject","inLanguage":"en-US","@id":"https:\/\/veritasinfo.org\/#\/schema\/person\/image\/","url":"https:\/\/secure.gravatar.com\/avatar\/16a61e7272a0c5d001121ebb9e60e925d5816e4ac1e443ed3e640d9a6ae55d0c?s=96&d=mm&r=g","contentUrl":"https:\/\/secure.gravatar.com\/avatar\/16a61e7272a0c5d001121ebb9e60e925d5816e4ac1e443ed3e640d9a6ae55d0c?s=96&d=mm&r=g","caption":"US5"},"url":"https:\/\/veritasinfo.org\/?author=6"}]}},"featured_image_urls":{"full":["https:\/\/veritasinfo.org\/wp-content\/uploads\/2025\/12\/IMG_20251225_181727.png",896,539,false],"thumbnail":["https:\/\/veritasinfo.org\/wp-content\/uploads\/2025\/12\/IMG_20251225_181727-150x150.png",150,150,true],"medium":["https:\/\/veritasinfo.org\/wp-content\/uploads\/2025\/12\/IMG_20251225_181727-300x180.png",300,180,true],"medium_large":["https:\/\/veritasinfo.org\/wp-content\/uploads\/2025\/12\/IMG_20251225_181727-768x462.png",640,385,true],"large":["https:\/\/veritasinfo.org\/wp-content\/uploads\/2025\/12\/IMG_20251225_181727.png",640,385,false],"1536x1536":["https:\/\/veritasinfo.org\/wp-content\/uploads\/2025\/12\/IMG_20251225_181727.png",896,539,false],"2048x2048":["https:\/\/veritasinfo.org\/wp-content\/uploads\/2025\/12\/IMG_20251225_181727.png",896,539,false],"kreeti-slider-full":["https:\/\/veritasinfo.org\/wp-content\/uploads\/2025\/12\/IMG_20251225_181727.png",896,539,false],"kreeti-featured":["https:\/\/veritasinfo.org\/wp-content\/uploads\/2025\/12\/IMG_20251225_181727.png",896,539,false],"kreeti-medium":["https:\/\/veritasinfo.org\/wp-content\/uploads\/2025\/12\/IMG_20251225_181727.png",720,433,false],"kreeti-medium-square":["https:\/\/veritasinfo.org\/wp-content\/uploads\/2025\/12\/IMG_20251225_181727.png",350,211,false]},"author_info":{"info":["US5"]},"category_info":"<a href=\"https:\/\/veritasinfo.org\/?cat=58\" rel=\"category\">Politik\u00eb<\/a>","tag_info":"Politik\u00eb","comment_count":"0","_links":{"self":[{"href":"https:\/\/veritasinfo.org\/index.php?rest_route=\/wp\/v2\/posts\/25550","targetHints":{"allow":["GET"]}}],"collection":[{"href":"https:\/\/veritasinfo.org\/index.php?rest_route=\/wp\/v2\/posts"}],"about":[{"href":"https:\/\/veritasinfo.org\/index.php?rest_route=\/wp\/v2\/types\/post"}],"author":[{"embeddable":true,"href":"https:\/\/veritasinfo.org\/index.php?rest_route=\/wp\/v2\/users\/6"}],"replies":[{"embeddable":true,"href":"https:\/\/veritasinfo.org\/index.php?rest_route=%2Fwp%2Fv2%2Fcomments&post=25550"}],"version-history":[{"count":1,"href":"https:\/\/veritasinfo.org\/index.php?rest_route=\/wp\/v2\/posts\/25550\/revisions"}],"predecessor-version":[{"id":25552,"href":"https:\/\/veritasinfo.org\/index.php?rest_route=\/wp\/v2\/posts\/25550\/revisions\/25552"}],"wp:featuredmedia":[{"embeddable":true,"href":"https:\/\/veritasinfo.org\/index.php?rest_route=\/wp\/v2\/media\/25551"}],"wp:attachment":[{"href":"https:\/\/veritasinfo.org\/index.php?rest_route=%2Fwp%2Fv2%2Fmedia&parent=25550"}],"wp:term":[{"taxonomy":"category","embeddable":true,"href":"https:\/\/veritasinfo.org\/index.php?rest_route=%2Fwp%2Fv2%2Fcategories&post=25550"},{"taxonomy":"post_tag","embeddable":true,"href":"https:\/\/veritasinfo.org\/index.php?rest_route=%2Fwp%2Fv2%2Ftags&post=25550"}],"curies":[{"name":"wp","href":"https:\/\/api.w.org\/{rel}","templated":true}]}}