{"id":2553,"date":"2025-07-04T19:19:39","date_gmt":"2025-07-04T17:19:39","guid":{"rendered":"https:\/\/veritasinfo.org\/?p=2553"},"modified":"2025-07-04T19:19:39","modified_gmt":"2025-07-04T17:19:39","slug":"protestuesit-ne-serbi-nuk-dorezohen-bllokada-ne-disa-qytete-arrestime-te-vazhdueshme-te-qytetareve-dhe-studenteve","status":"publish","type":"post","link":"https:\/\/veritasinfo.org\/?p=2553","title":{"rendered":"Protestuesit n\u00eb Serbi nuk dor\u00ebzohen &#8211; Bllokada n\u00eb disa qytete, arrestime t\u00eb vazhdueshme t\u00eb qytetar\u00ebve dhe student\u00ebve"},"content":{"rendered":"<p><strong>Beograd, 4 korrik 2025<\/strong><\/p>\n<p>Bllokadat, t\u00eb thirrura nga student\u00ebt, filluan her\u00ebt n\u00eb m\u00ebngjes n\u00eb t\u00eb gjith\u00eb Serbin\u00eb. Policia arrestoi protestues n\u00eb Kragujevc, Novi Sad dhe Beograd, midis tyre student\u00eb, profesor\u00eb, minoren\u00eb dhe qytetar\u00eb.<\/p>\n<p>Bllokada t\u00eb reja u njoftuan p\u00ebr pasdite. Student\u00ebt b\u00ebn\u00eb thirrje p\u00ebr k\u00ebt\u00eb veprim sepse gjat\u00eb bllokadave t\u00eb m\u00ebparshme, policia arrestoi student\u00eb dhe qytetar\u00eb dhe po i thyen me dhun\u00eb bllokadat.<\/p>\n<p>Tensione kishte n\u00eb t\u00eb gjith\u00eb Serbin\u00eb t\u00eb enjten. Bllokada u organizuan n\u00eb \u00c7a\u00e7ak, Kralev\u00eb, Gornji Milanovac, Nish, Novi Sad, Valev\u00eb, Pancev\u00eb, Subotic\u00eb, Novi Pazar, Uzhice&#8230; Qytetar\u00ebt e Pancev\u00ebs bllokuan Zon\u00ebn Jugore, ku ndodhen fabrikat e Rafineris\u00eb NIS, Azotara dhe Petrohemija.<\/p>\n","protected":false},"excerpt":{"rendered":"<p>Beograd, 4 korrik 2025 Bllokadat, t\u00eb thirrura nga student\u00ebt, filluan her\u00ebt n\u00eb m\u00ebngjes n\u00eb t\u00eb gjith\u00eb Serbin\u00eb. Policia arrestoi protestues n\u00eb Kragujevc, Novi Sad dhe<\/p>\n","protected":false},"author":2,"featured_media":2554,"comment_status":"open","ping_status":"open","sticky":false,"template":"","format":"standard","meta":{"footnotes":""},"categories":[58],"tags":[],"class_list":["post-2553","post","type-post","status-publish","format-standard","has-post-thumbnail","hentry","category-politike-sq"],"yoast_head":"<!-- This site is optimized with the Yoast SEO plugin v25.3.1 - https:\/\/yoast.com\/wordpress\/plugins\/seo\/ -->\n<title>Protestuesit n\u00eb Serbi nuk dor\u00ebzohen - Bllokada n\u00eb disa qytete, arrestime t\u00eb vazhdueshme t\u00eb qytetar\u00ebve dhe student\u00ebve -<\/title>\n<meta name=\"robots\" content=\"index, follow, max-snippet:-1, max-image-preview:large, max-video-preview:-1\" \/>\n<link rel=\"canonical\" href=\"https:\/\/veritasinfo.org\/?p=2553\" \/>\n<meta property=\"og:locale\" content=\"en_US\" \/>\n<meta property=\"og:type\" content=\"article\" \/>\n<meta property=\"og:title\" content=\"Protestuesit n\u00eb Serbi nuk dor\u00ebzohen - Bllokada n\u00eb disa qytete, arrestime t\u00eb vazhdueshme t\u00eb qytetar\u00ebve dhe student\u00ebve -\" \/>\n<meta property=\"og:description\" content=\"Beograd, 4 korrik 2025 Bllokadat, t\u00eb thirrura nga student\u00ebt, filluan her\u00ebt n\u00eb m\u00ebngjes n\u00eb t\u00eb gjith\u00eb Serbin\u00eb. Policia arrestoi protestues n\u00eb Kragujevc, Novi Sad dhe\" \/>\n<meta property=\"og:url\" content=\"https:\/\/veritasinfo.org\/?p=2553\" \/>\n<meta property=\"article:published_time\" content=\"2025-07-04T17:19:39+00:00\" \/>\n<meta property=\"og:image\" content=\"https:\/\/veritasinfo.org\/wp-content\/uploads\/2025\/07\/blokada.webp\" \/>\n\t<meta property=\"og:image:width\" content=\"1200\" \/>\n\t<meta property=\"og:image:height\" content=\"675\" \/>\n\t<meta property=\"og:image:type\" content=\"image\/webp\" \/>\n<meta name=\"author\" content=\"US1\" \/>\n<meta name=\"twitter:card\" content=\"summary_large_image\" \/>\n<meta name=\"twitter:label1\" content=\"Written by\" \/>\n\t<meta name=\"twitter:data1\" content=\"US1\" \/>\n\t<meta name=\"twitter:label2\" content=\"Est. reading time\" \/>\n\t<meta name=\"twitter:data2\" content=\"1 minute\" \/>\n<script type=\"application\/ld+json\" class=\"yoast-schema-graph\">{\"@context\":\"https:\/\/schema.org\",\"@graph\":[{\"@type\":\"WebPage\",\"@id\":\"https:\/\/veritasinfo.org\/?p=2553\",\"url\":\"https:\/\/veritasinfo.org\/?p=2553\",\"name\":\"Protestuesit n\u00eb Serbi nuk dor\u00ebzohen - Bllokada n\u00eb disa qytete, arrestime t\u00eb vazhdueshme t\u00eb qytetar\u00ebve dhe student\u00ebve -\",\"isPartOf\":{\"@id\":\"https:\/\/veritasinfo.org\/#website\"},\"primaryImageOfPage\":{\"@id\":\"https:\/\/veritasinfo.org\/?p=2553#primaryimage\"},\"image\":{\"@id\":\"https:\/\/veritasinfo.org\/?p=2553#primaryimage\"},\"thumbnailUrl\":\"https:\/\/veritasinfo.org\/wp-content\/uploads\/2025\/07\/blokada.webp\",\"datePublished\":\"2025-07-04T17:19:39+00:00\",\"author\":{\"@id\":\"https:\/\/veritasinfo.org\/#\/schema\/person\/c2b8be262ea994d0995addca692c5e98\"},\"breadcrumb\":{\"@id\":\"https:\/\/veritasinfo.org\/?p=2553#breadcrumb\"},\"inLanguage\":\"en-US\",\"potentialAction\":[{\"@type\":\"ReadAction\",\"target\":[\"https:\/\/veritasinfo.org\/?p=2553\"]}]},{\"@type\":\"ImageObject\",\"inLanguage\":\"en-US\",\"@id\":\"https:\/\/veritasinfo.org\/?p=2553#primaryimage\",\"url\":\"https:\/\/veritasinfo.org\/wp-content\/uploads\/2025\/07\/blokada.webp\",\"contentUrl\":\"https:\/\/veritasinfo.org\/wp-content\/uploads\/2025\/07\/blokada.webp\",\"width\":1200,\"height\":675},{\"@type\":\"BreadcrumbList\",\"@id\":\"https:\/\/veritasinfo.org\/?p=2553#breadcrumb\",\"itemListElement\":[{\"@type\":\"ListItem\",\"position\":1,\"name\":\"Home\",\"item\":\"https:\/\/veritasinfo.org\/\"},{\"@type\":\"ListItem\",\"position\":2,\"name\":\"Protestuesit n\u00eb Serbi nuk dor\u00ebzohen &#8211; Bllokada n\u00eb disa qytete, arrestime t\u00eb vazhdueshme t\u00eb qytetar\u00ebve dhe student\u00ebve\"}]},{\"@type\":\"WebSite\",\"@id\":\"https:\/\/veritasinfo.org\/#website\",\"url\":\"https:\/\/veritasinfo.org\/\",\"name\":\"\",\"description\":\"\",\"potentialAction\":[{\"@type\":\"SearchAction\",\"target\":{\"@type\":\"EntryPoint\",\"urlTemplate\":\"https:\/\/veritasinfo.org\/?s={search_term_string}\"},\"query-input\":{\"@type\":\"PropertyValueSpecification\",\"valueRequired\":true,\"valueName\":\"search_term_string\"}}],\"inLanguage\":\"en-US\"},{\"@type\":\"Person\",\"@id\":\"https:\/\/veritasinfo.org\/#\/schema\/person\/c2b8be262ea994d0995addca692c5e98\",\"name\":\"US1\",\"image\":{\"@type\":\"ImageObject\",\"inLanguage\":\"en-US\",\"@id\":\"https:\/\/veritasinfo.org\/#\/schema\/person\/image\/\",\"url\":\"https:\/\/secure.gravatar.com\/avatar\/4e96a59bd256abf9956eb9963ac891a47461ffb364d47b0e9aab113328fdb75b?s=96&d=mm&r=g\",\"contentUrl\":\"https:\/\/secure.gravatar.com\/avatar\/4e96a59bd256abf9956eb9963ac891a47461ffb364d47b0e9aab113328fdb75b?s=96&d=mm&r=g\",\"caption\":\"US1\"},\"url\":\"https:\/\/veritasinfo.org\/?author=2\"}]}<\/script>\n<!-- \/ Yoast SEO plugin. -->","yoast_head_json":{"title":"Protestuesit n\u00eb Serbi nuk dor\u00ebzohen - Bllokada n\u00eb disa qytete, arrestime t\u00eb vazhdueshme t\u00eb qytetar\u00ebve dhe student\u00ebve -","robots":{"index":"index","follow":"follow","max-snippet":"max-snippet:-1","max-image-preview":"max-image-preview:large","max-video-preview":"max-video-preview:-1"},"canonical":"https:\/\/veritasinfo.org\/?p=2553","og_locale":"en_US","og_type":"article","og_title":"Protestuesit n\u00eb Serbi nuk dor\u00ebzohen - Bllokada n\u00eb disa qytete, arrestime t\u00eb vazhdueshme t\u00eb qytetar\u00ebve dhe student\u00ebve -","og_description":"Beograd, 4 korrik 2025 Bllokadat, t\u00eb thirrura nga student\u00ebt, filluan her\u00ebt n\u00eb m\u00ebngjes n\u00eb t\u00eb gjith\u00eb Serbin\u00eb. Policia arrestoi protestues n\u00eb Kragujevc, Novi Sad dhe","og_url":"https:\/\/veritasinfo.org\/?p=2553","article_published_time":"2025-07-04T17:19:39+00:00","og_image":[{"width":1200,"height":675,"url":"https:\/\/veritasinfo.org\/wp-content\/uploads\/2025\/07\/blokada.webp","type":"image\/webp"}],"author":"US1","twitter_card":"summary_large_image","twitter_misc":{"Written by":"US1","Est. reading time":"1 minute"},"schema":{"@context":"https:\/\/schema.org","@graph":[{"@type":"WebPage","@id":"https:\/\/veritasinfo.org\/?p=2553","url":"https:\/\/veritasinfo.org\/?p=2553","name":"Protestuesit n\u00eb Serbi nuk dor\u00ebzohen - Bllokada n\u00eb disa qytete, arrestime t\u00eb vazhdueshme t\u00eb qytetar\u00ebve dhe student\u00ebve -","isPartOf":{"@id":"https:\/\/veritasinfo.org\/#website"},"primaryImageOfPage":{"@id":"https:\/\/veritasinfo.org\/?p=2553#primaryimage"},"image":{"@id":"https:\/\/veritasinfo.org\/?p=2553#primaryimage"},"thumbnailUrl":"https:\/\/veritasinfo.org\/wp-content\/uploads\/2025\/07\/blokada.webp","datePublished":"2025-07-04T17:19:39+00:00","author":{"@id":"https:\/\/veritasinfo.org\/#\/schema\/person\/c2b8be262ea994d0995addca692c5e98"},"breadcrumb":{"@id":"https:\/\/veritasinfo.org\/?p=2553#breadcrumb"},"inLanguage":"en-US","potentialAction":[{"@type":"ReadAction","target":["https:\/\/veritasinfo.org\/?p=2553"]}]},{"@type":"ImageObject","inLanguage":"en-US","@id":"https:\/\/veritasinfo.org\/?p=2553#primaryimage","url":"https:\/\/veritasinfo.org\/wp-content\/uploads\/2025\/07\/blokada.webp","contentUrl":"https:\/\/veritasinfo.org\/wp-content\/uploads\/2025\/07\/blokada.webp","width":1200,"height":675},{"@type":"BreadcrumbList","@id":"https:\/\/veritasinfo.org\/?p=2553#breadcrumb","itemListElement":[{"@type":"ListItem","position":1,"name":"Home","item":"https:\/\/veritasinfo.org\/"},{"@type":"ListItem","position":2,"name":"Protestuesit n\u00eb Serbi nuk dor\u00ebzohen &#8211; Bllokada n\u00eb disa qytete, arrestime t\u00eb vazhdueshme t\u00eb qytetar\u00ebve dhe student\u00ebve"}]},{"@type":"WebSite","@id":"https:\/\/veritasinfo.org\/#website","url":"https:\/\/veritasinfo.org\/","name":"","description":"","potentialAction":[{"@type":"SearchAction","target":{"@type":"EntryPoint","urlTemplate":"https:\/\/veritasinfo.org\/?s={search_term_string}"},"query-input":{"@type":"PropertyValueSpecification","valueRequired":true,"valueName":"search_term_string"}}],"inLanguage":"en-US"},{"@type":"Person","@id":"https:\/\/veritasinfo.org\/#\/schema\/person\/c2b8be262ea994d0995addca692c5e98","name":"US1","image":{"@type":"ImageObject","inLanguage":"en-US","@id":"https:\/\/veritasinfo.org\/#\/schema\/person\/image\/","url":"https:\/\/secure.gravatar.com\/avatar\/4e96a59bd256abf9956eb9963ac891a47461ffb364d47b0e9aab113328fdb75b?s=96&d=mm&r=g","contentUrl":"https:\/\/secure.gravatar.com\/avatar\/4e96a59bd256abf9956eb9963ac891a47461ffb364d47b0e9aab113328fdb75b?s=96&d=mm&r=g","caption":"US1"},"url":"https:\/\/veritasinfo.org\/?author=2"}]}},"featured_image_urls":{"full":["https:\/\/veritasinfo.org\/wp-content\/uploads\/2025\/07\/blokada.webp",1200,675,false],"thumbnail":["https:\/\/veritasinfo.org\/wp-content\/uploads\/2025\/07\/blokada-150x150.webp",150,150,true],"medium":["https:\/\/veritasinfo.org\/wp-content\/uploads\/2025\/07\/blokada-300x169.webp",300,169,true],"medium_large":["https:\/\/veritasinfo.org\/wp-content\/uploads\/2025\/07\/blokada-768x432.webp",640,360,true],"large":["https:\/\/veritasinfo.org\/wp-content\/uploads\/2025\/07\/blokada-1024x576.webp",640,360,true],"1536x1536":["https:\/\/veritasinfo.org\/wp-content\/uploads\/2025\/07\/blokada.webp",1200,675,false],"2048x2048":["https:\/\/veritasinfo.org\/wp-content\/uploads\/2025\/07\/blokada.webp",1200,675,false],"kreeti-slider-full":["https:\/\/veritasinfo.org\/wp-content\/uploads\/2025\/07\/blokada.webp",1200,675,false],"kreeti-featured":["https:\/\/veritasinfo.org\/wp-content\/uploads\/2025\/07\/blokada.webp",1024,576,false],"kreeti-medium":["https:\/\/veritasinfo.org\/wp-content\/uploads\/2025\/07\/blokada.webp",720,405,false],"kreeti-medium-square":["https:\/\/veritasinfo.org\/wp-content\/uploads\/2025\/07\/blokada.webp",350,197,false]},"author_info":{"info":["US1"]},"category_info":"<a href=\"https:\/\/veritasinfo.org\/?cat=58\" rel=\"category\">Politik\u00eb<\/a>","tag_info":"Politik\u00eb","comment_count":"0","_links":{"self":[{"href":"https:\/\/veritasinfo.org\/index.php?rest_route=\/wp\/v2\/posts\/2553","targetHints":{"allow":["GET"]}}],"collection":[{"href":"https:\/\/veritasinfo.org\/index.php?rest_route=\/wp\/v2\/posts"}],"about":[{"href":"https:\/\/veritasinfo.org\/index.php?rest_route=\/wp\/v2\/types\/post"}],"author":[{"embeddable":true,"href":"https:\/\/veritasinfo.org\/index.php?rest_route=\/wp\/v2\/users\/2"}],"replies":[{"embeddable":true,"href":"https:\/\/veritasinfo.org\/index.php?rest_route=%2Fwp%2Fv2%2Fcomments&post=2553"}],"version-history":[{"count":1,"href":"https:\/\/veritasinfo.org\/index.php?rest_route=\/wp\/v2\/posts\/2553\/revisions"}],"predecessor-version":[{"id":2555,"href":"https:\/\/veritasinfo.org\/index.php?rest_route=\/wp\/v2\/posts\/2553\/revisions\/2555"}],"wp:featuredmedia":[{"embeddable":true,"href":"https:\/\/veritasinfo.org\/index.php?rest_route=\/wp\/v2\/media\/2554"}],"wp:attachment":[{"href":"https:\/\/veritasinfo.org\/index.php?rest_route=%2Fwp%2Fv2%2Fmedia&parent=2553"}],"wp:term":[{"taxonomy":"category","embeddable":true,"href":"https:\/\/veritasinfo.org\/index.php?rest_route=%2Fwp%2Fv2%2Fcategories&post=2553"},{"taxonomy":"post_tag","embeddable":true,"href":"https:\/\/veritasinfo.org\/index.php?rest_route=%2Fwp%2Fv2%2Ftags&post=2553"}],"curies":[{"name":"wp","href":"https:\/\/api.w.org\/{rel}","templated":true}]}}