{"id":2543,"date":"2025-07-04T18:59:26","date_gmt":"2025-07-04T16:59:26","guid":{"rendered":"https:\/\/veritasinfo.org\/?p=2543"},"modified":"2025-07-04T18:59:26","modified_gmt":"2025-07-04T16:59:26","slug":"filloi-betonimi-i-dy-urave-te-reja-ne-veri-te-mitrovices","status":"publish","type":"post","link":"https:\/\/veritasinfo.org\/?p=2543","title":{"rendered":"Filloi betonimi i dy urave t\u00eb reja n\u00eb veri t\u00eb Mitrovic\u00ebs"},"content":{"rendered":"<p><strong>Mitrovic\u00eb Veriore 4, korrik 2025<\/strong><\/p>\n<p>Hysen Durmishi, z\u00ebvend\u00ebsministri n\u00eb detyr\u00eb i Mjedisit, Planifikimit Hap\u00ebsinor dhe Infrastruktur\u00ebs, ka njoftuar se ka nisur faza e betonimit p\u00ebr dy ura t\u00eb reja mbi lumin Ib\u00ebr n\u00eb veri t\u00eb Mitrovic\u00ebs.<\/p>\n<p>\u201cFilluam me betonimin e pilotave. N\u00eb vjesht\u00eb edhe dy ura mbi Ib\u00ebr\u201d, ka shkruar Durmishi n\u00eb &#8220;Facebook&#8221; duke b\u00ebr\u00eb me dije p\u00ebr p\u00ebrparimin e projektit q\u00eb synon p\u00ebrmir\u00ebsimin e infrastruktur\u00ebs nd\u00ebrlidh\u00ebse n\u00eb qytetin e ndar\u00eb t\u00eb Mitrovic\u00ebs.<\/p>\n<p>Nd\u00ebrtimi i k\u00ebtyre urave vjen si rezultat i nj\u00eb Memorandumi Bashk\u00ebpunimi t\u00eb n\u00ebnshkruar nd\u00ebrmjet Ministris\u00eb s\u00eb Mjedisit, Planifikimit Hap\u00ebsinor dhe Infrastruktur\u00ebs dhe komunave t\u00eb Mitrovic\u00ebs s\u00eb Jugut dhe Veriut.<\/p>\n","protected":false},"excerpt":{"rendered":"<p>Mitrovic\u00eb Veriore 4, korrik 2025 Hysen Durmishi, z\u00ebvend\u00ebsministri n\u00eb detyr\u00eb i Mjedisit, Planifikimit Hap\u00ebsinor dhe Infrastruktur\u00ebs, ka njoftuar se ka nisur faza e betonimit p\u00ebr<\/p>\n","protected":false},"author":2,"featured_media":2544,"comment_status":"open","ping_status":"open","sticky":false,"template":"","format":"standard","meta":{"footnotes":""},"categories":[52],"tags":[],"class_list":["post-2543","post","type-post","status-publish","format-standard","has-post-thumbnail","hentry","category-komunat-sq"],"yoast_head":"<!-- This site is optimized with the Yoast SEO plugin v25.3.1 - https:\/\/yoast.com\/wordpress\/plugins\/seo\/ -->\n<title>Filloi betonimi i dy urave t\u00eb reja n\u00eb veri t\u00eb Mitrovic\u00ebs -<\/title>\n<meta name=\"robots\" content=\"index, follow, max-snippet:-1, max-image-preview:large, max-video-preview:-1\" \/>\n<link rel=\"canonical\" href=\"https:\/\/veritasinfo.org\/?p=2543\" \/>\n<meta property=\"og:locale\" content=\"en_US\" \/>\n<meta property=\"og:type\" content=\"article\" \/>\n<meta property=\"og:title\" content=\"Filloi betonimi i dy urave t\u00eb reja n\u00eb veri t\u00eb Mitrovic\u00ebs -\" \/>\n<meta property=\"og:description\" content=\"Mitrovic\u00eb Veriore 4, korrik 2025 Hysen Durmishi, z\u00ebvend\u00ebsministri n\u00eb detyr\u00eb i Mjedisit, Planifikimit Hap\u00ebsinor dhe Infrastruktur\u00ebs, ka njoftuar se ka nisur faza e betonimit p\u00ebr\" \/>\n<meta property=\"og:url\" content=\"https:\/\/veritasinfo.org\/?p=2543\" \/>\n<meta property=\"article:published_time\" content=\"2025-07-04T16:59:26+00:00\" \/>\n<meta property=\"og:image\" content=\"https:\/\/veritasinfo.org\/wp-content\/uploads\/2025\/07\/ura-780x439-1.png\" \/>\n\t<meta property=\"og:image:width\" content=\"780\" \/>\n\t<meta property=\"og:image:height\" content=\"439\" \/>\n\t<meta property=\"og:image:type\" content=\"image\/png\" \/>\n<meta name=\"author\" content=\"US1\" \/>\n<meta name=\"twitter:card\" content=\"summary_large_image\" \/>\n<meta name=\"twitter:label1\" content=\"Written by\" \/>\n\t<meta name=\"twitter:data1\" content=\"US1\" \/>\n\t<meta name=\"twitter:label2\" content=\"Est. reading time\" \/>\n\t<meta name=\"twitter:data2\" content=\"1 minute\" \/>\n<script type=\"application\/ld+json\" class=\"yoast-schema-graph\">{\"@context\":\"https:\/\/schema.org\",\"@graph\":[{\"@type\":\"WebPage\",\"@id\":\"https:\/\/veritasinfo.org\/?p=2543\",\"url\":\"https:\/\/veritasinfo.org\/?p=2543\",\"name\":\"Filloi betonimi i dy urave t\u00eb reja n\u00eb veri t\u00eb Mitrovic\u00ebs -\",\"isPartOf\":{\"@id\":\"https:\/\/veritasinfo.org\/#website\"},\"primaryImageOfPage\":{\"@id\":\"https:\/\/veritasinfo.org\/?p=2543#primaryimage\"},\"image\":{\"@id\":\"https:\/\/veritasinfo.org\/?p=2543#primaryimage\"},\"thumbnailUrl\":\"https:\/\/veritasinfo.org\/wp-content\/uploads\/2025\/07\/ura-780x439-1.png\",\"datePublished\":\"2025-07-04T16:59:26+00:00\",\"author\":{\"@id\":\"https:\/\/veritasinfo.org\/#\/schema\/person\/c2b8be262ea994d0995addca692c5e98\"},\"breadcrumb\":{\"@id\":\"https:\/\/veritasinfo.org\/?p=2543#breadcrumb\"},\"inLanguage\":\"en-US\",\"potentialAction\":[{\"@type\":\"ReadAction\",\"target\":[\"https:\/\/veritasinfo.org\/?p=2543\"]}]},{\"@type\":\"ImageObject\",\"inLanguage\":\"en-US\",\"@id\":\"https:\/\/veritasinfo.org\/?p=2543#primaryimage\",\"url\":\"https:\/\/veritasinfo.org\/wp-content\/uploads\/2025\/07\/ura-780x439-1.png\",\"contentUrl\":\"https:\/\/veritasinfo.org\/wp-content\/uploads\/2025\/07\/ura-780x439-1.png\",\"width\":780,\"height\":439},{\"@type\":\"BreadcrumbList\",\"@id\":\"https:\/\/veritasinfo.org\/?p=2543#breadcrumb\",\"itemListElement\":[{\"@type\":\"ListItem\",\"position\":1,\"name\":\"Home\",\"item\":\"https:\/\/veritasinfo.org\/\"},{\"@type\":\"ListItem\",\"position\":2,\"name\":\"Filloi betonimi i dy urave t\u00eb reja n\u00eb veri t\u00eb Mitrovic\u00ebs\"}]},{\"@type\":\"WebSite\",\"@id\":\"https:\/\/veritasinfo.org\/#website\",\"url\":\"https:\/\/veritasinfo.org\/\",\"name\":\"\",\"description\":\"\",\"potentialAction\":[{\"@type\":\"SearchAction\",\"target\":{\"@type\":\"EntryPoint\",\"urlTemplate\":\"https:\/\/veritasinfo.org\/?s={search_term_string}\"},\"query-input\":{\"@type\":\"PropertyValueSpecification\",\"valueRequired\":true,\"valueName\":\"search_term_string\"}}],\"inLanguage\":\"en-US\"},{\"@type\":\"Person\",\"@id\":\"https:\/\/veritasinfo.org\/#\/schema\/person\/c2b8be262ea994d0995addca692c5e98\",\"name\":\"US1\",\"image\":{\"@type\":\"ImageObject\",\"inLanguage\":\"en-US\",\"@id\":\"https:\/\/veritasinfo.org\/#\/schema\/person\/image\/\",\"url\":\"https:\/\/secure.gravatar.com\/avatar\/4e96a59bd256abf9956eb9963ac891a47461ffb364d47b0e9aab113328fdb75b?s=96&d=mm&r=g\",\"contentUrl\":\"https:\/\/secure.gravatar.com\/avatar\/4e96a59bd256abf9956eb9963ac891a47461ffb364d47b0e9aab113328fdb75b?s=96&d=mm&r=g\",\"caption\":\"US1\"},\"url\":\"https:\/\/veritasinfo.org\/?author=2\"}]}<\/script>\n<!-- \/ Yoast SEO plugin. -->","yoast_head_json":{"title":"Filloi betonimi i dy urave t\u00eb reja n\u00eb veri t\u00eb Mitrovic\u00ebs -","robots":{"index":"index","follow":"follow","max-snippet":"max-snippet:-1","max-image-preview":"max-image-preview:large","max-video-preview":"max-video-preview:-1"},"canonical":"https:\/\/veritasinfo.org\/?p=2543","og_locale":"en_US","og_type":"article","og_title":"Filloi betonimi i dy urave t\u00eb reja n\u00eb veri t\u00eb Mitrovic\u00ebs -","og_description":"Mitrovic\u00eb Veriore 4, korrik 2025 Hysen Durmishi, z\u00ebvend\u00ebsministri n\u00eb detyr\u00eb i Mjedisit, Planifikimit Hap\u00ebsinor dhe Infrastruktur\u00ebs, ka njoftuar se ka nisur faza e betonimit p\u00ebr","og_url":"https:\/\/veritasinfo.org\/?p=2543","article_published_time":"2025-07-04T16:59:26+00:00","og_image":[{"width":780,"height":439,"url":"https:\/\/veritasinfo.org\/wp-content\/uploads\/2025\/07\/ura-780x439-1.png","type":"image\/png"}],"author":"US1","twitter_card":"summary_large_image","twitter_misc":{"Written by":"US1","Est. reading time":"1 minute"},"schema":{"@context":"https:\/\/schema.org","@graph":[{"@type":"WebPage","@id":"https:\/\/veritasinfo.org\/?p=2543","url":"https:\/\/veritasinfo.org\/?p=2543","name":"Filloi betonimi i dy urave t\u00eb reja n\u00eb veri t\u00eb Mitrovic\u00ebs -","isPartOf":{"@id":"https:\/\/veritasinfo.org\/#website"},"primaryImageOfPage":{"@id":"https:\/\/veritasinfo.org\/?p=2543#primaryimage"},"image":{"@id":"https:\/\/veritasinfo.org\/?p=2543#primaryimage"},"thumbnailUrl":"https:\/\/veritasinfo.org\/wp-content\/uploads\/2025\/07\/ura-780x439-1.png","datePublished":"2025-07-04T16:59:26+00:00","author":{"@id":"https:\/\/veritasinfo.org\/#\/schema\/person\/c2b8be262ea994d0995addca692c5e98"},"breadcrumb":{"@id":"https:\/\/veritasinfo.org\/?p=2543#breadcrumb"},"inLanguage":"en-US","potentialAction":[{"@type":"ReadAction","target":["https:\/\/veritasinfo.org\/?p=2543"]}]},{"@type":"ImageObject","inLanguage":"en-US","@id":"https:\/\/veritasinfo.org\/?p=2543#primaryimage","url":"https:\/\/veritasinfo.org\/wp-content\/uploads\/2025\/07\/ura-780x439-1.png","contentUrl":"https:\/\/veritasinfo.org\/wp-content\/uploads\/2025\/07\/ura-780x439-1.png","width":780,"height":439},{"@type":"BreadcrumbList","@id":"https:\/\/veritasinfo.org\/?p=2543#breadcrumb","itemListElement":[{"@type":"ListItem","position":1,"name":"Home","item":"https:\/\/veritasinfo.org\/"},{"@type":"ListItem","position":2,"name":"Filloi betonimi i dy urave t\u00eb reja n\u00eb veri t\u00eb Mitrovic\u00ebs"}]},{"@type":"WebSite","@id":"https:\/\/veritasinfo.org\/#website","url":"https:\/\/veritasinfo.org\/","name":"","description":"","potentialAction":[{"@type":"SearchAction","target":{"@type":"EntryPoint","urlTemplate":"https:\/\/veritasinfo.org\/?s={search_term_string}"},"query-input":{"@type":"PropertyValueSpecification","valueRequired":true,"valueName":"search_term_string"}}],"inLanguage":"en-US"},{"@type":"Person","@id":"https:\/\/veritasinfo.org\/#\/schema\/person\/c2b8be262ea994d0995addca692c5e98","name":"US1","image":{"@type":"ImageObject","inLanguage":"en-US","@id":"https:\/\/veritasinfo.org\/#\/schema\/person\/image\/","url":"https:\/\/secure.gravatar.com\/avatar\/4e96a59bd256abf9956eb9963ac891a47461ffb364d47b0e9aab113328fdb75b?s=96&d=mm&r=g","contentUrl":"https:\/\/secure.gravatar.com\/avatar\/4e96a59bd256abf9956eb9963ac891a47461ffb364d47b0e9aab113328fdb75b?s=96&d=mm&r=g","caption":"US1"},"url":"https:\/\/veritasinfo.org\/?author=2"}]}},"featured_image_urls":{"full":["https:\/\/veritasinfo.org\/wp-content\/uploads\/2025\/07\/ura-780x439-1.png",780,439,false],"thumbnail":["https:\/\/veritasinfo.org\/wp-content\/uploads\/2025\/07\/ura-780x439-1-150x150.png",150,150,true],"medium":["https:\/\/veritasinfo.org\/wp-content\/uploads\/2025\/07\/ura-780x439-1-300x169.png",300,169,true],"medium_large":["https:\/\/veritasinfo.org\/wp-content\/uploads\/2025\/07\/ura-780x439-1-768x432.png",640,360,true],"large":["https:\/\/veritasinfo.org\/wp-content\/uploads\/2025\/07\/ura-780x439-1.png",640,360,false],"1536x1536":["https:\/\/veritasinfo.org\/wp-content\/uploads\/2025\/07\/ura-780x439-1.png",780,439,false],"2048x2048":["https:\/\/veritasinfo.org\/wp-content\/uploads\/2025\/07\/ura-780x439-1.png",780,439,false],"kreeti-slider-full":["https:\/\/veritasinfo.org\/wp-content\/uploads\/2025\/07\/ura-780x439-1.png",780,439,false],"kreeti-featured":["https:\/\/veritasinfo.org\/wp-content\/uploads\/2025\/07\/ura-780x439-1.png",780,439,false],"kreeti-medium":["https:\/\/veritasinfo.org\/wp-content\/uploads\/2025\/07\/ura-780x439-1.png",720,405,false],"kreeti-medium-square":["https:\/\/veritasinfo.org\/wp-content\/uploads\/2025\/07\/ura-780x439-1.png",350,197,false]},"author_info":{"info":["US1"]},"category_info":"<a href=\"https:\/\/veritasinfo.org\/?cat=52\" rel=\"category\">Komunat<\/a>","tag_info":"Komunat","comment_count":"0","_links":{"self":[{"href":"https:\/\/veritasinfo.org\/index.php?rest_route=\/wp\/v2\/posts\/2543","targetHints":{"allow":["GET"]}}],"collection":[{"href":"https:\/\/veritasinfo.org\/index.php?rest_route=\/wp\/v2\/posts"}],"about":[{"href":"https:\/\/veritasinfo.org\/index.php?rest_route=\/wp\/v2\/types\/post"}],"author":[{"embeddable":true,"href":"https:\/\/veritasinfo.org\/index.php?rest_route=\/wp\/v2\/users\/2"}],"replies":[{"embeddable":true,"href":"https:\/\/veritasinfo.org\/index.php?rest_route=%2Fwp%2Fv2%2Fcomments&post=2543"}],"version-history":[{"count":1,"href":"https:\/\/veritasinfo.org\/index.php?rest_route=\/wp\/v2\/posts\/2543\/revisions"}],"predecessor-version":[{"id":2545,"href":"https:\/\/veritasinfo.org\/index.php?rest_route=\/wp\/v2\/posts\/2543\/revisions\/2545"}],"wp:featuredmedia":[{"embeddable":true,"href":"https:\/\/veritasinfo.org\/index.php?rest_route=\/wp\/v2\/media\/2544"}],"wp:attachment":[{"href":"https:\/\/veritasinfo.org\/index.php?rest_route=%2Fwp%2Fv2%2Fmedia&parent=2543"}],"wp:term":[{"taxonomy":"category","embeddable":true,"href":"https:\/\/veritasinfo.org\/index.php?rest_route=%2Fwp%2Fv2%2Fcategories&post=2543"},{"taxonomy":"post_tag","embeddable":true,"href":"https:\/\/veritasinfo.org\/index.php?rest_route=%2Fwp%2Fv2%2Ftags&post=2543"}],"curies":[{"name":"wp","href":"https:\/\/api.w.org\/{rel}","templated":true}]}}