{"id":25423,"date":"2025-12-24T17:39:53","date_gmt":"2025-12-24T16:39:53","guid":{"rendered":"https:\/\/veritasinfo.org\/?p=25423"},"modified":"2025-12-24T17:44:21","modified_gmt":"2025-12-24T16:44:21","slug":"serbia-dhe-lista-serbe-fushate-permes-konkurseve-ne-institucione-paralele","status":"publish","type":"post","link":"https:\/\/veritasinfo.org\/?p=25423","title":{"rendered":"Serbia dhe Lista serbe fushat\u00eb p\u00ebrmes konkurseve n\u00eb institucione paralele"},"content":{"rendered":"<p>Prishtin\u00eb, 24 dhjetor 2025 17:39<\/p>\n<p>N\u00eb prag t\u00eb zgjedhjeve t\u00eb parakohshme parlamentare n\u00eb Kosov\u00eb, Serbia ka njoftuar sot hapjen e konkursit p\u00ebr 300 vende pune n\u00eb institucionet paralele t\u00eb saj sh\u00ebndet\u00ebsore q\u00eb veprojn\u00eb n\u00eb Kosov\u00eb, si dhe vazhdimin e nj\u00eb procesi tjet\u00ebr prej 50 vendeve t\u00eb pun\u00ebs, q\u00eb kishte filluar m\u00eb 22 dhjetor. Me k\u00ebt\u00eb, sipas njoftimit zyrtar t\u00eb Ministris\u00eb s\u00eb Sh\u00ebndet\u00ebsis\u00eb s\u00eb Serbis\u00eb, 350 vende t\u00eb reja pune do t\u00eb mbushen n\u00eb sistemin serb t\u00eb kujdesit sh\u00ebndet\u00ebsor n\u00eb Kosov\u00eb, duke u prezantuar si nj\u00eb \u201cgara p\u00ebr pun\u00ebsim\u201d q\u00eb do t\u00eb siguroj\u00eb jetes\u00ebn dhe mbijetes\u00ebn e komunitetit serb.<\/p>\n<p>N\u00eb njoftim theksohet gjithashtu se n\u00eb gjysm\u00ebn e dyt\u00eb t\u00eb janarit, 700 persona t\u00eb tjer\u00eb \u2013 mjek\u00eb, infermier\u00eb dhe stafe jomjek\u00ebsore \u2013 do t\u00eb hyjn\u00eb n\u00eb pun\u00eb p\u00ebrmes nj\u00eb konkursi t\u00eb m\u00ebparsh\u00ebm, duke theksuar se vet\u00ebm n\u00eb tre vitet e fundit mbi 1,500 pun\u00ebtor\u00eb jan\u00eb pun\u00ebsuar n\u00eb k\u00ebto struktura. Autoritetet serbe shpjegojn\u00eb se k\u00ebto masa synojn\u00eb modernizimin e kujdesit sh\u00ebndet\u00ebsor dhe forcimin e institucioneve t\u00eb tyre, si pjes\u00eb e kujdesit shtet\u00ebror p\u00ebr komunitetin serb jasht\u00eb territorit t\u00eb vet.<\/p>\n<p>Por gjykuar nga konteksti politik n\u00eb rajon, veprimi \u00ebsht\u00eb perceptuar nga faktor\u00eb t\u00eb tjer\u00eb si nj\u00eb l\u00ebvizje q\u00eb shkon p\u00ebrtej problemeve t\u00eb pun\u00ebsimit. Kosova \u00ebsht\u00eb n\u00eb prag t\u00eb zgjedhjeve t\u00eb parakohshme parlamentare, dhe \u00e7\u00ebshtja e rolit t\u00eb Serbis\u00eb n\u00eb komunitetet me shumic\u00eb serbe n\u00eb veri t\u00eb vendit ka qen\u00eb nj\u00eb pik\u00eb e ndjeshme debati p\u00ebr muaj me radh\u00eb. Analist\u00ebt lokal\u00eb dhe nd\u00ebrkomb\u00ebtar\u00eb kan\u00eb paralajm\u00ebruar p\u00ebr vite lidhur me funksionimin e institucioneve \u201cparalele\u201d t\u00eb Serbis\u00eb n\u00eb Kosov\u00eb, t\u00eb cilat Prishtina i ka konsideruar shpesh si shkelje t\u00eb sovranitetit dhe t\u00eb rendit kushtetues t\u00eb Republik\u00ebs s\u00eb Kosov\u00ebs.<\/p>\n<p>Q\u00eb n\u00eb zgjedhjet lokale t\u00eb tetorit 2025, autoritetet e Kosov\u00ebs dhe zyrtar\u00eb evropian\u00eb kan\u00eb akuzuar qeverin\u00eb e Beogradit p\u00ebr nd\u00ebrhyrje n\u00eb procese zgjedhore, duke p\u00ebrfshir\u00eb premtime p\u00ebr pun\u00ebsime, p\u00ebrfitime sociale dhe ndikim politik te komuniteti serb. Raportuesi i Parlamentit Evropian p\u00ebr Kosov\u00ebn e p\u00ebrshkroi k\u00ebt\u00eb lloj veprimi si interferenc\u00eb t\u00eb drejtp\u00ebrdrejt\u00eb n\u00eb zgjedhjet vendore, duke b\u00ebr\u00eb thirrje q\u00eb autoritetet serbe t\u00eb ndalojn\u00eb \u00e7do fushat\u00eb t\u00eb k\u00ebtij lloji dhe t\u00eb lejojn\u00eb votuesit e Kosov\u00ebs t\u00eb vendosin lirsh\u00ebm.<br \/>\nN\u00eb k\u00ebt\u00eb kontekst, njoftimi i sot\u00ebm p\u00ebr pun\u00ebsime jo thjesht shihet si nj\u00eb hap drejt fuqizimit t\u00eb sh\u00ebndet\u00ebsis\u00eb p\u00ebr minoritetin serb, por edhe si nj\u00eb instrument i mundsh\u00ebm politik, q\u00eb mund t\u00eb ndikoj\u00eb n\u00eb perceptimin e besnik\u00ebris\u00eb ndaj Listes serbe.<\/p>\n<p>Kritik\u00ebt tani pyeten: A jan\u00eb k\u00ebto vende pune nj\u00eb mund\u00ebsi reale socio-ekonomike, apo nj\u00eb mjet p\u00ebr mobilizimin e votuesve dhe konsolidimin e influenc\u00ebs s\u00eb Serbis\u00eb n\u00eb prag t\u00eb nj\u00eb gare ky\u00e7e elektorale?<\/p>\n","protected":false},"excerpt":{"rendered":"<p>Prishtin\u00eb, 24 dhjetor 2025 17:39 N\u00eb prag t\u00eb zgjedhjeve t\u00eb parakohshme parlamentare n\u00eb Kosov\u00eb, Serbia ka njoftuar sot hapjen e konkursit p\u00ebr 300 vende pune<\/p>\n","protected":false},"author":7,"featured_media":25425,"comment_status":"open","ping_status":"open","sticky":false,"template":"","format":"standard","meta":{"footnotes":""},"categories":[58],"tags":[],"class_list":["post-25423","post","type-post","status-publish","format-standard","has-post-thumbnail","hentry","category-politike-sq"],"yoast_head":"<!-- This site is optimized with the Yoast SEO plugin v25.3.1 - https:\/\/yoast.com\/wordpress\/plugins\/seo\/ -->\n<title>Serbia dhe Lista serbe fushat\u00eb p\u00ebrmes konkurseve n\u00eb institucione paralele -<\/title>\n<meta name=\"robots\" content=\"index, follow, max-snippet:-1, max-image-preview:large, max-video-preview:-1\" \/>\n<link rel=\"canonical\" href=\"https:\/\/veritasinfo.org\/?p=25423\" \/>\n<meta property=\"og:locale\" content=\"en_US\" \/>\n<meta property=\"og:type\" content=\"article\" \/>\n<meta property=\"og:title\" content=\"Serbia dhe Lista serbe fushat\u00eb p\u00ebrmes konkurseve n\u00eb institucione paralele -\" \/>\n<meta property=\"og:description\" content=\"Prishtin\u00eb, 24 dhjetor 2025 17:39 N\u00eb prag t\u00eb zgjedhjeve t\u00eb parakohshme parlamentare n\u00eb Kosov\u00eb, Serbia ka njoftuar sot hapjen e konkursit p\u00ebr 300 vende pune\" \/>\n<meta property=\"og:url\" content=\"https:\/\/veritasinfo.org\/?p=25423\" \/>\n<meta property=\"article:published_time\" content=\"2025-12-24T16:39:53+00:00\" \/>\n<meta property=\"article:modified_time\" content=\"2025-12-24T16:44:21+00:00\" \/>\n<meta property=\"og:image\" content=\"https:\/\/veritasinfo.org\/wp-content\/uploads\/2025\/12\/1-55.jpg\" \/>\n\t<meta property=\"og:image:width\" content=\"852\" \/>\n\t<meta property=\"og:image:height\" content=\"1112\" \/>\n\t<meta property=\"og:image:type\" content=\"image\/jpeg\" \/>\n<meta name=\"author\" content=\"US6\" \/>\n<meta name=\"twitter:card\" content=\"summary_large_image\" \/>\n<meta name=\"twitter:label1\" content=\"Written by\" \/>\n\t<meta name=\"twitter:data1\" content=\"US6\" \/>\n\t<meta name=\"twitter:label2\" content=\"Est. reading time\" \/>\n\t<meta name=\"twitter:data2\" content=\"3 minutes\" \/>\n<script type=\"application\/ld+json\" class=\"yoast-schema-graph\">{\"@context\":\"https:\/\/schema.org\",\"@graph\":[{\"@type\":\"WebPage\",\"@id\":\"https:\/\/veritasinfo.org\/?p=25423\",\"url\":\"https:\/\/veritasinfo.org\/?p=25423\",\"name\":\"Serbia dhe Lista serbe fushat\u00eb p\u00ebrmes konkurseve n\u00eb institucione paralele -\",\"isPartOf\":{\"@id\":\"https:\/\/veritasinfo.org\/#website\"},\"primaryImageOfPage\":{\"@id\":\"https:\/\/veritasinfo.org\/?p=25423#primaryimage\"},\"image\":{\"@id\":\"https:\/\/veritasinfo.org\/?p=25423#primaryimage\"},\"thumbnailUrl\":\"https:\/\/veritasinfo.org\/wp-content\/uploads\/2025\/12\/1-55.jpg\",\"datePublished\":\"2025-12-24T16:39:53+00:00\",\"dateModified\":\"2025-12-24T16:44:21+00:00\",\"author\":{\"@id\":\"https:\/\/veritasinfo.org\/#\/schema\/person\/fe199eede04c3937362892b7444747cc\"},\"breadcrumb\":{\"@id\":\"https:\/\/veritasinfo.org\/?p=25423#breadcrumb\"},\"inLanguage\":\"en-US\",\"potentialAction\":[{\"@type\":\"ReadAction\",\"target\":[\"https:\/\/veritasinfo.org\/?p=25423\"]}]},{\"@type\":\"ImageObject\",\"inLanguage\":\"en-US\",\"@id\":\"https:\/\/veritasinfo.org\/?p=25423#primaryimage\",\"url\":\"https:\/\/veritasinfo.org\/wp-content\/uploads\/2025\/12\/1-55.jpg\",\"contentUrl\":\"https:\/\/veritasinfo.org\/wp-content\/uploads\/2025\/12\/1-55.jpg\",\"width\":852,\"height\":1112},{\"@type\":\"BreadcrumbList\",\"@id\":\"https:\/\/veritasinfo.org\/?p=25423#breadcrumb\",\"itemListElement\":[{\"@type\":\"ListItem\",\"position\":1,\"name\":\"Home\",\"item\":\"https:\/\/veritasinfo.org\/\"},{\"@type\":\"ListItem\",\"position\":2,\"name\":\"Serbia dhe Lista serbe fushat\u00eb p\u00ebrmes konkurseve n\u00eb institucione paralele\"}]},{\"@type\":\"WebSite\",\"@id\":\"https:\/\/veritasinfo.org\/#website\",\"url\":\"https:\/\/veritasinfo.org\/\",\"name\":\"\",\"description\":\"\",\"potentialAction\":[{\"@type\":\"SearchAction\",\"target\":{\"@type\":\"EntryPoint\",\"urlTemplate\":\"https:\/\/veritasinfo.org\/?s={search_term_string}\"},\"query-input\":{\"@type\":\"PropertyValueSpecification\",\"valueRequired\":true,\"valueName\":\"search_term_string\"}}],\"inLanguage\":\"en-US\"},{\"@type\":\"Person\",\"@id\":\"https:\/\/veritasinfo.org\/#\/schema\/person\/fe199eede04c3937362892b7444747cc\",\"name\":\"US6\",\"image\":{\"@type\":\"ImageObject\",\"inLanguage\":\"en-US\",\"@id\":\"https:\/\/veritasinfo.org\/#\/schema\/person\/image\/\",\"url\":\"https:\/\/secure.gravatar.com\/avatar\/cb16c3c31c9d23b9b8c705964598220b3014e42ff51eb540ff23cefa3ae8c15f?s=96&d=mm&r=g\",\"contentUrl\":\"https:\/\/secure.gravatar.com\/avatar\/cb16c3c31c9d23b9b8c705964598220b3014e42ff51eb540ff23cefa3ae8c15f?s=96&d=mm&r=g\",\"caption\":\"US6\"},\"url\":\"https:\/\/veritasinfo.org\/?author=7\"}]}<\/script>\n<!-- \/ Yoast SEO plugin. -->","yoast_head_json":{"title":"Serbia dhe Lista serbe fushat\u00eb p\u00ebrmes konkurseve n\u00eb institucione paralele -","robots":{"index":"index","follow":"follow","max-snippet":"max-snippet:-1","max-image-preview":"max-image-preview:large","max-video-preview":"max-video-preview:-1"},"canonical":"https:\/\/veritasinfo.org\/?p=25423","og_locale":"en_US","og_type":"article","og_title":"Serbia dhe Lista serbe fushat\u00eb p\u00ebrmes konkurseve n\u00eb institucione paralele -","og_description":"Prishtin\u00eb, 24 dhjetor 2025 17:39 N\u00eb prag t\u00eb zgjedhjeve t\u00eb parakohshme parlamentare n\u00eb Kosov\u00eb, Serbia ka njoftuar sot hapjen e konkursit p\u00ebr 300 vende pune","og_url":"https:\/\/veritasinfo.org\/?p=25423","article_published_time":"2025-12-24T16:39:53+00:00","article_modified_time":"2025-12-24T16:44:21+00:00","og_image":[{"width":852,"height":1112,"url":"https:\/\/veritasinfo.org\/wp-content\/uploads\/2025\/12\/1-55.jpg","type":"image\/jpeg"}],"author":"US6","twitter_card":"summary_large_image","twitter_misc":{"Written by":"US6","Est. reading time":"3 minutes"},"schema":{"@context":"https:\/\/schema.org","@graph":[{"@type":"WebPage","@id":"https:\/\/veritasinfo.org\/?p=25423","url":"https:\/\/veritasinfo.org\/?p=25423","name":"Serbia dhe Lista serbe fushat\u00eb p\u00ebrmes konkurseve n\u00eb institucione paralele -","isPartOf":{"@id":"https:\/\/veritasinfo.org\/#website"},"primaryImageOfPage":{"@id":"https:\/\/veritasinfo.org\/?p=25423#primaryimage"},"image":{"@id":"https:\/\/veritasinfo.org\/?p=25423#primaryimage"},"thumbnailUrl":"https:\/\/veritasinfo.org\/wp-content\/uploads\/2025\/12\/1-55.jpg","datePublished":"2025-12-24T16:39:53+00:00","dateModified":"2025-12-24T16:44:21+00:00","author":{"@id":"https:\/\/veritasinfo.org\/#\/schema\/person\/fe199eede04c3937362892b7444747cc"},"breadcrumb":{"@id":"https:\/\/veritasinfo.org\/?p=25423#breadcrumb"},"inLanguage":"en-US","potentialAction":[{"@type":"ReadAction","target":["https:\/\/veritasinfo.org\/?p=25423"]}]},{"@type":"ImageObject","inLanguage":"en-US","@id":"https:\/\/veritasinfo.org\/?p=25423#primaryimage","url":"https:\/\/veritasinfo.org\/wp-content\/uploads\/2025\/12\/1-55.jpg","contentUrl":"https:\/\/veritasinfo.org\/wp-content\/uploads\/2025\/12\/1-55.jpg","width":852,"height":1112},{"@type":"BreadcrumbList","@id":"https:\/\/veritasinfo.org\/?p=25423#breadcrumb","itemListElement":[{"@type":"ListItem","position":1,"name":"Home","item":"https:\/\/veritasinfo.org\/"},{"@type":"ListItem","position":2,"name":"Serbia dhe Lista serbe fushat\u00eb p\u00ebrmes konkurseve n\u00eb institucione paralele"}]},{"@type":"WebSite","@id":"https:\/\/veritasinfo.org\/#website","url":"https:\/\/veritasinfo.org\/","name":"","description":"","potentialAction":[{"@type":"SearchAction","target":{"@type":"EntryPoint","urlTemplate":"https:\/\/veritasinfo.org\/?s={search_term_string}"},"query-input":{"@type":"PropertyValueSpecification","valueRequired":true,"valueName":"search_term_string"}}],"inLanguage":"en-US"},{"@type":"Person","@id":"https:\/\/veritasinfo.org\/#\/schema\/person\/fe199eede04c3937362892b7444747cc","name":"US6","image":{"@type":"ImageObject","inLanguage":"en-US","@id":"https:\/\/veritasinfo.org\/#\/schema\/person\/image\/","url":"https:\/\/secure.gravatar.com\/avatar\/cb16c3c31c9d23b9b8c705964598220b3014e42ff51eb540ff23cefa3ae8c15f?s=96&d=mm&r=g","contentUrl":"https:\/\/secure.gravatar.com\/avatar\/cb16c3c31c9d23b9b8c705964598220b3014e42ff51eb540ff23cefa3ae8c15f?s=96&d=mm&r=g","caption":"US6"},"url":"https:\/\/veritasinfo.org\/?author=7"}]}},"featured_image_urls":{"full":["https:\/\/veritasinfo.org\/wp-content\/uploads\/2025\/12\/1-55.jpg",852,1112,false],"thumbnail":["https:\/\/veritasinfo.org\/wp-content\/uploads\/2025\/12\/1-55-150x150.jpg",150,150,true],"medium":["https:\/\/veritasinfo.org\/wp-content\/uploads\/2025\/12\/1-55-230x300.jpg",230,300,true],"medium_large":["https:\/\/veritasinfo.org\/wp-content\/uploads\/2025\/12\/1-55-768x1002.jpg",640,835,true],"large":["https:\/\/veritasinfo.org\/wp-content\/uploads\/2025\/12\/1-55-785x1024.jpg",640,835,true],"1536x1536":["https:\/\/veritasinfo.org\/wp-content\/uploads\/2025\/12\/1-55.jpg",852,1112,false],"2048x2048":["https:\/\/veritasinfo.org\/wp-content\/uploads\/2025\/12\/1-55.jpg",852,1112,false],"kreeti-slider-full":["https:\/\/veritasinfo.org\/wp-content\/uploads\/2025\/12\/1-55.jpg",552,720,false],"kreeti-featured":["https:\/\/veritasinfo.org\/wp-content\/uploads\/2025\/12\/1-55.jpg",852,1112,false],"kreeti-medium":["https:\/\/veritasinfo.org\/wp-content\/uploads\/2025\/12\/1-55.jpg",406,530,false],"kreeti-medium-square":["https:\/\/veritasinfo.org\/wp-content\/uploads\/2025\/12\/1-55.jpg",268,350,false]},"author_info":{"info":["US6"]},"category_info":"<a href=\"https:\/\/veritasinfo.org\/?cat=58\" rel=\"category\">Politik\u00eb<\/a>","tag_info":"Politik\u00eb","comment_count":"0","_links":{"self":[{"href":"https:\/\/veritasinfo.org\/index.php?rest_route=\/wp\/v2\/posts\/25423","targetHints":{"allow":["GET"]}}],"collection":[{"href":"https:\/\/veritasinfo.org\/index.php?rest_route=\/wp\/v2\/posts"}],"about":[{"href":"https:\/\/veritasinfo.org\/index.php?rest_route=\/wp\/v2\/types\/post"}],"author":[{"embeddable":true,"href":"https:\/\/veritasinfo.org\/index.php?rest_route=\/wp\/v2\/users\/7"}],"replies":[{"embeddable":true,"href":"https:\/\/veritasinfo.org\/index.php?rest_route=%2Fwp%2Fv2%2Fcomments&post=25423"}],"version-history":[{"count":4,"href":"https:\/\/veritasinfo.org\/index.php?rest_route=\/wp\/v2\/posts\/25423\/revisions"}],"predecessor-version":[{"id":25432,"href":"https:\/\/veritasinfo.org\/index.php?rest_route=\/wp\/v2\/posts\/25423\/revisions\/25432"}],"wp:featuredmedia":[{"embeddable":true,"href":"https:\/\/veritasinfo.org\/index.php?rest_route=\/wp\/v2\/media\/25425"}],"wp:attachment":[{"href":"https:\/\/veritasinfo.org\/index.php?rest_route=%2Fwp%2Fv2%2Fmedia&parent=25423"}],"wp:term":[{"taxonomy":"category","embeddable":true,"href":"https:\/\/veritasinfo.org\/index.php?rest_route=%2Fwp%2Fv2%2Fcategories&post=25423"},{"taxonomy":"post_tag","embeddable":true,"href":"https:\/\/veritasinfo.org\/index.php?rest_route=%2Fwp%2Fv2%2Ftags&post=25423"}],"curies":[{"name":"wp","href":"https:\/\/api.w.org\/{rel}","templated":true}]}}