{"id":25413,"date":"2025-12-24T15:15:02","date_gmt":"2025-12-24T14:15:02","guid":{"rendered":"https:\/\/veritasinfo.org\/?p=25413"},"modified":"2025-12-24T15:15:02","modified_gmt":"2025-12-24T14:15:02","slug":"pas-njohjeve-te-reja-per-kosoven-serbia-nxit-ambasadoret-per-cnjohje","status":"publish","type":"post","link":"https:\/\/veritasinfo.org\/?p=25413","title":{"rendered":"Pas njohjeve t\u00eb reja p\u00ebr Kosov\u00ebn, Serbia nxit ambasador\u00ebt p\u00ebr \u201c\u00e7njohje\u201d"},"content":{"rendered":"<p>Beograd 24 Dhjetor 2025 15:13<\/p>\n<p>Presidenti i Serbis\u00eb, Aleksandar Vu\u00e7iq, n\u00eb Konferenc\u00ebn e ambasador\u00ebve t\u00eb Serbis\u00eb, ka deklaruar se ka filluar nj\u00eb val\u00eb e re njohjesh t\u00eb pavar\u00ebsis\u00eb s\u00eb Kosov\u00ebs, duke b\u00ebr\u00eb thirrje p\u00ebr mobilizim dhe angazhim p\u00ebr \u00e7njohje.<\/p>\n<p>Sipas tij, k\u00ebt\u00eb vit Kosova \u00ebsht\u00eb njohur nga kat\u00ebr shtete t\u00eb reja, nd\u00ebr t\u00eb cilat e fundit ishte Bahamet. Vu\u00e7iqi tha se kishte pritur p\u00ebrparim t\u00eb madh nga administrata e Donald Trumpit n\u00eb Shtetet e Bashkuara, por sipas tij, Serbia nuk ka marr\u00eb mb\u00ebshtetje nga asnj\u00eb fuqi e madhe.<br \/>\nAi u ka th\u00ebn\u00eb ambasador\u00ebve serb\u00eb: \u201cDuhet punuar n\u00eb \u00e7njohjen e Kosov\u00ebs\u201d.<br \/>\n\u201cVet\u00ebm q\u00eb ta dini, pavar\u00ebsisht se \u00e7far\u00eb ju thon\u00eb, pavar\u00ebsisht se \u00e7far\u00eb thon\u00eb, asnj\u00eb marr\u00ebveshje nuk e respektojn\u00eb as Prishtina, as Bashkimi Evropian e as SHBA-ja. Madje as ato q\u00eb na imponuan \u2013 Kosova \u00ebsht\u00eb pjes\u00eb e Serbis\u00eb p\u00ebr ne, k\u00ebshtu ka qen\u00eb dhe k\u00ebshtu do t\u00eb jet\u00eb,\u201d tha Vu\u00e7iq, transmeton \u201cN1\u201d.<\/p>\n","protected":false},"excerpt":{"rendered":"<p>Beograd 24 Dhjetor 2025 15:13 Presidenti i Serbis\u00eb, Aleksandar Vu\u00e7iq, n\u00eb Konferenc\u00ebn e ambasador\u00ebve t\u00eb Serbis\u00eb, ka deklaruar se ka filluar nj\u00eb val\u00eb e re<\/p>\n","protected":false},"author":6,"featured_media":25414,"comment_status":"open","ping_status":"open","sticky":false,"template":"","format":"standard","meta":{"footnotes":""},"categories":[58],"tags":[],"class_list":["post-25413","post","type-post","status-publish","format-standard","has-post-thumbnail","hentry","category-politike-sq"],"yoast_head":"<!-- This site is optimized with the Yoast SEO plugin v25.3.1 - https:\/\/yoast.com\/wordpress\/plugins\/seo\/ -->\n<title>Pas njohjeve t\u00eb reja p\u00ebr Kosov\u00ebn, Serbia nxit ambasador\u00ebt p\u00ebr \u201c\u00e7njohje\u201d -<\/title>\n<meta name=\"robots\" content=\"index, follow, max-snippet:-1, max-image-preview:large, max-video-preview:-1\" \/>\n<link rel=\"canonical\" href=\"https:\/\/veritasinfo.org\/?p=25413\" \/>\n<meta property=\"og:locale\" content=\"en_US\" \/>\n<meta property=\"og:type\" content=\"article\" \/>\n<meta property=\"og:title\" content=\"Pas njohjeve t\u00eb reja p\u00ebr Kosov\u00ebn, Serbia nxit ambasador\u00ebt p\u00ebr \u201c\u00e7njohje\u201d -\" \/>\n<meta property=\"og:description\" content=\"Beograd 24 Dhjetor 2025 15:13 Presidenti i Serbis\u00eb, Aleksandar Vu\u00e7iq, n\u00eb Konferenc\u00ebn e ambasador\u00ebve t\u00eb Serbis\u00eb, ka deklaruar se ka filluar nj\u00eb val\u00eb e re\" \/>\n<meta property=\"og:url\" content=\"https:\/\/veritasinfo.org\/?p=25413\" \/>\n<meta property=\"article:published_time\" content=\"2025-12-24T14:15:02+00:00\" \/>\n<meta property=\"og:image\" content=\"https:\/\/veritasinfo.org\/wp-content\/uploads\/2025\/12\/aleksander-vuqiq.jpg\" \/>\n\t<meta property=\"og:image:width\" content=\"996\" \/>\n\t<meta property=\"og:image:height\" content=\"562\" \/>\n\t<meta property=\"og:image:type\" content=\"image\/jpeg\" \/>\n<meta name=\"author\" content=\"US5\" \/>\n<meta name=\"twitter:card\" content=\"summary_large_image\" \/>\n<meta name=\"twitter:label1\" content=\"Written by\" \/>\n\t<meta name=\"twitter:data1\" content=\"US5\" \/>\n<script type=\"application\/ld+json\" class=\"yoast-schema-graph\">{\"@context\":\"https:\/\/schema.org\",\"@graph\":[{\"@type\":\"WebPage\",\"@id\":\"https:\/\/veritasinfo.org\/?p=25413\",\"url\":\"https:\/\/veritasinfo.org\/?p=25413\",\"name\":\"Pas njohjeve t\u00eb reja p\u00ebr Kosov\u00ebn, Serbia nxit ambasador\u00ebt p\u00ebr \u201c\u00e7njohje\u201d -\",\"isPartOf\":{\"@id\":\"https:\/\/veritasinfo.org\/#website\"},\"primaryImageOfPage\":{\"@id\":\"https:\/\/veritasinfo.org\/?p=25413#primaryimage\"},\"image\":{\"@id\":\"https:\/\/veritasinfo.org\/?p=25413#primaryimage\"},\"thumbnailUrl\":\"https:\/\/veritasinfo.org\/wp-content\/uploads\/2025\/12\/aleksander-vuqiq.jpg\",\"datePublished\":\"2025-12-24T14:15:02+00:00\",\"author\":{\"@id\":\"https:\/\/veritasinfo.org\/#\/schema\/person\/bc442336e35414d04494ab8fb45db4c6\"},\"breadcrumb\":{\"@id\":\"https:\/\/veritasinfo.org\/?p=25413#breadcrumb\"},\"inLanguage\":\"en-US\",\"potentialAction\":[{\"@type\":\"ReadAction\",\"target\":[\"https:\/\/veritasinfo.org\/?p=25413\"]}]},{\"@type\":\"ImageObject\",\"inLanguage\":\"en-US\",\"@id\":\"https:\/\/veritasinfo.org\/?p=25413#primaryimage\",\"url\":\"https:\/\/veritasinfo.org\/wp-content\/uploads\/2025\/12\/aleksander-vuqiq.jpg\",\"contentUrl\":\"https:\/\/veritasinfo.org\/wp-content\/uploads\/2025\/12\/aleksander-vuqiq.jpg\",\"width\":996,\"height\":562},{\"@type\":\"BreadcrumbList\",\"@id\":\"https:\/\/veritasinfo.org\/?p=25413#breadcrumb\",\"itemListElement\":[{\"@type\":\"ListItem\",\"position\":1,\"name\":\"Home\",\"item\":\"https:\/\/veritasinfo.org\/\"},{\"@type\":\"ListItem\",\"position\":2,\"name\":\"Pas njohjeve t\u00eb reja p\u00ebr Kosov\u00ebn, Serbia nxit ambasador\u00ebt p\u00ebr \u201c\u00e7njohje\u201d\"}]},{\"@type\":\"WebSite\",\"@id\":\"https:\/\/veritasinfo.org\/#website\",\"url\":\"https:\/\/veritasinfo.org\/\",\"name\":\"\",\"description\":\"\",\"potentialAction\":[{\"@type\":\"SearchAction\",\"target\":{\"@type\":\"EntryPoint\",\"urlTemplate\":\"https:\/\/veritasinfo.org\/?s={search_term_string}\"},\"query-input\":{\"@type\":\"PropertyValueSpecification\",\"valueRequired\":true,\"valueName\":\"search_term_string\"}}],\"inLanguage\":\"en-US\"},{\"@type\":\"Person\",\"@id\":\"https:\/\/veritasinfo.org\/#\/schema\/person\/bc442336e35414d04494ab8fb45db4c6\",\"name\":\"US5\",\"image\":{\"@type\":\"ImageObject\",\"inLanguage\":\"en-US\",\"@id\":\"https:\/\/veritasinfo.org\/#\/schema\/person\/image\/\",\"url\":\"https:\/\/secure.gravatar.com\/avatar\/16a61e7272a0c5d001121ebb9e60e925d5816e4ac1e443ed3e640d9a6ae55d0c?s=96&d=mm&r=g\",\"contentUrl\":\"https:\/\/secure.gravatar.com\/avatar\/16a61e7272a0c5d001121ebb9e60e925d5816e4ac1e443ed3e640d9a6ae55d0c?s=96&d=mm&r=g\",\"caption\":\"US5\"},\"url\":\"https:\/\/veritasinfo.org\/?author=6\"}]}<\/script>\n<!-- \/ Yoast SEO plugin. -->","yoast_head_json":{"title":"Pas njohjeve t\u00eb reja p\u00ebr Kosov\u00ebn, Serbia nxit ambasador\u00ebt p\u00ebr \u201c\u00e7njohje\u201d -","robots":{"index":"index","follow":"follow","max-snippet":"max-snippet:-1","max-image-preview":"max-image-preview:large","max-video-preview":"max-video-preview:-1"},"canonical":"https:\/\/veritasinfo.org\/?p=25413","og_locale":"en_US","og_type":"article","og_title":"Pas njohjeve t\u00eb reja p\u00ebr Kosov\u00ebn, Serbia nxit ambasador\u00ebt p\u00ebr \u201c\u00e7njohje\u201d -","og_description":"Beograd 24 Dhjetor 2025 15:13 Presidenti i Serbis\u00eb, Aleksandar Vu\u00e7iq, n\u00eb Konferenc\u00ebn e ambasador\u00ebve t\u00eb Serbis\u00eb, ka deklaruar se ka filluar nj\u00eb val\u00eb e re","og_url":"https:\/\/veritasinfo.org\/?p=25413","article_published_time":"2025-12-24T14:15:02+00:00","og_image":[{"width":996,"height":562,"url":"https:\/\/veritasinfo.org\/wp-content\/uploads\/2025\/12\/aleksander-vuqiq.jpg","type":"image\/jpeg"}],"author":"US5","twitter_card":"summary_large_image","twitter_misc":{"Written by":"US5"},"schema":{"@context":"https:\/\/schema.org","@graph":[{"@type":"WebPage","@id":"https:\/\/veritasinfo.org\/?p=25413","url":"https:\/\/veritasinfo.org\/?p=25413","name":"Pas njohjeve t\u00eb reja p\u00ebr Kosov\u00ebn, Serbia nxit ambasador\u00ebt p\u00ebr \u201c\u00e7njohje\u201d -","isPartOf":{"@id":"https:\/\/veritasinfo.org\/#website"},"primaryImageOfPage":{"@id":"https:\/\/veritasinfo.org\/?p=25413#primaryimage"},"image":{"@id":"https:\/\/veritasinfo.org\/?p=25413#primaryimage"},"thumbnailUrl":"https:\/\/veritasinfo.org\/wp-content\/uploads\/2025\/12\/aleksander-vuqiq.jpg","datePublished":"2025-12-24T14:15:02+00:00","author":{"@id":"https:\/\/veritasinfo.org\/#\/schema\/person\/bc442336e35414d04494ab8fb45db4c6"},"breadcrumb":{"@id":"https:\/\/veritasinfo.org\/?p=25413#breadcrumb"},"inLanguage":"en-US","potentialAction":[{"@type":"ReadAction","target":["https:\/\/veritasinfo.org\/?p=25413"]}]},{"@type":"ImageObject","inLanguage":"en-US","@id":"https:\/\/veritasinfo.org\/?p=25413#primaryimage","url":"https:\/\/veritasinfo.org\/wp-content\/uploads\/2025\/12\/aleksander-vuqiq.jpg","contentUrl":"https:\/\/veritasinfo.org\/wp-content\/uploads\/2025\/12\/aleksander-vuqiq.jpg","width":996,"height":562},{"@type":"BreadcrumbList","@id":"https:\/\/veritasinfo.org\/?p=25413#breadcrumb","itemListElement":[{"@type":"ListItem","position":1,"name":"Home","item":"https:\/\/veritasinfo.org\/"},{"@type":"ListItem","position":2,"name":"Pas njohjeve t\u00eb reja p\u00ebr Kosov\u00ebn, Serbia nxit ambasador\u00ebt p\u00ebr \u201c\u00e7njohje\u201d"}]},{"@type":"WebSite","@id":"https:\/\/veritasinfo.org\/#website","url":"https:\/\/veritasinfo.org\/","name":"","description":"","potentialAction":[{"@type":"SearchAction","target":{"@type":"EntryPoint","urlTemplate":"https:\/\/veritasinfo.org\/?s={search_term_string}"},"query-input":{"@type":"PropertyValueSpecification","valueRequired":true,"valueName":"search_term_string"}}],"inLanguage":"en-US"},{"@type":"Person","@id":"https:\/\/veritasinfo.org\/#\/schema\/person\/bc442336e35414d04494ab8fb45db4c6","name":"US5","image":{"@type":"ImageObject","inLanguage":"en-US","@id":"https:\/\/veritasinfo.org\/#\/schema\/person\/image\/","url":"https:\/\/secure.gravatar.com\/avatar\/16a61e7272a0c5d001121ebb9e60e925d5816e4ac1e443ed3e640d9a6ae55d0c?s=96&d=mm&r=g","contentUrl":"https:\/\/secure.gravatar.com\/avatar\/16a61e7272a0c5d001121ebb9e60e925d5816e4ac1e443ed3e640d9a6ae55d0c?s=96&d=mm&r=g","caption":"US5"},"url":"https:\/\/veritasinfo.org\/?author=6"}]}},"featured_image_urls":{"full":["https:\/\/veritasinfo.org\/wp-content\/uploads\/2025\/12\/aleksander-vuqiq.jpg",996,562,false],"thumbnail":["https:\/\/veritasinfo.org\/wp-content\/uploads\/2025\/12\/aleksander-vuqiq-150x150.jpg",150,150,true],"medium":["https:\/\/veritasinfo.org\/wp-content\/uploads\/2025\/12\/aleksander-vuqiq-300x169.jpg",300,169,true],"medium_large":["https:\/\/veritasinfo.org\/wp-content\/uploads\/2025\/12\/aleksander-vuqiq-768x433.jpg",640,361,true],"large":["https:\/\/veritasinfo.org\/wp-content\/uploads\/2025\/12\/aleksander-vuqiq.jpg",640,361,false],"1536x1536":["https:\/\/veritasinfo.org\/wp-content\/uploads\/2025\/12\/aleksander-vuqiq.jpg",996,562,false],"2048x2048":["https:\/\/veritasinfo.org\/wp-content\/uploads\/2025\/12\/aleksander-vuqiq.jpg",996,562,false],"kreeti-slider-full":["https:\/\/veritasinfo.org\/wp-content\/uploads\/2025\/12\/aleksander-vuqiq.jpg",996,562,false],"kreeti-featured":["https:\/\/veritasinfo.org\/wp-content\/uploads\/2025\/12\/aleksander-vuqiq.jpg",996,562,false],"kreeti-medium":["https:\/\/veritasinfo.org\/wp-content\/uploads\/2025\/12\/aleksander-vuqiq.jpg",720,406,false],"kreeti-medium-square":["https:\/\/veritasinfo.org\/wp-content\/uploads\/2025\/12\/aleksander-vuqiq.jpg",350,197,false]},"author_info":{"info":["US5"]},"category_info":"<a href=\"https:\/\/veritasinfo.org\/?cat=58\" rel=\"category\">Politik\u00eb<\/a>","tag_info":"Politik\u00eb","comment_count":"0","_links":{"self":[{"href":"https:\/\/veritasinfo.org\/index.php?rest_route=\/wp\/v2\/posts\/25413","targetHints":{"allow":["GET"]}}],"collection":[{"href":"https:\/\/veritasinfo.org\/index.php?rest_route=\/wp\/v2\/posts"}],"about":[{"href":"https:\/\/veritasinfo.org\/index.php?rest_route=\/wp\/v2\/types\/post"}],"author":[{"embeddable":true,"href":"https:\/\/veritasinfo.org\/index.php?rest_route=\/wp\/v2\/users\/6"}],"replies":[{"embeddable":true,"href":"https:\/\/veritasinfo.org\/index.php?rest_route=%2Fwp%2Fv2%2Fcomments&post=25413"}],"version-history":[{"count":1,"href":"https:\/\/veritasinfo.org\/index.php?rest_route=\/wp\/v2\/posts\/25413\/revisions"}],"predecessor-version":[{"id":25415,"href":"https:\/\/veritasinfo.org\/index.php?rest_route=\/wp\/v2\/posts\/25413\/revisions\/25415"}],"wp:featuredmedia":[{"embeddable":true,"href":"https:\/\/veritasinfo.org\/index.php?rest_route=\/wp\/v2\/media\/25414"}],"wp:attachment":[{"href":"https:\/\/veritasinfo.org\/index.php?rest_route=%2Fwp%2Fv2%2Fmedia&parent=25413"}],"wp:term":[{"taxonomy":"category","embeddable":true,"href":"https:\/\/veritasinfo.org\/index.php?rest_route=%2Fwp%2Fv2%2Fcategories&post=25413"},{"taxonomy":"post_tag","embeddable":true,"href":"https:\/\/veritasinfo.org\/index.php?rest_route=%2Fwp%2Fv2%2Ftags&post=25413"}],"curies":[{"name":"wp","href":"https:\/\/api.w.org\/{rel}","templated":true}]}}