{"id":2541,"date":"2025-07-04T16:23:42","date_gmt":"2025-07-04T14:23:42","guid":{"rendered":"https:\/\/veritasinfo.org\/?p=2541"},"modified":"2025-07-04T16:23:42","modified_gmt":"2025-07-04T14:23:42","slug":"murat-dernjani-denohet-me-20-vite-burg-per-krime-kunder-njerezimit","status":"publish","type":"post","link":"https:\/\/veritasinfo.org\/?p=2541","title":{"rendered":"Murat Dernjani d\u00ebnohet me 20 vite burg p\u00ebr krime kund\u00ebr njer\u00ebzimit"},"content":{"rendered":"<p style=\"padding-left: 40px;text-align: left\"><strong>Murat Dernjani d\u00ebnohet me 20 vite burg p\u00ebr krime kund\u00ebr njer\u00ebzimit<\/strong><\/p>\n<p>Sot, n\u00eb Gjykat\u00ebn Themelore n\u00eb Prishtin\u00eb u shpall d\u00ebnimi ndaj Murat Dernjanit, i cili u d\u00ebnuar me 20 vite burg p\u00ebr vepr\u00ebn penale t\u00eb krimeve kund\u00ebr njer\u00ebzimit. Koha q\u00eb ai ka kaluar n\u00eb paraburgim do t\u00eb llogaritet n\u00eb k\u00ebt\u00eb d\u00ebnim.<\/p>\n<p>Rasti u trajtua me dyer t\u00eb mbyllura p\u00ebr publikun p\u00ebr shkak t\u00eb ndjeshm\u00ebris\u00eb s\u00eb \u00e7\u00ebshtjes dhe p\u00ebr t\u00eb mbrojtur viktimat.<\/p>\n<p>Gjat\u00eb procesit, gjykata mori n\u00eb konsiderat\u00eb d\u00ebshmit\u00eb e t\u00eb d\u00ebmtuarve dhe d\u00ebshmitar\u00ebve, t\u00eb cilat ishin t\u00eb p\u00ebrputhshme dhe konfirmuan p\u00ebrgjegj\u00ebsin\u00eb e Dernjanit p\u00ebr veprime t\u00eb dhunshme n\u00eb Siri dhe Irak.<\/p>\n<p>Gjykata vler\u00ebsoi se veprimet e tij p\u00ebrb\u00ebjn\u00eb shkelje t\u00eb r\u00ebnda t\u00eb Konvent\u00ebs s\u00eb Gjenev\u00ebs dhe t\u00eb drejt\u00ebs nd\u00ebrkomb\u00ebtare.<\/p>\n<p>Ky vendim bazohet n\u00eb provat e paraqitura, q\u00eb tregojn\u00eb qart\u00eb se Dernjani ka kryer krime kund\u00ebr s\u00eb drejt\u00ebs nd\u00ebrkomb\u00ebtare humanitare.<\/p>\n<p>P\u00ebr kujtes\u00eb, n\u00eb vitin 2019, Gjykata Themelore n\u00eb Prishtin\u00eb i kishte shqiptuar Dernjanit 5 vite burg p\u00ebr veprat q\u00eb lidhen me terrorizmin.<\/p>\n<p>&nbsp;<\/p>\n<p>&nbsp;<\/p>\n","protected":false},"excerpt":{"rendered":"<p>Murat Dernjani d\u00ebnohet me 20 vite burg p\u00ebr krime kund\u00ebr njer\u00ebzimit Sot, n\u00eb Gjykat\u00ebn Themelore n\u00eb Prishtin\u00eb u shpall d\u00ebnimi ndaj Murat Dernjanit, i cili<\/p>\n","protected":false},"author":1,"featured_media":2539,"comment_status":"open","ping_status":"open","sticky":false,"template":"","format":"standard","meta":{"footnotes":""},"categories":[60],"tags":[],"class_list":["post-2541","post","type-post","status-publish","format-standard","has-post-thumbnail","hentry","category-shoqerore-sq"],"yoast_head":"<!-- This site is optimized with the Yoast SEO plugin v25.3.1 - https:\/\/yoast.com\/wordpress\/plugins\/seo\/ -->\n<title>Murat Dernjani d\u00ebnohet me 20 vite burg p\u00ebr krime kund\u00ebr njer\u00ebzimit -<\/title>\n<meta name=\"robots\" content=\"index, follow, max-snippet:-1, max-image-preview:large, max-video-preview:-1\" \/>\n<link rel=\"canonical\" href=\"https:\/\/veritasinfo.org\/?p=2541\" \/>\n<meta property=\"og:locale\" content=\"en_US\" \/>\n<meta property=\"og:type\" content=\"article\" \/>\n<meta property=\"og:title\" content=\"Murat Dernjani d\u00ebnohet me 20 vite burg p\u00ebr krime kund\u00ebr njer\u00ebzimit -\" \/>\n<meta property=\"og:description\" content=\"Murat Dernjani d\u00ebnohet me 20 vite burg p\u00ebr krime kund\u00ebr njer\u00ebzimit Sot, n\u00eb Gjykat\u00ebn Themelore n\u00eb Prishtin\u00eb u shpall d\u00ebnimi ndaj Murat Dernjanit, i cili\" \/>\n<meta property=\"og:url\" content=\"https:\/\/veritasinfo.org\/?p=2541\" \/>\n<meta property=\"article:published_time\" content=\"2025-07-04T14:23:42+00:00\" \/>\n<meta property=\"og:image\" content=\"https:\/\/veritasinfo.org\/wp-content\/uploads\/2025\/07\/FB_IMG_1751638864558.jpg\" \/>\n\t<meta property=\"og:image:width\" content=\"768\" \/>\n\t<meta property=\"og:image:height\" content=\"807\" \/>\n\t<meta property=\"og:image:type\" content=\"image\/jpeg\" \/>\n<meta name=\"author\" content=\"admin\" \/>\n<meta name=\"twitter:card\" content=\"summary_large_image\" \/>\n<meta name=\"twitter:label1\" content=\"Written by\" \/>\n\t<meta name=\"twitter:data1\" content=\"admin\" \/>\n\t<meta name=\"twitter:label2\" content=\"Est. reading time\" \/>\n\t<meta name=\"twitter:data2\" content=\"1 minute\" \/>\n<script type=\"application\/ld+json\" class=\"yoast-schema-graph\">{\"@context\":\"https:\/\/schema.org\",\"@graph\":[{\"@type\":\"WebPage\",\"@id\":\"https:\/\/veritasinfo.org\/?p=2541\",\"url\":\"https:\/\/veritasinfo.org\/?p=2541\",\"name\":\"Murat Dernjani d\u00ebnohet me 20 vite burg p\u00ebr krime kund\u00ebr njer\u00ebzimit -\",\"isPartOf\":{\"@id\":\"https:\/\/veritasinfo.org\/#website\"},\"primaryImageOfPage\":{\"@id\":\"https:\/\/veritasinfo.org\/?p=2541#primaryimage\"},\"image\":{\"@id\":\"https:\/\/veritasinfo.org\/?p=2541#primaryimage\"},\"thumbnailUrl\":\"https:\/\/veritasinfo.org\/wp-content\/uploads\/2025\/07\/FB_IMG_1751638864558.jpg\",\"datePublished\":\"2025-07-04T14:23:42+00:00\",\"author\":{\"@id\":\"https:\/\/veritasinfo.org\/#\/schema\/person\/7701f8c088bece422266b100a712374f\"},\"breadcrumb\":{\"@id\":\"https:\/\/veritasinfo.org\/?p=2541#breadcrumb\"},\"inLanguage\":\"en-US\",\"potentialAction\":[{\"@type\":\"ReadAction\",\"target\":[\"https:\/\/veritasinfo.org\/?p=2541\"]}]},{\"@type\":\"ImageObject\",\"inLanguage\":\"en-US\",\"@id\":\"https:\/\/veritasinfo.org\/?p=2541#primaryimage\",\"url\":\"https:\/\/veritasinfo.org\/wp-content\/uploads\/2025\/07\/FB_IMG_1751638864558.jpg\",\"contentUrl\":\"https:\/\/veritasinfo.org\/wp-content\/uploads\/2025\/07\/FB_IMG_1751638864558.jpg\",\"width\":768,\"height\":807},{\"@type\":\"BreadcrumbList\",\"@id\":\"https:\/\/veritasinfo.org\/?p=2541#breadcrumb\",\"itemListElement\":[{\"@type\":\"ListItem\",\"position\":1,\"name\":\"Home\",\"item\":\"https:\/\/veritasinfo.org\/\"},{\"@type\":\"ListItem\",\"position\":2,\"name\":\"Murat Dernjani d\u00ebnohet me 20 vite burg p\u00ebr krime kund\u00ebr njer\u00ebzimit\"}]},{\"@type\":\"WebSite\",\"@id\":\"https:\/\/veritasinfo.org\/#website\",\"url\":\"https:\/\/veritasinfo.org\/\",\"name\":\"\",\"description\":\"\",\"potentialAction\":[{\"@type\":\"SearchAction\",\"target\":{\"@type\":\"EntryPoint\",\"urlTemplate\":\"https:\/\/veritasinfo.org\/?s={search_term_string}\"},\"query-input\":{\"@type\":\"PropertyValueSpecification\",\"valueRequired\":true,\"valueName\":\"search_term_string\"}}],\"inLanguage\":\"en-US\"},{\"@type\":\"Person\",\"@id\":\"https:\/\/veritasinfo.org\/#\/schema\/person\/7701f8c088bece422266b100a712374f\",\"name\":\"admin\",\"image\":{\"@type\":\"ImageObject\",\"inLanguage\":\"en-US\",\"@id\":\"https:\/\/veritasinfo.org\/#\/schema\/person\/image\/\",\"url\":\"https:\/\/secure.gravatar.com\/avatar\/ea53aa3bf6c9a12d5fde8ce4deff43fef3885ae33cf60184161a50d6987cfd2f?s=96&d=mm&r=g\",\"contentUrl\":\"https:\/\/secure.gravatar.com\/avatar\/ea53aa3bf6c9a12d5fde8ce4deff43fef3885ae33cf60184161a50d6987cfd2f?s=96&d=mm&r=g\",\"caption\":\"admin\"},\"sameAs\":[\"https:\/\/veritasinfo.org\"],\"url\":\"https:\/\/veritasinfo.org\/?author=1\"}]}<\/script>\n<!-- \/ Yoast SEO plugin. -->","yoast_head_json":{"title":"Murat Dernjani d\u00ebnohet me 20 vite burg p\u00ebr krime kund\u00ebr njer\u00ebzimit -","robots":{"index":"index","follow":"follow","max-snippet":"max-snippet:-1","max-image-preview":"max-image-preview:large","max-video-preview":"max-video-preview:-1"},"canonical":"https:\/\/veritasinfo.org\/?p=2541","og_locale":"en_US","og_type":"article","og_title":"Murat Dernjani d\u00ebnohet me 20 vite burg p\u00ebr krime kund\u00ebr njer\u00ebzimit -","og_description":"Murat Dernjani d\u00ebnohet me 20 vite burg p\u00ebr krime kund\u00ebr njer\u00ebzimit Sot, n\u00eb Gjykat\u00ebn Themelore n\u00eb Prishtin\u00eb u shpall d\u00ebnimi ndaj Murat Dernjanit, i cili","og_url":"https:\/\/veritasinfo.org\/?p=2541","article_published_time":"2025-07-04T14:23:42+00:00","og_image":[{"width":768,"height":807,"url":"https:\/\/veritasinfo.org\/wp-content\/uploads\/2025\/07\/FB_IMG_1751638864558.jpg","type":"image\/jpeg"}],"author":"admin","twitter_card":"summary_large_image","twitter_misc":{"Written by":"admin","Est. reading time":"1 minute"},"schema":{"@context":"https:\/\/schema.org","@graph":[{"@type":"WebPage","@id":"https:\/\/veritasinfo.org\/?p=2541","url":"https:\/\/veritasinfo.org\/?p=2541","name":"Murat Dernjani d\u00ebnohet me 20 vite burg p\u00ebr krime kund\u00ebr njer\u00ebzimit -","isPartOf":{"@id":"https:\/\/veritasinfo.org\/#website"},"primaryImageOfPage":{"@id":"https:\/\/veritasinfo.org\/?p=2541#primaryimage"},"image":{"@id":"https:\/\/veritasinfo.org\/?p=2541#primaryimage"},"thumbnailUrl":"https:\/\/veritasinfo.org\/wp-content\/uploads\/2025\/07\/FB_IMG_1751638864558.jpg","datePublished":"2025-07-04T14:23:42+00:00","author":{"@id":"https:\/\/veritasinfo.org\/#\/schema\/person\/7701f8c088bece422266b100a712374f"},"breadcrumb":{"@id":"https:\/\/veritasinfo.org\/?p=2541#breadcrumb"},"inLanguage":"en-US","potentialAction":[{"@type":"ReadAction","target":["https:\/\/veritasinfo.org\/?p=2541"]}]},{"@type":"ImageObject","inLanguage":"en-US","@id":"https:\/\/veritasinfo.org\/?p=2541#primaryimage","url":"https:\/\/veritasinfo.org\/wp-content\/uploads\/2025\/07\/FB_IMG_1751638864558.jpg","contentUrl":"https:\/\/veritasinfo.org\/wp-content\/uploads\/2025\/07\/FB_IMG_1751638864558.jpg","width":768,"height":807},{"@type":"BreadcrumbList","@id":"https:\/\/veritasinfo.org\/?p=2541#breadcrumb","itemListElement":[{"@type":"ListItem","position":1,"name":"Home","item":"https:\/\/veritasinfo.org\/"},{"@type":"ListItem","position":2,"name":"Murat Dernjani d\u00ebnohet me 20 vite burg p\u00ebr krime kund\u00ebr njer\u00ebzimit"}]},{"@type":"WebSite","@id":"https:\/\/veritasinfo.org\/#website","url":"https:\/\/veritasinfo.org\/","name":"","description":"","potentialAction":[{"@type":"SearchAction","target":{"@type":"EntryPoint","urlTemplate":"https:\/\/veritasinfo.org\/?s={search_term_string}"},"query-input":{"@type":"PropertyValueSpecification","valueRequired":true,"valueName":"search_term_string"}}],"inLanguage":"en-US"},{"@type":"Person","@id":"https:\/\/veritasinfo.org\/#\/schema\/person\/7701f8c088bece422266b100a712374f","name":"admin","image":{"@type":"ImageObject","inLanguage":"en-US","@id":"https:\/\/veritasinfo.org\/#\/schema\/person\/image\/","url":"https:\/\/secure.gravatar.com\/avatar\/ea53aa3bf6c9a12d5fde8ce4deff43fef3885ae33cf60184161a50d6987cfd2f?s=96&d=mm&r=g","contentUrl":"https:\/\/secure.gravatar.com\/avatar\/ea53aa3bf6c9a12d5fde8ce4deff43fef3885ae33cf60184161a50d6987cfd2f?s=96&d=mm&r=g","caption":"admin"},"sameAs":["https:\/\/veritasinfo.org"],"url":"https:\/\/veritasinfo.org\/?author=1"}]}},"featured_image_urls":{"full":["https:\/\/veritasinfo.org\/wp-content\/uploads\/2025\/07\/FB_IMG_1751638864558.jpg",768,807,false],"thumbnail":["https:\/\/veritasinfo.org\/wp-content\/uploads\/2025\/07\/FB_IMG_1751638864558-150x150.jpg",150,150,true],"medium":["https:\/\/veritasinfo.org\/wp-content\/uploads\/2025\/07\/FB_IMG_1751638864558-286x300.jpg",286,300,true],"medium_large":["https:\/\/veritasinfo.org\/wp-content\/uploads\/2025\/07\/FB_IMG_1751638864558.jpg",640,673,false],"large":["https:\/\/veritasinfo.org\/wp-content\/uploads\/2025\/07\/FB_IMG_1751638864558.jpg",640,673,false],"1536x1536":["https:\/\/veritasinfo.org\/wp-content\/uploads\/2025\/07\/FB_IMG_1751638864558.jpg",768,807,false],"2048x2048":["https:\/\/veritasinfo.org\/wp-content\/uploads\/2025\/07\/FB_IMG_1751638864558.jpg",768,807,false],"kreeti-slider-full":["https:\/\/veritasinfo.org\/wp-content\/uploads\/2025\/07\/FB_IMG_1751638864558.jpg",685,720,false],"kreeti-featured":["https:\/\/veritasinfo.org\/wp-content\/uploads\/2025\/07\/FB_IMG_1751638864558.jpg",768,807,false],"kreeti-medium":["https:\/\/veritasinfo.org\/wp-content\/uploads\/2025\/07\/FB_IMG_1751638864558.jpg",504,530,false],"kreeti-medium-square":["https:\/\/veritasinfo.org\/wp-content\/uploads\/2025\/07\/FB_IMG_1751638864558.jpg",333,350,false]},"author_info":{"info":["admin"]},"category_info":"<a href=\"https:\/\/veritasinfo.org\/?cat=60\" rel=\"category\">Shoq\u00ebrore<\/a>","tag_info":"Shoq\u00ebrore","comment_count":"0","_links":{"self":[{"href":"https:\/\/veritasinfo.org\/index.php?rest_route=\/wp\/v2\/posts\/2541","targetHints":{"allow":["GET"]}}],"collection":[{"href":"https:\/\/veritasinfo.org\/index.php?rest_route=\/wp\/v2\/posts"}],"about":[{"href":"https:\/\/veritasinfo.org\/index.php?rest_route=\/wp\/v2\/types\/post"}],"author":[{"embeddable":true,"href":"https:\/\/veritasinfo.org\/index.php?rest_route=\/wp\/v2\/users\/1"}],"replies":[{"embeddable":true,"href":"https:\/\/veritasinfo.org\/index.php?rest_route=%2Fwp%2Fv2%2Fcomments&post=2541"}],"version-history":[{"count":1,"href":"https:\/\/veritasinfo.org\/index.php?rest_route=\/wp\/v2\/posts\/2541\/revisions"}],"predecessor-version":[{"id":2542,"href":"https:\/\/veritasinfo.org\/index.php?rest_route=\/wp\/v2\/posts\/2541\/revisions\/2542"}],"wp:featuredmedia":[{"embeddable":true,"href":"https:\/\/veritasinfo.org\/index.php?rest_route=\/wp\/v2\/media\/2539"}],"wp:attachment":[{"href":"https:\/\/veritasinfo.org\/index.php?rest_route=%2Fwp%2Fv2%2Fmedia&parent=2541"}],"wp:term":[{"taxonomy":"category","embeddable":true,"href":"https:\/\/veritasinfo.org\/index.php?rest_route=%2Fwp%2Fv2%2Fcategories&post=2541"},{"taxonomy":"post_tag","embeddable":true,"href":"https:\/\/veritasinfo.org\/index.php?rest_route=%2Fwp%2Fv2%2Ftags&post=2541"}],"curies":[{"name":"wp","href":"https:\/\/api.w.org\/{rel}","templated":true}]}}