{"id":25408,"date":"2025-12-24T14:35:35","date_gmt":"2025-12-24T13:35:35","guid":{"rendered":"https:\/\/veritasinfo.org\/?p=25408"},"modified":"2025-12-24T14:35:35","modified_gmt":"2025-12-24T13:35:35","slug":"akuza-te-reja-ndaj-vuciqit-margetiq-publikon-pamje-nga-rrethimi-i-sarajeves-a-a","status":"publish","type":"post","link":"https:\/\/veritasinfo.org\/?p=25408","title":{"rendered":"Akuza t\u00eb reja ndaj Vu\u00e7iqit &#8211; Margetiq publikon pamje nga rrethimi i Sarajev\u00ebs A A"},"content":{"rendered":"<p>Prishtin\u00eb 24 Dhjetor 2025 14:34<\/p>\n<p>Gazetari hulumtues kroat, Domagoj Margetiq, ka publikuar nj\u00eb video t\u00eb re n\u00eb rrjetet sociale, ku ngre akuza t\u00eb r\u00ebnda ndaj presidentit t\u00eb Serbis\u00eb, Aleksandar Vu\u00e7iq, lidhur me ngjarjet gjat\u00eb rrethimit t\u00eb Sarajev\u00ebs n\u00eb vitet \u201990.<\/p>\n<p>N\u00eb k\u00ebt\u00eb video, Margetiq p\u00ebrfshin pamje t\u00eb nj\u00eb f\u00ebmije t\u00eb vrar\u00eb gjat\u00eb rrethimit t\u00eb qytetit, duke pretenduar se Vu\u00e7iq ndodhej n\u00eb at\u00eb periudh\u00eb n\u00eb Sarajev\u00eb, n\u00eb pozicione nga t\u00eb cilat vepronin snajperist\u00ebt q\u00eb godisnin civil\u00eb.<\/p>\n<p>\u201cVideoja p\u00ebrmban fotografin\u00eb e nj\u00eb djali t\u00eb vrar\u00eb n\u00eb Sarajev\u00eb, n\u00eb koh\u00ebn kur n\u00eb pozicionet snajperiste ndodhej Aleksandar Vu\u00e7iq dhe nj\u00ebsia n\u00ebn komand\u00ebn e Slavko Aleksiqit, s\u00eb cil\u00ebs Vu\u00e7iq i p\u00ebrkiste si vullnetar,\u201d shkruan Margetiq.<\/p>\n<p>Gazetari kroat rendit disa pika q\u00eb sipas tij p\u00ebrb\u00ebjn\u00eb fakte. \u201cAleksandar Vu\u00e7iq ishte atje n\u00eb koh\u00ebn kur po kryheshin k\u00ebto vrasje me snajper. Ai ishte pjes\u00ebtar i nj\u00ebsis\u00eb q\u00eb mbante civil\u00ebt n\u00ebn rrethim dhe organizonte \u2018safari njer\u00ebzore\u2019,\u201d thuhet n\u00eb statusin e tij.<\/p>\n<p>Margetiq shton se Vu\u00e7iq ndodhej n\u00eb pozicione nga t\u00eb cilat goditeshin civil\u00eb, p\u00ebrfshir\u00eb edhe f\u00ebmij\u00eb. \u201cAi ishte n\u00eb pozicionet ku ndodheshin folet\u00eb snajperiste nga t\u00eb cilat u vran\u00eb civil\u00eb, p\u00ebrfshir\u00eb edhe f\u00ebmij\u00eb,\u201d thekson gazetari.<\/p>\n<p>Duke iu referuar asaj q\u00eb e quan analiz\u00eb kriminalistike, Margetiq thot\u00eb se Vu\u00e7iq, nga k\u00ebndv\u00ebshtrimi kriminalistik, ishte n\u00eb koh\u00ebn dhe vendin e krimit \u2013 prandaj \u00ebsht\u00eb ose kryer\u00ebs, ose bashk\u00ebkryer\u00ebs.<\/p>\n<p>Gazetari thekson se k\u00ebto deklarata dhe fakte jan\u00eb p\u00ebrmendur gjat\u00eb viteve \u201990 dhe fillimit t\u00eb viteve 2000 edhe nga vet\u00eb Vu\u00e7iq, ose nga bashk\u00ebpun\u00ebtor\u00eb dhe d\u00ebshmitar\u00eb t\u00eb af\u00ebrt me t\u00eb. Videoja e publikuar p\u00ebrdoret p\u00ebr t\u00eb ilustruar akuzat e ngritura ndaj presidentit serb.<\/p>\n","protected":false},"excerpt":{"rendered":"<p>Prishtin\u00eb 24 Dhjetor 2025 14:34 Gazetari hulumtues kroat, Domagoj Margetiq, ka publikuar nj\u00eb video t\u00eb re n\u00eb rrjetet sociale, ku ngre akuza t\u00eb r\u00ebnda ndaj<\/p>\n","protected":false},"author":6,"featured_media":25409,"comment_status":"open","ping_status":"open","sticky":false,"template":"","format":"standard","meta":{"footnotes":""},"categories":[58],"tags":[],"class_list":["post-25408","post","type-post","status-publish","format-standard","has-post-thumbnail","hentry","category-politike-sq"],"yoast_head":"<!-- This site is optimized with the Yoast SEO plugin v25.3.1 - https:\/\/yoast.com\/wordpress\/plugins\/seo\/ -->\n<title>Akuza t\u00eb reja ndaj Vu\u00e7iqit - Margetiq publikon pamje nga rrethimi i Sarajev\u00ebs A A -<\/title>\n<meta name=\"robots\" content=\"index, follow, max-snippet:-1, max-image-preview:large, max-video-preview:-1\" \/>\n<link rel=\"canonical\" href=\"https:\/\/veritasinfo.org\/?p=25408\" \/>\n<meta property=\"og:locale\" content=\"en_US\" \/>\n<meta property=\"og:type\" content=\"article\" \/>\n<meta property=\"og:title\" content=\"Akuza t\u00eb reja ndaj Vu\u00e7iqit - Margetiq publikon pamje nga rrethimi i Sarajev\u00ebs A A -\" \/>\n<meta property=\"og:description\" content=\"Prishtin\u00eb 24 Dhjetor 2025 14:34 Gazetari hulumtues kroat, Domagoj Margetiq, ka publikuar nj\u00eb video t\u00eb re n\u00eb rrjetet sociale, ku ngre akuza t\u00eb r\u00ebnda ndaj\" \/>\n<meta property=\"og:url\" content=\"https:\/\/veritasinfo.org\/?p=25408\" \/>\n<meta property=\"article:published_time\" content=\"2025-12-24T13:35:35+00:00\" \/>\n<meta property=\"og:image\" content=\"https:\/\/veritasinfo.org\/wp-content\/uploads\/2025\/12\/IMG-20251224-WA0000.jpg\" \/>\n\t<meta property=\"og:image:width\" content=\"600\" \/>\n\t<meta property=\"og:image:height\" content=\"360\" \/>\n\t<meta property=\"og:image:type\" content=\"image\/jpeg\" \/>\n<meta name=\"author\" content=\"US5\" \/>\n<meta name=\"twitter:card\" content=\"summary_large_image\" \/>\n<meta name=\"twitter:label1\" content=\"Written by\" \/>\n\t<meta name=\"twitter:data1\" content=\"US5\" \/>\n\t<meta name=\"twitter:label2\" content=\"Est. reading time\" \/>\n\t<meta name=\"twitter:data2\" content=\"1 minute\" \/>\n<script type=\"application\/ld+json\" class=\"yoast-schema-graph\">{\"@context\":\"https:\/\/schema.org\",\"@graph\":[{\"@type\":\"WebPage\",\"@id\":\"https:\/\/veritasinfo.org\/?p=25408\",\"url\":\"https:\/\/veritasinfo.org\/?p=25408\",\"name\":\"Akuza t\u00eb reja ndaj Vu\u00e7iqit - Margetiq publikon pamje nga rrethimi i Sarajev\u00ebs A A -\",\"isPartOf\":{\"@id\":\"https:\/\/veritasinfo.org\/#website\"},\"primaryImageOfPage\":{\"@id\":\"https:\/\/veritasinfo.org\/?p=25408#primaryimage\"},\"image\":{\"@id\":\"https:\/\/veritasinfo.org\/?p=25408#primaryimage\"},\"thumbnailUrl\":\"https:\/\/veritasinfo.org\/wp-content\/uploads\/2025\/12\/IMG-20251224-WA0000.jpg\",\"datePublished\":\"2025-12-24T13:35:35+00:00\",\"author\":{\"@id\":\"https:\/\/veritasinfo.org\/#\/schema\/person\/bc442336e35414d04494ab8fb45db4c6\"},\"breadcrumb\":{\"@id\":\"https:\/\/veritasinfo.org\/?p=25408#breadcrumb\"},\"inLanguage\":\"en-US\",\"potentialAction\":[{\"@type\":\"ReadAction\",\"target\":[\"https:\/\/veritasinfo.org\/?p=25408\"]}]},{\"@type\":\"ImageObject\",\"inLanguage\":\"en-US\",\"@id\":\"https:\/\/veritasinfo.org\/?p=25408#primaryimage\",\"url\":\"https:\/\/veritasinfo.org\/wp-content\/uploads\/2025\/12\/IMG-20251224-WA0000.jpg\",\"contentUrl\":\"https:\/\/veritasinfo.org\/wp-content\/uploads\/2025\/12\/IMG-20251224-WA0000.jpg\",\"width\":600,\"height\":360},{\"@type\":\"BreadcrumbList\",\"@id\":\"https:\/\/veritasinfo.org\/?p=25408#breadcrumb\",\"itemListElement\":[{\"@type\":\"ListItem\",\"position\":1,\"name\":\"Home\",\"item\":\"https:\/\/veritasinfo.org\/\"},{\"@type\":\"ListItem\",\"position\":2,\"name\":\"Akuza t\u00eb reja ndaj Vu\u00e7iqit &#8211; Margetiq publikon pamje nga rrethimi i Sarajev\u00ebs A A\"}]},{\"@type\":\"WebSite\",\"@id\":\"https:\/\/veritasinfo.org\/#website\",\"url\":\"https:\/\/veritasinfo.org\/\",\"name\":\"\",\"description\":\"\",\"potentialAction\":[{\"@type\":\"SearchAction\",\"target\":{\"@type\":\"EntryPoint\",\"urlTemplate\":\"https:\/\/veritasinfo.org\/?s={search_term_string}\"},\"query-input\":{\"@type\":\"PropertyValueSpecification\",\"valueRequired\":true,\"valueName\":\"search_term_string\"}}],\"inLanguage\":\"en-US\"},{\"@type\":\"Person\",\"@id\":\"https:\/\/veritasinfo.org\/#\/schema\/person\/bc442336e35414d04494ab8fb45db4c6\",\"name\":\"US5\",\"image\":{\"@type\":\"ImageObject\",\"inLanguage\":\"en-US\",\"@id\":\"https:\/\/veritasinfo.org\/#\/schema\/person\/image\/\",\"url\":\"https:\/\/secure.gravatar.com\/avatar\/16a61e7272a0c5d001121ebb9e60e925d5816e4ac1e443ed3e640d9a6ae55d0c?s=96&d=mm&r=g\",\"contentUrl\":\"https:\/\/secure.gravatar.com\/avatar\/16a61e7272a0c5d001121ebb9e60e925d5816e4ac1e443ed3e640d9a6ae55d0c?s=96&d=mm&r=g\",\"caption\":\"US5\"},\"url\":\"https:\/\/veritasinfo.org\/?author=6\"}]}<\/script>\n<!-- \/ Yoast SEO plugin. -->","yoast_head_json":{"title":"Akuza t\u00eb reja ndaj Vu\u00e7iqit - Margetiq publikon pamje nga rrethimi i Sarajev\u00ebs A A -","robots":{"index":"index","follow":"follow","max-snippet":"max-snippet:-1","max-image-preview":"max-image-preview:large","max-video-preview":"max-video-preview:-1"},"canonical":"https:\/\/veritasinfo.org\/?p=25408","og_locale":"en_US","og_type":"article","og_title":"Akuza t\u00eb reja ndaj Vu\u00e7iqit - Margetiq publikon pamje nga rrethimi i Sarajev\u00ebs A A -","og_description":"Prishtin\u00eb 24 Dhjetor 2025 14:34 Gazetari hulumtues kroat, Domagoj Margetiq, ka publikuar nj\u00eb video t\u00eb re n\u00eb rrjetet sociale, ku ngre akuza t\u00eb r\u00ebnda ndaj","og_url":"https:\/\/veritasinfo.org\/?p=25408","article_published_time":"2025-12-24T13:35:35+00:00","og_image":[{"width":600,"height":360,"url":"https:\/\/veritasinfo.org\/wp-content\/uploads\/2025\/12\/IMG-20251224-WA0000.jpg","type":"image\/jpeg"}],"author":"US5","twitter_card":"summary_large_image","twitter_misc":{"Written by":"US5","Est. reading time":"1 minute"},"schema":{"@context":"https:\/\/schema.org","@graph":[{"@type":"WebPage","@id":"https:\/\/veritasinfo.org\/?p=25408","url":"https:\/\/veritasinfo.org\/?p=25408","name":"Akuza t\u00eb reja ndaj Vu\u00e7iqit - Margetiq publikon pamje nga rrethimi i Sarajev\u00ebs A A -","isPartOf":{"@id":"https:\/\/veritasinfo.org\/#website"},"primaryImageOfPage":{"@id":"https:\/\/veritasinfo.org\/?p=25408#primaryimage"},"image":{"@id":"https:\/\/veritasinfo.org\/?p=25408#primaryimage"},"thumbnailUrl":"https:\/\/veritasinfo.org\/wp-content\/uploads\/2025\/12\/IMG-20251224-WA0000.jpg","datePublished":"2025-12-24T13:35:35+00:00","author":{"@id":"https:\/\/veritasinfo.org\/#\/schema\/person\/bc442336e35414d04494ab8fb45db4c6"},"breadcrumb":{"@id":"https:\/\/veritasinfo.org\/?p=25408#breadcrumb"},"inLanguage":"en-US","potentialAction":[{"@type":"ReadAction","target":["https:\/\/veritasinfo.org\/?p=25408"]}]},{"@type":"ImageObject","inLanguage":"en-US","@id":"https:\/\/veritasinfo.org\/?p=25408#primaryimage","url":"https:\/\/veritasinfo.org\/wp-content\/uploads\/2025\/12\/IMG-20251224-WA0000.jpg","contentUrl":"https:\/\/veritasinfo.org\/wp-content\/uploads\/2025\/12\/IMG-20251224-WA0000.jpg","width":600,"height":360},{"@type":"BreadcrumbList","@id":"https:\/\/veritasinfo.org\/?p=25408#breadcrumb","itemListElement":[{"@type":"ListItem","position":1,"name":"Home","item":"https:\/\/veritasinfo.org\/"},{"@type":"ListItem","position":2,"name":"Akuza t\u00eb reja ndaj Vu\u00e7iqit &#8211; Margetiq publikon pamje nga rrethimi i Sarajev\u00ebs A A"}]},{"@type":"WebSite","@id":"https:\/\/veritasinfo.org\/#website","url":"https:\/\/veritasinfo.org\/","name":"","description":"","potentialAction":[{"@type":"SearchAction","target":{"@type":"EntryPoint","urlTemplate":"https:\/\/veritasinfo.org\/?s={search_term_string}"},"query-input":{"@type":"PropertyValueSpecification","valueRequired":true,"valueName":"search_term_string"}}],"inLanguage":"en-US"},{"@type":"Person","@id":"https:\/\/veritasinfo.org\/#\/schema\/person\/bc442336e35414d04494ab8fb45db4c6","name":"US5","image":{"@type":"ImageObject","inLanguage":"en-US","@id":"https:\/\/veritasinfo.org\/#\/schema\/person\/image\/","url":"https:\/\/secure.gravatar.com\/avatar\/16a61e7272a0c5d001121ebb9e60e925d5816e4ac1e443ed3e640d9a6ae55d0c?s=96&d=mm&r=g","contentUrl":"https:\/\/secure.gravatar.com\/avatar\/16a61e7272a0c5d001121ebb9e60e925d5816e4ac1e443ed3e640d9a6ae55d0c?s=96&d=mm&r=g","caption":"US5"},"url":"https:\/\/veritasinfo.org\/?author=6"}]}},"featured_image_urls":{"full":["https:\/\/veritasinfo.org\/wp-content\/uploads\/2025\/12\/IMG-20251224-WA0000.jpg",600,360,false],"thumbnail":["https:\/\/veritasinfo.org\/wp-content\/uploads\/2025\/12\/IMG-20251224-WA0000-150x150.jpg",150,150,true],"medium":["https:\/\/veritasinfo.org\/wp-content\/uploads\/2025\/12\/IMG-20251224-WA0000-300x180.jpg",300,180,true],"medium_large":["https:\/\/veritasinfo.org\/wp-content\/uploads\/2025\/12\/IMG-20251224-WA0000.jpg",600,360,false],"large":["https:\/\/veritasinfo.org\/wp-content\/uploads\/2025\/12\/IMG-20251224-WA0000.jpg",600,360,false],"1536x1536":["https:\/\/veritasinfo.org\/wp-content\/uploads\/2025\/12\/IMG-20251224-WA0000.jpg",600,360,false],"2048x2048":["https:\/\/veritasinfo.org\/wp-content\/uploads\/2025\/12\/IMG-20251224-WA0000.jpg",600,360,false],"kreeti-slider-full":["https:\/\/veritasinfo.org\/wp-content\/uploads\/2025\/12\/IMG-20251224-WA0000.jpg",600,360,false],"kreeti-featured":["https:\/\/veritasinfo.org\/wp-content\/uploads\/2025\/12\/IMG-20251224-WA0000.jpg",600,360,false],"kreeti-medium":["https:\/\/veritasinfo.org\/wp-content\/uploads\/2025\/12\/IMG-20251224-WA0000.jpg",600,360,false],"kreeti-medium-square":["https:\/\/veritasinfo.org\/wp-content\/uploads\/2025\/12\/IMG-20251224-WA0000.jpg",350,210,false]},"author_info":{"info":["US5"]},"category_info":"<a href=\"https:\/\/veritasinfo.org\/?cat=58\" rel=\"category\">Politik\u00eb<\/a>","tag_info":"Politik\u00eb","comment_count":"0","_links":{"self":[{"href":"https:\/\/veritasinfo.org\/index.php?rest_route=\/wp\/v2\/posts\/25408","targetHints":{"allow":["GET"]}}],"collection":[{"href":"https:\/\/veritasinfo.org\/index.php?rest_route=\/wp\/v2\/posts"}],"about":[{"href":"https:\/\/veritasinfo.org\/index.php?rest_route=\/wp\/v2\/types\/post"}],"author":[{"embeddable":true,"href":"https:\/\/veritasinfo.org\/index.php?rest_route=\/wp\/v2\/users\/6"}],"replies":[{"embeddable":true,"href":"https:\/\/veritasinfo.org\/index.php?rest_route=%2Fwp%2Fv2%2Fcomments&post=25408"}],"version-history":[{"count":1,"href":"https:\/\/veritasinfo.org\/index.php?rest_route=\/wp\/v2\/posts\/25408\/revisions"}],"predecessor-version":[{"id":25410,"href":"https:\/\/veritasinfo.org\/index.php?rest_route=\/wp\/v2\/posts\/25408\/revisions\/25410"}],"wp:featuredmedia":[{"embeddable":true,"href":"https:\/\/veritasinfo.org\/index.php?rest_route=\/wp\/v2\/media\/25409"}],"wp:attachment":[{"href":"https:\/\/veritasinfo.org\/index.php?rest_route=%2Fwp%2Fv2%2Fmedia&parent=25408"}],"wp:term":[{"taxonomy":"category","embeddable":true,"href":"https:\/\/veritasinfo.org\/index.php?rest_route=%2Fwp%2Fv2%2Fcategories&post=25408"},{"taxonomy":"post_tag","embeddable":true,"href":"https:\/\/veritasinfo.org\/index.php?rest_route=%2Fwp%2Fv2%2Ftags&post=25408"}],"curies":[{"name":"wp","href":"https:\/\/api.w.org\/{rel}","templated":true}]}}