{"id":25403,"date":"2025-12-24T13:28:00","date_gmt":"2025-12-24T12:28:00","guid":{"rendered":"https:\/\/veritasinfo.org\/?p=25403"},"modified":"2025-12-24T13:28:00","modified_gmt":"2025-12-24T12:28:00","slug":"kurti-i-veshtire-normalizimi-i-marredhenieve-me-regjim-autoritar-ne-serbi","status":"publish","type":"post","link":"https:\/\/veritasinfo.org\/?p=25403","title":{"rendered":"Kurti: I v\u00ebshtir\u00eb normalizimi i marr\u00ebdh\u00ebnieve me regjim autoritar n\u00eb Serbi"},"content":{"rendered":"<p>Prishtin\u00eb 24 Dhjetor 2025 13:27<\/p>\n<p>Kosova dhe Serbia duhet t\u2019i \u201cnormalizojn\u00eb\u201d marr\u00ebdh\u00ebniet, tha t\u00eb m\u00ebrkur\u00ebn p\u00ebr AFP kryeministri n\u00eb detyr\u00eb i Kosov\u00ebs, Albin Kurti, disa dit\u00eb p\u00ebrpara zgjedhjeve legjislative, n\u00eb t\u00eb cilat ai synon ta zgjas\u00eb mandatin e tij me mb\u00ebshtetje m\u00eb t\u00eb fort\u00eb.<\/p>\n<p>\u201cNe duhet t\u2019i normalizojm\u00eb marr\u00ebdh\u00ebniet me Serbin\u00eb,\u201d tha Kurti. \u201cPor normalizimi i marr\u00ebdh\u00ebnieve me nj\u00eb regjim autoritar fqinj q\u00eb nuk t\u00eb njeh dhe q\u00eb gjithashtu nuk i pranon krimet e kryera gjat\u00eb luft\u00ebs, \u00ebsht\u00eb mjaft i v\u00ebshtir\u00eb,\u201d shtoi ai p\u00ebr AFP.<\/p>\n<p>Tensionet mes dy fqinj\u00ebve jan\u00eb rregullisht t\u00eb larta dhe nj\u00eb shp\u00ebrthim i ri i trazirave do t\u2019i jepte Rusis\u00eb mjete p\u00ebr ta destabilizuar vendin e tij.<\/p>\n<p>\u201cNe kemi nj\u00eb marr\u00ebveshje p\u00ebr normalizim,\u201d tha Kurti, duke iu referuar marr\u00ebveshjes s\u00eb n\u00ebnshkruar n\u00ebn nd\u00ebrmjet\u00ebsimin e Bashkimit Evropian n\u00eb vitin 2023.<\/p>\n<p>\u201cDuhet ta zbatojm\u00eb at\u00eb, gj\u00eb q\u00eb n\u00ebnkupton njohje reciproke mes shteteve, t\u00eb pakt\u00ebn njohje de facto.\u201d<\/p>\n<p>Por p\u00ebr t\u00eb rifilluar dialogun, Serbia \u201cduhet ta dor\u00ebzoj\u00eb Milan Radoi\u00e7i\u00e7in,\u201d nj\u00eb serb i akuzuar p\u00ebr planifikimin e nj\u00eb sulmi n\u00eb veri t\u00eb Kosov\u00ebs n\u00eb vitin 2023, pohoi Kurti, duke shpresuar q\u00eb \u201cBE-ja, Franca dhe Gjermania do t\u00eb ushtrojn\u00eb presion\u201d mbi Beogradin q\u00eb ta b\u00ebj\u00eb k\u00ebt\u00eb.<\/p>\n<p>Hija ruse, marr\u00ebdh\u00ebniet me SHBA-n\u00eb<\/p>\n<p>Hija e Rusis\u00eb r\u00ebndon gjithashtu mbi marr\u00ebdh\u00ebniet me Serbin\u00eb, e cila nuk i ka shk\u00ebputur kurr\u00eb lidhjet me Mosk\u00ebn dhe nga e cila varet p\u00ebr nevojat energjetike.<\/p>\n<p>\u201cKa shum\u00eb lidhje\u201d mes dy vendeve, tha Kurti, dhe n\u00ebse Rusia do t\u00eb vendoste ta destabilizonte rajonin, \u201cn\u00eb marshimin e saj drejt Evrop\u00ebs Per\u00ebndimore, ajo mund t\u00eb llogaris\u00eb te Serbia si aleate. Dhe kjo \u00ebsht\u00eb shqet\u00ebsuese p\u00ebr vendin ton\u00eb. Por ne po punojm\u00eb me partner\u00ebt tan\u00eb p\u00ebr ta parandaluar k\u00ebt\u00eb.\u201d<\/p>\n<p>Kosova, e cila shpreson t\u2019i bashkohet NATO-s, ka forcuar gjithashtu marr\u00ebdh\u00ebniet me Uashingtonin muajt e fundit, duke hequr tarifat p\u00ebr produktet amerikane dhe duke r\u00ebn\u00eb dakord t\u00eb pranoj\u00eb deri n\u00eb 50 migrant\u00eb nga vende t\u00eb treta t\u00eb d\u00ebbuar nga Shtetet e Bashkuara. Deri tani, vet\u00ebm nj\u00eb ka mb\u00ebrritur.<\/p>\n<p>\u201cNuk po k\u00ebrkojm\u00eb asnj\u00eb ndihm\u00eb financiare n\u00eb k\u00ebmbim,\u201d theksoi Kurti. \u201cNe po e b\u00ebjm\u00eb k\u00ebt\u00eb p\u00ebr t\u00eb ndihmuar Shtetet e Bashkuara, q\u00eb jan\u00eb partner, aleat, mik,\u201d shtoi Kurti, i cili nuk e p\u00ebrjashtoi mund\u00ebsin\u00eb e marr\u00ebveshjeve t\u00eb ngjashme me vendet evropiane.<\/p>\n<p>Ai foli edhe p\u00ebr zgjedhje. \u201cNa duhet nj\u00eb fitore vendimtare. N\u00eb shkurt fituam 42.3 p\u00ebr qind, dhe k\u00ebt\u00eb her\u00eb duam t\u00eb tejkalojm\u00eb 50 p\u00ebr qind,\u201d tha ai.<\/p>\n","protected":false},"excerpt":{"rendered":"<p>Prishtin\u00eb 24 Dhjetor 2025 13:27 Kosova dhe Serbia duhet t\u2019i \u201cnormalizojn\u00eb\u201d marr\u00ebdh\u00ebniet, tha t\u00eb m\u00ebrkur\u00ebn p\u00ebr AFP kryeministri n\u00eb detyr\u00eb i Kosov\u00ebs, Albin Kurti, disa<\/p>\n","protected":false},"author":6,"featured_media":25404,"comment_status":"open","ping_status":"open","sticky":false,"template":"","format":"standard","meta":{"footnotes":""},"categories":[58],"tags":[],"class_list":["post-25403","post","type-post","status-publish","format-standard","has-post-thumbnail","hentry","category-politike-sq"],"yoast_head":"<!-- This site is optimized with the Yoast SEO plugin v25.3.1 - https:\/\/yoast.com\/wordpress\/plugins\/seo\/ -->\n<title>Kurti: I v\u00ebshtir\u00eb normalizimi i marr\u00ebdh\u00ebnieve me regjim autoritar n\u00eb Serbi -<\/title>\n<meta name=\"robots\" content=\"index, follow, max-snippet:-1, max-image-preview:large, max-video-preview:-1\" \/>\n<link rel=\"canonical\" href=\"https:\/\/veritasinfo.org\/?p=25403\" \/>\n<meta property=\"og:locale\" content=\"en_US\" \/>\n<meta property=\"og:type\" content=\"article\" \/>\n<meta property=\"og:title\" content=\"Kurti: I v\u00ebshtir\u00eb normalizimi i marr\u00ebdh\u00ebnieve me regjim autoritar n\u00eb Serbi -\" \/>\n<meta property=\"og:description\" content=\"Prishtin\u00eb 24 Dhjetor 2025 13:27 Kosova dhe Serbia duhet t\u2019i \u201cnormalizojn\u00eb\u201d marr\u00ebdh\u00ebniet, tha t\u00eb m\u00ebrkur\u00ebn p\u00ebr AFP kryeministri n\u00eb detyr\u00eb i Kosov\u00ebs, Albin Kurti, disa\" \/>\n<meta property=\"og:url\" content=\"https:\/\/veritasinfo.org\/?p=25403\" \/>\n<meta property=\"article:published_time\" content=\"2025-12-24T12:28:00+00:00\" \/>\n<meta property=\"og:image\" content=\"https:\/\/veritasinfo.org\/wp-content\/uploads\/2025\/12\/712820-zeYIc5Myh3.jpg\" \/>\n\t<meta property=\"og:image:width\" content=\"780\" \/>\n\t<meta property=\"og:image:height\" content=\"500\" \/>\n\t<meta property=\"og:image:type\" content=\"image\/jpeg\" \/>\n<meta name=\"author\" content=\"US5\" \/>\n<meta name=\"twitter:card\" content=\"summary_large_image\" \/>\n<meta name=\"twitter:label1\" content=\"Written by\" \/>\n\t<meta name=\"twitter:data1\" content=\"US5\" \/>\n<script type=\"application\/ld+json\" class=\"yoast-schema-graph\">{\"@context\":\"https:\/\/schema.org\",\"@graph\":[{\"@type\":\"WebPage\",\"@id\":\"https:\/\/veritasinfo.org\/?p=25403\",\"url\":\"https:\/\/veritasinfo.org\/?p=25403\",\"name\":\"Kurti: I v\u00ebshtir\u00eb normalizimi i marr\u00ebdh\u00ebnieve me regjim autoritar n\u00eb Serbi -\",\"isPartOf\":{\"@id\":\"https:\/\/veritasinfo.org\/#website\"},\"primaryImageOfPage\":{\"@id\":\"https:\/\/veritasinfo.org\/?p=25403#primaryimage\"},\"image\":{\"@id\":\"https:\/\/veritasinfo.org\/?p=25403#primaryimage\"},\"thumbnailUrl\":\"https:\/\/veritasinfo.org\/wp-content\/uploads\/2025\/12\/712820-zeYIc5Myh3.jpg\",\"datePublished\":\"2025-12-24T12:28:00+00:00\",\"author\":{\"@id\":\"https:\/\/veritasinfo.org\/#\/schema\/person\/bc442336e35414d04494ab8fb45db4c6\"},\"breadcrumb\":{\"@id\":\"https:\/\/veritasinfo.org\/?p=25403#breadcrumb\"},\"inLanguage\":\"en-US\",\"potentialAction\":[{\"@type\":\"ReadAction\",\"target\":[\"https:\/\/veritasinfo.org\/?p=25403\"]}]},{\"@type\":\"ImageObject\",\"inLanguage\":\"en-US\",\"@id\":\"https:\/\/veritasinfo.org\/?p=25403#primaryimage\",\"url\":\"https:\/\/veritasinfo.org\/wp-content\/uploads\/2025\/12\/712820-zeYIc5Myh3.jpg\",\"contentUrl\":\"https:\/\/veritasinfo.org\/wp-content\/uploads\/2025\/12\/712820-zeYIc5Myh3.jpg\",\"width\":780,\"height\":500},{\"@type\":\"BreadcrumbList\",\"@id\":\"https:\/\/veritasinfo.org\/?p=25403#breadcrumb\",\"itemListElement\":[{\"@type\":\"ListItem\",\"position\":1,\"name\":\"Home\",\"item\":\"https:\/\/veritasinfo.org\/\"},{\"@type\":\"ListItem\",\"position\":2,\"name\":\"Kurti: I v\u00ebshtir\u00eb normalizimi i marr\u00ebdh\u00ebnieve me regjim autoritar n\u00eb Serbi\"}]},{\"@type\":\"WebSite\",\"@id\":\"https:\/\/veritasinfo.org\/#website\",\"url\":\"https:\/\/veritasinfo.org\/\",\"name\":\"\",\"description\":\"\",\"potentialAction\":[{\"@type\":\"SearchAction\",\"target\":{\"@type\":\"EntryPoint\",\"urlTemplate\":\"https:\/\/veritasinfo.org\/?s={search_term_string}\"},\"query-input\":{\"@type\":\"PropertyValueSpecification\",\"valueRequired\":true,\"valueName\":\"search_term_string\"}}],\"inLanguage\":\"en-US\"},{\"@type\":\"Person\",\"@id\":\"https:\/\/veritasinfo.org\/#\/schema\/person\/bc442336e35414d04494ab8fb45db4c6\",\"name\":\"US5\",\"image\":{\"@type\":\"ImageObject\",\"inLanguage\":\"en-US\",\"@id\":\"https:\/\/veritasinfo.org\/#\/schema\/person\/image\/\",\"url\":\"https:\/\/secure.gravatar.com\/avatar\/16a61e7272a0c5d001121ebb9e60e925d5816e4ac1e443ed3e640d9a6ae55d0c?s=96&d=mm&r=g\",\"contentUrl\":\"https:\/\/secure.gravatar.com\/avatar\/16a61e7272a0c5d001121ebb9e60e925d5816e4ac1e443ed3e640d9a6ae55d0c?s=96&d=mm&r=g\",\"caption\":\"US5\"},\"url\":\"https:\/\/veritasinfo.org\/?author=6\"}]}<\/script>\n<!-- \/ Yoast SEO plugin. -->","yoast_head_json":{"title":"Kurti: I v\u00ebshtir\u00eb normalizimi i marr\u00ebdh\u00ebnieve me regjim autoritar n\u00eb Serbi -","robots":{"index":"index","follow":"follow","max-snippet":"max-snippet:-1","max-image-preview":"max-image-preview:large","max-video-preview":"max-video-preview:-1"},"canonical":"https:\/\/veritasinfo.org\/?p=25403","og_locale":"en_US","og_type":"article","og_title":"Kurti: I v\u00ebshtir\u00eb normalizimi i marr\u00ebdh\u00ebnieve me regjim autoritar n\u00eb Serbi -","og_description":"Prishtin\u00eb 24 Dhjetor 2025 13:27 Kosova dhe Serbia duhet t\u2019i \u201cnormalizojn\u00eb\u201d marr\u00ebdh\u00ebniet, tha t\u00eb m\u00ebrkur\u00ebn p\u00ebr AFP kryeministri n\u00eb detyr\u00eb i Kosov\u00ebs, Albin Kurti, disa","og_url":"https:\/\/veritasinfo.org\/?p=25403","article_published_time":"2025-12-24T12:28:00+00:00","og_image":[{"width":780,"height":500,"url":"https:\/\/veritasinfo.org\/wp-content\/uploads\/2025\/12\/712820-zeYIc5Myh3.jpg","type":"image\/jpeg"}],"author":"US5","twitter_card":"summary_large_image","twitter_misc":{"Written by":"US5"},"schema":{"@context":"https:\/\/schema.org","@graph":[{"@type":"WebPage","@id":"https:\/\/veritasinfo.org\/?p=25403","url":"https:\/\/veritasinfo.org\/?p=25403","name":"Kurti: I v\u00ebshtir\u00eb normalizimi i marr\u00ebdh\u00ebnieve me regjim autoritar n\u00eb Serbi -","isPartOf":{"@id":"https:\/\/veritasinfo.org\/#website"},"primaryImageOfPage":{"@id":"https:\/\/veritasinfo.org\/?p=25403#primaryimage"},"image":{"@id":"https:\/\/veritasinfo.org\/?p=25403#primaryimage"},"thumbnailUrl":"https:\/\/veritasinfo.org\/wp-content\/uploads\/2025\/12\/712820-zeYIc5Myh3.jpg","datePublished":"2025-12-24T12:28:00+00:00","author":{"@id":"https:\/\/veritasinfo.org\/#\/schema\/person\/bc442336e35414d04494ab8fb45db4c6"},"breadcrumb":{"@id":"https:\/\/veritasinfo.org\/?p=25403#breadcrumb"},"inLanguage":"en-US","potentialAction":[{"@type":"ReadAction","target":["https:\/\/veritasinfo.org\/?p=25403"]}]},{"@type":"ImageObject","inLanguage":"en-US","@id":"https:\/\/veritasinfo.org\/?p=25403#primaryimage","url":"https:\/\/veritasinfo.org\/wp-content\/uploads\/2025\/12\/712820-zeYIc5Myh3.jpg","contentUrl":"https:\/\/veritasinfo.org\/wp-content\/uploads\/2025\/12\/712820-zeYIc5Myh3.jpg","width":780,"height":500},{"@type":"BreadcrumbList","@id":"https:\/\/veritasinfo.org\/?p=25403#breadcrumb","itemListElement":[{"@type":"ListItem","position":1,"name":"Home","item":"https:\/\/veritasinfo.org\/"},{"@type":"ListItem","position":2,"name":"Kurti: I v\u00ebshtir\u00eb normalizimi i marr\u00ebdh\u00ebnieve me regjim autoritar n\u00eb Serbi"}]},{"@type":"WebSite","@id":"https:\/\/veritasinfo.org\/#website","url":"https:\/\/veritasinfo.org\/","name":"","description":"","potentialAction":[{"@type":"SearchAction","target":{"@type":"EntryPoint","urlTemplate":"https:\/\/veritasinfo.org\/?s={search_term_string}"},"query-input":{"@type":"PropertyValueSpecification","valueRequired":true,"valueName":"search_term_string"}}],"inLanguage":"en-US"},{"@type":"Person","@id":"https:\/\/veritasinfo.org\/#\/schema\/person\/bc442336e35414d04494ab8fb45db4c6","name":"US5","image":{"@type":"ImageObject","inLanguage":"en-US","@id":"https:\/\/veritasinfo.org\/#\/schema\/person\/image\/","url":"https:\/\/secure.gravatar.com\/avatar\/16a61e7272a0c5d001121ebb9e60e925d5816e4ac1e443ed3e640d9a6ae55d0c?s=96&d=mm&r=g","contentUrl":"https:\/\/secure.gravatar.com\/avatar\/16a61e7272a0c5d001121ebb9e60e925d5816e4ac1e443ed3e640d9a6ae55d0c?s=96&d=mm&r=g","caption":"US5"},"url":"https:\/\/veritasinfo.org\/?author=6"}]}},"featured_image_urls":{"full":["https:\/\/veritasinfo.org\/wp-content\/uploads\/2025\/12\/712820-zeYIc5Myh3.jpg",780,500,false],"thumbnail":["https:\/\/veritasinfo.org\/wp-content\/uploads\/2025\/12\/712820-zeYIc5Myh3-150x150.jpg",150,150,true],"medium":["https:\/\/veritasinfo.org\/wp-content\/uploads\/2025\/12\/712820-zeYIc5Myh3-300x192.jpg",300,192,true],"medium_large":["https:\/\/veritasinfo.org\/wp-content\/uploads\/2025\/12\/712820-zeYIc5Myh3-768x492.jpg",640,410,true],"large":["https:\/\/veritasinfo.org\/wp-content\/uploads\/2025\/12\/712820-zeYIc5Myh3.jpg",640,410,false],"1536x1536":["https:\/\/veritasinfo.org\/wp-content\/uploads\/2025\/12\/712820-zeYIc5Myh3.jpg",780,500,false],"2048x2048":["https:\/\/veritasinfo.org\/wp-content\/uploads\/2025\/12\/712820-zeYIc5Myh3.jpg",780,500,false],"kreeti-slider-full":["https:\/\/veritasinfo.org\/wp-content\/uploads\/2025\/12\/712820-zeYIc5Myh3.jpg",780,500,false],"kreeti-featured":["https:\/\/veritasinfo.org\/wp-content\/uploads\/2025\/12\/712820-zeYIc5Myh3.jpg",780,500,false],"kreeti-medium":["https:\/\/veritasinfo.org\/wp-content\/uploads\/2025\/12\/712820-zeYIc5Myh3.jpg",720,462,false],"kreeti-medium-square":["https:\/\/veritasinfo.org\/wp-content\/uploads\/2025\/12\/712820-zeYIc5Myh3.jpg",350,224,false]},"author_info":{"info":["US5"]},"category_info":"<a href=\"https:\/\/veritasinfo.org\/?cat=58\" rel=\"category\">Politik\u00eb<\/a>","tag_info":"Politik\u00eb","comment_count":"0","_links":{"self":[{"href":"https:\/\/veritasinfo.org\/index.php?rest_route=\/wp\/v2\/posts\/25403","targetHints":{"allow":["GET"]}}],"collection":[{"href":"https:\/\/veritasinfo.org\/index.php?rest_route=\/wp\/v2\/posts"}],"about":[{"href":"https:\/\/veritasinfo.org\/index.php?rest_route=\/wp\/v2\/types\/post"}],"author":[{"embeddable":true,"href":"https:\/\/veritasinfo.org\/index.php?rest_route=\/wp\/v2\/users\/6"}],"replies":[{"embeddable":true,"href":"https:\/\/veritasinfo.org\/index.php?rest_route=%2Fwp%2Fv2%2Fcomments&post=25403"}],"version-history":[{"count":1,"href":"https:\/\/veritasinfo.org\/index.php?rest_route=\/wp\/v2\/posts\/25403\/revisions"}],"predecessor-version":[{"id":25405,"href":"https:\/\/veritasinfo.org\/index.php?rest_route=\/wp\/v2\/posts\/25403\/revisions\/25405"}],"wp:featuredmedia":[{"embeddable":true,"href":"https:\/\/veritasinfo.org\/index.php?rest_route=\/wp\/v2\/media\/25404"}],"wp:attachment":[{"href":"https:\/\/veritasinfo.org\/index.php?rest_route=%2Fwp%2Fv2%2Fmedia&parent=25403"}],"wp:term":[{"taxonomy":"category","embeddable":true,"href":"https:\/\/veritasinfo.org\/index.php?rest_route=%2Fwp%2Fv2%2Fcategories&post=25403"},{"taxonomy":"post_tag","embeddable":true,"href":"https:\/\/veritasinfo.org\/index.php?rest_route=%2Fwp%2Fv2%2Ftags&post=25403"}],"curies":[{"name":"wp","href":"https:\/\/api.w.org\/{rel}","templated":true}]}}