{"id":25355,"date":"2025-12-24T07:30:03","date_gmt":"2025-12-24T06:30:03","guid":{"rendered":"https:\/\/veritasinfo.org\/?p=25355"},"modified":"2025-12-24T07:30:03","modified_gmt":"2025-12-24T06:30:03","slug":"politika-ne-prag-te-28-dhjetorit-prej-stadiumeve-te-rimekembja-ekonomike-dhe-integrimi-euro-atlantik","status":"publish","type":"post","link":"https:\/\/veritasinfo.org\/?p=25355","title":{"rendered":"Politika n\u00eb prag t\u00eb 28 dhjetorit: Prej stadiumeve te rim\u00ebk\u00ebmbja ekonomike dhe integrimi euro-atlantik"},"content":{"rendered":"<p><b>Prishtin\u00eb, 24 dhjetor 2025 07:27<\/b><\/p>\n<p>N\u00eb dit\u00ebt e fundit t\u00eb fushat\u00ebs p\u00ebr zgjedhjet e parakohshme t\u00eb 28 dhjetorit n\u00eb Kosov\u00eb, kandidat\u00ebt kryesor\u00eb p\u00ebr kryeminist\u00ebr kan\u00eb intensifikuar zotimet e tyre ndaj publikut, duke paraqitur plane p\u00ebr zhvillim ekonomik, investime kapitale, leht\u00ebsim t\u00eb jetes\u00ebs dhe pozicionimin strategjik t\u00eb vendit n\u00eb aren\u00ebn nd\u00ebrkomb\u00ebtare, shkruan Veritasinfo.<\/p>\n<p>Kreu i L\u00ebvizjes Vet\u00ebvendosje dhe kandidat p\u00ebr kryeminist\u00ebr, Albin Kurti, premtoi nd\u00ebrtimin e 20 stadiumeve t\u00eb reja n\u00eb 18 komuna, nj\u00eb projekt me vler\u00eb rreth 250 milion\u00eb euro q\u00eb synon zhvillimin e infrastruktur\u00ebs sportive dhe social-rekreative n\u00eb t\u00eb gjith\u00eb vendin. Ai gjithashtu theksoi vazhdimin e investimeve n\u00eb sektor\u00eb t\u00eb tjer\u00eb, p\u00ebrfshir\u00eb projekte hekurudhore dhe energjitike, si dhe rritjen e qarkullimit ekonomik dhe vendeve t\u00eb pun\u00ebs. Kurti p\u00ebrmendi plane p\u00ebr digjitalizim t\u00eb sh\u00ebrbimeve fiskale, rritje t\u00eb pag\u00ebs minimale n\u00eb 500 euro, transport urban me tarif\u00eb t\u00eb integruar dhe forcimin e ushtris\u00eb.<\/p>\n<p>Nga ana tjet\u00ebr, Bedri Hamza, kryetar i Partis\u00eb Demokratike t\u00eb Kosov\u00ebs (PDK) dhe kandidat p\u00ebr kryeminist\u00ebr, propozoi nj\u00eb mas\u00eb t\u00eb r\u00ebnd\u00ebsishme fiskale \u2013 heqjen e TVSH-s\u00eb p\u00ebr produktet baz\u00eb ushqimore, barnat dhe energjin\u00eb elektrike. Q\u00ebllimi i k\u00ebtij plani \u00ebsht\u00eb ulja e \u00e7mimeve dhe leht\u00ebsimi i barr\u00ebs financiare mbi familjet, duke sjell\u00eb \u00e7mime m\u00eb t\u00eb ul\u00ebta n\u00eb treg dhe ulje t\u00eb faturave mujore p\u00ebr energji. Zv\/kreu i PDK-s dhe kandidati p\u00ebr deputet, Uran Ismaili, garantoi se k\u00ebto masa do t\u00eb ken\u00eb ndikim pozitiv edhe n\u00eb \u00e7mimet e mallrave dhe sh\u00ebrbimeve n\u00eb p\u00ebrgjith\u00ebsi.<\/p>\n<p>Kryetari i Lidhjes Demokratike t\u00eb Kosov\u00ebs (LDK), Lumir Abdixhiku, premtoi investime p\u00ebr modernizimin e kompleksit metalurgjik \u201cTrep\u00e7a\u201d si nj\u00eb aset strategjik komb\u00ebtar. Ai n\u00ebnvizoi nevoj\u00ebn p\u00ebr investime serioze, strategji shtet\u00ebrore dhe menaxhim profesional p\u00ebr rikthimin e k\u00ebtij kompleksi n\u00eb nj\u00eb motor t\u00eb zhvillimit industrial. Abdixhiku gjithashtu premtoi investime n\u00eb infrastruktur\u00eb, si dhe mb\u00ebshtetje financiare n\u00eb fusha t\u00eb tjera ky\u00e7e si arsim, sh\u00ebndet\u00ebsi dhe pun\u00ebsim p\u00ebr t\u00eb rinjt\u00eb.<\/p>\n<p>Haradinaj prioritizon integrimin euro-atlantik<br \/>\nNga Aleanca p\u00ebr Ardhm\u00ebrin\u00eb e Kosov\u00ebs (AAK), Ramush Haradinaj b\u00ebri t\u00eb qart\u00eb se, n\u00eb qeverisjen e tij, an\u00ebtar\u00ebsimi i Kosov\u00ebs n\u00eb Bashkimin Evropian dhe NATO do t\u00eb jet\u00eb prioritet kryesor. Ai shpjegoi se vendi duhet t\u00eb forcoj\u00eb lidhjet me aleat\u00ebt per\u00ebndimor\u00eb, t\u00eb siguroj\u00eb stabilitet dhe siguri afatgjat\u00eb, si dhe t\u00eb p\u00ebrfitoj\u00eb nga tregu i p\u00ebrbashk\u00ebt evropian, l\u00ebvizja e lir\u00eb dhe fonde zhvillimore q\u00eb ofron Bashkimi Evropian.<br \/>\n<!--\/data\/user\/0\/com.samsung.android.app.notes\/files\/clipdata\/clipdata_bodytext_251224_072845_745.sdocx--><\/p>\n","protected":false},"excerpt":{"rendered":"<p>Prishtin\u00eb, 24 dhjetor 2025 07:27 N\u00eb dit\u00ebt e fundit t\u00eb fushat\u00ebs p\u00ebr zgjedhjet e parakohshme t\u00eb 28 dhjetorit n\u00eb Kosov\u00eb, kandidat\u00ebt kryesor\u00eb p\u00ebr kryeminist\u00ebr kan\u00eb<\/p>\n","protected":false},"author":7,"featured_media":25354,"comment_status":"open","ping_status":"open","sticky":false,"template":"","format":"standard","meta":{"footnotes":""},"categories":[8],"tags":[],"class_list":["post-25355","post","type-post","status-publish","format-standard","has-post-thumbnail","hentry","category-blog-sq"],"yoast_head":"<!-- This site is optimized with the Yoast SEO plugin v25.3.1 - https:\/\/yoast.com\/wordpress\/plugins\/seo\/ -->\n<title>Politika n\u00eb prag t\u00eb 28 dhjetorit: Prej stadiumeve te rim\u00ebk\u00ebmbja ekonomike dhe integrimi euro-atlantik -<\/title>\n<meta name=\"robots\" content=\"index, follow, max-snippet:-1, max-image-preview:large, max-video-preview:-1\" \/>\n<link rel=\"canonical\" href=\"https:\/\/veritasinfo.org\/?p=25355\" \/>\n<meta property=\"og:locale\" content=\"en_US\" \/>\n<meta property=\"og:type\" content=\"article\" \/>\n<meta property=\"og:title\" content=\"Politika n\u00eb prag t\u00eb 28 dhjetorit: Prej stadiumeve te rim\u00ebk\u00ebmbja ekonomike dhe integrimi euro-atlantik -\" \/>\n<meta property=\"og:description\" content=\"Prishtin\u00eb, 24 dhjetor 2025 07:27 N\u00eb dit\u00ebt e fundit t\u00eb fushat\u00ebs p\u00ebr zgjedhjet e parakohshme t\u00eb 28 dhjetorit n\u00eb Kosov\u00eb, kandidat\u00ebt kryesor\u00eb p\u00ebr kryeminist\u00ebr kan\u00eb\" \/>\n<meta property=\"og:url\" content=\"https:\/\/veritasinfo.org\/?p=25355\" \/>\n<meta property=\"article:published_time\" content=\"2025-12-24T06:30:03+00:00\" \/>\n<meta property=\"og:image\" content=\"https:\/\/veritasinfo.org\/wp-content\/uploads\/2025\/12\/images-9.jpeg\" \/>\n\t<meta property=\"og:image:width\" content=\"443\" \/>\n\t<meta property=\"og:image:height\" content=\"409\" \/>\n\t<meta property=\"og:image:type\" content=\"image\/jpeg\" \/>\n<meta name=\"author\" content=\"US6\" \/>\n<meta name=\"twitter:card\" content=\"summary_large_image\" \/>\n<meta name=\"twitter:label1\" content=\"Written by\" \/>\n\t<meta name=\"twitter:data1\" content=\"US6\" \/>\n\t<meta name=\"twitter:label2\" content=\"Est. reading time\" \/>\n\t<meta name=\"twitter:data2\" content=\"2 minutes\" \/>\n<script type=\"application\/ld+json\" class=\"yoast-schema-graph\">{\"@context\":\"https:\/\/schema.org\",\"@graph\":[{\"@type\":\"WebPage\",\"@id\":\"https:\/\/veritasinfo.org\/?p=25355\",\"url\":\"https:\/\/veritasinfo.org\/?p=25355\",\"name\":\"Politika n\u00eb prag t\u00eb 28 dhjetorit: Prej stadiumeve te rim\u00ebk\u00ebmbja ekonomike dhe integrimi euro-atlantik -\",\"isPartOf\":{\"@id\":\"https:\/\/veritasinfo.org\/#website\"},\"primaryImageOfPage\":{\"@id\":\"https:\/\/veritasinfo.org\/?p=25355#primaryimage\"},\"image\":{\"@id\":\"https:\/\/veritasinfo.org\/?p=25355#primaryimage\"},\"thumbnailUrl\":\"https:\/\/veritasinfo.org\/wp-content\/uploads\/2025\/12\/images-9.jpeg\",\"datePublished\":\"2025-12-24T06:30:03+00:00\",\"author\":{\"@id\":\"https:\/\/veritasinfo.org\/#\/schema\/person\/fe199eede04c3937362892b7444747cc\"},\"breadcrumb\":{\"@id\":\"https:\/\/veritasinfo.org\/?p=25355#breadcrumb\"},\"inLanguage\":\"en-US\",\"potentialAction\":[{\"@type\":\"ReadAction\",\"target\":[\"https:\/\/veritasinfo.org\/?p=25355\"]}]},{\"@type\":\"ImageObject\",\"inLanguage\":\"en-US\",\"@id\":\"https:\/\/veritasinfo.org\/?p=25355#primaryimage\",\"url\":\"https:\/\/veritasinfo.org\/wp-content\/uploads\/2025\/12\/images-9.jpeg\",\"contentUrl\":\"https:\/\/veritasinfo.org\/wp-content\/uploads\/2025\/12\/images-9.jpeg\",\"width\":443,\"height\":409},{\"@type\":\"BreadcrumbList\",\"@id\":\"https:\/\/veritasinfo.org\/?p=25355#breadcrumb\",\"itemListElement\":[{\"@type\":\"ListItem\",\"position\":1,\"name\":\"Home\",\"item\":\"https:\/\/veritasinfo.org\/\"},{\"@type\":\"ListItem\",\"position\":2,\"name\":\"Politika n\u00eb prag t\u00eb 28 dhjetorit: Prej stadiumeve te rim\u00ebk\u00ebmbja ekonomike dhe integrimi euro-atlantik\"}]},{\"@type\":\"WebSite\",\"@id\":\"https:\/\/veritasinfo.org\/#website\",\"url\":\"https:\/\/veritasinfo.org\/\",\"name\":\"\",\"description\":\"\",\"potentialAction\":[{\"@type\":\"SearchAction\",\"target\":{\"@type\":\"EntryPoint\",\"urlTemplate\":\"https:\/\/veritasinfo.org\/?s={search_term_string}\"},\"query-input\":{\"@type\":\"PropertyValueSpecification\",\"valueRequired\":true,\"valueName\":\"search_term_string\"}}],\"inLanguage\":\"en-US\"},{\"@type\":\"Person\",\"@id\":\"https:\/\/veritasinfo.org\/#\/schema\/person\/fe199eede04c3937362892b7444747cc\",\"name\":\"US6\",\"image\":{\"@type\":\"ImageObject\",\"inLanguage\":\"en-US\",\"@id\":\"https:\/\/veritasinfo.org\/#\/schema\/person\/image\/\",\"url\":\"https:\/\/secure.gravatar.com\/avatar\/cb16c3c31c9d23b9b8c705964598220b3014e42ff51eb540ff23cefa3ae8c15f?s=96&d=mm&r=g\",\"contentUrl\":\"https:\/\/secure.gravatar.com\/avatar\/cb16c3c31c9d23b9b8c705964598220b3014e42ff51eb540ff23cefa3ae8c15f?s=96&d=mm&r=g\",\"caption\":\"US6\"},\"url\":\"https:\/\/veritasinfo.org\/?author=7\"}]}<\/script>\n<!-- \/ Yoast SEO plugin. -->","yoast_head_json":{"title":"Politika n\u00eb prag t\u00eb 28 dhjetorit: Prej stadiumeve te rim\u00ebk\u00ebmbja ekonomike dhe integrimi euro-atlantik -","robots":{"index":"index","follow":"follow","max-snippet":"max-snippet:-1","max-image-preview":"max-image-preview:large","max-video-preview":"max-video-preview:-1"},"canonical":"https:\/\/veritasinfo.org\/?p=25355","og_locale":"en_US","og_type":"article","og_title":"Politika n\u00eb prag t\u00eb 28 dhjetorit: Prej stadiumeve te rim\u00ebk\u00ebmbja ekonomike dhe integrimi euro-atlantik -","og_description":"Prishtin\u00eb, 24 dhjetor 2025 07:27 N\u00eb dit\u00ebt e fundit t\u00eb fushat\u00ebs p\u00ebr zgjedhjet e parakohshme t\u00eb 28 dhjetorit n\u00eb Kosov\u00eb, kandidat\u00ebt kryesor\u00eb p\u00ebr kryeminist\u00ebr kan\u00eb","og_url":"https:\/\/veritasinfo.org\/?p=25355","article_published_time":"2025-12-24T06:30:03+00:00","og_image":[{"width":443,"height":409,"url":"https:\/\/veritasinfo.org\/wp-content\/uploads\/2025\/12\/images-9.jpeg","type":"image\/jpeg"}],"author":"US6","twitter_card":"summary_large_image","twitter_misc":{"Written by":"US6","Est. reading time":"2 minutes"},"schema":{"@context":"https:\/\/schema.org","@graph":[{"@type":"WebPage","@id":"https:\/\/veritasinfo.org\/?p=25355","url":"https:\/\/veritasinfo.org\/?p=25355","name":"Politika n\u00eb prag t\u00eb 28 dhjetorit: Prej stadiumeve te rim\u00ebk\u00ebmbja ekonomike dhe integrimi euro-atlantik -","isPartOf":{"@id":"https:\/\/veritasinfo.org\/#website"},"primaryImageOfPage":{"@id":"https:\/\/veritasinfo.org\/?p=25355#primaryimage"},"image":{"@id":"https:\/\/veritasinfo.org\/?p=25355#primaryimage"},"thumbnailUrl":"https:\/\/veritasinfo.org\/wp-content\/uploads\/2025\/12\/images-9.jpeg","datePublished":"2025-12-24T06:30:03+00:00","author":{"@id":"https:\/\/veritasinfo.org\/#\/schema\/person\/fe199eede04c3937362892b7444747cc"},"breadcrumb":{"@id":"https:\/\/veritasinfo.org\/?p=25355#breadcrumb"},"inLanguage":"en-US","potentialAction":[{"@type":"ReadAction","target":["https:\/\/veritasinfo.org\/?p=25355"]}]},{"@type":"ImageObject","inLanguage":"en-US","@id":"https:\/\/veritasinfo.org\/?p=25355#primaryimage","url":"https:\/\/veritasinfo.org\/wp-content\/uploads\/2025\/12\/images-9.jpeg","contentUrl":"https:\/\/veritasinfo.org\/wp-content\/uploads\/2025\/12\/images-9.jpeg","width":443,"height":409},{"@type":"BreadcrumbList","@id":"https:\/\/veritasinfo.org\/?p=25355#breadcrumb","itemListElement":[{"@type":"ListItem","position":1,"name":"Home","item":"https:\/\/veritasinfo.org\/"},{"@type":"ListItem","position":2,"name":"Politika n\u00eb prag t\u00eb 28 dhjetorit: Prej stadiumeve te rim\u00ebk\u00ebmbja ekonomike dhe integrimi euro-atlantik"}]},{"@type":"WebSite","@id":"https:\/\/veritasinfo.org\/#website","url":"https:\/\/veritasinfo.org\/","name":"","description":"","potentialAction":[{"@type":"SearchAction","target":{"@type":"EntryPoint","urlTemplate":"https:\/\/veritasinfo.org\/?s={search_term_string}"},"query-input":{"@type":"PropertyValueSpecification","valueRequired":true,"valueName":"search_term_string"}}],"inLanguage":"en-US"},{"@type":"Person","@id":"https:\/\/veritasinfo.org\/#\/schema\/person\/fe199eede04c3937362892b7444747cc","name":"US6","image":{"@type":"ImageObject","inLanguage":"en-US","@id":"https:\/\/veritasinfo.org\/#\/schema\/person\/image\/","url":"https:\/\/secure.gravatar.com\/avatar\/cb16c3c31c9d23b9b8c705964598220b3014e42ff51eb540ff23cefa3ae8c15f?s=96&d=mm&r=g","contentUrl":"https:\/\/secure.gravatar.com\/avatar\/cb16c3c31c9d23b9b8c705964598220b3014e42ff51eb540ff23cefa3ae8c15f?s=96&d=mm&r=g","caption":"US6"},"url":"https:\/\/veritasinfo.org\/?author=7"}]}},"featured_image_urls":{"full":["https:\/\/veritasinfo.org\/wp-content\/uploads\/2025\/12\/images-9.jpeg",443,409,false],"thumbnail":["https:\/\/veritasinfo.org\/wp-content\/uploads\/2025\/12\/images-9-150x150.jpeg",150,150,true],"medium":["https:\/\/veritasinfo.org\/wp-content\/uploads\/2025\/12\/images-9-300x277.jpeg",300,277,true],"medium_large":["https:\/\/veritasinfo.org\/wp-content\/uploads\/2025\/12\/images-9.jpeg",443,409,false],"large":["https:\/\/veritasinfo.org\/wp-content\/uploads\/2025\/12\/images-9.jpeg",443,409,false],"1536x1536":["https:\/\/veritasinfo.org\/wp-content\/uploads\/2025\/12\/images-9.jpeg",443,409,false],"2048x2048":["https:\/\/veritasinfo.org\/wp-content\/uploads\/2025\/12\/images-9.jpeg",443,409,false],"kreeti-slider-full":["https:\/\/veritasinfo.org\/wp-content\/uploads\/2025\/12\/images-9.jpeg",443,409,false],"kreeti-featured":["https:\/\/veritasinfo.org\/wp-content\/uploads\/2025\/12\/images-9.jpeg",443,409,false],"kreeti-medium":["https:\/\/veritasinfo.org\/wp-content\/uploads\/2025\/12\/images-9.jpeg",443,409,false],"kreeti-medium-square":["https:\/\/veritasinfo.org\/wp-content\/uploads\/2025\/12\/images-9.jpeg",350,323,false]},"author_info":{"info":["US6"]},"category_info":"<a href=\"https:\/\/veritasinfo.org\/?cat=8\" rel=\"category\">Zgjedhjet parlamentare 2025<\/a>","tag_info":"Zgjedhjet parlamentare 2025","comment_count":"0","_links":{"self":[{"href":"https:\/\/veritasinfo.org\/index.php?rest_route=\/wp\/v2\/posts\/25355","targetHints":{"allow":["GET"]}}],"collection":[{"href":"https:\/\/veritasinfo.org\/index.php?rest_route=\/wp\/v2\/posts"}],"about":[{"href":"https:\/\/veritasinfo.org\/index.php?rest_route=\/wp\/v2\/types\/post"}],"author":[{"embeddable":true,"href":"https:\/\/veritasinfo.org\/index.php?rest_route=\/wp\/v2\/users\/7"}],"replies":[{"embeddable":true,"href":"https:\/\/veritasinfo.org\/index.php?rest_route=%2Fwp%2Fv2%2Fcomments&post=25355"}],"version-history":[{"count":1,"href":"https:\/\/veritasinfo.org\/index.php?rest_route=\/wp\/v2\/posts\/25355\/revisions"}],"predecessor-version":[{"id":25356,"href":"https:\/\/veritasinfo.org\/index.php?rest_route=\/wp\/v2\/posts\/25355\/revisions\/25356"}],"wp:featuredmedia":[{"embeddable":true,"href":"https:\/\/veritasinfo.org\/index.php?rest_route=\/wp\/v2\/media\/25354"}],"wp:attachment":[{"href":"https:\/\/veritasinfo.org\/index.php?rest_route=%2Fwp%2Fv2%2Fmedia&parent=25355"}],"wp:term":[{"taxonomy":"category","embeddable":true,"href":"https:\/\/veritasinfo.org\/index.php?rest_route=%2Fwp%2Fv2%2Fcategories&post=25355"},{"taxonomy":"post_tag","embeddable":true,"href":"https:\/\/veritasinfo.org\/index.php?rest_route=%2Fwp%2Fv2%2Ftags&post=25355"}],"curies":[{"name":"wp","href":"https:\/\/api.w.org\/{rel}","templated":true}]}}