{"id":2532,"date":"2025-07-04T15:45:58","date_gmt":"2025-07-04T13:45:58","guid":{"rendered":"https:\/\/veritasinfo.org\/?p=2532"},"modified":"2025-07-04T15:45:58","modified_gmt":"2025-07-04T13:45:58","slug":"osmani-votimi-i-fshehte-nuk-perjashtohet-si-mundesi-por-kerkon-konsensus","status":"publish","type":"post","link":"https:\/\/veritasinfo.org\/?p=2532","title":{"rendered":"Osmani: Votimi i fsheht\u00eb nuk p\u00ebrjashtohet si mund\u00ebsi, por k\u00ebrkon konsensus"},"content":{"rendered":"<p>Prishtin\u00eb, 04 Korrik 2025<\/p>\n<p><strong>Presidentja e Kosov\u00ebs, Vjosa Osmani, ka komentuar situat\u00ebn e bllokad\u00ebs p\u00ebr konstituimin e Kuvendit, duke theksuar se votimi i fsheht\u00eb \u00ebsht\u00eb i mundur n\u00ebse arrihet konsensus nd\u00ebrmjet deputet\u00ebve p\u00ebr k\u00ebt\u00eb form\u00eb t\u00eb votimit.<\/strong><\/p>\n<p>\u201cKonstatimi i ekipit tim ligjor, me t\u00eb cilin un\u00eb pajtohem, \u00ebsht\u00eb q\u00eb n\u00eb qoft\u00eb se lexohet n\u00eb t\u00ebr\u00ebsi aktgjykimi, votimi i fsheht\u00eb nuk p\u00ebrjashtohet si mund\u00ebsi. Megjithat\u00eb p\u00ebr t\u00eb k\u00ebrkohet konsensusi i deputet\u00ebve. Kjo n\u00ebnkupton q\u00eb duhet t\u00eb ket\u00eb vendim t\u00eb seanc\u00ebs para se t\u00eb shkohet te nj\u00eb m\u00ebnyr\u00eb e till\u00eb\u201d, deklaroi Osmani, pas ceremonis\u00eb s\u00eb betimit t\u00eb kadet\u00ebve t\u00eb rinj t\u00eb Forc\u00ebs s\u00eb Siguris\u00eb s\u00eb Kosov\u00ebs.<\/p>\n<p>Tutje e para e shtetit paralajm\u00ebroi pasoja juridike n\u00eb rast se Kuvendi nuk konstituohet brenda 30 dit\u00ebve, si\u00e7 ka vendosur Gjykata Kushtetuese.<\/p>\n<p>&#8220;Planifikoj n\u00eb qoft\u00eb se nuk ka konstituim t\u00eb Kuvendit shum\u00eb shpejt q\u00eb t\u2019i drejtohem Gjykat\u00ebs Kushtetuese me k\u00ebrkes\u00eb p\u00ebr sqarim lidhur me at\u00eb se \u00e7far\u00eb pas 30 dit\u00ebsh. Sepse duhet t\u00eb sqarohet se cila \u00ebsht\u00eb pasoja juridike e mos kryerjes s\u00eb detyrimit kushtetues t\u00eb konstituimit t\u00eb Kuvendit brenda 30 dit\u00ebsh, sepse duhet t\u00eb ket\u00eb pasoja juridike. Do t\u00eb flas m\u00eb gjat\u00eb kur t\u2019i p\u00ebrfundoj\u00eb takimet me partit\u00eb politike lidhur edhe me p\u00ebrmbajtjen e takimeve por edhe lidhur me planet q\u00eb i kemi gjat\u00eb dit\u00ebve n\u00eb vijim.\u00a0Nuk mund t\u00eb presim q\u00eb gjykata t\u00eb thot\u00eb: mir\u00eb, pas 30 dit\u00ebsh vazhdoni nj\u00ebsoj, takohuni \u00e7do dy dit\u00eb dhe mos b\u00ebni asgj\u00eb. Nuk pres q\u00eb do t\u00eb ket\u00eb di\u00e7ka t\u00eb till\u00eb\u201d, shtoi Osmani.<\/p>\n<p>&nbsp;<\/p>\n","protected":false},"excerpt":{"rendered":"<p>Prishtin\u00eb, 04 Korrik 2025 Presidentja e Kosov\u00ebs, Vjosa Osmani, ka komentuar situat\u00ebn e bllokad\u00ebs p\u00ebr konstituimin e Kuvendit, duke theksuar se votimi i fsheht\u00eb \u00ebsht\u00eb<\/p>\n","protected":false},"author":1,"featured_media":2533,"comment_status":"open","ping_status":"open","sticky":false,"template":"","format":"standard","meta":{"footnotes":""},"categories":[58],"tags":[],"class_list":["post-2532","post","type-post","status-publish","format-standard","has-post-thumbnail","hentry","category-politike-sq"],"yoast_head":"<!-- This site is optimized with the Yoast SEO plugin v25.3.1 - https:\/\/yoast.com\/wordpress\/plugins\/seo\/ -->\n<title>Osmani: Votimi i fsheht\u00eb nuk p\u00ebrjashtohet si mund\u00ebsi, por k\u00ebrkon konsensus -<\/title>\n<meta name=\"robots\" content=\"index, follow, max-snippet:-1, max-image-preview:large, max-video-preview:-1\" \/>\n<link rel=\"canonical\" href=\"https:\/\/veritasinfo.org\/?p=2532\" \/>\n<meta property=\"og:locale\" content=\"en_US\" \/>\n<meta property=\"og:type\" content=\"article\" \/>\n<meta property=\"og:title\" content=\"Osmani: Votimi i fsheht\u00eb nuk p\u00ebrjashtohet si mund\u00ebsi, por k\u00ebrkon konsensus -\" \/>\n<meta property=\"og:description\" content=\"Prishtin\u00eb, 04 Korrik 2025 Presidentja e Kosov\u00ebs, Vjosa Osmani, ka komentuar situat\u00ebn e bllokad\u00ebs p\u00ebr konstituimin e Kuvendit, duke theksuar se votimi i fsheht\u00eb \u00ebsht\u00eb\" \/>\n<meta property=\"og:url\" content=\"https:\/\/veritasinfo.org\/?p=2532\" \/>\n<meta property=\"article:published_time\" content=\"2025-07-04T13:45:58+00:00\" \/>\n<meta property=\"og:image\" content=\"https:\/\/veritasinfo.org\/wp-content\/uploads\/2025\/07\/IMG_1720.jpeg\" \/>\n\t<meta property=\"og:image:width\" content=\"780\" \/>\n\t<meta property=\"og:image:height\" content=\"500\" \/>\n\t<meta property=\"og:image:type\" content=\"image\/jpeg\" \/>\n<meta name=\"author\" content=\"admin\" \/>\n<meta name=\"twitter:card\" content=\"summary_large_image\" \/>\n<meta name=\"twitter:label1\" content=\"Written by\" \/>\n\t<meta name=\"twitter:data1\" content=\"admin\" \/>\n\t<meta name=\"twitter:label2\" content=\"Est. reading time\" \/>\n\t<meta name=\"twitter:data2\" content=\"2 minutes\" \/>\n<script type=\"application\/ld+json\" class=\"yoast-schema-graph\">{\"@context\":\"https:\/\/schema.org\",\"@graph\":[{\"@type\":\"WebPage\",\"@id\":\"https:\/\/veritasinfo.org\/?p=2532\",\"url\":\"https:\/\/veritasinfo.org\/?p=2532\",\"name\":\"Osmani: Votimi i fsheht\u00eb nuk p\u00ebrjashtohet si mund\u00ebsi, por k\u00ebrkon konsensus -\",\"isPartOf\":{\"@id\":\"https:\/\/veritasinfo.org\/#website\"},\"primaryImageOfPage\":{\"@id\":\"https:\/\/veritasinfo.org\/?p=2532#primaryimage\"},\"image\":{\"@id\":\"https:\/\/veritasinfo.org\/?p=2532#primaryimage\"},\"thumbnailUrl\":\"https:\/\/veritasinfo.org\/wp-content\/uploads\/2025\/07\/IMG_1720.jpeg\",\"datePublished\":\"2025-07-04T13:45:58+00:00\",\"author\":{\"@id\":\"https:\/\/veritasinfo.org\/#\/schema\/person\/7701f8c088bece422266b100a712374f\"},\"breadcrumb\":{\"@id\":\"https:\/\/veritasinfo.org\/?p=2532#breadcrumb\"},\"inLanguage\":\"en-US\",\"potentialAction\":[{\"@type\":\"ReadAction\",\"target\":[\"https:\/\/veritasinfo.org\/?p=2532\"]}]},{\"@type\":\"ImageObject\",\"inLanguage\":\"en-US\",\"@id\":\"https:\/\/veritasinfo.org\/?p=2532#primaryimage\",\"url\":\"https:\/\/veritasinfo.org\/wp-content\/uploads\/2025\/07\/IMG_1720.jpeg\",\"contentUrl\":\"https:\/\/veritasinfo.org\/wp-content\/uploads\/2025\/07\/IMG_1720.jpeg\",\"width\":780,\"height\":500},{\"@type\":\"BreadcrumbList\",\"@id\":\"https:\/\/veritasinfo.org\/?p=2532#breadcrumb\",\"itemListElement\":[{\"@type\":\"ListItem\",\"position\":1,\"name\":\"Home\",\"item\":\"https:\/\/veritasinfo.org\/\"},{\"@type\":\"ListItem\",\"position\":2,\"name\":\"Osmani: Votimi i fsheht\u00eb nuk p\u00ebrjashtohet si mund\u00ebsi, por k\u00ebrkon konsensus\"}]},{\"@type\":\"WebSite\",\"@id\":\"https:\/\/veritasinfo.org\/#website\",\"url\":\"https:\/\/veritasinfo.org\/\",\"name\":\"\",\"description\":\"\",\"potentialAction\":[{\"@type\":\"SearchAction\",\"target\":{\"@type\":\"EntryPoint\",\"urlTemplate\":\"https:\/\/veritasinfo.org\/?s={search_term_string}\"},\"query-input\":{\"@type\":\"PropertyValueSpecification\",\"valueRequired\":true,\"valueName\":\"search_term_string\"}}],\"inLanguage\":\"en-US\"},{\"@type\":\"Person\",\"@id\":\"https:\/\/veritasinfo.org\/#\/schema\/person\/7701f8c088bece422266b100a712374f\",\"name\":\"admin\",\"image\":{\"@type\":\"ImageObject\",\"inLanguage\":\"en-US\",\"@id\":\"https:\/\/veritasinfo.org\/#\/schema\/person\/image\/\",\"url\":\"https:\/\/secure.gravatar.com\/avatar\/ea53aa3bf6c9a12d5fde8ce4deff43fef3885ae33cf60184161a50d6987cfd2f?s=96&d=mm&r=g\",\"contentUrl\":\"https:\/\/secure.gravatar.com\/avatar\/ea53aa3bf6c9a12d5fde8ce4deff43fef3885ae33cf60184161a50d6987cfd2f?s=96&d=mm&r=g\",\"caption\":\"admin\"},\"sameAs\":[\"https:\/\/veritasinfo.org\"],\"url\":\"https:\/\/veritasinfo.org\/?author=1\"}]}<\/script>\n<!-- \/ Yoast SEO plugin. -->","yoast_head_json":{"title":"Osmani: Votimi i fsheht\u00eb nuk p\u00ebrjashtohet si mund\u00ebsi, por k\u00ebrkon konsensus -","robots":{"index":"index","follow":"follow","max-snippet":"max-snippet:-1","max-image-preview":"max-image-preview:large","max-video-preview":"max-video-preview:-1"},"canonical":"https:\/\/veritasinfo.org\/?p=2532","og_locale":"en_US","og_type":"article","og_title":"Osmani: Votimi i fsheht\u00eb nuk p\u00ebrjashtohet si mund\u00ebsi, por k\u00ebrkon konsensus -","og_description":"Prishtin\u00eb, 04 Korrik 2025 Presidentja e Kosov\u00ebs, Vjosa Osmani, ka komentuar situat\u00ebn e bllokad\u00ebs p\u00ebr konstituimin e Kuvendit, duke theksuar se votimi i fsheht\u00eb \u00ebsht\u00eb","og_url":"https:\/\/veritasinfo.org\/?p=2532","article_published_time":"2025-07-04T13:45:58+00:00","og_image":[{"width":780,"height":500,"url":"https:\/\/veritasinfo.org\/wp-content\/uploads\/2025\/07\/IMG_1720.jpeg","type":"image\/jpeg"}],"author":"admin","twitter_card":"summary_large_image","twitter_misc":{"Written by":"admin","Est. reading time":"2 minutes"},"schema":{"@context":"https:\/\/schema.org","@graph":[{"@type":"WebPage","@id":"https:\/\/veritasinfo.org\/?p=2532","url":"https:\/\/veritasinfo.org\/?p=2532","name":"Osmani: Votimi i fsheht\u00eb nuk p\u00ebrjashtohet si mund\u00ebsi, por k\u00ebrkon konsensus -","isPartOf":{"@id":"https:\/\/veritasinfo.org\/#website"},"primaryImageOfPage":{"@id":"https:\/\/veritasinfo.org\/?p=2532#primaryimage"},"image":{"@id":"https:\/\/veritasinfo.org\/?p=2532#primaryimage"},"thumbnailUrl":"https:\/\/veritasinfo.org\/wp-content\/uploads\/2025\/07\/IMG_1720.jpeg","datePublished":"2025-07-04T13:45:58+00:00","author":{"@id":"https:\/\/veritasinfo.org\/#\/schema\/person\/7701f8c088bece422266b100a712374f"},"breadcrumb":{"@id":"https:\/\/veritasinfo.org\/?p=2532#breadcrumb"},"inLanguage":"en-US","potentialAction":[{"@type":"ReadAction","target":["https:\/\/veritasinfo.org\/?p=2532"]}]},{"@type":"ImageObject","inLanguage":"en-US","@id":"https:\/\/veritasinfo.org\/?p=2532#primaryimage","url":"https:\/\/veritasinfo.org\/wp-content\/uploads\/2025\/07\/IMG_1720.jpeg","contentUrl":"https:\/\/veritasinfo.org\/wp-content\/uploads\/2025\/07\/IMG_1720.jpeg","width":780,"height":500},{"@type":"BreadcrumbList","@id":"https:\/\/veritasinfo.org\/?p=2532#breadcrumb","itemListElement":[{"@type":"ListItem","position":1,"name":"Home","item":"https:\/\/veritasinfo.org\/"},{"@type":"ListItem","position":2,"name":"Osmani: Votimi i fsheht\u00eb nuk p\u00ebrjashtohet si mund\u00ebsi, por k\u00ebrkon konsensus"}]},{"@type":"WebSite","@id":"https:\/\/veritasinfo.org\/#website","url":"https:\/\/veritasinfo.org\/","name":"","description":"","potentialAction":[{"@type":"SearchAction","target":{"@type":"EntryPoint","urlTemplate":"https:\/\/veritasinfo.org\/?s={search_term_string}"},"query-input":{"@type":"PropertyValueSpecification","valueRequired":true,"valueName":"search_term_string"}}],"inLanguage":"en-US"},{"@type":"Person","@id":"https:\/\/veritasinfo.org\/#\/schema\/person\/7701f8c088bece422266b100a712374f","name":"admin","image":{"@type":"ImageObject","inLanguage":"en-US","@id":"https:\/\/veritasinfo.org\/#\/schema\/person\/image\/","url":"https:\/\/secure.gravatar.com\/avatar\/ea53aa3bf6c9a12d5fde8ce4deff43fef3885ae33cf60184161a50d6987cfd2f?s=96&d=mm&r=g","contentUrl":"https:\/\/secure.gravatar.com\/avatar\/ea53aa3bf6c9a12d5fde8ce4deff43fef3885ae33cf60184161a50d6987cfd2f?s=96&d=mm&r=g","caption":"admin"},"sameAs":["https:\/\/veritasinfo.org"],"url":"https:\/\/veritasinfo.org\/?author=1"}]}},"featured_image_urls":{"full":["https:\/\/veritasinfo.org\/wp-content\/uploads\/2025\/07\/IMG_1720.jpeg",780,500,false],"thumbnail":["https:\/\/veritasinfo.org\/wp-content\/uploads\/2025\/07\/IMG_1720-150x150.jpeg",150,150,true],"medium":["https:\/\/veritasinfo.org\/wp-content\/uploads\/2025\/07\/IMG_1720-300x192.jpeg",300,192,true],"medium_large":["https:\/\/veritasinfo.org\/wp-content\/uploads\/2025\/07\/IMG_1720-768x492.jpeg",640,410,true],"large":["https:\/\/veritasinfo.org\/wp-content\/uploads\/2025\/07\/IMG_1720.jpeg",640,410,false],"1536x1536":["https:\/\/veritasinfo.org\/wp-content\/uploads\/2025\/07\/IMG_1720.jpeg",780,500,false],"2048x2048":["https:\/\/veritasinfo.org\/wp-content\/uploads\/2025\/07\/IMG_1720.jpeg",780,500,false],"kreeti-slider-full":["https:\/\/veritasinfo.org\/wp-content\/uploads\/2025\/07\/IMG_1720.jpeg",780,500,false],"kreeti-featured":["https:\/\/veritasinfo.org\/wp-content\/uploads\/2025\/07\/IMG_1720.jpeg",780,500,false],"kreeti-medium":["https:\/\/veritasinfo.org\/wp-content\/uploads\/2025\/07\/IMG_1720.jpeg",720,462,false],"kreeti-medium-square":["https:\/\/veritasinfo.org\/wp-content\/uploads\/2025\/07\/IMG_1720.jpeg",350,224,false]},"author_info":{"info":["admin"]},"category_info":"<a href=\"https:\/\/veritasinfo.org\/?cat=58\" rel=\"category\">Politik\u00eb<\/a>","tag_info":"Politik\u00eb","comment_count":"0","_links":{"self":[{"href":"https:\/\/veritasinfo.org\/index.php?rest_route=\/wp\/v2\/posts\/2532","targetHints":{"allow":["GET"]}}],"collection":[{"href":"https:\/\/veritasinfo.org\/index.php?rest_route=\/wp\/v2\/posts"}],"about":[{"href":"https:\/\/veritasinfo.org\/index.php?rest_route=\/wp\/v2\/types\/post"}],"author":[{"embeddable":true,"href":"https:\/\/veritasinfo.org\/index.php?rest_route=\/wp\/v2\/users\/1"}],"replies":[{"embeddable":true,"href":"https:\/\/veritasinfo.org\/index.php?rest_route=%2Fwp%2Fv2%2Fcomments&post=2532"}],"version-history":[{"count":1,"href":"https:\/\/veritasinfo.org\/index.php?rest_route=\/wp\/v2\/posts\/2532\/revisions"}],"predecessor-version":[{"id":2534,"href":"https:\/\/veritasinfo.org\/index.php?rest_route=\/wp\/v2\/posts\/2532\/revisions\/2534"}],"wp:featuredmedia":[{"embeddable":true,"href":"https:\/\/veritasinfo.org\/index.php?rest_route=\/wp\/v2\/media\/2533"}],"wp:attachment":[{"href":"https:\/\/veritasinfo.org\/index.php?rest_route=%2Fwp%2Fv2%2Fmedia&parent=2532"}],"wp:term":[{"taxonomy":"category","embeddable":true,"href":"https:\/\/veritasinfo.org\/index.php?rest_route=%2Fwp%2Fv2%2Fcategories&post=2532"},{"taxonomy":"post_tag","embeddable":true,"href":"https:\/\/veritasinfo.org\/index.php?rest_route=%2Fwp%2Fv2%2Ftags&post=2532"}],"curies":[{"name":"wp","href":"https:\/\/api.w.org\/{rel}","templated":true}]}}