{"id":25305,"date":"2025-12-23T18:16:09","date_gmt":"2025-12-23T17:16:09","guid":{"rendered":"https:\/\/veritasinfo.org\/?p=25305"},"modified":"2025-12-23T18:16:09","modified_gmt":"2025-12-23T17:16:09","slug":"kandiq-serbia-po-shmang-perballjen-me-krimet-e-luftes-ne-kosove","status":"publish","type":"post","link":"https:\/\/veritasinfo.org\/?p=25305","title":{"rendered":"Kandiq: Serbia po shmang p\u00ebrballjen me krimet e luft\u00ebs n\u00eb Kosov\u00eb"},"content":{"rendered":"<p>Prishtin\u00eb 23 Dhjetor 2025 18:13<\/p>\n<p>Serbia vazhdon t\u00eb shmang\u00eb nj\u00eb p\u00ebrballje reale me krimet e luft\u00ebs t\u00eb kryera gjat\u00eb shp\u00ebrb\u00ebrjes s\u00eb ish-Jugosllavis\u00eb, duke refuzuar p\u00ebrgjegj\u00ebsin\u00eb institucionale dhe politike p\u00ebr mij\u00ebra viktima.<\/p>\n<p>K\u00ebshtu ka deklaruar aktivistja e njohur p\u00ebr t\u00eb drejtat e njeriut dhe themeluesja e Fondit p\u00ebr t\u00eb Drejt\u00ebn Humanitare n\u00eb Beograd, Natasha Kandiq, n\u00eb nj\u00eb intervist\u00eb p\u00ebr Novosti.<\/p>\n<p>Sipas Kandiq, d\u00ebshtimi i iniciativ\u00ebs rajonale REKOM \u2013 Komisioni Rajonal p\u00ebr p\u00ebrcaktimin e fakteve mbi krimet e luft\u00ebs \u2013 \u00ebsht\u00eb pasoj\u00eb direkte e munges\u00ebs s\u00eb vullnetit t\u00eb autoriteteve serbe p\u00ebr t\u00eb pranuar rolin e shtetit n\u00eb luft\u00ebrat n\u00eb Kroaci, Bosnje e Hercegovin\u00eb dhe Kosov\u00eb.<\/p>\n<p>Ajo theksoi se REKOM ishte parapar\u00eb si nj\u00eb mekaniz\u00ebm zyrtar nd\u00ebr-shtet\u00ebror p\u00ebr dokumentimin e krimeve t\u00eb luft\u00ebs, regjistrimin e t\u00eb gjitha viktimave dhe sqarimin e rrethanave t\u00eb vrasjeve dhe zhdukjeve.<\/p>\n<p>Megjithat\u00eb, p\u00ebrfshirja e p\u00ebrgjegj\u00ebsis\u00eb s\u00eb institucioneve shtet\u00ebrore serbe n\u00eb k\u00ebto procese, sipas saj, u refuzua nga strukturat politike n\u00eb Beograd.<\/p>\n<p>\u201cD\u00ebshmit\u00eb e viktimave pranoheshin vet\u00ebm n\u00eb nivel personal, por \u00e7do p\u00ebrpjekje p\u00ebr t\u00eb p\u00ebrcaktuar p\u00ebrgjegj\u00ebsin\u00eb sistemike t\u00eb regjimeve dhe institucioneve shtet\u00ebrore u refuzua,\u201d deklaroi Kandiq.<\/p>\n<p>Ajo rikujtoi se Serbia ka qen\u00eb e p\u00ebrfshir\u00eb drejtp\u00ebrdrejt ose t\u00ebrthorazi n\u00eb disa luft\u00ebra n\u00eb territorin e ish-Jugosllavis\u00eb, pa pranuar asnj\u00ebher\u00eb p\u00ebrgjegj\u00ebsi shtet\u00ebrore p\u00ebr krimet e kryera nga ushtria, policia dhe formacionet paramilitare t\u00eb lidhura me Beogradin.<\/p>\n<p>Duke folur p\u00ebr drejt\u00ebsin\u00eb tranzicionale, Kandiq vler\u00ebsoi se proceset gjyq\u00ebsore p\u00ebr krime lufte n\u00eb Serbi jan\u00eb t\u00eb kufizuara, selektive dhe n\u00ebn presion t\u00eb vazhduesh\u00ebm politik.<br \/>\nSipas saj, prokuroria p\u00ebr krime lufte vepron n\u00eb nj\u00eb ambient ku pushteti politik kontrollon narrativ\u00ebn dhe pengon hetimet q\u00eb mund t\u00eb \u00e7ojn\u00eb drejt p\u00ebrgjegj\u00ebsis\u00eb s\u00eb niveleve t\u00eb larta shtet\u00ebrore.<br \/>\nNj\u00eb nd\u00ebr \u00e7\u00ebshtjet m\u00eb problematike, sipas Kandiq, mbetet ajo e personave t\u00eb zhdukur.<br \/>\nAjo deklaroi se autoritetet serbe posedojn\u00eb informacione p\u00ebr varreza masive dhe lokacione t\u00eb trupave, por refuzojn\u00eb t\u2019i b\u00ebjn\u00eb publike p\u00ebr arsye politike.<br \/>\n\u201cMoszbulimi i varrezave masive nuk \u00ebsht\u00eb rast\u00ebsi, por vendim politik p\u00ebr t\u00eb shmangur p\u00ebrgjegj\u00ebsin\u00eb,\u201d theksoi ajo.Pavar\u00ebsisht k\u00ebsaj klime, Fondi p\u00ebr t\u00eb Drejt\u00ebn Humanitare n\u00eb Beograd, n\u00eb bashk\u00ebpunim me Fondin p\u00ebr t\u00eb Drejt\u00ebn Humanitare n\u00eb Kosov\u00eb, vazhdon dokumentimin e krimeve dhe viktimave.<br \/>\nKandiq p\u00ebrmendi edhe botimin e nj\u00eb libri p\u00ebr personat e zhdukur n\u00eb Kosov\u00eb, si p\u00ebrpjekje p\u00ebr ruajtjen e kujtes\u00ebs dhe dinjitetit t\u00eb viktimave.<br \/>\nN\u00eb p\u00ebrfundim, ajo paralajm\u00ebroi se pa nj\u00eb p\u00ebrballje t\u00eb sinqert\u00eb t\u00eb Serbis\u00eb me t\u00eb kaluar\u00ebn e dhunshme dhe pa p\u00ebrgjegj\u00ebsi institucionale, rajoni do t\u00eb mbetet i mb\u00ebrthyer nga narrativat nacionaliste dhe mohimi i krimeve, nd\u00ebrsa viktimat do t\u00eb vazhdojn\u00eb t\u00eb mbeten pa drejt\u00ebsi.<\/p>\n","protected":false},"excerpt":{"rendered":"<p>Prishtin\u00eb 23 Dhjetor 2025 18:13 Serbia vazhdon t\u00eb shmang\u00eb nj\u00eb p\u00ebrballje reale me krimet e luft\u00ebs t\u00eb kryera gjat\u00eb shp\u00ebrb\u00ebrjes s\u00eb ish-Jugosllavis\u00eb, duke refuzuar p\u00ebrgjegj\u00ebsin\u00eb<\/p>\n","protected":false},"author":6,"featured_media":25306,"comment_status":"open","ping_status":"open","sticky":false,"template":"","format":"standard","meta":{"footnotes":""},"categories":[58],"tags":[],"class_list":["post-25305","post","type-post","status-publish","format-standard","has-post-thumbnail","hentry","category-politike-sq"],"yoast_head":"<!-- This site is optimized with the Yoast SEO plugin v25.3.1 - https:\/\/yoast.com\/wordpress\/plugins\/seo\/ -->\n<title>Kandiq: Serbia po shmang p\u00ebrballjen me krimet e luft\u00ebs n\u00eb Kosov\u00eb -<\/title>\n<meta name=\"robots\" content=\"index, follow, max-snippet:-1, max-image-preview:large, max-video-preview:-1\" \/>\n<link rel=\"canonical\" href=\"https:\/\/veritasinfo.org\/?p=25305\" \/>\n<meta property=\"og:locale\" content=\"en_US\" \/>\n<meta property=\"og:type\" content=\"article\" \/>\n<meta property=\"og:title\" content=\"Kandiq: Serbia po shmang p\u00ebrballjen me krimet e luft\u00ebs n\u00eb Kosov\u00eb -\" \/>\n<meta property=\"og:description\" content=\"Prishtin\u00eb 23 Dhjetor 2025 18:13 Serbia vazhdon t\u00eb shmang\u00eb nj\u00eb p\u00ebrballje reale me krimet e luft\u00ebs t\u00eb kryera gjat\u00eb shp\u00ebrb\u00ebrjes s\u00eb ish-Jugosllavis\u00eb, duke refuzuar p\u00ebrgjegj\u00ebsin\u00eb\" \/>\n<meta property=\"og:url\" content=\"https:\/\/veritasinfo.org\/?p=25305\" \/>\n<meta property=\"article:published_time\" content=\"2025-12-23T17:16:09+00:00\" \/>\n<meta property=\"og:image\" content=\"https:\/\/veritasinfo.org\/wp-content\/uploads\/2025\/12\/IMG-20251223-WA0009.jpg\" \/>\n\t<meta property=\"og:image:width\" content=\"1200\" \/>\n\t<meta property=\"og:image:height\" content=\"600\" \/>\n\t<meta property=\"og:image:type\" content=\"image\/jpeg\" \/>\n<meta name=\"author\" content=\"US5\" \/>\n<meta name=\"twitter:card\" content=\"summary_large_image\" \/>\n<meta name=\"twitter:label1\" content=\"Written by\" \/>\n\t<meta name=\"twitter:data1\" content=\"US5\" \/>\n<script type=\"application\/ld+json\" class=\"yoast-schema-graph\">{\"@context\":\"https:\/\/schema.org\",\"@graph\":[{\"@type\":\"WebPage\",\"@id\":\"https:\/\/veritasinfo.org\/?p=25305\",\"url\":\"https:\/\/veritasinfo.org\/?p=25305\",\"name\":\"Kandiq: Serbia po shmang p\u00ebrballjen me krimet e luft\u00ebs n\u00eb Kosov\u00eb -\",\"isPartOf\":{\"@id\":\"https:\/\/veritasinfo.org\/#website\"},\"primaryImageOfPage\":{\"@id\":\"https:\/\/veritasinfo.org\/?p=25305#primaryimage\"},\"image\":{\"@id\":\"https:\/\/veritasinfo.org\/?p=25305#primaryimage\"},\"thumbnailUrl\":\"https:\/\/veritasinfo.org\/wp-content\/uploads\/2025\/12\/IMG-20251223-WA0009.jpg\",\"datePublished\":\"2025-12-23T17:16:09+00:00\",\"author\":{\"@id\":\"https:\/\/veritasinfo.org\/#\/schema\/person\/bc442336e35414d04494ab8fb45db4c6\"},\"breadcrumb\":{\"@id\":\"https:\/\/veritasinfo.org\/?p=25305#breadcrumb\"},\"inLanguage\":\"en-US\",\"potentialAction\":[{\"@type\":\"ReadAction\",\"target\":[\"https:\/\/veritasinfo.org\/?p=25305\"]}]},{\"@type\":\"ImageObject\",\"inLanguage\":\"en-US\",\"@id\":\"https:\/\/veritasinfo.org\/?p=25305#primaryimage\",\"url\":\"https:\/\/veritasinfo.org\/wp-content\/uploads\/2025\/12\/IMG-20251223-WA0009.jpg\",\"contentUrl\":\"https:\/\/veritasinfo.org\/wp-content\/uploads\/2025\/12\/IMG-20251223-WA0009.jpg\",\"width\":1200,\"height\":600},{\"@type\":\"BreadcrumbList\",\"@id\":\"https:\/\/veritasinfo.org\/?p=25305#breadcrumb\",\"itemListElement\":[{\"@type\":\"ListItem\",\"position\":1,\"name\":\"Home\",\"item\":\"https:\/\/veritasinfo.org\/\"},{\"@type\":\"ListItem\",\"position\":2,\"name\":\"Kandiq: Serbia po shmang p\u00ebrballjen me krimet e luft\u00ebs n\u00eb Kosov\u00eb\"}]},{\"@type\":\"WebSite\",\"@id\":\"https:\/\/veritasinfo.org\/#website\",\"url\":\"https:\/\/veritasinfo.org\/\",\"name\":\"\",\"description\":\"\",\"potentialAction\":[{\"@type\":\"SearchAction\",\"target\":{\"@type\":\"EntryPoint\",\"urlTemplate\":\"https:\/\/veritasinfo.org\/?s={search_term_string}\"},\"query-input\":{\"@type\":\"PropertyValueSpecification\",\"valueRequired\":true,\"valueName\":\"search_term_string\"}}],\"inLanguage\":\"en-US\"},{\"@type\":\"Person\",\"@id\":\"https:\/\/veritasinfo.org\/#\/schema\/person\/bc442336e35414d04494ab8fb45db4c6\",\"name\":\"US5\",\"image\":{\"@type\":\"ImageObject\",\"inLanguage\":\"en-US\",\"@id\":\"https:\/\/veritasinfo.org\/#\/schema\/person\/image\/\",\"url\":\"https:\/\/secure.gravatar.com\/avatar\/16a61e7272a0c5d001121ebb9e60e925d5816e4ac1e443ed3e640d9a6ae55d0c?s=96&d=mm&r=g\",\"contentUrl\":\"https:\/\/secure.gravatar.com\/avatar\/16a61e7272a0c5d001121ebb9e60e925d5816e4ac1e443ed3e640d9a6ae55d0c?s=96&d=mm&r=g\",\"caption\":\"US5\"},\"url\":\"https:\/\/veritasinfo.org\/?author=6\"}]}<\/script>\n<!-- \/ Yoast SEO plugin. -->","yoast_head_json":{"title":"Kandiq: Serbia po shmang p\u00ebrballjen me krimet e luft\u00ebs n\u00eb Kosov\u00eb -","robots":{"index":"index","follow":"follow","max-snippet":"max-snippet:-1","max-image-preview":"max-image-preview:large","max-video-preview":"max-video-preview:-1"},"canonical":"https:\/\/veritasinfo.org\/?p=25305","og_locale":"en_US","og_type":"article","og_title":"Kandiq: Serbia po shmang p\u00ebrballjen me krimet e luft\u00ebs n\u00eb Kosov\u00eb -","og_description":"Prishtin\u00eb 23 Dhjetor 2025 18:13 Serbia vazhdon t\u00eb shmang\u00eb nj\u00eb p\u00ebrballje reale me krimet e luft\u00ebs t\u00eb kryera gjat\u00eb shp\u00ebrb\u00ebrjes s\u00eb ish-Jugosllavis\u00eb, duke refuzuar p\u00ebrgjegj\u00ebsin\u00eb","og_url":"https:\/\/veritasinfo.org\/?p=25305","article_published_time":"2025-12-23T17:16:09+00:00","og_image":[{"width":1200,"height":600,"url":"https:\/\/veritasinfo.org\/wp-content\/uploads\/2025\/12\/IMG-20251223-WA0009.jpg","type":"image\/jpeg"}],"author":"US5","twitter_card":"summary_large_image","twitter_misc":{"Written by":"US5"},"schema":{"@context":"https:\/\/schema.org","@graph":[{"@type":"WebPage","@id":"https:\/\/veritasinfo.org\/?p=25305","url":"https:\/\/veritasinfo.org\/?p=25305","name":"Kandiq: Serbia po shmang p\u00ebrballjen me krimet e luft\u00ebs n\u00eb Kosov\u00eb -","isPartOf":{"@id":"https:\/\/veritasinfo.org\/#website"},"primaryImageOfPage":{"@id":"https:\/\/veritasinfo.org\/?p=25305#primaryimage"},"image":{"@id":"https:\/\/veritasinfo.org\/?p=25305#primaryimage"},"thumbnailUrl":"https:\/\/veritasinfo.org\/wp-content\/uploads\/2025\/12\/IMG-20251223-WA0009.jpg","datePublished":"2025-12-23T17:16:09+00:00","author":{"@id":"https:\/\/veritasinfo.org\/#\/schema\/person\/bc442336e35414d04494ab8fb45db4c6"},"breadcrumb":{"@id":"https:\/\/veritasinfo.org\/?p=25305#breadcrumb"},"inLanguage":"en-US","potentialAction":[{"@type":"ReadAction","target":["https:\/\/veritasinfo.org\/?p=25305"]}]},{"@type":"ImageObject","inLanguage":"en-US","@id":"https:\/\/veritasinfo.org\/?p=25305#primaryimage","url":"https:\/\/veritasinfo.org\/wp-content\/uploads\/2025\/12\/IMG-20251223-WA0009.jpg","contentUrl":"https:\/\/veritasinfo.org\/wp-content\/uploads\/2025\/12\/IMG-20251223-WA0009.jpg","width":1200,"height":600},{"@type":"BreadcrumbList","@id":"https:\/\/veritasinfo.org\/?p=25305#breadcrumb","itemListElement":[{"@type":"ListItem","position":1,"name":"Home","item":"https:\/\/veritasinfo.org\/"},{"@type":"ListItem","position":2,"name":"Kandiq: Serbia po shmang p\u00ebrballjen me krimet e luft\u00ebs n\u00eb Kosov\u00eb"}]},{"@type":"WebSite","@id":"https:\/\/veritasinfo.org\/#website","url":"https:\/\/veritasinfo.org\/","name":"","description":"","potentialAction":[{"@type":"SearchAction","target":{"@type":"EntryPoint","urlTemplate":"https:\/\/veritasinfo.org\/?s={search_term_string}"},"query-input":{"@type":"PropertyValueSpecification","valueRequired":true,"valueName":"search_term_string"}}],"inLanguage":"en-US"},{"@type":"Person","@id":"https:\/\/veritasinfo.org\/#\/schema\/person\/bc442336e35414d04494ab8fb45db4c6","name":"US5","image":{"@type":"ImageObject","inLanguage":"en-US","@id":"https:\/\/veritasinfo.org\/#\/schema\/person\/image\/","url":"https:\/\/secure.gravatar.com\/avatar\/16a61e7272a0c5d001121ebb9e60e925d5816e4ac1e443ed3e640d9a6ae55d0c?s=96&d=mm&r=g","contentUrl":"https:\/\/secure.gravatar.com\/avatar\/16a61e7272a0c5d001121ebb9e60e925d5816e4ac1e443ed3e640d9a6ae55d0c?s=96&d=mm&r=g","caption":"US5"},"url":"https:\/\/veritasinfo.org\/?author=6"}]}},"featured_image_urls":{"full":["https:\/\/veritasinfo.org\/wp-content\/uploads\/2025\/12\/IMG-20251223-WA0009.jpg",1200,600,false],"thumbnail":["https:\/\/veritasinfo.org\/wp-content\/uploads\/2025\/12\/IMG-20251223-WA0009-150x150.jpg",150,150,true],"medium":["https:\/\/veritasinfo.org\/wp-content\/uploads\/2025\/12\/IMG-20251223-WA0009-300x150.jpg",300,150,true],"medium_large":["https:\/\/veritasinfo.org\/wp-content\/uploads\/2025\/12\/IMG-20251223-WA0009-768x384.jpg",640,320,true],"large":["https:\/\/veritasinfo.org\/wp-content\/uploads\/2025\/12\/IMG-20251223-WA0009-1024x512.jpg",640,320,true],"1536x1536":["https:\/\/veritasinfo.org\/wp-content\/uploads\/2025\/12\/IMG-20251223-WA0009.jpg",1200,600,false],"2048x2048":["https:\/\/veritasinfo.org\/wp-content\/uploads\/2025\/12\/IMG-20251223-WA0009.jpg",1200,600,false],"kreeti-slider-full":["https:\/\/veritasinfo.org\/wp-content\/uploads\/2025\/12\/IMG-20251223-WA0009.jpg",1200,600,false],"kreeti-featured":["https:\/\/veritasinfo.org\/wp-content\/uploads\/2025\/12\/IMG-20251223-WA0009.jpg",1024,512,false],"kreeti-medium":["https:\/\/veritasinfo.org\/wp-content\/uploads\/2025\/12\/IMG-20251223-WA0009.jpg",720,360,false],"kreeti-medium-square":["https:\/\/veritasinfo.org\/wp-content\/uploads\/2025\/12\/IMG-20251223-WA0009.jpg",350,175,false]},"author_info":{"info":["US5"]},"category_info":"<a href=\"https:\/\/veritasinfo.org\/?cat=58\" rel=\"category\">Politik\u00eb<\/a>","tag_info":"Politik\u00eb","comment_count":"0","_links":{"self":[{"href":"https:\/\/veritasinfo.org\/index.php?rest_route=\/wp\/v2\/posts\/25305","targetHints":{"allow":["GET"]}}],"collection":[{"href":"https:\/\/veritasinfo.org\/index.php?rest_route=\/wp\/v2\/posts"}],"about":[{"href":"https:\/\/veritasinfo.org\/index.php?rest_route=\/wp\/v2\/types\/post"}],"author":[{"embeddable":true,"href":"https:\/\/veritasinfo.org\/index.php?rest_route=\/wp\/v2\/users\/6"}],"replies":[{"embeddable":true,"href":"https:\/\/veritasinfo.org\/index.php?rest_route=%2Fwp%2Fv2%2Fcomments&post=25305"}],"version-history":[{"count":1,"href":"https:\/\/veritasinfo.org\/index.php?rest_route=\/wp\/v2\/posts\/25305\/revisions"}],"predecessor-version":[{"id":25307,"href":"https:\/\/veritasinfo.org\/index.php?rest_route=\/wp\/v2\/posts\/25305\/revisions\/25307"}],"wp:featuredmedia":[{"embeddable":true,"href":"https:\/\/veritasinfo.org\/index.php?rest_route=\/wp\/v2\/media\/25306"}],"wp:attachment":[{"href":"https:\/\/veritasinfo.org\/index.php?rest_route=%2Fwp%2Fv2%2Fmedia&parent=25305"}],"wp:term":[{"taxonomy":"category","embeddable":true,"href":"https:\/\/veritasinfo.org\/index.php?rest_route=%2Fwp%2Fv2%2Fcategories&post=25305"},{"taxonomy":"post_tag","embeddable":true,"href":"https:\/\/veritasinfo.org\/index.php?rest_route=%2Fwp%2Fv2%2Ftags&post=25305"}],"curies":[{"name":"wp","href":"https:\/\/api.w.org\/{rel}","templated":true}]}}