{"id":25289,"date":"2025-12-23T15:46:43","date_gmt":"2025-12-23T14:46:43","guid":{"rendered":"https:\/\/veritasinfo.org\/?p=25289"},"modified":"2025-12-23T15:46:43","modified_gmt":"2025-12-23T14:46:43","slug":"prattipati-takon-kryetaret-e-komunave-veriore-presim-qeverisje-transparente","status":"publish","type":"post","link":"https:\/\/veritasinfo.org\/?p=25289","title":{"rendered":"Prattipati takon kryetar\u00ebt e komunave veriore: Presim qeverisje transparente"},"content":{"rendered":"<p>Prishtin\u00eb 23 Dhjetor 2025 15: 45 <\/p>\n<p>E ngarkuara me pun\u00eb e Ambasad\u00ebs s\u00eb Shteteve t\u00eb Bashkuara, Anu Prattipati, \u00ebsht\u00eb takuar sot me kryetar\u00ebt e Mitrovic\u00ebs s\u00eb Veriut, Zve\u00e7anit, Zubin Potokut dhe Leposaviqit, si dhe me p\u00ebrfaq\u00ebsues t\u00eb shoq\u00ebris\u00eb civile t\u00eb serb\u00ebve t\u00eb Kosov\u00ebs n\u00eb veri t\u00eb vendit.<\/p>\n<p>Si\u00e7 b\u00ebhet e ditur n\u00eb nj\u00eb postim t\u00eb Ambasad\u00ebs Amerikane, Prattipati ka theksuar pritshm\u00ebrit\u00eb e SHBA-s\u00eb p\u00ebr qeverisje transparente dhe efektive, ofrim t\u00eb barabart\u00eb t\u00eb sh\u00ebrbimeve p\u00ebr t\u00eb gjith\u00eb qytetar\u00ebt, si dhe r\u00ebnd\u00ebsin\u00eb e bashk\u00ebpunimit me institucionet e siguris\u00eb q\u00eb ka theksuar se jan\u00eb t\u00eb p\u00ebrkushtuara t\u2019u sh\u00ebrbejn\u00eb t\u00eb gjitha komuniteteve.<\/p>\n<p>Pas zgjedhjeve t\u00eb fundit komunale n\u00eb Mitrovic\u00eb t\u00eb Veriut, Leposaviq, Zve\u00e7an dhe Zubin Potok, kryetar\u00ebt nga Lista Serbe e kan\u00eb rikthyer pushtetin.<\/p>\n<p>Serb\u00ebt dhan\u00eb dor\u00ebheqje nga postet e tyre n\u00eb institucionet e Kosov\u00ebs, p\u00ebrfshir\u00eb edhe komunat, n\u00eb n\u00ebntor t\u00eb vitit 2022. Me direktiva t\u00eb Serbis\u00eb, ata bojkotuan edhe zgjedhjet e jasht\u00ebzakonshme lokale t\u00eb 2023-s, e m\u00eb pas edhe mund\u00ebsin\u00eb e ofruar p\u00ebr t\u00eb shkarkuar kryetar\u00ebt shqiptar\u00eb n\u00eb kat\u00ebr komunat n\u00eb veri.<\/p>\n<p>Transferimi i qet\u00eb i pushtetit tek kryetar\u00ebt e nacionalitetit serb n\u00eb komunat veriore ka qen\u00eb nj\u00eb nd\u00ebr arsyet kryesore q\u00eb Bashkimi Evropian i ka hequr 50 p\u00ebr qind t\u00eb masave, nd\u00ebrkaq ka premtuar heqjen e plot\u00eb t\u00eb tyre n\u00eb fund t\u00eb janarit.<\/p>\n","protected":false},"excerpt":{"rendered":"<p>Prishtin\u00eb 23 Dhjetor 2025 15: 45 E ngarkuara me pun\u00eb e Ambasad\u00ebs s\u00eb Shteteve t\u00eb Bashkuara, Anu Prattipati, \u00ebsht\u00eb takuar sot me kryetar\u00ebt e Mitrovic\u00ebs<\/p>\n","protected":false},"author":6,"featured_media":25290,"comment_status":"open","ping_status":"open","sticky":false,"template":"","format":"standard","meta":{"footnotes":""},"categories":[58],"tags":[],"class_list":["post-25289","post","type-post","status-publish","format-standard","has-post-thumbnail","hentry","category-politike-sq"],"yoast_head":"<!-- This site is optimized with the Yoast SEO plugin v25.3.1 - https:\/\/yoast.com\/wordpress\/plugins\/seo\/ -->\n<title>Prattipati takon kryetar\u00ebt e komunave veriore: Presim qeverisje transparente -<\/title>\n<meta name=\"robots\" content=\"index, follow, max-snippet:-1, max-image-preview:large, max-video-preview:-1\" \/>\n<link rel=\"canonical\" href=\"https:\/\/veritasinfo.org\/?p=25289\" \/>\n<meta property=\"og:locale\" content=\"en_US\" \/>\n<meta property=\"og:type\" content=\"article\" \/>\n<meta property=\"og:title\" content=\"Prattipati takon kryetar\u00ebt e komunave veriore: Presim qeverisje transparente -\" \/>\n<meta property=\"og:description\" content=\"Prishtin\u00eb 23 Dhjetor 2025 15: 45 E ngarkuara me pun\u00eb e Ambasad\u00ebs s\u00eb Shteteve t\u00eb Bashkuara, Anu Prattipati, \u00ebsht\u00eb takuar sot me kryetar\u00ebt e Mitrovic\u00ebs\" \/>\n<meta property=\"og:url\" content=\"https:\/\/veritasinfo.org\/?p=25289\" \/>\n<meta property=\"article:published_time\" content=\"2025-12-23T14:46:43+00:00\" \/>\n<meta property=\"og:image\" content=\"https:\/\/veritasinfo.org\/wp-content\/uploads\/2025\/12\/b799c32e-91ff-4813-98f5-d75ee0b7a57e.webp\" \/>\n\t<meta property=\"og:image:width\" content=\"1360\" \/>\n\t<meta property=\"og:image:height\" content=\"870\" \/>\n\t<meta property=\"og:image:type\" content=\"image\/webp\" \/>\n<meta name=\"author\" content=\"US5\" \/>\n<meta name=\"twitter:card\" content=\"summary_large_image\" \/>\n<meta name=\"twitter:label1\" content=\"Written by\" \/>\n\t<meta name=\"twitter:data1\" content=\"US5\" \/>\n<script type=\"application\/ld+json\" class=\"yoast-schema-graph\">{\"@context\":\"https:\/\/schema.org\",\"@graph\":[{\"@type\":\"WebPage\",\"@id\":\"https:\/\/veritasinfo.org\/?p=25289\",\"url\":\"https:\/\/veritasinfo.org\/?p=25289\",\"name\":\"Prattipati takon kryetar\u00ebt e komunave veriore: Presim qeverisje transparente -\",\"isPartOf\":{\"@id\":\"https:\/\/veritasinfo.org\/#website\"},\"primaryImageOfPage\":{\"@id\":\"https:\/\/veritasinfo.org\/?p=25289#primaryimage\"},\"image\":{\"@id\":\"https:\/\/veritasinfo.org\/?p=25289#primaryimage\"},\"thumbnailUrl\":\"https:\/\/veritasinfo.org\/wp-content\/uploads\/2025\/12\/b799c32e-91ff-4813-98f5-d75ee0b7a57e.webp\",\"datePublished\":\"2025-12-23T14:46:43+00:00\",\"author\":{\"@id\":\"https:\/\/veritasinfo.org\/#\/schema\/person\/bc442336e35414d04494ab8fb45db4c6\"},\"breadcrumb\":{\"@id\":\"https:\/\/veritasinfo.org\/?p=25289#breadcrumb\"},\"inLanguage\":\"en-US\",\"potentialAction\":[{\"@type\":\"ReadAction\",\"target\":[\"https:\/\/veritasinfo.org\/?p=25289\"]}]},{\"@type\":\"ImageObject\",\"inLanguage\":\"en-US\",\"@id\":\"https:\/\/veritasinfo.org\/?p=25289#primaryimage\",\"url\":\"https:\/\/veritasinfo.org\/wp-content\/uploads\/2025\/12\/b799c32e-91ff-4813-98f5-d75ee0b7a57e.webp\",\"contentUrl\":\"https:\/\/veritasinfo.org\/wp-content\/uploads\/2025\/12\/b799c32e-91ff-4813-98f5-d75ee0b7a57e.webp\",\"width\":1360,\"height\":870},{\"@type\":\"BreadcrumbList\",\"@id\":\"https:\/\/veritasinfo.org\/?p=25289#breadcrumb\",\"itemListElement\":[{\"@type\":\"ListItem\",\"position\":1,\"name\":\"Home\",\"item\":\"https:\/\/veritasinfo.org\/\"},{\"@type\":\"ListItem\",\"position\":2,\"name\":\"Prattipati takon kryetar\u00ebt e komunave veriore: Presim qeverisje transparente\"}]},{\"@type\":\"WebSite\",\"@id\":\"https:\/\/veritasinfo.org\/#website\",\"url\":\"https:\/\/veritasinfo.org\/\",\"name\":\"\",\"description\":\"\",\"potentialAction\":[{\"@type\":\"SearchAction\",\"target\":{\"@type\":\"EntryPoint\",\"urlTemplate\":\"https:\/\/veritasinfo.org\/?s={search_term_string}\"},\"query-input\":{\"@type\":\"PropertyValueSpecification\",\"valueRequired\":true,\"valueName\":\"search_term_string\"}}],\"inLanguage\":\"en-US\"},{\"@type\":\"Person\",\"@id\":\"https:\/\/veritasinfo.org\/#\/schema\/person\/bc442336e35414d04494ab8fb45db4c6\",\"name\":\"US5\",\"image\":{\"@type\":\"ImageObject\",\"inLanguage\":\"en-US\",\"@id\":\"https:\/\/veritasinfo.org\/#\/schema\/person\/image\/\",\"url\":\"https:\/\/secure.gravatar.com\/avatar\/16a61e7272a0c5d001121ebb9e60e925d5816e4ac1e443ed3e640d9a6ae55d0c?s=96&d=mm&r=g\",\"contentUrl\":\"https:\/\/secure.gravatar.com\/avatar\/16a61e7272a0c5d001121ebb9e60e925d5816e4ac1e443ed3e640d9a6ae55d0c?s=96&d=mm&r=g\",\"caption\":\"US5\"},\"url\":\"https:\/\/veritasinfo.org\/?author=6\"}]}<\/script>\n<!-- \/ Yoast SEO plugin. -->","yoast_head_json":{"title":"Prattipati takon kryetar\u00ebt e komunave veriore: Presim qeverisje transparente -","robots":{"index":"index","follow":"follow","max-snippet":"max-snippet:-1","max-image-preview":"max-image-preview:large","max-video-preview":"max-video-preview:-1"},"canonical":"https:\/\/veritasinfo.org\/?p=25289","og_locale":"en_US","og_type":"article","og_title":"Prattipati takon kryetar\u00ebt e komunave veriore: Presim qeverisje transparente -","og_description":"Prishtin\u00eb 23 Dhjetor 2025 15: 45 E ngarkuara me pun\u00eb e Ambasad\u00ebs s\u00eb Shteteve t\u00eb Bashkuara, Anu Prattipati, \u00ebsht\u00eb takuar sot me kryetar\u00ebt e Mitrovic\u00ebs","og_url":"https:\/\/veritasinfo.org\/?p=25289","article_published_time":"2025-12-23T14:46:43+00:00","og_image":[{"width":1360,"height":870,"url":"https:\/\/veritasinfo.org\/wp-content\/uploads\/2025\/12\/b799c32e-91ff-4813-98f5-d75ee0b7a57e.webp","type":"image\/webp"}],"author":"US5","twitter_card":"summary_large_image","twitter_misc":{"Written by":"US5"},"schema":{"@context":"https:\/\/schema.org","@graph":[{"@type":"WebPage","@id":"https:\/\/veritasinfo.org\/?p=25289","url":"https:\/\/veritasinfo.org\/?p=25289","name":"Prattipati takon kryetar\u00ebt e komunave veriore: Presim qeverisje transparente -","isPartOf":{"@id":"https:\/\/veritasinfo.org\/#website"},"primaryImageOfPage":{"@id":"https:\/\/veritasinfo.org\/?p=25289#primaryimage"},"image":{"@id":"https:\/\/veritasinfo.org\/?p=25289#primaryimage"},"thumbnailUrl":"https:\/\/veritasinfo.org\/wp-content\/uploads\/2025\/12\/b799c32e-91ff-4813-98f5-d75ee0b7a57e.webp","datePublished":"2025-12-23T14:46:43+00:00","author":{"@id":"https:\/\/veritasinfo.org\/#\/schema\/person\/bc442336e35414d04494ab8fb45db4c6"},"breadcrumb":{"@id":"https:\/\/veritasinfo.org\/?p=25289#breadcrumb"},"inLanguage":"en-US","potentialAction":[{"@type":"ReadAction","target":["https:\/\/veritasinfo.org\/?p=25289"]}]},{"@type":"ImageObject","inLanguage":"en-US","@id":"https:\/\/veritasinfo.org\/?p=25289#primaryimage","url":"https:\/\/veritasinfo.org\/wp-content\/uploads\/2025\/12\/b799c32e-91ff-4813-98f5-d75ee0b7a57e.webp","contentUrl":"https:\/\/veritasinfo.org\/wp-content\/uploads\/2025\/12\/b799c32e-91ff-4813-98f5-d75ee0b7a57e.webp","width":1360,"height":870},{"@type":"BreadcrumbList","@id":"https:\/\/veritasinfo.org\/?p=25289#breadcrumb","itemListElement":[{"@type":"ListItem","position":1,"name":"Home","item":"https:\/\/veritasinfo.org\/"},{"@type":"ListItem","position":2,"name":"Prattipati takon kryetar\u00ebt e komunave veriore: Presim qeverisje transparente"}]},{"@type":"WebSite","@id":"https:\/\/veritasinfo.org\/#website","url":"https:\/\/veritasinfo.org\/","name":"","description":"","potentialAction":[{"@type":"SearchAction","target":{"@type":"EntryPoint","urlTemplate":"https:\/\/veritasinfo.org\/?s={search_term_string}"},"query-input":{"@type":"PropertyValueSpecification","valueRequired":true,"valueName":"search_term_string"}}],"inLanguage":"en-US"},{"@type":"Person","@id":"https:\/\/veritasinfo.org\/#\/schema\/person\/bc442336e35414d04494ab8fb45db4c6","name":"US5","image":{"@type":"ImageObject","inLanguage":"en-US","@id":"https:\/\/veritasinfo.org\/#\/schema\/person\/image\/","url":"https:\/\/secure.gravatar.com\/avatar\/16a61e7272a0c5d001121ebb9e60e925d5816e4ac1e443ed3e640d9a6ae55d0c?s=96&d=mm&r=g","contentUrl":"https:\/\/secure.gravatar.com\/avatar\/16a61e7272a0c5d001121ebb9e60e925d5816e4ac1e443ed3e640d9a6ae55d0c?s=96&d=mm&r=g","caption":"US5"},"url":"https:\/\/veritasinfo.org\/?author=6"}]}},"featured_image_urls":{"full":["https:\/\/veritasinfo.org\/wp-content\/uploads\/2025\/12\/b799c32e-91ff-4813-98f5-d75ee0b7a57e.webp",1360,870,false],"thumbnail":["https:\/\/veritasinfo.org\/wp-content\/uploads\/2025\/12\/b799c32e-91ff-4813-98f5-d75ee0b7a57e-150x150.webp",150,150,true],"medium":["https:\/\/veritasinfo.org\/wp-content\/uploads\/2025\/12\/b799c32e-91ff-4813-98f5-d75ee0b7a57e-300x192.webp",300,192,true],"medium_large":["https:\/\/veritasinfo.org\/wp-content\/uploads\/2025\/12\/b799c32e-91ff-4813-98f5-d75ee0b7a57e-768x491.webp",640,409,true],"large":["https:\/\/veritasinfo.org\/wp-content\/uploads\/2025\/12\/b799c32e-91ff-4813-98f5-d75ee0b7a57e-1024x655.webp",640,409,true],"1536x1536":["https:\/\/veritasinfo.org\/wp-content\/uploads\/2025\/12\/b799c32e-91ff-4813-98f5-d75ee0b7a57e.webp",1360,870,false],"2048x2048":["https:\/\/veritasinfo.org\/wp-content\/uploads\/2025\/12\/b799c32e-91ff-4813-98f5-d75ee0b7a57e.webp",1360,870,false],"kreeti-slider-full":["https:\/\/veritasinfo.org\/wp-content\/uploads\/2025\/12\/b799c32e-91ff-4813-98f5-d75ee0b7a57e.webp",1126,720,false],"kreeti-featured":["https:\/\/veritasinfo.org\/wp-content\/uploads\/2025\/12\/b799c32e-91ff-4813-98f5-d75ee0b7a57e.webp",1024,655,false],"kreeti-medium":["https:\/\/veritasinfo.org\/wp-content\/uploads\/2025\/12\/b799c32e-91ff-4813-98f5-d75ee0b7a57e.webp",720,461,false],"kreeti-medium-square":["https:\/\/veritasinfo.org\/wp-content\/uploads\/2025\/12\/b799c32e-91ff-4813-98f5-d75ee0b7a57e.webp",350,224,false]},"author_info":{"info":["US5"]},"category_info":"<a href=\"https:\/\/veritasinfo.org\/?cat=58\" rel=\"category\">Politik\u00eb<\/a>","tag_info":"Politik\u00eb","comment_count":"0","_links":{"self":[{"href":"https:\/\/veritasinfo.org\/index.php?rest_route=\/wp\/v2\/posts\/25289","targetHints":{"allow":["GET"]}}],"collection":[{"href":"https:\/\/veritasinfo.org\/index.php?rest_route=\/wp\/v2\/posts"}],"about":[{"href":"https:\/\/veritasinfo.org\/index.php?rest_route=\/wp\/v2\/types\/post"}],"author":[{"embeddable":true,"href":"https:\/\/veritasinfo.org\/index.php?rest_route=\/wp\/v2\/users\/6"}],"replies":[{"embeddable":true,"href":"https:\/\/veritasinfo.org\/index.php?rest_route=%2Fwp%2Fv2%2Fcomments&post=25289"}],"version-history":[{"count":1,"href":"https:\/\/veritasinfo.org\/index.php?rest_route=\/wp\/v2\/posts\/25289\/revisions"}],"predecessor-version":[{"id":25291,"href":"https:\/\/veritasinfo.org\/index.php?rest_route=\/wp\/v2\/posts\/25289\/revisions\/25291"}],"wp:featuredmedia":[{"embeddable":true,"href":"https:\/\/veritasinfo.org\/index.php?rest_route=\/wp\/v2\/media\/25290"}],"wp:attachment":[{"href":"https:\/\/veritasinfo.org\/index.php?rest_route=%2Fwp%2Fv2%2Fmedia&parent=25289"}],"wp:term":[{"taxonomy":"category","embeddable":true,"href":"https:\/\/veritasinfo.org\/index.php?rest_route=%2Fwp%2Fv2%2Fcategories&post=25289"},{"taxonomy":"post_tag","embeddable":true,"href":"https:\/\/veritasinfo.org\/index.php?rest_route=%2Fwp%2Fv2%2Ftags&post=25289"}],"curies":[{"name":"wp","href":"https:\/\/api.w.org\/{rel}","templated":true}]}}