{"id":2521,"date":"2025-07-04T14:50:28","date_gmt":"2025-07-04T12:50:28","guid":{"rendered":"https:\/\/veritasinfo.org\/?p=2521"},"modified":"2025-07-04T14:50:28","modified_gmt":"2025-07-04T12:50:28","slug":"kurti-uron-shba-ne-qofte-e-perhershme-aleanca-e-shteteve-tona-dhe-miqesia-e-ngushte-e-popujve-tane","status":"publish","type":"post","link":"https:\/\/veritasinfo.org\/?p=2521","title":{"rendered":"Kurti uron SHBA-n\u00eb: Qoft\u00eb e p\u00ebrhershme aleanca e shteteve tona dhe miq\u00ebsia e ngusht\u00eb e popujve tan\u00eb"},"content":{"rendered":"<p>Prishtin\u00eb, 04 Korrik 2025<\/p>\n<p>Kryeministri n\u00eb detyr\u00eb, Albin Kurti ka uruar Shtetet e Bashkuara t\u00eb Amerik\u00ebs n\u00eb 249-vjetorin e pavar\u00ebsis\u00eb.<\/p>\n<p>P\u00ebrmes nj\u00eb postimi n\u00eb Facebook, Kurti thot\u00eb se Kosova \u00ebsht\u00eb mir\u00ebnjoh\u00ebse p\u00ebr partneritetin q\u00eb ka me SHBA-n\u00eb.<\/p>\n<p>\u201cSot, n\u00eb dit\u00ebn kur Shtetet e Bashkuara t\u00eb Amerik\u00ebs hyjn\u00eb n\u00eb vitin e 250-t\u00eb t\u00eb ekzistenc\u00ebs s\u00eb tyre, i uroj presidentit Donald J. Trump dhe t\u00eb gjith\u00eb popullit t\u00eb SHBA-s\u00eb g\u00ebzuar Dit\u00ebn e Pavar\u00ebsis\u00eb! \u00a0N\u00eb nj\u00eb koh\u00eb kur po rrezikohet gjithnj\u00eb e m\u00eb shum\u00eb paqja dhe siguria nd\u00ebrkomb\u00ebtare, idealet e shprehura n\u00eb Deklarat\u00ebn e vitit 1776, ato t\u00eb liris\u00eb, barazis\u00eb dhe demokracis\u00eb, jan\u00eb po aq t\u00eb r\u00ebnd\u00ebsishme sot sa ishin para 249 vjet\u00ebve, jo vet\u00ebm n\u00eb SHBA, por n\u00eb mbar\u00eb bot\u00ebn\u201d.<\/p>\n<p>\u201cJemi mir\u00ebnjoh\u00ebs p\u00ebr miq\u00ebsin\u00eb dhe krenar\u00eb p\u00ebr bashk\u00ebpunimin e patneritetin nd\u00ebrmjet Republik\u00ebs son\u00eb dhe SHBA-s\u00eb n\u00eb mbrojtjen e po atyre idealeve. Zhvillimi i kapaciteteve t\u00eb Forc\u00ebs s\u00eb Siguris\u00eb s\u00eb Kosov\u00ebs, mb\u00ebshtetja p\u00ebr Ukrain\u00ebn kund\u00ebr agresionit rus dhe strehimi i refugjat\u00ebve afgan\u00eb dhe qytetar\u00ebve t\u00eb vendeve t\u00eb tjera n\u00eb territorin e Kosov\u00ebs, jan\u00eb vet\u00ebm disa nga fushat n\u00eb t\u00eb cilat bashk\u00ebrendimi i prioriteteve tona ka sh\u00ebnuar, dhe vazhdon t\u00eb sh\u00ebnoj\u00eb, progres t\u00eb jasht\u00ebzakonsh\u00ebm, si asnj\u00ebher\u00eb m\u00eb par\u00eb\u201d.<br \/>\n\u201cN\u00eb em\u00ebr t\u00eb Republik\u00ebs s\u00eb Kosov\u00ebs, g\u00ebzuar dit\u00eblindjen e 249-t\u00eb SHBA-s\u00eb dhe t\u00eb gjith\u00eb amerikan\u00ebve! Qoft\u00eb e p\u00ebrhershme aleanca e dy shteteve tona dhe miq\u00ebsia e ngusht\u00eb e popujve tan\u00eb\u201d, ka shkruar Kurti n\u00eb Facebook.<\/p>\n<p>&nbsp;<\/p>\n","protected":false},"excerpt":{"rendered":"<p>Prishtin\u00eb, 04 Korrik 2025 Kryeministri n\u00eb detyr\u00eb, Albin Kurti ka uruar Shtetet e Bashkuara t\u00eb Amerik\u00ebs n\u00eb 249-vjetorin e pavar\u00ebsis\u00eb. P\u00ebrmes nj\u00eb postimi n\u00eb Facebook,<\/p>\n","protected":false},"author":1,"featured_media":2522,"comment_status":"open","ping_status":"open","sticky":false,"template":"","format":"standard","meta":{"footnotes":""},"categories":[58],"tags":[],"class_list":["post-2521","post","type-post","status-publish","format-standard","has-post-thumbnail","hentry","category-politike-sq"],"yoast_head":"<!-- This site is optimized with the Yoast SEO plugin v25.3.1 - https:\/\/yoast.com\/wordpress\/plugins\/seo\/ -->\n<title>Kurti uron SHBA-n\u00eb: Qoft\u00eb e p\u00ebrhershme aleanca e shteteve tona dhe miq\u00ebsia e ngusht\u00eb e popujve tan\u00eb -<\/title>\n<meta name=\"robots\" content=\"index, follow, max-snippet:-1, max-image-preview:large, max-video-preview:-1\" \/>\n<link rel=\"canonical\" href=\"https:\/\/veritasinfo.org\/?p=2521\" \/>\n<meta property=\"og:locale\" content=\"en_US\" \/>\n<meta property=\"og:type\" content=\"article\" \/>\n<meta property=\"og:title\" content=\"Kurti uron SHBA-n\u00eb: Qoft\u00eb e p\u00ebrhershme aleanca e shteteve tona dhe miq\u00ebsia e ngusht\u00eb e popujve tan\u00eb -\" \/>\n<meta property=\"og:description\" content=\"Prishtin\u00eb, 04 Korrik 2025 Kryeministri n\u00eb detyr\u00eb, Albin Kurti ka uruar Shtetet e Bashkuara t\u00eb Amerik\u00ebs n\u00eb 249-vjetorin e pavar\u00ebsis\u00eb. P\u00ebrmes nj\u00eb postimi n\u00eb Facebook,\" \/>\n<meta property=\"og:url\" content=\"https:\/\/veritasinfo.org\/?p=2521\" \/>\n<meta property=\"article:published_time\" content=\"2025-07-04T12:50:28+00:00\" \/>\n<meta property=\"og:image\" content=\"https:\/\/veritasinfo.org\/wp-content\/uploads\/2025\/07\/IMG_1718.png\" \/>\n\t<meta property=\"og:image:width\" content=\"1536\" \/>\n\t<meta property=\"og:image:height\" content=\"1024\" \/>\n\t<meta property=\"og:image:type\" content=\"image\/png\" \/>\n<meta name=\"author\" content=\"admin\" \/>\n<meta name=\"twitter:card\" content=\"summary_large_image\" \/>\n<meta name=\"twitter:label1\" content=\"Written by\" \/>\n\t<meta name=\"twitter:data1\" content=\"admin\" \/>\n\t<meta name=\"twitter:label2\" content=\"Est. reading time\" \/>\n\t<meta name=\"twitter:data2\" content=\"2 minutes\" \/>\n<script type=\"application\/ld+json\" class=\"yoast-schema-graph\">{\"@context\":\"https:\/\/schema.org\",\"@graph\":[{\"@type\":\"WebPage\",\"@id\":\"https:\/\/veritasinfo.org\/?p=2521\",\"url\":\"https:\/\/veritasinfo.org\/?p=2521\",\"name\":\"Kurti uron SHBA-n\u00eb: Qoft\u00eb e p\u00ebrhershme aleanca e shteteve tona dhe miq\u00ebsia e ngusht\u00eb e popujve tan\u00eb -\",\"isPartOf\":{\"@id\":\"https:\/\/veritasinfo.org\/#website\"},\"primaryImageOfPage\":{\"@id\":\"https:\/\/veritasinfo.org\/?p=2521#primaryimage\"},\"image\":{\"@id\":\"https:\/\/veritasinfo.org\/?p=2521#primaryimage\"},\"thumbnailUrl\":\"https:\/\/veritasinfo.org\/wp-content\/uploads\/2025\/07\/IMG_1718.png\",\"datePublished\":\"2025-07-04T12:50:28+00:00\",\"author\":{\"@id\":\"https:\/\/veritasinfo.org\/#\/schema\/person\/7701f8c088bece422266b100a712374f\"},\"breadcrumb\":{\"@id\":\"https:\/\/veritasinfo.org\/?p=2521#breadcrumb\"},\"inLanguage\":\"en-US\",\"potentialAction\":[{\"@type\":\"ReadAction\",\"target\":[\"https:\/\/veritasinfo.org\/?p=2521\"]}]},{\"@type\":\"ImageObject\",\"inLanguage\":\"en-US\",\"@id\":\"https:\/\/veritasinfo.org\/?p=2521#primaryimage\",\"url\":\"https:\/\/veritasinfo.org\/wp-content\/uploads\/2025\/07\/IMG_1718.png\",\"contentUrl\":\"https:\/\/veritasinfo.org\/wp-content\/uploads\/2025\/07\/IMG_1718.png\",\"width\":1536,\"height\":1024},{\"@type\":\"BreadcrumbList\",\"@id\":\"https:\/\/veritasinfo.org\/?p=2521#breadcrumb\",\"itemListElement\":[{\"@type\":\"ListItem\",\"position\":1,\"name\":\"Home\",\"item\":\"https:\/\/veritasinfo.org\/\"},{\"@type\":\"ListItem\",\"position\":2,\"name\":\"Kurti uron SHBA-n\u00eb: Qoft\u00eb e p\u00ebrhershme aleanca e shteteve tona dhe miq\u00ebsia e ngusht\u00eb e popujve tan\u00eb\"}]},{\"@type\":\"WebSite\",\"@id\":\"https:\/\/veritasinfo.org\/#website\",\"url\":\"https:\/\/veritasinfo.org\/\",\"name\":\"\",\"description\":\"\",\"potentialAction\":[{\"@type\":\"SearchAction\",\"target\":{\"@type\":\"EntryPoint\",\"urlTemplate\":\"https:\/\/veritasinfo.org\/?s={search_term_string}\"},\"query-input\":{\"@type\":\"PropertyValueSpecification\",\"valueRequired\":true,\"valueName\":\"search_term_string\"}}],\"inLanguage\":\"en-US\"},{\"@type\":\"Person\",\"@id\":\"https:\/\/veritasinfo.org\/#\/schema\/person\/7701f8c088bece422266b100a712374f\",\"name\":\"admin\",\"image\":{\"@type\":\"ImageObject\",\"inLanguage\":\"en-US\",\"@id\":\"https:\/\/veritasinfo.org\/#\/schema\/person\/image\/\",\"url\":\"https:\/\/secure.gravatar.com\/avatar\/ea53aa3bf6c9a12d5fde8ce4deff43fef3885ae33cf60184161a50d6987cfd2f?s=96&d=mm&r=g\",\"contentUrl\":\"https:\/\/secure.gravatar.com\/avatar\/ea53aa3bf6c9a12d5fde8ce4deff43fef3885ae33cf60184161a50d6987cfd2f?s=96&d=mm&r=g\",\"caption\":\"admin\"},\"sameAs\":[\"https:\/\/veritasinfo.org\"],\"url\":\"https:\/\/veritasinfo.org\/?author=1\"}]}<\/script>\n<!-- \/ Yoast SEO plugin. -->","yoast_head_json":{"title":"Kurti uron SHBA-n\u00eb: Qoft\u00eb e p\u00ebrhershme aleanca e shteteve tona dhe miq\u00ebsia e ngusht\u00eb e popujve tan\u00eb -","robots":{"index":"index","follow":"follow","max-snippet":"max-snippet:-1","max-image-preview":"max-image-preview:large","max-video-preview":"max-video-preview:-1"},"canonical":"https:\/\/veritasinfo.org\/?p=2521","og_locale":"en_US","og_type":"article","og_title":"Kurti uron SHBA-n\u00eb: Qoft\u00eb e p\u00ebrhershme aleanca e shteteve tona dhe miq\u00ebsia e ngusht\u00eb e popujve tan\u00eb -","og_description":"Prishtin\u00eb, 04 Korrik 2025 Kryeministri n\u00eb detyr\u00eb, Albin Kurti ka uruar Shtetet e Bashkuara t\u00eb Amerik\u00ebs n\u00eb 249-vjetorin e pavar\u00ebsis\u00eb. P\u00ebrmes nj\u00eb postimi n\u00eb Facebook,","og_url":"https:\/\/veritasinfo.org\/?p=2521","article_published_time":"2025-07-04T12:50:28+00:00","og_image":[{"width":1536,"height":1024,"url":"https:\/\/veritasinfo.org\/wp-content\/uploads\/2025\/07\/IMG_1718.png","type":"image\/png"}],"author":"admin","twitter_card":"summary_large_image","twitter_misc":{"Written by":"admin","Est. reading time":"2 minutes"},"schema":{"@context":"https:\/\/schema.org","@graph":[{"@type":"WebPage","@id":"https:\/\/veritasinfo.org\/?p=2521","url":"https:\/\/veritasinfo.org\/?p=2521","name":"Kurti uron SHBA-n\u00eb: Qoft\u00eb e p\u00ebrhershme aleanca e shteteve tona dhe miq\u00ebsia e ngusht\u00eb e popujve tan\u00eb -","isPartOf":{"@id":"https:\/\/veritasinfo.org\/#website"},"primaryImageOfPage":{"@id":"https:\/\/veritasinfo.org\/?p=2521#primaryimage"},"image":{"@id":"https:\/\/veritasinfo.org\/?p=2521#primaryimage"},"thumbnailUrl":"https:\/\/veritasinfo.org\/wp-content\/uploads\/2025\/07\/IMG_1718.png","datePublished":"2025-07-04T12:50:28+00:00","author":{"@id":"https:\/\/veritasinfo.org\/#\/schema\/person\/7701f8c088bece422266b100a712374f"},"breadcrumb":{"@id":"https:\/\/veritasinfo.org\/?p=2521#breadcrumb"},"inLanguage":"en-US","potentialAction":[{"@type":"ReadAction","target":["https:\/\/veritasinfo.org\/?p=2521"]}]},{"@type":"ImageObject","inLanguage":"en-US","@id":"https:\/\/veritasinfo.org\/?p=2521#primaryimage","url":"https:\/\/veritasinfo.org\/wp-content\/uploads\/2025\/07\/IMG_1718.png","contentUrl":"https:\/\/veritasinfo.org\/wp-content\/uploads\/2025\/07\/IMG_1718.png","width":1536,"height":1024},{"@type":"BreadcrumbList","@id":"https:\/\/veritasinfo.org\/?p=2521#breadcrumb","itemListElement":[{"@type":"ListItem","position":1,"name":"Home","item":"https:\/\/veritasinfo.org\/"},{"@type":"ListItem","position":2,"name":"Kurti uron SHBA-n\u00eb: Qoft\u00eb e p\u00ebrhershme aleanca e shteteve tona dhe miq\u00ebsia e ngusht\u00eb e popujve tan\u00eb"}]},{"@type":"WebSite","@id":"https:\/\/veritasinfo.org\/#website","url":"https:\/\/veritasinfo.org\/","name":"","description":"","potentialAction":[{"@type":"SearchAction","target":{"@type":"EntryPoint","urlTemplate":"https:\/\/veritasinfo.org\/?s={search_term_string}"},"query-input":{"@type":"PropertyValueSpecification","valueRequired":true,"valueName":"search_term_string"}}],"inLanguage":"en-US"},{"@type":"Person","@id":"https:\/\/veritasinfo.org\/#\/schema\/person\/7701f8c088bece422266b100a712374f","name":"admin","image":{"@type":"ImageObject","inLanguage":"en-US","@id":"https:\/\/veritasinfo.org\/#\/schema\/person\/image\/","url":"https:\/\/secure.gravatar.com\/avatar\/ea53aa3bf6c9a12d5fde8ce4deff43fef3885ae33cf60184161a50d6987cfd2f?s=96&d=mm&r=g","contentUrl":"https:\/\/secure.gravatar.com\/avatar\/ea53aa3bf6c9a12d5fde8ce4deff43fef3885ae33cf60184161a50d6987cfd2f?s=96&d=mm&r=g","caption":"admin"},"sameAs":["https:\/\/veritasinfo.org"],"url":"https:\/\/veritasinfo.org\/?author=1"}]}},"featured_image_urls":{"full":["https:\/\/veritasinfo.org\/wp-content\/uploads\/2025\/07\/IMG_1718.png",1536,1024,false],"thumbnail":["https:\/\/veritasinfo.org\/wp-content\/uploads\/2025\/07\/IMG_1718-150x150.png",150,150,true],"medium":["https:\/\/veritasinfo.org\/wp-content\/uploads\/2025\/07\/IMG_1718-300x200.png",300,200,true],"medium_large":["https:\/\/veritasinfo.org\/wp-content\/uploads\/2025\/07\/IMG_1718-768x512.png",640,427,true],"large":["https:\/\/veritasinfo.org\/wp-content\/uploads\/2025\/07\/IMG_1718-1024x683.png",640,427,true],"1536x1536":["https:\/\/veritasinfo.org\/wp-content\/uploads\/2025\/07\/IMG_1718.png",1536,1024,false],"2048x2048":["https:\/\/veritasinfo.org\/wp-content\/uploads\/2025\/07\/IMG_1718.png",1536,1024,false],"kreeti-slider-full":["https:\/\/veritasinfo.org\/wp-content\/uploads\/2025\/07\/IMG_1718.png",1080,720,false],"kreeti-featured":["https:\/\/veritasinfo.org\/wp-content\/uploads\/2025\/07\/IMG_1718.png",1024,683,false],"kreeti-medium":["https:\/\/veritasinfo.org\/wp-content\/uploads\/2025\/07\/IMG_1718.png",720,480,false],"kreeti-medium-square":["https:\/\/veritasinfo.org\/wp-content\/uploads\/2025\/07\/IMG_1718.png",350,233,false]},"author_info":{"info":["admin"]},"category_info":"<a href=\"https:\/\/veritasinfo.org\/?cat=58\" rel=\"category\">Politik\u00eb<\/a>","tag_info":"Politik\u00eb","comment_count":"0","_links":{"self":[{"href":"https:\/\/veritasinfo.org\/index.php?rest_route=\/wp\/v2\/posts\/2521","targetHints":{"allow":["GET"]}}],"collection":[{"href":"https:\/\/veritasinfo.org\/index.php?rest_route=\/wp\/v2\/posts"}],"about":[{"href":"https:\/\/veritasinfo.org\/index.php?rest_route=\/wp\/v2\/types\/post"}],"author":[{"embeddable":true,"href":"https:\/\/veritasinfo.org\/index.php?rest_route=\/wp\/v2\/users\/1"}],"replies":[{"embeddable":true,"href":"https:\/\/veritasinfo.org\/index.php?rest_route=%2Fwp%2Fv2%2Fcomments&post=2521"}],"version-history":[{"count":1,"href":"https:\/\/veritasinfo.org\/index.php?rest_route=\/wp\/v2\/posts\/2521\/revisions"}],"predecessor-version":[{"id":2523,"href":"https:\/\/veritasinfo.org\/index.php?rest_route=\/wp\/v2\/posts\/2521\/revisions\/2523"}],"wp:featuredmedia":[{"embeddable":true,"href":"https:\/\/veritasinfo.org\/index.php?rest_route=\/wp\/v2\/media\/2522"}],"wp:attachment":[{"href":"https:\/\/veritasinfo.org\/index.php?rest_route=%2Fwp%2Fv2%2Fmedia&parent=2521"}],"wp:term":[{"taxonomy":"category","embeddable":true,"href":"https:\/\/veritasinfo.org\/index.php?rest_route=%2Fwp%2Fv2%2Fcategories&post=2521"},{"taxonomy":"post_tag","embeddable":true,"href":"https:\/\/veritasinfo.org\/index.php?rest_route=%2Fwp%2Fv2%2Ftags&post=2521"}],"curies":[{"name":"wp","href":"https:\/\/api.w.org\/{rel}","templated":true}]}}