{"id":25183,"date":"2025-12-22T21:55:06","date_gmt":"2025-12-22T20:55:06","guid":{"rendered":"https:\/\/veritasinfo.org\/?p=25183"},"modified":"2025-12-22T22:01:02","modified_gmt":"2025-12-22T21:01:02","slug":"presidenca-jep-detaje-per-takimin-e-osmanit-me-zevendes-sekretarin-e-shtetit-te-shba-ve","status":"publish","type":"post","link":"https:\/\/veritasinfo.org\/?p=25183","title":{"rendered":"Presidenca jep detaje p\u00ebr takimin e Osmanit me Z\u00ebvend\u00ebs Sekretarin e Shtetit t\u00eb SHBA-ve"},"content":{"rendered":"<p><strong>Prishtin\u00eb, 22 dhjetor 2025 21:55<\/strong><\/p>\n<p>Presidentja e Republik\u00ebs s\u00eb Kosov\u00ebs, Vjosa Osmani, u takua me Z\u00ebvend\u00ebs Sekretarin e Shtetit t\u00eb Shteteve t\u00eb Bashkuara t\u00eb Amerik\u00ebs, Christopher Landau.<\/p>\n<p>Presidenca njofton se gjat\u00eb takimit, Presidentja Osmani shprehu mir\u00ebnjohjen e popullit t\u00eb Kosov\u00ebs p\u00ebr n\u00ebnshkrimin nga Presidenti Donald Trump t\u00eb Ligjit p\u00ebr Autorizimin e Mbrojtjes Komb\u00ebtare (NDAA), p\u00ebr mb\u00ebshtetjen amerikane ndaj sovranitetit dhe integritetit territorial t\u00eb Kosov\u00ebs, p\u00ebr vizionin e Presidentit Trump q\u00eb dialogu t\u00eb bazohet n\u00eb njohje reciproke nd\u00ebrmjet Kosov\u00ebs dhe Serbis\u00eb, p\u00ebr mb\u00ebshtetjen p\u00ebr an\u00ebtar\u00ebsimin e Kosov\u00ebs n\u00eb NATO, si dhe p\u00ebr rritjen e investimeve strategjike ekonomike.<\/p>\n<p>Presidentja Osmani foli poashtu edhe p\u00ebr zhvillimet e fundit, situat\u00ebn e siguris\u00eb n\u00eb rajon, si dhe p\u00ebr r\u00ebnd\u00ebsin\u00eb e shtyrjes p\u00ebrpara t\u00eb Dialogut Strategjik Kosov\u00eb\u2013SHBA, si nj\u00eb platform\u00eb thelb\u00ebsore p\u00ebr forcimin e partneritetit dypal\u00ebsh dhe avancimin e bashk\u00ebpunimit n\u00eb fushat me interes t\u00eb p\u00ebrbashk\u00ebt.<\/p>\n<p>Presidentja theksoi p\u00ebrkushtimin e Kosov\u00ebs ndaj aleanc\u00ebs me Shtetet e Bashkuara t\u00eb Amerik\u00ebs dhe gatishm\u00ebrin\u00eb p\u00ebr t\u00eb vazhduar pun\u00ebn e ngusht\u00eb me Administrat\u00ebn e Presidentit Trump, si\u00e7 \u00ebsht\u00eb reflektuar p\u00ebrmes heqjes s\u00eb tarifave p\u00ebr produktet amerikane, marr\u00ebveshjes p\u00ebr shtetasit e vendeve t\u00eb treta, linj\u00ebzimit me politik\u00ebn e jashtme amerikane, harmonizimit t\u00eb plot\u00eb t\u00eb list\u00ebs s\u00eb organizatave t\u00eb huaja terroriste me urdhrat ekzekutiv\u00eb t\u00eb Presidentit Trump, si dhe p\u00ebrmes veprimeve t\u00eb tjera q\u00eb d\u00ebshmojn\u00eb mb\u00ebshtetjen e Kosov\u00ebs p\u00ebr Administrat\u00ebn e Presidentit Trump.<\/p>\n<p>N\u00eb k\u00ebt\u00eb takim, Presidentja ka ngritur \u00e7\u00ebshtjen e shkeljeve flagrante nga ana e Serbis\u00eb t\u00eb t\u00eb drejtave t\u00eb shqiptar\u00ebve n\u00eb Preshev\u00eb, Medvegj\u00eb e Bujanoc, duke k\u00ebrkuar p\u00ebrkrahjen e Administrat\u00ebs Trump p\u00ebr k\u00ebt\u00eb \u00e7\u00ebshtje.<\/p>\n<p>&#8220;Sa i p\u00ebrket raporteve nd\u00ebrmjet Kosov\u00ebs dhe Serbis\u00eb, Presidentja shprehi mir\u00ebnjohje ndaj politik\u00ebs s\u00eb qart\u00eb t\u00eb Administrat\u00ebs Trump q\u00eb dialogu duhet t\u00eb bazohet n\u00eb njohje reciproke dhe p\u00ebr faktin q\u00eb jan\u00eb p\u00ebrjashtuar idet\u00eb e rrezikshme p\u00ebr ndryshime t\u00eb kufijve apo ndarje. Kjo qasje, shtoi ajo, \u00ebsht\u00eb e domosdoshme, n\u00eb m\u00ebnyr\u00eb q\u00eb t\u00eb ruhet paqja e stabiliteti n\u00eb rajonin ton\u00eb&#8221;, vijon tutje njoftimi i Presidenc\u00ebs.<\/p>\n<p>N\u00eb takim me Z\u00ebvend\u00ebs Sekretarin Landau, q\u00eb p\u00ebrb\u00ebn takimin e dyt\u00eb bilateral brenda k\u00ebtij viti, Presidentja Osmani ritheksoi se Kosova do t\u00eb vazhdoj\u00eb t\u00eb ec\u00eb p\u00ebrkrah Shteteve t\u00eb Bashkuara t\u00eb Amerik\u00ebs, aleatin e p\u00ebrhersh\u00ebm t\u00eb Kosov\u00ebs.<\/p>\n","protected":false},"excerpt":{"rendered":"<p>Prishtin\u00eb, 22 dhjetor 2025 21:55 Presidentja e Republik\u00ebs s\u00eb Kosov\u00ebs, Vjosa Osmani, u takua me Z\u00ebvend\u00ebs Sekretarin e Shtetit t\u00eb Shteteve t\u00eb Bashkuara t\u00eb Amerik\u00ebs,<\/p>\n","protected":false},"author":7,"featured_media":25184,"comment_status":"open","ping_status":"open","sticky":false,"template":"","format":"standard","meta":{"footnotes":""},"categories":[58],"tags":[],"class_list":["post-25183","post","type-post","status-publish","format-standard","has-post-thumbnail","hentry","category-politike-sq"],"yoast_head":"<!-- This site is optimized with the Yoast SEO plugin v25.3.1 - https:\/\/yoast.com\/wordpress\/plugins\/seo\/ -->\n<title>Presidenca jep detaje p\u00ebr takimin e Osmanit me Z\u00ebvend\u00ebs Sekretarin e Shtetit t\u00eb SHBA-ve -<\/title>\n<meta name=\"robots\" content=\"index, follow, max-snippet:-1, max-image-preview:large, max-video-preview:-1\" \/>\n<link rel=\"canonical\" href=\"https:\/\/veritasinfo.org\/?p=25183\" \/>\n<meta property=\"og:locale\" content=\"en_US\" \/>\n<meta property=\"og:type\" content=\"article\" \/>\n<meta property=\"og:title\" content=\"Presidenca jep detaje p\u00ebr takimin e Osmanit me Z\u00ebvend\u00ebs Sekretarin e Shtetit t\u00eb SHBA-ve -\" \/>\n<meta property=\"og:description\" content=\"Prishtin\u00eb, 22 dhjetor 2025 21:55 Presidentja e Republik\u00ebs s\u00eb Kosov\u00ebs, Vjosa Osmani, u takua me Z\u00ebvend\u00ebs Sekretarin e Shtetit t\u00eb Shteteve t\u00eb Bashkuara t\u00eb Amerik\u00ebs,\" \/>\n<meta property=\"og:url\" content=\"https:\/\/veritasinfo.org\/?p=25183\" \/>\n<meta property=\"article:published_time\" content=\"2025-12-22T20:55:06+00:00\" \/>\n<meta property=\"article:modified_time\" content=\"2025-12-22T21:01:02+00:00\" \/>\n<meta property=\"og:image\" content=\"https:\/\/veritasinfo.org\/wp-content\/uploads\/2025\/12\/1-47.jpg\" \/>\n\t<meta property=\"og:image:width\" content=\"865\" \/>\n\t<meta property=\"og:image:height\" content=\"480\" \/>\n\t<meta property=\"og:image:type\" content=\"image\/jpeg\" \/>\n<meta name=\"author\" content=\"US6\" \/>\n<meta name=\"twitter:card\" content=\"summary_large_image\" \/>\n<meta name=\"twitter:label1\" content=\"Written by\" \/>\n\t<meta name=\"twitter:data1\" content=\"US6\" \/>\n\t<meta name=\"twitter:label2\" content=\"Est. reading time\" \/>\n\t<meta name=\"twitter:data2\" content=\"2 minutes\" \/>\n<script type=\"application\/ld+json\" class=\"yoast-schema-graph\">{\"@context\":\"https:\/\/schema.org\",\"@graph\":[{\"@type\":\"WebPage\",\"@id\":\"https:\/\/veritasinfo.org\/?p=25183\",\"url\":\"https:\/\/veritasinfo.org\/?p=25183\",\"name\":\"Presidenca jep detaje p\u00ebr takimin e Osmanit me Z\u00ebvend\u00ebs Sekretarin e Shtetit t\u00eb SHBA-ve -\",\"isPartOf\":{\"@id\":\"https:\/\/veritasinfo.org\/#website\"},\"primaryImageOfPage\":{\"@id\":\"https:\/\/veritasinfo.org\/?p=25183#primaryimage\"},\"image\":{\"@id\":\"https:\/\/veritasinfo.org\/?p=25183#primaryimage\"},\"thumbnailUrl\":\"https:\/\/veritasinfo.org\/wp-content\/uploads\/2025\/12\/1-47.jpg\",\"datePublished\":\"2025-12-22T20:55:06+00:00\",\"dateModified\":\"2025-12-22T21:01:02+00:00\",\"author\":{\"@id\":\"https:\/\/veritasinfo.org\/#\/schema\/person\/fe199eede04c3937362892b7444747cc\"},\"breadcrumb\":{\"@id\":\"https:\/\/veritasinfo.org\/?p=25183#breadcrumb\"},\"inLanguage\":\"en-US\",\"potentialAction\":[{\"@type\":\"ReadAction\",\"target\":[\"https:\/\/veritasinfo.org\/?p=25183\"]}]},{\"@type\":\"ImageObject\",\"inLanguage\":\"en-US\",\"@id\":\"https:\/\/veritasinfo.org\/?p=25183#primaryimage\",\"url\":\"https:\/\/veritasinfo.org\/wp-content\/uploads\/2025\/12\/1-47.jpg\",\"contentUrl\":\"https:\/\/veritasinfo.org\/wp-content\/uploads\/2025\/12\/1-47.jpg\",\"width\":865,\"height\":480},{\"@type\":\"BreadcrumbList\",\"@id\":\"https:\/\/veritasinfo.org\/?p=25183#breadcrumb\",\"itemListElement\":[{\"@type\":\"ListItem\",\"position\":1,\"name\":\"Home\",\"item\":\"https:\/\/veritasinfo.org\/\"},{\"@type\":\"ListItem\",\"position\":2,\"name\":\"Presidenca jep detaje p\u00ebr takimin e Osmanit me Z\u00ebvend\u00ebs Sekretarin e Shtetit t\u00eb SHBA-ve\"}]},{\"@type\":\"WebSite\",\"@id\":\"https:\/\/veritasinfo.org\/#website\",\"url\":\"https:\/\/veritasinfo.org\/\",\"name\":\"\",\"description\":\"\",\"potentialAction\":[{\"@type\":\"SearchAction\",\"target\":{\"@type\":\"EntryPoint\",\"urlTemplate\":\"https:\/\/veritasinfo.org\/?s={search_term_string}\"},\"query-input\":{\"@type\":\"PropertyValueSpecification\",\"valueRequired\":true,\"valueName\":\"search_term_string\"}}],\"inLanguage\":\"en-US\"},{\"@type\":\"Person\",\"@id\":\"https:\/\/veritasinfo.org\/#\/schema\/person\/fe199eede04c3937362892b7444747cc\",\"name\":\"US6\",\"image\":{\"@type\":\"ImageObject\",\"inLanguage\":\"en-US\",\"@id\":\"https:\/\/veritasinfo.org\/#\/schema\/person\/image\/\",\"url\":\"https:\/\/secure.gravatar.com\/avatar\/cb16c3c31c9d23b9b8c705964598220b3014e42ff51eb540ff23cefa3ae8c15f?s=96&d=mm&r=g\",\"contentUrl\":\"https:\/\/secure.gravatar.com\/avatar\/cb16c3c31c9d23b9b8c705964598220b3014e42ff51eb540ff23cefa3ae8c15f?s=96&d=mm&r=g\",\"caption\":\"US6\"},\"url\":\"https:\/\/veritasinfo.org\/?author=7\"}]}<\/script>\n<!-- \/ Yoast SEO plugin. -->","yoast_head_json":{"title":"Presidenca jep detaje p\u00ebr takimin e Osmanit me Z\u00ebvend\u00ebs Sekretarin e Shtetit t\u00eb SHBA-ve -","robots":{"index":"index","follow":"follow","max-snippet":"max-snippet:-1","max-image-preview":"max-image-preview:large","max-video-preview":"max-video-preview:-1"},"canonical":"https:\/\/veritasinfo.org\/?p=25183","og_locale":"en_US","og_type":"article","og_title":"Presidenca jep detaje p\u00ebr takimin e Osmanit me Z\u00ebvend\u00ebs Sekretarin e Shtetit t\u00eb SHBA-ve -","og_description":"Prishtin\u00eb, 22 dhjetor 2025 21:55 Presidentja e Republik\u00ebs s\u00eb Kosov\u00ebs, Vjosa Osmani, u takua me Z\u00ebvend\u00ebs Sekretarin e Shtetit t\u00eb Shteteve t\u00eb Bashkuara t\u00eb Amerik\u00ebs,","og_url":"https:\/\/veritasinfo.org\/?p=25183","article_published_time":"2025-12-22T20:55:06+00:00","article_modified_time":"2025-12-22T21:01:02+00:00","og_image":[{"width":865,"height":480,"url":"https:\/\/veritasinfo.org\/wp-content\/uploads\/2025\/12\/1-47.jpg","type":"image\/jpeg"}],"author":"US6","twitter_card":"summary_large_image","twitter_misc":{"Written by":"US6","Est. reading time":"2 minutes"},"schema":{"@context":"https:\/\/schema.org","@graph":[{"@type":"WebPage","@id":"https:\/\/veritasinfo.org\/?p=25183","url":"https:\/\/veritasinfo.org\/?p=25183","name":"Presidenca jep detaje p\u00ebr takimin e Osmanit me Z\u00ebvend\u00ebs Sekretarin e Shtetit t\u00eb SHBA-ve -","isPartOf":{"@id":"https:\/\/veritasinfo.org\/#website"},"primaryImageOfPage":{"@id":"https:\/\/veritasinfo.org\/?p=25183#primaryimage"},"image":{"@id":"https:\/\/veritasinfo.org\/?p=25183#primaryimage"},"thumbnailUrl":"https:\/\/veritasinfo.org\/wp-content\/uploads\/2025\/12\/1-47.jpg","datePublished":"2025-12-22T20:55:06+00:00","dateModified":"2025-12-22T21:01:02+00:00","author":{"@id":"https:\/\/veritasinfo.org\/#\/schema\/person\/fe199eede04c3937362892b7444747cc"},"breadcrumb":{"@id":"https:\/\/veritasinfo.org\/?p=25183#breadcrumb"},"inLanguage":"en-US","potentialAction":[{"@type":"ReadAction","target":["https:\/\/veritasinfo.org\/?p=25183"]}]},{"@type":"ImageObject","inLanguage":"en-US","@id":"https:\/\/veritasinfo.org\/?p=25183#primaryimage","url":"https:\/\/veritasinfo.org\/wp-content\/uploads\/2025\/12\/1-47.jpg","contentUrl":"https:\/\/veritasinfo.org\/wp-content\/uploads\/2025\/12\/1-47.jpg","width":865,"height":480},{"@type":"BreadcrumbList","@id":"https:\/\/veritasinfo.org\/?p=25183#breadcrumb","itemListElement":[{"@type":"ListItem","position":1,"name":"Home","item":"https:\/\/veritasinfo.org\/"},{"@type":"ListItem","position":2,"name":"Presidenca jep detaje p\u00ebr takimin e Osmanit me Z\u00ebvend\u00ebs Sekretarin e Shtetit t\u00eb SHBA-ve"}]},{"@type":"WebSite","@id":"https:\/\/veritasinfo.org\/#website","url":"https:\/\/veritasinfo.org\/","name":"","description":"","potentialAction":[{"@type":"SearchAction","target":{"@type":"EntryPoint","urlTemplate":"https:\/\/veritasinfo.org\/?s={search_term_string}"},"query-input":{"@type":"PropertyValueSpecification","valueRequired":true,"valueName":"search_term_string"}}],"inLanguage":"en-US"},{"@type":"Person","@id":"https:\/\/veritasinfo.org\/#\/schema\/person\/fe199eede04c3937362892b7444747cc","name":"US6","image":{"@type":"ImageObject","inLanguage":"en-US","@id":"https:\/\/veritasinfo.org\/#\/schema\/person\/image\/","url":"https:\/\/secure.gravatar.com\/avatar\/cb16c3c31c9d23b9b8c705964598220b3014e42ff51eb540ff23cefa3ae8c15f?s=96&d=mm&r=g","contentUrl":"https:\/\/secure.gravatar.com\/avatar\/cb16c3c31c9d23b9b8c705964598220b3014e42ff51eb540ff23cefa3ae8c15f?s=96&d=mm&r=g","caption":"US6"},"url":"https:\/\/veritasinfo.org\/?author=7"}]}},"featured_image_urls":{"full":["https:\/\/veritasinfo.org\/wp-content\/uploads\/2025\/12\/1-47.jpg",865,480,false],"thumbnail":["https:\/\/veritasinfo.org\/wp-content\/uploads\/2025\/12\/1-47-150x150.jpg",150,150,true],"medium":["https:\/\/veritasinfo.org\/wp-content\/uploads\/2025\/12\/1-47-300x166.jpg",300,166,true],"medium_large":["https:\/\/veritasinfo.org\/wp-content\/uploads\/2025\/12\/1-47-768x426.jpg",640,355,true],"large":["https:\/\/veritasinfo.org\/wp-content\/uploads\/2025\/12\/1-47.jpg",640,355,false],"1536x1536":["https:\/\/veritasinfo.org\/wp-content\/uploads\/2025\/12\/1-47.jpg",865,480,false],"2048x2048":["https:\/\/veritasinfo.org\/wp-content\/uploads\/2025\/12\/1-47.jpg",865,480,false],"kreeti-slider-full":["https:\/\/veritasinfo.org\/wp-content\/uploads\/2025\/12\/1-47.jpg",865,480,false],"kreeti-featured":["https:\/\/veritasinfo.org\/wp-content\/uploads\/2025\/12\/1-47.jpg",865,480,false],"kreeti-medium":["https:\/\/veritasinfo.org\/wp-content\/uploads\/2025\/12\/1-47.jpg",720,400,false],"kreeti-medium-square":["https:\/\/veritasinfo.org\/wp-content\/uploads\/2025\/12\/1-47.jpg",350,194,false]},"author_info":{"info":["US6"]},"category_info":"<a href=\"https:\/\/veritasinfo.org\/?cat=58\" rel=\"category\">Politik\u00eb<\/a>","tag_info":"Politik\u00eb","comment_count":"0","_links":{"self":[{"href":"https:\/\/veritasinfo.org\/index.php?rest_route=\/wp\/v2\/posts\/25183","targetHints":{"allow":["GET"]}}],"collection":[{"href":"https:\/\/veritasinfo.org\/index.php?rest_route=\/wp\/v2\/posts"}],"about":[{"href":"https:\/\/veritasinfo.org\/index.php?rest_route=\/wp\/v2\/types\/post"}],"author":[{"embeddable":true,"href":"https:\/\/veritasinfo.org\/index.php?rest_route=\/wp\/v2\/users\/7"}],"replies":[{"embeddable":true,"href":"https:\/\/veritasinfo.org\/index.php?rest_route=%2Fwp%2Fv2%2Fcomments&post=25183"}],"version-history":[{"count":1,"href":"https:\/\/veritasinfo.org\/index.php?rest_route=\/wp\/v2\/posts\/25183\/revisions"}],"predecessor-version":[{"id":25185,"href":"https:\/\/veritasinfo.org\/index.php?rest_route=\/wp\/v2\/posts\/25183\/revisions\/25185"}],"wp:featuredmedia":[{"embeddable":true,"href":"https:\/\/veritasinfo.org\/index.php?rest_route=\/wp\/v2\/media\/25184"}],"wp:attachment":[{"href":"https:\/\/veritasinfo.org\/index.php?rest_route=%2Fwp%2Fv2%2Fmedia&parent=25183"}],"wp:term":[{"taxonomy":"category","embeddable":true,"href":"https:\/\/veritasinfo.org\/index.php?rest_route=%2Fwp%2Fv2%2Fcategories&post=25183"},{"taxonomy":"post_tag","embeddable":true,"href":"https:\/\/veritasinfo.org\/index.php?rest_route=%2Fwp%2Fv2%2Ftags&post=25183"}],"curies":[{"name":"wp","href":"https:\/\/api.w.org\/{rel}","templated":true}]}}