{"id":2516,"date":"2025-07-04T12:49:28","date_gmt":"2025-07-04T10:49:28","guid":{"rendered":"https:\/\/veritasinfo.org\/?p=2516"},"modified":"2025-07-04T12:54:43","modified_gmt":"2025-07-04T10:54:43","slug":"be-i-kerkon-serbise-ti-ndjeke-penalisht-autoret-e-sulmit-te-banjskes","status":"publish","type":"post","link":"https:\/\/veritasinfo.org\/?p=2516","title":{"rendered":"BE i k\u00ebrkon Serbis\u00eb t`i ndjek\u00eb penalisht autor\u00ebt e sulmit t\u00eb Banjsk\u00ebs"},"content":{"rendered":"<p>Bruksel, 04 Korrik 2025<\/p>\n<p><strong>Bashkimi Evropian \u00ebsht\u00eb i shqet\u00ebsuar lidhur me raportimet se disa nga t\u00eb dyshuarit p\u00ebr sulmin terrorist n\u00eb Banjsk\u00eb jan\u00eb par\u00eb gjat\u00eb protest\u00ebs s\u00eb mbajtur t\u00eb shtun\u00ebn e kaluar n\u00eb Beograd.<\/strong><\/p>\n<p>&nbsp;<\/p>\n<p>Zyrtar\u00ebt e Brukselit shprehin gjithashtu shqet\u00ebsim p\u00ebr munges\u00ebn e progresit n\u00eb llogaridh\u00ebnien p\u00ebr sulmin e shtatorit 2023, duke theksuar se autoritetet e Beogradit po vonojn\u00eb n\u00eb ndjekjen penale t\u00eb p\u00ebrgjegj\u00ebsve.<\/p>\n<p>&#8220;Ne presim q\u00eb Serbia, n\u00eb p\u00ebrputhje me angazhimet e marra ndaj Bashkimit Evropian, t\u00eb nd\u00ebrmarr\u00eb urgjentisht t\u00eb gjitha hapat e nevojsh\u00ebm p\u00ebr t\u00eb ndjekur penalisht dhe p\u00ebr t\u00eb sjell\u00eb para drejt\u00ebsis\u00eb autor\u00ebt e dyshuar t\u00eb k\u00ebtij krimi t\u00eb r\u00ebnd\u00eb q\u00eb gjenden n\u00eb Serbi. Po ashtu, t\u00eb siguroj\u00eb bashk\u00ebpunim t\u00eb plot\u00eb n\u00eb hetimin e k\u00ebtyre sulmeve&#8221;, thuhet n\u00eb nj\u00eb deklarat\u00eb nga Zyra p\u00ebr Shtyp e BE-s\u00eb.<\/p>\n<p>Autoritetet zyrtare n\u00eb Prishtin\u00eb kan\u00eb b\u00ebr\u00eb t\u00eb ditur se disa nga personat e akuzuar nga Prokuroria Speciale e Kosov\u00ebs p\u00ebr sulmin n\u00eb Banjsk\u00eb jan\u00eb par\u00eb m\u00eb 28 qershor, duke marr\u00eb pjes\u00eb si roje sigurie para Presidenc\u00ebs serbe gjat\u00eb protestave t\u00eb student\u00ebve.<\/p>\n<p>Nd\u00ebrkoh\u00eb q\u00eb k\u00ebta persona nuk p\u00ebrballen me asnj\u00eb akuz\u00eb n\u00eb Serbi, autoritetet serbe vazhdojn\u00eb t\u00eb mbajn\u00eb t\u00eb arrestuar ish-policin kosovar, Arbnor Spahiu, pik\u00ebrisht lidhur me ngjarjet e Banjsk\u00ebs.<\/p>\n<p>Zyrtar\u00ebt e BE-s\u00eb konfirmojn\u00eb se po e ndjekin nga af\u00ebr rastin e tij dhe vazhdojn\u00eb t\u00eb k\u00ebrkojn\u00eb nj\u00eb proces t\u00eb rregullt dhe t\u00eb drejt\u00eb gjyq\u00ebsor. Ata rikujtojn\u00eb se, sipas marr\u00ebveshjeve t\u00eb arritura n\u00eb kuad\u00ebr t\u00eb dialogut, procedurat penale p\u00ebr vepra t\u00eb kryera n\u00eb territorin e Kosov\u00ebs, n\u00eb parim, duhet t\u00eb zhvillohen para gjykatave t\u00eb Kosov\u00ebs.<\/p>\n<p>&nbsp;<\/p>\n","protected":false},"excerpt":{"rendered":"<p>Bruksel, 04 Korrik 2025 Bashkimi Evropian \u00ebsht\u00eb i shqet\u00ebsuar lidhur me raportimet se disa nga t\u00eb dyshuarit p\u00ebr sulmin terrorist n\u00eb Banjsk\u00eb jan\u00eb par\u00eb gjat\u00eb<\/p>\n","protected":false},"author":1,"featured_media":2517,"comment_status":"open","ping_status":"open","sticky":false,"template":"","format":"standard","meta":{"footnotes":""},"categories":[58],"tags":[],"class_list":["post-2516","post","type-post","status-publish","format-standard","has-post-thumbnail","hentry","category-politike-sq"],"yoast_head":"<!-- This site is optimized with the Yoast SEO plugin v25.3.1 - https:\/\/yoast.com\/wordpress\/plugins\/seo\/ -->\n<title>BE i k\u00ebrkon Serbis\u00eb t`i ndjek\u00eb penalisht autor\u00ebt e sulmit t\u00eb Banjsk\u00ebs -<\/title>\n<meta name=\"robots\" content=\"index, follow, max-snippet:-1, max-image-preview:large, max-video-preview:-1\" \/>\n<link rel=\"canonical\" href=\"https:\/\/veritasinfo.org\/?p=2516\" \/>\n<meta property=\"og:locale\" content=\"en_US\" \/>\n<meta property=\"og:type\" content=\"article\" \/>\n<meta property=\"og:title\" content=\"BE i k\u00ebrkon Serbis\u00eb t`i ndjek\u00eb penalisht autor\u00ebt e sulmit t\u00eb Banjsk\u00ebs -\" \/>\n<meta property=\"og:description\" content=\"Bruksel, 04 Korrik 2025 Bashkimi Evropian \u00ebsht\u00eb i shqet\u00ebsuar lidhur me raportimet se disa nga t\u00eb dyshuarit p\u00ebr sulmin terrorist n\u00eb Banjsk\u00eb jan\u00eb par\u00eb gjat\u00eb\" \/>\n<meta property=\"og:url\" content=\"https:\/\/veritasinfo.org\/?p=2516\" \/>\n<meta property=\"article:published_time\" content=\"2025-07-04T10:49:28+00:00\" \/>\n<meta property=\"article:modified_time\" content=\"2025-07-04T10:54:43+00:00\" \/>\n<meta property=\"og:image\" content=\"https:\/\/veritasinfo.org\/wp-content\/uploads\/2025\/07\/IMG_1716.jpeg\" \/>\n\t<meta property=\"og:image:width\" content=\"780\" \/>\n\t<meta property=\"og:image:height\" content=\"500\" \/>\n\t<meta property=\"og:image:type\" content=\"image\/jpeg\" \/>\n<meta name=\"author\" content=\"admin\" \/>\n<meta name=\"twitter:card\" content=\"summary_large_image\" \/>\n<meta name=\"twitter:label1\" content=\"Written by\" \/>\n\t<meta name=\"twitter:data1\" content=\"admin\" \/>\n\t<meta name=\"twitter:label2\" content=\"Est. reading time\" \/>\n\t<meta name=\"twitter:data2\" content=\"2 minutes\" \/>\n<script type=\"application\/ld+json\" class=\"yoast-schema-graph\">{\"@context\":\"https:\/\/schema.org\",\"@graph\":[{\"@type\":\"WebPage\",\"@id\":\"https:\/\/veritasinfo.org\/?p=2516\",\"url\":\"https:\/\/veritasinfo.org\/?p=2516\",\"name\":\"BE i k\u00ebrkon Serbis\u00eb t`i ndjek\u00eb penalisht autor\u00ebt e sulmit t\u00eb Banjsk\u00ebs -\",\"isPartOf\":{\"@id\":\"https:\/\/veritasinfo.org\/#website\"},\"primaryImageOfPage\":{\"@id\":\"https:\/\/veritasinfo.org\/?p=2516#primaryimage\"},\"image\":{\"@id\":\"https:\/\/veritasinfo.org\/?p=2516#primaryimage\"},\"thumbnailUrl\":\"https:\/\/veritasinfo.org\/wp-content\/uploads\/2025\/07\/IMG_1716.jpeg\",\"datePublished\":\"2025-07-04T10:49:28+00:00\",\"dateModified\":\"2025-07-04T10:54:43+00:00\",\"author\":{\"@id\":\"https:\/\/veritasinfo.org\/#\/schema\/person\/7701f8c088bece422266b100a712374f\"},\"breadcrumb\":{\"@id\":\"https:\/\/veritasinfo.org\/?p=2516#breadcrumb\"},\"inLanguage\":\"en-US\",\"potentialAction\":[{\"@type\":\"ReadAction\",\"target\":[\"https:\/\/veritasinfo.org\/?p=2516\"]}]},{\"@type\":\"ImageObject\",\"inLanguage\":\"en-US\",\"@id\":\"https:\/\/veritasinfo.org\/?p=2516#primaryimage\",\"url\":\"https:\/\/veritasinfo.org\/wp-content\/uploads\/2025\/07\/IMG_1716.jpeg\",\"contentUrl\":\"https:\/\/veritasinfo.org\/wp-content\/uploads\/2025\/07\/IMG_1716.jpeg\",\"width\":780,\"height\":500},{\"@type\":\"BreadcrumbList\",\"@id\":\"https:\/\/veritasinfo.org\/?p=2516#breadcrumb\",\"itemListElement\":[{\"@type\":\"ListItem\",\"position\":1,\"name\":\"Home\",\"item\":\"https:\/\/veritasinfo.org\/\"},{\"@type\":\"ListItem\",\"position\":2,\"name\":\"BE i k\u00ebrkon Serbis\u00eb t`i ndjek\u00eb penalisht autor\u00ebt e sulmit t\u00eb Banjsk\u00ebs\"}]},{\"@type\":\"WebSite\",\"@id\":\"https:\/\/veritasinfo.org\/#website\",\"url\":\"https:\/\/veritasinfo.org\/\",\"name\":\"\",\"description\":\"\",\"potentialAction\":[{\"@type\":\"SearchAction\",\"target\":{\"@type\":\"EntryPoint\",\"urlTemplate\":\"https:\/\/veritasinfo.org\/?s={search_term_string}\"},\"query-input\":{\"@type\":\"PropertyValueSpecification\",\"valueRequired\":true,\"valueName\":\"search_term_string\"}}],\"inLanguage\":\"en-US\"},{\"@type\":\"Person\",\"@id\":\"https:\/\/veritasinfo.org\/#\/schema\/person\/7701f8c088bece422266b100a712374f\",\"name\":\"admin\",\"image\":{\"@type\":\"ImageObject\",\"inLanguage\":\"en-US\",\"@id\":\"https:\/\/veritasinfo.org\/#\/schema\/person\/image\/\",\"url\":\"https:\/\/secure.gravatar.com\/avatar\/ea53aa3bf6c9a12d5fde8ce4deff43fef3885ae33cf60184161a50d6987cfd2f?s=96&d=mm&r=g\",\"contentUrl\":\"https:\/\/secure.gravatar.com\/avatar\/ea53aa3bf6c9a12d5fde8ce4deff43fef3885ae33cf60184161a50d6987cfd2f?s=96&d=mm&r=g\",\"caption\":\"admin\"},\"sameAs\":[\"https:\/\/veritasinfo.org\"],\"url\":\"https:\/\/veritasinfo.org\/?author=1\"}]}<\/script>\n<!-- \/ Yoast SEO plugin. -->","yoast_head_json":{"title":"BE i k\u00ebrkon Serbis\u00eb t`i ndjek\u00eb penalisht autor\u00ebt e sulmit t\u00eb Banjsk\u00ebs -","robots":{"index":"index","follow":"follow","max-snippet":"max-snippet:-1","max-image-preview":"max-image-preview:large","max-video-preview":"max-video-preview:-1"},"canonical":"https:\/\/veritasinfo.org\/?p=2516","og_locale":"en_US","og_type":"article","og_title":"BE i k\u00ebrkon Serbis\u00eb t`i ndjek\u00eb penalisht autor\u00ebt e sulmit t\u00eb Banjsk\u00ebs -","og_description":"Bruksel, 04 Korrik 2025 Bashkimi Evropian \u00ebsht\u00eb i shqet\u00ebsuar lidhur me raportimet se disa nga t\u00eb dyshuarit p\u00ebr sulmin terrorist n\u00eb Banjsk\u00eb jan\u00eb par\u00eb gjat\u00eb","og_url":"https:\/\/veritasinfo.org\/?p=2516","article_published_time":"2025-07-04T10:49:28+00:00","article_modified_time":"2025-07-04T10:54:43+00:00","og_image":[{"width":780,"height":500,"url":"https:\/\/veritasinfo.org\/wp-content\/uploads\/2025\/07\/IMG_1716.jpeg","type":"image\/jpeg"}],"author":"admin","twitter_card":"summary_large_image","twitter_misc":{"Written by":"admin","Est. reading time":"2 minutes"},"schema":{"@context":"https:\/\/schema.org","@graph":[{"@type":"WebPage","@id":"https:\/\/veritasinfo.org\/?p=2516","url":"https:\/\/veritasinfo.org\/?p=2516","name":"BE i k\u00ebrkon Serbis\u00eb t`i ndjek\u00eb penalisht autor\u00ebt e sulmit t\u00eb Banjsk\u00ebs -","isPartOf":{"@id":"https:\/\/veritasinfo.org\/#website"},"primaryImageOfPage":{"@id":"https:\/\/veritasinfo.org\/?p=2516#primaryimage"},"image":{"@id":"https:\/\/veritasinfo.org\/?p=2516#primaryimage"},"thumbnailUrl":"https:\/\/veritasinfo.org\/wp-content\/uploads\/2025\/07\/IMG_1716.jpeg","datePublished":"2025-07-04T10:49:28+00:00","dateModified":"2025-07-04T10:54:43+00:00","author":{"@id":"https:\/\/veritasinfo.org\/#\/schema\/person\/7701f8c088bece422266b100a712374f"},"breadcrumb":{"@id":"https:\/\/veritasinfo.org\/?p=2516#breadcrumb"},"inLanguage":"en-US","potentialAction":[{"@type":"ReadAction","target":["https:\/\/veritasinfo.org\/?p=2516"]}]},{"@type":"ImageObject","inLanguage":"en-US","@id":"https:\/\/veritasinfo.org\/?p=2516#primaryimage","url":"https:\/\/veritasinfo.org\/wp-content\/uploads\/2025\/07\/IMG_1716.jpeg","contentUrl":"https:\/\/veritasinfo.org\/wp-content\/uploads\/2025\/07\/IMG_1716.jpeg","width":780,"height":500},{"@type":"BreadcrumbList","@id":"https:\/\/veritasinfo.org\/?p=2516#breadcrumb","itemListElement":[{"@type":"ListItem","position":1,"name":"Home","item":"https:\/\/veritasinfo.org\/"},{"@type":"ListItem","position":2,"name":"BE i k\u00ebrkon Serbis\u00eb t`i ndjek\u00eb penalisht autor\u00ebt e sulmit t\u00eb Banjsk\u00ebs"}]},{"@type":"WebSite","@id":"https:\/\/veritasinfo.org\/#website","url":"https:\/\/veritasinfo.org\/","name":"","description":"","potentialAction":[{"@type":"SearchAction","target":{"@type":"EntryPoint","urlTemplate":"https:\/\/veritasinfo.org\/?s={search_term_string}"},"query-input":{"@type":"PropertyValueSpecification","valueRequired":true,"valueName":"search_term_string"}}],"inLanguage":"en-US"},{"@type":"Person","@id":"https:\/\/veritasinfo.org\/#\/schema\/person\/7701f8c088bece422266b100a712374f","name":"admin","image":{"@type":"ImageObject","inLanguage":"en-US","@id":"https:\/\/veritasinfo.org\/#\/schema\/person\/image\/","url":"https:\/\/secure.gravatar.com\/avatar\/ea53aa3bf6c9a12d5fde8ce4deff43fef3885ae33cf60184161a50d6987cfd2f?s=96&d=mm&r=g","contentUrl":"https:\/\/secure.gravatar.com\/avatar\/ea53aa3bf6c9a12d5fde8ce4deff43fef3885ae33cf60184161a50d6987cfd2f?s=96&d=mm&r=g","caption":"admin"},"sameAs":["https:\/\/veritasinfo.org"],"url":"https:\/\/veritasinfo.org\/?author=1"}]}},"featured_image_urls":{"full":["https:\/\/veritasinfo.org\/wp-content\/uploads\/2025\/07\/IMG_1716.jpeg",780,500,false],"thumbnail":["https:\/\/veritasinfo.org\/wp-content\/uploads\/2025\/07\/IMG_1716-150x150.jpeg",150,150,true],"medium":["https:\/\/veritasinfo.org\/wp-content\/uploads\/2025\/07\/IMG_1716-300x192.jpeg",300,192,true],"medium_large":["https:\/\/veritasinfo.org\/wp-content\/uploads\/2025\/07\/IMG_1716-768x492.jpeg",640,410,true],"large":["https:\/\/veritasinfo.org\/wp-content\/uploads\/2025\/07\/IMG_1716.jpeg",640,410,false],"1536x1536":["https:\/\/veritasinfo.org\/wp-content\/uploads\/2025\/07\/IMG_1716.jpeg",780,500,false],"2048x2048":["https:\/\/veritasinfo.org\/wp-content\/uploads\/2025\/07\/IMG_1716.jpeg",780,500,false],"kreeti-slider-full":["https:\/\/veritasinfo.org\/wp-content\/uploads\/2025\/07\/IMG_1716.jpeg",780,500,false],"kreeti-featured":["https:\/\/veritasinfo.org\/wp-content\/uploads\/2025\/07\/IMG_1716.jpeg",780,500,false],"kreeti-medium":["https:\/\/veritasinfo.org\/wp-content\/uploads\/2025\/07\/IMG_1716.jpeg",720,462,false],"kreeti-medium-square":["https:\/\/veritasinfo.org\/wp-content\/uploads\/2025\/07\/IMG_1716.jpeg",350,224,false]},"author_info":{"info":["admin"]},"category_info":"<a href=\"https:\/\/veritasinfo.org\/?cat=58\" rel=\"category\">Politik\u00eb<\/a>","tag_info":"Politik\u00eb","comment_count":"0","_links":{"self":[{"href":"https:\/\/veritasinfo.org\/index.php?rest_route=\/wp\/v2\/posts\/2516","targetHints":{"allow":["GET"]}}],"collection":[{"href":"https:\/\/veritasinfo.org\/index.php?rest_route=\/wp\/v2\/posts"}],"about":[{"href":"https:\/\/veritasinfo.org\/index.php?rest_route=\/wp\/v2\/types\/post"}],"author":[{"embeddable":true,"href":"https:\/\/veritasinfo.org\/index.php?rest_route=\/wp\/v2\/users\/1"}],"replies":[{"embeddable":true,"href":"https:\/\/veritasinfo.org\/index.php?rest_route=%2Fwp%2Fv2%2Fcomments&post=2516"}],"version-history":[{"count":1,"href":"https:\/\/veritasinfo.org\/index.php?rest_route=\/wp\/v2\/posts\/2516\/revisions"}],"predecessor-version":[{"id":2518,"href":"https:\/\/veritasinfo.org\/index.php?rest_route=\/wp\/v2\/posts\/2516\/revisions\/2518"}],"wp:featuredmedia":[{"embeddable":true,"href":"https:\/\/veritasinfo.org\/index.php?rest_route=\/wp\/v2\/media\/2517"}],"wp:attachment":[{"href":"https:\/\/veritasinfo.org\/index.php?rest_route=%2Fwp%2Fv2%2Fmedia&parent=2516"}],"wp:term":[{"taxonomy":"category","embeddable":true,"href":"https:\/\/veritasinfo.org\/index.php?rest_route=%2Fwp%2Fv2%2Fcategories&post=2516"},{"taxonomy":"post_tag","embeddable":true,"href":"https:\/\/veritasinfo.org\/index.php?rest_route=%2Fwp%2Fv2%2Ftags&post=2516"}],"curies":[{"name":"wp","href":"https:\/\/api.w.org\/{rel}","templated":true}]}}