{"id":2506,"date":"2025-07-04T11:15:59","date_gmt":"2025-07-04T09:15:59","guid":{"rendered":"https:\/\/veritasinfo.org\/?p=2506"},"modified":"2025-07-04T11:15:59","modified_gmt":"2025-07-04T09:15:59","slug":"regjimi-i-vuciqit-i-kthen-armet-ndaj-qytetareve-te-vet-protestuesit-xhandarmeria-jone-eshte-terroriste","status":"publish","type":"post","link":"https:\/\/veritasinfo.org\/?p=2506","title":{"rendered":"Regjimi i Vu\u00e7iqit i kthen arm\u00ebt ndaj qytetar\u00ebve t\u00eb vet \u2013 protestuesit \u201cXhandarm\u00ebria jon\u00eb \u00ebsht\u00eb terroriste\u201d"},"content":{"rendered":"<p>Beograd, 04 Korrik 2025<\/p>\n<p>Po zhvillohet nj\u00eb aksion i ndalimit t\u00eb qytetar\u00ebve pran\u00eb Qendr\u00ebs Tregtare \u201cStaklenac\u201d n\u00eb qend\u00ebr t\u00eb Beogradit, raporton gazetarja e N1.<\/p>\n<p>T\u00eb pakt\u00ebn dy persona jan\u00eb ndaluar pasi qytetar\u00ebt kishin bllokuar kryq\u00ebzimin pran\u00eb Sht\u00ebpis\u00eb s\u00eb Ushtris\u00eb. Xhandarm\u00ebria dhe polic\u00eb civil\u00eb po ndalojn\u00eb qytetar\u00eb nga tubimi n\u00eb lagjen Stari Grad.<\/p>\n<div class=\"jeg_ad jeg_ad_article jnews_content_inline_ads  \">\n<div class=\"ads-wrapper align-center \">Ata kishin bllokuar kryq\u00ebzimin pran\u00eb Sht\u00ebpis\u00eb s\u00eb Ushtris\u00eb, dhe Xhandarm\u00ebria i ka larguar nga rruga. Qytetar\u00ebt i than\u00eb N1 se ata thjesht po q\u00ebndronin n\u00eb kryq\u00ebzim kur filluan t\u2019i ndalonin. Gazetarja e N1 tha se ka par\u00eb t\u00eb pakt\u00ebn dy persona t\u00eb ndaluar.<\/div>\n<\/div>\n<p>Xhandarm\u00ebria i ka zhvendosur nga kryq\u00ebzimi n\u00eb trotuar p\u00ebr t\u00eb rivendosur qarkullimin, nd\u00ebrsa p\u00ebrball\u00eb, n\u00eb lulishte pran\u00eb \u201cStaklencit\u201d, po i ndalojn\u00eb. Qytetar\u00ebt jan\u00eb t\u00eb zem\u00ebruar dhe th\u00ebrrasin \u201cTurp\u201d, si dhe se po i trajtojn\u00eb si \u201corganizat\u00eb terroriste\u201d.<\/p>\n<p>&nbsp;<\/p>\n","protected":false},"excerpt":{"rendered":"<p>Beograd, 04 Korrik 2025 Po zhvillohet nj\u00eb aksion i ndalimit t\u00eb qytetar\u00ebve pran\u00eb Qendr\u00ebs Tregtare \u201cStaklenac\u201d n\u00eb qend\u00ebr t\u00eb Beogradit, raporton gazetarja e N1. T\u00eb<\/p>\n","protected":false},"author":1,"featured_media":2507,"comment_status":"open","ping_status":"open","sticky":false,"template":"","format":"standard","meta":{"footnotes":""},"categories":[72],"tags":[],"class_list":["post-2506","post","type-post","status-publish","format-standard","has-post-thumbnail","hentry","category-bota"],"yoast_head":"<!-- This site is optimized with the Yoast SEO plugin v25.3.1 - https:\/\/yoast.com\/wordpress\/plugins\/seo\/ -->\n<title>Regjimi i Vu\u00e7iqit i kthen arm\u00ebt ndaj qytetar\u00ebve t\u00eb vet \u2013 protestuesit \u201cXhandarm\u00ebria jon\u00eb \u00ebsht\u00eb terroriste\u201d -<\/title>\n<meta name=\"robots\" content=\"index, follow, max-snippet:-1, max-image-preview:large, max-video-preview:-1\" \/>\n<link rel=\"canonical\" href=\"https:\/\/veritasinfo.org\/?p=2506\" \/>\n<meta property=\"og:locale\" content=\"en_US\" \/>\n<meta property=\"og:type\" content=\"article\" \/>\n<meta property=\"og:title\" content=\"Regjimi i Vu\u00e7iqit i kthen arm\u00ebt ndaj qytetar\u00ebve t\u00eb vet \u2013 protestuesit \u201cXhandarm\u00ebria jon\u00eb \u00ebsht\u00eb terroriste\u201d -\" \/>\n<meta property=\"og:description\" content=\"Beograd, 04 Korrik 2025 Po zhvillohet nj\u00eb aksion i ndalimit t\u00eb qytetar\u00ebve pran\u00eb Qendr\u00ebs Tregtare \u201cStaklenac\u201d n\u00eb qend\u00ebr t\u00eb Beogradit, raporton gazetarja e N1. T\u00eb\" \/>\n<meta property=\"og:url\" content=\"https:\/\/veritasinfo.org\/?p=2506\" \/>\n<meta property=\"article:published_time\" content=\"2025-07-04T09:15:59+00:00\" \/>\n<meta property=\"og:image\" content=\"https:\/\/veritasinfo.org\/wp-content\/uploads\/2025\/07\/IMG_1714.jpeg\" \/>\n\t<meta property=\"og:image:width\" content=\"803\" \/>\n\t<meta property=\"og:image:height\" content=\"448\" \/>\n\t<meta property=\"og:image:type\" content=\"image\/jpeg\" \/>\n<meta name=\"author\" content=\"admin\" \/>\n<meta name=\"twitter:card\" content=\"summary_large_image\" \/>\n<meta name=\"twitter:label1\" content=\"Written by\" \/>\n\t<meta name=\"twitter:data1\" content=\"admin\" \/>\n\t<meta name=\"twitter:label2\" content=\"Est. reading time\" \/>\n\t<meta name=\"twitter:data2\" content=\"1 minute\" \/>\n<script type=\"application\/ld+json\" class=\"yoast-schema-graph\">{\"@context\":\"https:\/\/schema.org\",\"@graph\":[{\"@type\":\"WebPage\",\"@id\":\"https:\/\/veritasinfo.org\/?p=2506\",\"url\":\"https:\/\/veritasinfo.org\/?p=2506\",\"name\":\"Regjimi i Vu\u00e7iqit i kthen arm\u00ebt ndaj qytetar\u00ebve t\u00eb vet \u2013 protestuesit \u201cXhandarm\u00ebria jon\u00eb \u00ebsht\u00eb terroriste\u201d -\",\"isPartOf\":{\"@id\":\"https:\/\/veritasinfo.org\/#website\"},\"primaryImageOfPage\":{\"@id\":\"https:\/\/veritasinfo.org\/?p=2506#primaryimage\"},\"image\":{\"@id\":\"https:\/\/veritasinfo.org\/?p=2506#primaryimage\"},\"thumbnailUrl\":\"https:\/\/veritasinfo.org\/wp-content\/uploads\/2025\/07\/IMG_1714.jpeg\",\"datePublished\":\"2025-07-04T09:15:59+00:00\",\"author\":{\"@id\":\"https:\/\/veritasinfo.org\/#\/schema\/person\/7701f8c088bece422266b100a712374f\"},\"breadcrumb\":{\"@id\":\"https:\/\/veritasinfo.org\/?p=2506#breadcrumb\"},\"inLanguage\":\"en-US\",\"potentialAction\":[{\"@type\":\"ReadAction\",\"target\":[\"https:\/\/veritasinfo.org\/?p=2506\"]}]},{\"@type\":\"ImageObject\",\"inLanguage\":\"en-US\",\"@id\":\"https:\/\/veritasinfo.org\/?p=2506#primaryimage\",\"url\":\"https:\/\/veritasinfo.org\/wp-content\/uploads\/2025\/07\/IMG_1714.jpeg\",\"contentUrl\":\"https:\/\/veritasinfo.org\/wp-content\/uploads\/2025\/07\/IMG_1714.jpeg\",\"width\":803,\"height\":448},{\"@type\":\"BreadcrumbList\",\"@id\":\"https:\/\/veritasinfo.org\/?p=2506#breadcrumb\",\"itemListElement\":[{\"@type\":\"ListItem\",\"position\":1,\"name\":\"Home\",\"item\":\"https:\/\/veritasinfo.org\/\"},{\"@type\":\"ListItem\",\"position\":2,\"name\":\"Regjimi i Vu\u00e7iqit i kthen arm\u00ebt ndaj qytetar\u00ebve t\u00eb vet \u2013 protestuesit \u201cXhandarm\u00ebria jon\u00eb \u00ebsht\u00eb terroriste\u201d\"}]},{\"@type\":\"WebSite\",\"@id\":\"https:\/\/veritasinfo.org\/#website\",\"url\":\"https:\/\/veritasinfo.org\/\",\"name\":\"\",\"description\":\"\",\"potentialAction\":[{\"@type\":\"SearchAction\",\"target\":{\"@type\":\"EntryPoint\",\"urlTemplate\":\"https:\/\/veritasinfo.org\/?s={search_term_string}\"},\"query-input\":{\"@type\":\"PropertyValueSpecification\",\"valueRequired\":true,\"valueName\":\"search_term_string\"}}],\"inLanguage\":\"en-US\"},{\"@type\":\"Person\",\"@id\":\"https:\/\/veritasinfo.org\/#\/schema\/person\/7701f8c088bece422266b100a712374f\",\"name\":\"admin\",\"image\":{\"@type\":\"ImageObject\",\"inLanguage\":\"en-US\",\"@id\":\"https:\/\/veritasinfo.org\/#\/schema\/person\/image\/\",\"url\":\"https:\/\/secure.gravatar.com\/avatar\/ea53aa3bf6c9a12d5fde8ce4deff43fef3885ae33cf60184161a50d6987cfd2f?s=96&d=mm&r=g\",\"contentUrl\":\"https:\/\/secure.gravatar.com\/avatar\/ea53aa3bf6c9a12d5fde8ce4deff43fef3885ae33cf60184161a50d6987cfd2f?s=96&d=mm&r=g\",\"caption\":\"admin\"},\"sameAs\":[\"https:\/\/veritasinfo.org\"],\"url\":\"https:\/\/veritasinfo.org\/?author=1\"}]}<\/script>\n<!-- \/ Yoast SEO plugin. -->","yoast_head_json":{"title":"Regjimi i Vu\u00e7iqit i kthen arm\u00ebt ndaj qytetar\u00ebve t\u00eb vet \u2013 protestuesit \u201cXhandarm\u00ebria jon\u00eb \u00ebsht\u00eb terroriste\u201d -","robots":{"index":"index","follow":"follow","max-snippet":"max-snippet:-1","max-image-preview":"max-image-preview:large","max-video-preview":"max-video-preview:-1"},"canonical":"https:\/\/veritasinfo.org\/?p=2506","og_locale":"en_US","og_type":"article","og_title":"Regjimi i Vu\u00e7iqit i kthen arm\u00ebt ndaj qytetar\u00ebve t\u00eb vet \u2013 protestuesit \u201cXhandarm\u00ebria jon\u00eb \u00ebsht\u00eb terroriste\u201d -","og_description":"Beograd, 04 Korrik 2025 Po zhvillohet nj\u00eb aksion i ndalimit t\u00eb qytetar\u00ebve pran\u00eb Qendr\u00ebs Tregtare \u201cStaklenac\u201d n\u00eb qend\u00ebr t\u00eb Beogradit, raporton gazetarja e N1. T\u00eb","og_url":"https:\/\/veritasinfo.org\/?p=2506","article_published_time":"2025-07-04T09:15:59+00:00","og_image":[{"width":803,"height":448,"url":"https:\/\/veritasinfo.org\/wp-content\/uploads\/2025\/07\/IMG_1714.jpeg","type":"image\/jpeg"}],"author":"admin","twitter_card":"summary_large_image","twitter_misc":{"Written by":"admin","Est. reading time":"1 minute"},"schema":{"@context":"https:\/\/schema.org","@graph":[{"@type":"WebPage","@id":"https:\/\/veritasinfo.org\/?p=2506","url":"https:\/\/veritasinfo.org\/?p=2506","name":"Regjimi i Vu\u00e7iqit i kthen arm\u00ebt ndaj qytetar\u00ebve t\u00eb vet \u2013 protestuesit \u201cXhandarm\u00ebria jon\u00eb \u00ebsht\u00eb terroriste\u201d -","isPartOf":{"@id":"https:\/\/veritasinfo.org\/#website"},"primaryImageOfPage":{"@id":"https:\/\/veritasinfo.org\/?p=2506#primaryimage"},"image":{"@id":"https:\/\/veritasinfo.org\/?p=2506#primaryimage"},"thumbnailUrl":"https:\/\/veritasinfo.org\/wp-content\/uploads\/2025\/07\/IMG_1714.jpeg","datePublished":"2025-07-04T09:15:59+00:00","author":{"@id":"https:\/\/veritasinfo.org\/#\/schema\/person\/7701f8c088bece422266b100a712374f"},"breadcrumb":{"@id":"https:\/\/veritasinfo.org\/?p=2506#breadcrumb"},"inLanguage":"en-US","potentialAction":[{"@type":"ReadAction","target":["https:\/\/veritasinfo.org\/?p=2506"]}]},{"@type":"ImageObject","inLanguage":"en-US","@id":"https:\/\/veritasinfo.org\/?p=2506#primaryimage","url":"https:\/\/veritasinfo.org\/wp-content\/uploads\/2025\/07\/IMG_1714.jpeg","contentUrl":"https:\/\/veritasinfo.org\/wp-content\/uploads\/2025\/07\/IMG_1714.jpeg","width":803,"height":448},{"@type":"BreadcrumbList","@id":"https:\/\/veritasinfo.org\/?p=2506#breadcrumb","itemListElement":[{"@type":"ListItem","position":1,"name":"Home","item":"https:\/\/veritasinfo.org\/"},{"@type":"ListItem","position":2,"name":"Regjimi i Vu\u00e7iqit i kthen arm\u00ebt ndaj qytetar\u00ebve t\u00eb vet \u2013 protestuesit \u201cXhandarm\u00ebria jon\u00eb \u00ebsht\u00eb terroriste\u201d"}]},{"@type":"WebSite","@id":"https:\/\/veritasinfo.org\/#website","url":"https:\/\/veritasinfo.org\/","name":"","description":"","potentialAction":[{"@type":"SearchAction","target":{"@type":"EntryPoint","urlTemplate":"https:\/\/veritasinfo.org\/?s={search_term_string}"},"query-input":{"@type":"PropertyValueSpecification","valueRequired":true,"valueName":"search_term_string"}}],"inLanguage":"en-US"},{"@type":"Person","@id":"https:\/\/veritasinfo.org\/#\/schema\/person\/7701f8c088bece422266b100a712374f","name":"admin","image":{"@type":"ImageObject","inLanguage":"en-US","@id":"https:\/\/veritasinfo.org\/#\/schema\/person\/image\/","url":"https:\/\/secure.gravatar.com\/avatar\/ea53aa3bf6c9a12d5fde8ce4deff43fef3885ae33cf60184161a50d6987cfd2f?s=96&d=mm&r=g","contentUrl":"https:\/\/secure.gravatar.com\/avatar\/ea53aa3bf6c9a12d5fde8ce4deff43fef3885ae33cf60184161a50d6987cfd2f?s=96&d=mm&r=g","caption":"admin"},"sameAs":["https:\/\/veritasinfo.org"],"url":"https:\/\/veritasinfo.org\/?author=1"}]}},"featured_image_urls":{"full":["https:\/\/veritasinfo.org\/wp-content\/uploads\/2025\/07\/IMG_1714.jpeg",803,448,false],"thumbnail":["https:\/\/veritasinfo.org\/wp-content\/uploads\/2025\/07\/IMG_1714-150x150.jpeg",150,150,true],"medium":["https:\/\/veritasinfo.org\/wp-content\/uploads\/2025\/07\/IMG_1714-300x167.jpeg",300,167,true],"medium_large":["https:\/\/veritasinfo.org\/wp-content\/uploads\/2025\/07\/IMG_1714-768x428.jpeg",640,357,true],"large":["https:\/\/veritasinfo.org\/wp-content\/uploads\/2025\/07\/IMG_1714.jpeg",640,357,false],"1536x1536":["https:\/\/veritasinfo.org\/wp-content\/uploads\/2025\/07\/IMG_1714.jpeg",803,448,false],"2048x2048":["https:\/\/veritasinfo.org\/wp-content\/uploads\/2025\/07\/IMG_1714.jpeg",803,448,false],"kreeti-slider-full":["https:\/\/veritasinfo.org\/wp-content\/uploads\/2025\/07\/IMG_1714.jpeg",803,448,false],"kreeti-featured":["https:\/\/veritasinfo.org\/wp-content\/uploads\/2025\/07\/IMG_1714.jpeg",803,448,false],"kreeti-medium":["https:\/\/veritasinfo.org\/wp-content\/uploads\/2025\/07\/IMG_1714.jpeg",720,402,false],"kreeti-medium-square":["https:\/\/veritasinfo.org\/wp-content\/uploads\/2025\/07\/IMG_1714.jpeg",350,195,false]},"author_info":{"info":["admin"]},"category_info":"<a href=\"https:\/\/veritasinfo.org\/?cat=72\" rel=\"category\">Bota<\/a>","tag_info":"Bota","comment_count":"0","_links":{"self":[{"href":"https:\/\/veritasinfo.org\/index.php?rest_route=\/wp\/v2\/posts\/2506","targetHints":{"allow":["GET"]}}],"collection":[{"href":"https:\/\/veritasinfo.org\/index.php?rest_route=\/wp\/v2\/posts"}],"about":[{"href":"https:\/\/veritasinfo.org\/index.php?rest_route=\/wp\/v2\/types\/post"}],"author":[{"embeddable":true,"href":"https:\/\/veritasinfo.org\/index.php?rest_route=\/wp\/v2\/users\/1"}],"replies":[{"embeddable":true,"href":"https:\/\/veritasinfo.org\/index.php?rest_route=%2Fwp%2Fv2%2Fcomments&post=2506"}],"version-history":[{"count":1,"href":"https:\/\/veritasinfo.org\/index.php?rest_route=\/wp\/v2\/posts\/2506\/revisions"}],"predecessor-version":[{"id":2508,"href":"https:\/\/veritasinfo.org\/index.php?rest_route=\/wp\/v2\/posts\/2506\/revisions\/2508"}],"wp:featuredmedia":[{"embeddable":true,"href":"https:\/\/veritasinfo.org\/index.php?rest_route=\/wp\/v2\/media\/2507"}],"wp:attachment":[{"href":"https:\/\/veritasinfo.org\/index.php?rest_route=%2Fwp%2Fv2%2Fmedia&parent=2506"}],"wp:term":[{"taxonomy":"category","embeddable":true,"href":"https:\/\/veritasinfo.org\/index.php?rest_route=%2Fwp%2Fv2%2Fcategories&post=2506"},{"taxonomy":"post_tag","embeddable":true,"href":"https:\/\/veritasinfo.org\/index.php?rest_route=%2Fwp%2Fv2%2Ftags&post=2506"}],"curies":[{"name":"wp","href":"https:\/\/api.w.org\/{rel}","templated":true}]}}