{"id":25048,"date":"2025-12-21T21:37:52","date_gmt":"2025-12-21T20:37:52","guid":{"rendered":"https:\/\/veritasinfo.org\/?p=25048"},"modified":"2025-12-21T21:37:52","modified_gmt":"2025-12-21T20:37:52","slug":"ekspertet-ukrainas-serbia-ne-kosove-po-ben-veprime-si-te-rusise","status":"publish","type":"post","link":"https:\/\/veritasinfo.org\/?p=25048","title":{"rendered":"Ekspert\u00ebt ukrainas: Serbia n\u00eb Kosov\u00eb po b\u00ebn veprime si t\u00eb Rusis\u00eb"},"content":{"rendered":"<p><strong>Prishtin\u00eb, 21 dhjetor 2025 21:37<\/strong><\/p>\n<p>Q\u00eb nga fillimi i luft\u00ebs n\u00eb Ukrain\u00eb, Moska zyrtare n\u00eb vazhdim\u00ebsi ka provokuar n\u00eb hap\u00ebsirat ajrore t\u00eb shteteve an\u00ebtare t\u00eb NATO-s.<\/p>\n<p>N\u00eb Poloni n\u00eb disa raste jan\u00eb par\u00eb dron\u00eb rus\u00eb, dhe e nj\u00ebjta ka ndodhur n\u00eb disa prej shteteve t\u00eb tjera evropiane, gjithashtu pjes\u00eb t\u00eb aleanc\u00ebs veri-atlantike.<\/p>\n<p>Kryetari i K\u00ebshillit Drejtues n\u00eb Qendr\u00ebn p\u00ebr Studime dhe Siguri n\u00eb Ukrain\u00eb, Vadim Chernysh, thot\u00eb p\u00ebr T\u00ebv\u00eb1 se edhe Serbia po p\u00ebrdor metoda t\u00eb ngjashme me Rusin\u00eb.<\/p>\n<p>Si shembull ai merr tentimin e Serbis\u00eb p\u00ebr ta aneksuar veriun e Kosov\u00ebs, n\u00eb sulmin e 24 shtatorit 2024 n\u00eb Banjsk\u00eb t\u00eb Zve\u00e7anit.<\/p>\n<p>\u201cTestim, testim gjat\u00eb gjith\u00eb koh\u00ebs. Pra, Rusia ka dy q\u00ebllime. T\u00eb testoj\u00eb udh\u00ebheqjen politike p\u00ebr t\u00eb par\u00eb n\u00ebse \u00ebsht\u00eb e gatshme t\u00eb marr\u00eb vendime t\u00eb shpejta dhe vendimtare, dhe strukturat ushtarake poashtu. Pra t\u00eb shoh n\u00ebse mbrojtja e atyre vendeve \u00ebsht\u00eb efektive apo jo, dhe kjo \u00ebsht\u00eb pjes\u00eb e luft\u00ebs hibride. Ata kombinojn\u00eb mjete ushtarake dhe jo-ushtarake, dhe nj\u00ebkoh\u00ebsisht ushtrojn\u00eb presion mbi qeverit\u00eb dhe popullsin\u00eb e vendeve per\u00ebndimore. E di q\u00eb rasti i Banjsk\u00ebs ishte nj\u00eb lloj veprimi i mb\u00ebshtetur nga shteti, por n\u00eb t\u00eb nj\u00ebjt\u00ebn koh\u00eb ata p\u00ebrdor\u00ebn mohimin e besuesh\u00ebm. Me k\u00ebt\u00eb n\u00ebnkuptoj parimet e mohimit t\u00eb besuesh\u00ebm t\u00eb qeveris\u00eb serbe, pik\u00ebrisht ashtu si\u00e7 b\u00ebri Rusia shum\u00eb vite p\u00ebrpara pushtimit t\u00eb saj t\u00eb Ukrain\u00ebs\u201d, thot\u00eb ai.<\/p>\n<p>Sipas tij, Kosov\u00ebn dhe disa shtete t\u00eb tjera t\u00eb BE-s\u00eb, Rusia i sheh m\u00eb shum\u00eb si teat\u00ebr.<\/p>\n<p>\u201cDhe s\u00eb fundi, por jo m\u00eb pak e r\u00ebnd\u00ebsishme, Evropa shihet nga Rusia si nj\u00eb teat\u00ebr i vet\u00ebm, jo ve\u00e7mas Kosova, Holanda, Ukraina, e k\u00ebshtu me radh\u00eb. Por disa qeveri brenda Evrop\u00ebs e shohin k\u00ebt\u00eb si pjes\u00eb t\u00eb ndryshme t\u00eb s\u00eb nj\u00ebjt\u00ebs histori, apo madje si histori krejt\u00ebsisht t\u00eb ndryshme. Kjo nuk \u00ebsht\u00eb e v\u00ebrtet\u00eb. Faleminderit p\u00ebr interesimin tuaj\u201d, shprehet Chernysh.<\/p>\n<p>Nd\u00ebrkaq, sipas Yevhen Mahda, drejtor n\u00eb Instituin p\u00ebr Politika Bot\u00ebrore n\u00eb Ukrain\u00eb nuk pritet t\u00eb p\u00ebrfundoj n\u00eb nj\u00eb t\u00eb ardhme t\u00eb af\u00ebrt.<\/p>\n<p>\u201cM\u00eb shum\u00eb se nj\u00eb luft\u00eb n\u00eb shkall\u00eb t\u00eb plot\u00eb n\u00eb Ukrain\u00eb do t\u00eb vazhdoj\u00eb p\u00ebr m\u00eb shum\u00eb se 45 muaj, deri n\u00eb shkurt 2024 ose 2022. M\u00eb shum\u00eb se 90% e politikan\u00ebve per\u00ebndimor\u00eb, gazetar\u00ebve dhe ekspert\u00ebve n\u00eb Kosov\u00eb kan\u00eb parashikuar nj\u00eb fitore shum\u00eb t\u00eb shpejt\u00eb p\u00ebr Prag\u00ebn, por kjo \u00ebsht\u00eb e pamundur. Lufta jon\u00eb vazhdon dhe mendoj se n\u00eb Kosov\u00eb mund ta kuptoni\u201d, thot\u00eb ai.<\/p>\n<p>Nj\u00eb shqet\u00ebsim se Rusia mund t\u00eb zgjeron luft\u00ebn edhe n\u00eb vendet Evropiane, e ka ngritur edhe Sekretari i P\u00ebrgjithsh\u00ebm i NATO-s, Mark Rutte i cili n\u00eb takimin me ministrat e Jasht\u00ebm n\u00eb Bruksel, ka th\u00ebn\u00eb se pas Ukrain\u00ebs, NATO do t\u00eb jet\u00eb caku i Rusis\u00eb p\u00ebr t\u00eb krijuar luft\u00eb t\u00eb re.<\/p>\n<p>&nbsp;<\/p>\n","protected":false},"excerpt":{"rendered":"<p>Prishtin\u00eb, 21 dhjetor 2025 21:37 Q\u00eb nga fillimi i luft\u00ebs n\u00eb Ukrain\u00eb, Moska zyrtare n\u00eb vazhdim\u00ebsi ka provokuar n\u00eb hap\u00ebsirat ajrore t\u00eb shteteve an\u00ebtare t\u00eb<\/p>\n","protected":false},"author":7,"featured_media":25049,"comment_status":"open","ping_status":"open","sticky":false,"template":"","format":"standard","meta":{"footnotes":""},"categories":[58],"tags":[],"class_list":["post-25048","post","type-post","status-publish","format-standard","has-post-thumbnail","hentry","category-politike-sq"],"yoast_head":"<!-- This site is optimized with the Yoast SEO plugin v25.3.1 - https:\/\/yoast.com\/wordpress\/plugins\/seo\/ -->\n<title>Ekspert\u00ebt ukrainas: Serbia n\u00eb Kosov\u00eb po b\u00ebn veprime si t\u00eb Rusis\u00eb -<\/title>\n<meta name=\"robots\" content=\"index, follow, max-snippet:-1, max-image-preview:large, max-video-preview:-1\" \/>\n<link rel=\"canonical\" href=\"https:\/\/veritasinfo.org\/?p=25048\" \/>\n<meta property=\"og:locale\" content=\"en_US\" \/>\n<meta property=\"og:type\" content=\"article\" \/>\n<meta property=\"og:title\" content=\"Ekspert\u00ebt ukrainas: Serbia n\u00eb Kosov\u00eb po b\u00ebn veprime si t\u00eb Rusis\u00eb -\" \/>\n<meta property=\"og:description\" content=\"Prishtin\u00eb, 21 dhjetor 2025 21:37 Q\u00eb nga fillimi i luft\u00ebs n\u00eb Ukrain\u00eb, Moska zyrtare n\u00eb vazhdim\u00ebsi ka provokuar n\u00eb hap\u00ebsirat ajrore t\u00eb shteteve an\u00ebtare t\u00eb\" \/>\n<meta property=\"og:url\" content=\"https:\/\/veritasinfo.org\/?p=25048\" \/>\n<meta property=\"article:published_time\" content=\"2025-12-21T20:37:52+00:00\" \/>\n<meta property=\"og:image\" content=\"https:\/\/veritasinfo.org\/wp-content\/uploads\/2025\/12\/1-38.jpg\" \/>\n\t<meta property=\"og:image:width\" content=\"1280\" \/>\n\t<meta property=\"og:image:height\" content=\"853\" \/>\n\t<meta property=\"og:image:type\" content=\"image\/jpeg\" \/>\n<meta name=\"author\" content=\"US6\" \/>\n<meta name=\"twitter:card\" content=\"summary_large_image\" \/>\n<meta name=\"twitter:label1\" content=\"Written by\" \/>\n\t<meta name=\"twitter:data1\" content=\"US6\" \/>\n\t<meta name=\"twitter:label2\" content=\"Est. reading time\" \/>\n\t<meta name=\"twitter:data2\" content=\"2 minutes\" \/>\n<script type=\"application\/ld+json\" class=\"yoast-schema-graph\">{\"@context\":\"https:\/\/schema.org\",\"@graph\":[{\"@type\":\"WebPage\",\"@id\":\"https:\/\/veritasinfo.org\/?p=25048\",\"url\":\"https:\/\/veritasinfo.org\/?p=25048\",\"name\":\"Ekspert\u00ebt ukrainas: Serbia n\u00eb Kosov\u00eb po b\u00ebn veprime si t\u00eb Rusis\u00eb -\",\"isPartOf\":{\"@id\":\"https:\/\/veritasinfo.org\/#website\"},\"primaryImageOfPage\":{\"@id\":\"https:\/\/veritasinfo.org\/?p=25048#primaryimage\"},\"image\":{\"@id\":\"https:\/\/veritasinfo.org\/?p=25048#primaryimage\"},\"thumbnailUrl\":\"https:\/\/veritasinfo.org\/wp-content\/uploads\/2025\/12\/1-38.jpg\",\"datePublished\":\"2025-12-21T20:37:52+00:00\",\"author\":{\"@id\":\"https:\/\/veritasinfo.org\/#\/schema\/person\/fe199eede04c3937362892b7444747cc\"},\"breadcrumb\":{\"@id\":\"https:\/\/veritasinfo.org\/?p=25048#breadcrumb\"},\"inLanguage\":\"en-US\",\"potentialAction\":[{\"@type\":\"ReadAction\",\"target\":[\"https:\/\/veritasinfo.org\/?p=25048\"]}]},{\"@type\":\"ImageObject\",\"inLanguage\":\"en-US\",\"@id\":\"https:\/\/veritasinfo.org\/?p=25048#primaryimage\",\"url\":\"https:\/\/veritasinfo.org\/wp-content\/uploads\/2025\/12\/1-38.jpg\",\"contentUrl\":\"https:\/\/veritasinfo.org\/wp-content\/uploads\/2025\/12\/1-38.jpg\",\"width\":1280,\"height\":853},{\"@type\":\"BreadcrumbList\",\"@id\":\"https:\/\/veritasinfo.org\/?p=25048#breadcrumb\",\"itemListElement\":[{\"@type\":\"ListItem\",\"position\":1,\"name\":\"Home\",\"item\":\"https:\/\/veritasinfo.org\/\"},{\"@type\":\"ListItem\",\"position\":2,\"name\":\"Ekspert\u00ebt ukrainas: Serbia n\u00eb Kosov\u00eb po b\u00ebn veprime si t\u00eb Rusis\u00eb\"}]},{\"@type\":\"WebSite\",\"@id\":\"https:\/\/veritasinfo.org\/#website\",\"url\":\"https:\/\/veritasinfo.org\/\",\"name\":\"\",\"description\":\"\",\"potentialAction\":[{\"@type\":\"SearchAction\",\"target\":{\"@type\":\"EntryPoint\",\"urlTemplate\":\"https:\/\/veritasinfo.org\/?s={search_term_string}\"},\"query-input\":{\"@type\":\"PropertyValueSpecification\",\"valueRequired\":true,\"valueName\":\"search_term_string\"}}],\"inLanguage\":\"en-US\"},{\"@type\":\"Person\",\"@id\":\"https:\/\/veritasinfo.org\/#\/schema\/person\/fe199eede04c3937362892b7444747cc\",\"name\":\"US6\",\"image\":{\"@type\":\"ImageObject\",\"inLanguage\":\"en-US\",\"@id\":\"https:\/\/veritasinfo.org\/#\/schema\/person\/image\/\",\"url\":\"https:\/\/secure.gravatar.com\/avatar\/cb16c3c31c9d23b9b8c705964598220b3014e42ff51eb540ff23cefa3ae8c15f?s=96&d=mm&r=g\",\"contentUrl\":\"https:\/\/secure.gravatar.com\/avatar\/cb16c3c31c9d23b9b8c705964598220b3014e42ff51eb540ff23cefa3ae8c15f?s=96&d=mm&r=g\",\"caption\":\"US6\"},\"url\":\"https:\/\/veritasinfo.org\/?author=7\"}]}<\/script>\n<!-- \/ Yoast SEO plugin. -->","yoast_head_json":{"title":"Ekspert\u00ebt ukrainas: Serbia n\u00eb Kosov\u00eb po b\u00ebn veprime si t\u00eb Rusis\u00eb -","robots":{"index":"index","follow":"follow","max-snippet":"max-snippet:-1","max-image-preview":"max-image-preview:large","max-video-preview":"max-video-preview:-1"},"canonical":"https:\/\/veritasinfo.org\/?p=25048","og_locale":"en_US","og_type":"article","og_title":"Ekspert\u00ebt ukrainas: Serbia n\u00eb Kosov\u00eb po b\u00ebn veprime si t\u00eb Rusis\u00eb -","og_description":"Prishtin\u00eb, 21 dhjetor 2025 21:37 Q\u00eb nga fillimi i luft\u00ebs n\u00eb Ukrain\u00eb, Moska zyrtare n\u00eb vazhdim\u00ebsi ka provokuar n\u00eb hap\u00ebsirat ajrore t\u00eb shteteve an\u00ebtare t\u00eb","og_url":"https:\/\/veritasinfo.org\/?p=25048","article_published_time":"2025-12-21T20:37:52+00:00","og_image":[{"width":1280,"height":853,"url":"https:\/\/veritasinfo.org\/wp-content\/uploads\/2025\/12\/1-38.jpg","type":"image\/jpeg"}],"author":"US6","twitter_card":"summary_large_image","twitter_misc":{"Written by":"US6","Est. reading time":"2 minutes"},"schema":{"@context":"https:\/\/schema.org","@graph":[{"@type":"WebPage","@id":"https:\/\/veritasinfo.org\/?p=25048","url":"https:\/\/veritasinfo.org\/?p=25048","name":"Ekspert\u00ebt ukrainas: Serbia n\u00eb Kosov\u00eb po b\u00ebn veprime si t\u00eb Rusis\u00eb -","isPartOf":{"@id":"https:\/\/veritasinfo.org\/#website"},"primaryImageOfPage":{"@id":"https:\/\/veritasinfo.org\/?p=25048#primaryimage"},"image":{"@id":"https:\/\/veritasinfo.org\/?p=25048#primaryimage"},"thumbnailUrl":"https:\/\/veritasinfo.org\/wp-content\/uploads\/2025\/12\/1-38.jpg","datePublished":"2025-12-21T20:37:52+00:00","author":{"@id":"https:\/\/veritasinfo.org\/#\/schema\/person\/fe199eede04c3937362892b7444747cc"},"breadcrumb":{"@id":"https:\/\/veritasinfo.org\/?p=25048#breadcrumb"},"inLanguage":"en-US","potentialAction":[{"@type":"ReadAction","target":["https:\/\/veritasinfo.org\/?p=25048"]}]},{"@type":"ImageObject","inLanguage":"en-US","@id":"https:\/\/veritasinfo.org\/?p=25048#primaryimage","url":"https:\/\/veritasinfo.org\/wp-content\/uploads\/2025\/12\/1-38.jpg","contentUrl":"https:\/\/veritasinfo.org\/wp-content\/uploads\/2025\/12\/1-38.jpg","width":1280,"height":853},{"@type":"BreadcrumbList","@id":"https:\/\/veritasinfo.org\/?p=25048#breadcrumb","itemListElement":[{"@type":"ListItem","position":1,"name":"Home","item":"https:\/\/veritasinfo.org\/"},{"@type":"ListItem","position":2,"name":"Ekspert\u00ebt ukrainas: Serbia n\u00eb Kosov\u00eb po b\u00ebn veprime si t\u00eb Rusis\u00eb"}]},{"@type":"WebSite","@id":"https:\/\/veritasinfo.org\/#website","url":"https:\/\/veritasinfo.org\/","name":"","description":"","potentialAction":[{"@type":"SearchAction","target":{"@type":"EntryPoint","urlTemplate":"https:\/\/veritasinfo.org\/?s={search_term_string}"},"query-input":{"@type":"PropertyValueSpecification","valueRequired":true,"valueName":"search_term_string"}}],"inLanguage":"en-US"},{"@type":"Person","@id":"https:\/\/veritasinfo.org\/#\/schema\/person\/fe199eede04c3937362892b7444747cc","name":"US6","image":{"@type":"ImageObject","inLanguage":"en-US","@id":"https:\/\/veritasinfo.org\/#\/schema\/person\/image\/","url":"https:\/\/secure.gravatar.com\/avatar\/cb16c3c31c9d23b9b8c705964598220b3014e42ff51eb540ff23cefa3ae8c15f?s=96&d=mm&r=g","contentUrl":"https:\/\/secure.gravatar.com\/avatar\/cb16c3c31c9d23b9b8c705964598220b3014e42ff51eb540ff23cefa3ae8c15f?s=96&d=mm&r=g","caption":"US6"},"url":"https:\/\/veritasinfo.org\/?author=7"}]}},"featured_image_urls":{"full":["https:\/\/veritasinfo.org\/wp-content\/uploads\/2025\/12\/1-38.jpg",1280,853,false],"thumbnail":["https:\/\/veritasinfo.org\/wp-content\/uploads\/2025\/12\/1-38-150x150.jpg",150,150,true],"medium":["https:\/\/veritasinfo.org\/wp-content\/uploads\/2025\/12\/1-38-300x200.jpg",300,200,true],"medium_large":["https:\/\/veritasinfo.org\/wp-content\/uploads\/2025\/12\/1-38-768x512.jpg",640,427,true],"large":["https:\/\/veritasinfo.org\/wp-content\/uploads\/2025\/12\/1-38-1024x682.jpg",640,426,true],"1536x1536":["https:\/\/veritasinfo.org\/wp-content\/uploads\/2025\/12\/1-38.jpg",1280,853,false],"2048x2048":["https:\/\/veritasinfo.org\/wp-content\/uploads\/2025\/12\/1-38.jpg",1280,853,false],"kreeti-slider-full":["https:\/\/veritasinfo.org\/wp-content\/uploads\/2025\/12\/1-38.jpg",1080,720,false],"kreeti-featured":["https:\/\/veritasinfo.org\/wp-content\/uploads\/2025\/12\/1-38.jpg",1024,682,false],"kreeti-medium":["https:\/\/veritasinfo.org\/wp-content\/uploads\/2025\/12\/1-38.jpg",720,480,false],"kreeti-medium-square":["https:\/\/veritasinfo.org\/wp-content\/uploads\/2025\/12\/1-38.jpg",350,233,false]},"author_info":{"info":["US6"]},"category_info":"<a href=\"https:\/\/veritasinfo.org\/?cat=58\" rel=\"category\">Politik\u00eb<\/a>","tag_info":"Politik\u00eb","comment_count":"0","_links":{"self":[{"href":"https:\/\/veritasinfo.org\/index.php?rest_route=\/wp\/v2\/posts\/25048","targetHints":{"allow":["GET"]}}],"collection":[{"href":"https:\/\/veritasinfo.org\/index.php?rest_route=\/wp\/v2\/posts"}],"about":[{"href":"https:\/\/veritasinfo.org\/index.php?rest_route=\/wp\/v2\/types\/post"}],"author":[{"embeddable":true,"href":"https:\/\/veritasinfo.org\/index.php?rest_route=\/wp\/v2\/users\/7"}],"replies":[{"embeddable":true,"href":"https:\/\/veritasinfo.org\/index.php?rest_route=%2Fwp%2Fv2%2Fcomments&post=25048"}],"version-history":[{"count":1,"href":"https:\/\/veritasinfo.org\/index.php?rest_route=\/wp\/v2\/posts\/25048\/revisions"}],"predecessor-version":[{"id":25050,"href":"https:\/\/veritasinfo.org\/index.php?rest_route=\/wp\/v2\/posts\/25048\/revisions\/25050"}],"wp:featuredmedia":[{"embeddable":true,"href":"https:\/\/veritasinfo.org\/index.php?rest_route=\/wp\/v2\/media\/25049"}],"wp:attachment":[{"href":"https:\/\/veritasinfo.org\/index.php?rest_route=%2Fwp%2Fv2%2Fmedia&parent=25048"}],"wp:term":[{"taxonomy":"category","embeddable":true,"href":"https:\/\/veritasinfo.org\/index.php?rest_route=%2Fwp%2Fv2%2Fcategories&post=25048"},{"taxonomy":"post_tag","embeddable":true,"href":"https:\/\/veritasinfo.org\/index.php?rest_route=%2Fwp%2Fv2%2Ftags&post=25048"}],"curies":[{"name":"wp","href":"https:\/\/api.w.org\/{rel}","templated":true}]}}