{"id":25040,"date":"2025-12-21T20:53:32","date_gmt":"2025-12-21T19:53:32","guid":{"rendered":"https:\/\/veritasinfo.org\/?p=25040"},"modified":"2025-12-21T21:24:35","modified_gmt":"2025-12-21T20:24:35","slug":"avokati-koci-nje-bashkatdhetar-u-arrestua-ne-serbi-dyshohet-se-pati-me-vete-emblemen-e-uck-se","status":"publish","type":"post","link":"https:\/\/veritasinfo.org\/?p=25040","title":{"rendered":"Lirohet bashkatdhetari i arrestuar gjat\u00eb dit\u00ebs s\u00eb sotme n\u00eb Serbi"},"content":{"rendered":"<p>P\u00ebrdit\u00ebsim: Lirohet bashkatdhetari i arrestuar gjat\u00eb dit\u00ebs s\u00eb sotme n\u00eb Serbi. Lajmin e b\u00ebri t\u00eb ditur avokati Arianit Koci.<\/p>\n<p><strong>Prishtin\u00eb, 21 dhjetor 2025 20:53<\/strong><\/p>\n<p>Avokati Arianit Koci ka b\u00ebr\u00eb thirrje publike q\u00eb qytetar\u00ebt e Kosov\u00ebs dhe bashkatdhetar\u00ebt t\u00eb shmangin kalimin tranzit n\u00ebp\u00ebr Serbi me emblema apo ngjit\u00ebse me shkronjat U\u00c7K n\u00eb veturat e tyre, duke paralajm\u00ebruar rrezik p\u00ebr veprime arbitrare nga autoritetet serbe.<\/p>\n<p>Sipas Kocit, nj\u00eb bashkatdhetar \u00ebsht\u00eb arrestuar s\u00eb fundmi nga autoritetet serbe vet\u00ebm p\u00ebr shkak se n\u00eb vetur\u00eb i ishte v\u00ebrejtur nj\u00eb emblem\u00eb e Ushtris\u00eb \u00c7lirimtare t\u00eb Kosov\u00ebs. Ai e ka cil\u00ebsuar k\u00ebt\u00eb veprim si arbitrar dhe juridikisht t\u00eb pajustifikuesh\u00ebm.<\/p>\n<p>\u201cMos kaloni n\u00ebp\u00ebr Serbi me emblema apo ngjit\u00ebse me shkronjat U\u00c7K n\u00eb vetur\u00eb. Sapo m\u00eb erdhi informacioni se nj\u00eb bashkatdhetar yn\u00eb \u00ebsht\u00eb arrestuar, pasi autoritetet serbe i kan\u00eb v\u00ebrejtur emblem\u00ebn e U\u00c7K-s\u00eb n\u00eb vetur\u00eb. Ky veprim \u00ebsht\u00eb arbitrar dhe juridikisht i pajustifikuesh\u00ebm\u201d, ka deklaruar Koci.<\/p>\n<p>Ai ka theksuar se shprehja e identitetit politik apo historik nuk p\u00ebrb\u00ebn vep\u00ebr penale sipas standardeve evropiane p\u00ebr t\u00eb drejtat e njeriut, duke shtuar se raste t\u00eb tilla po p\u00ebrdoren si mjete presioni politik.<\/p>\n<p>\u201cRaportet nd\u00ebrmjet shteteve jan\u00eb t\u00eb tensionuara dhe \u00e7mimin po e paguajn\u00eb qytetar\u00ebt e zakonsh\u00ebm, t\u00eb cil\u00ebt mbesin t\u00eb ekspozuar ndaj veprimeve arbitrare. Informimi i nd\u00ebrsjell\u00eb dhe kujdesi mes nesh p\u00ebr momentin jan\u00eb mburoja e vetme reale\u201d, ka shkruar Koci.<\/p>\n<p>&nbsp;<\/p>\n","protected":false},"excerpt":{"rendered":"<p>P\u00ebrdit\u00ebsim: Lirohet bashkatdhetari i arrestuar gjat\u00eb dit\u00ebs s\u00eb sotme n\u00eb Serbi. Lajmin e b\u00ebri t\u00eb ditur avokati Arianit Koci. Prishtin\u00eb, 21 dhjetor 2025 20:53 Avokati<\/p>\n","protected":false},"author":7,"featured_media":25041,"comment_status":"open","ping_status":"open","sticky":false,"template":"","format":"standard","meta":{"footnotes":""},"categories":[60],"tags":[],"class_list":["post-25040","post","type-post","status-publish","format-standard","has-post-thumbnail","hentry","category-shoqerore-sq"],"yoast_head":"<!-- This site is optimized with the Yoast SEO plugin v25.3.1 - https:\/\/yoast.com\/wordpress\/plugins\/seo\/ -->\n<title>Lirohet bashkatdhetari i arrestuar gjat\u00eb dit\u00ebs s\u00eb sotme n\u00eb Serbi -<\/title>\n<meta name=\"robots\" content=\"index, follow, max-snippet:-1, max-image-preview:large, max-video-preview:-1\" \/>\n<link rel=\"canonical\" href=\"https:\/\/veritasinfo.org\/?p=25040\" \/>\n<meta property=\"og:locale\" content=\"en_US\" \/>\n<meta property=\"og:type\" content=\"article\" \/>\n<meta property=\"og:title\" content=\"Lirohet bashkatdhetari i arrestuar gjat\u00eb dit\u00ebs s\u00eb sotme n\u00eb Serbi -\" \/>\n<meta property=\"og:description\" content=\"P\u00ebrdit\u00ebsim: Lirohet bashkatdhetari i arrestuar gjat\u00eb dit\u00ebs s\u00eb sotme n\u00eb Serbi. Lajmin e b\u00ebri t\u00eb ditur avokati Arianit Koci. Prishtin\u00eb, 21 dhjetor 2025 20:53 Avokati\" \/>\n<meta property=\"og:url\" content=\"https:\/\/veritasinfo.org\/?p=25040\" \/>\n<meta property=\"article:published_time\" content=\"2025-12-21T19:53:32+00:00\" \/>\n<meta property=\"article:modified_time\" content=\"2025-12-21T20:24:35+00:00\" \/>\n<meta property=\"og:image\" content=\"https:\/\/veritasinfo.org\/wp-content\/uploads\/2025\/12\/1-37.jpg\" \/>\n\t<meta property=\"og:image:width\" content=\"852\" \/>\n\t<meta property=\"og:image:height\" content=\"481\" \/>\n\t<meta property=\"og:image:type\" content=\"image\/jpeg\" \/>\n<meta name=\"author\" content=\"US6\" \/>\n<meta name=\"twitter:card\" content=\"summary_large_image\" \/>\n<meta name=\"twitter:label1\" content=\"Written by\" \/>\n\t<meta name=\"twitter:data1\" content=\"US6\" \/>\n\t<meta name=\"twitter:label2\" content=\"Est. reading time\" \/>\n\t<meta name=\"twitter:data2\" content=\"2 minutes\" \/>\n<script type=\"application\/ld+json\" class=\"yoast-schema-graph\">{\"@context\":\"https:\/\/schema.org\",\"@graph\":[{\"@type\":\"WebPage\",\"@id\":\"https:\/\/veritasinfo.org\/?p=25040\",\"url\":\"https:\/\/veritasinfo.org\/?p=25040\",\"name\":\"Lirohet bashkatdhetari i arrestuar gjat\u00eb dit\u00ebs s\u00eb sotme n\u00eb Serbi -\",\"isPartOf\":{\"@id\":\"https:\/\/veritasinfo.org\/#website\"},\"primaryImageOfPage\":{\"@id\":\"https:\/\/veritasinfo.org\/?p=25040#primaryimage\"},\"image\":{\"@id\":\"https:\/\/veritasinfo.org\/?p=25040#primaryimage\"},\"thumbnailUrl\":\"https:\/\/veritasinfo.org\/wp-content\/uploads\/2025\/12\/1-37.jpg\",\"datePublished\":\"2025-12-21T19:53:32+00:00\",\"dateModified\":\"2025-12-21T20:24:35+00:00\",\"author\":{\"@id\":\"https:\/\/veritasinfo.org\/#\/schema\/person\/fe199eede04c3937362892b7444747cc\"},\"breadcrumb\":{\"@id\":\"https:\/\/veritasinfo.org\/?p=25040#breadcrumb\"},\"inLanguage\":\"en-US\",\"potentialAction\":[{\"@type\":\"ReadAction\",\"target\":[\"https:\/\/veritasinfo.org\/?p=25040\"]}]},{\"@type\":\"ImageObject\",\"inLanguage\":\"en-US\",\"@id\":\"https:\/\/veritasinfo.org\/?p=25040#primaryimage\",\"url\":\"https:\/\/veritasinfo.org\/wp-content\/uploads\/2025\/12\/1-37.jpg\",\"contentUrl\":\"https:\/\/veritasinfo.org\/wp-content\/uploads\/2025\/12\/1-37.jpg\",\"width\":852,\"height\":481},{\"@type\":\"BreadcrumbList\",\"@id\":\"https:\/\/veritasinfo.org\/?p=25040#breadcrumb\",\"itemListElement\":[{\"@type\":\"ListItem\",\"position\":1,\"name\":\"Home\",\"item\":\"https:\/\/veritasinfo.org\/\"},{\"@type\":\"ListItem\",\"position\":2,\"name\":\"Lirohet bashkatdhetari i arrestuar gjat\u00eb dit\u00ebs s\u00eb sotme n\u00eb Serbi\"}]},{\"@type\":\"WebSite\",\"@id\":\"https:\/\/veritasinfo.org\/#website\",\"url\":\"https:\/\/veritasinfo.org\/\",\"name\":\"\",\"description\":\"\",\"potentialAction\":[{\"@type\":\"SearchAction\",\"target\":{\"@type\":\"EntryPoint\",\"urlTemplate\":\"https:\/\/veritasinfo.org\/?s={search_term_string}\"},\"query-input\":{\"@type\":\"PropertyValueSpecification\",\"valueRequired\":true,\"valueName\":\"search_term_string\"}}],\"inLanguage\":\"en-US\"},{\"@type\":\"Person\",\"@id\":\"https:\/\/veritasinfo.org\/#\/schema\/person\/fe199eede04c3937362892b7444747cc\",\"name\":\"US6\",\"image\":{\"@type\":\"ImageObject\",\"inLanguage\":\"en-US\",\"@id\":\"https:\/\/veritasinfo.org\/#\/schema\/person\/image\/\",\"url\":\"https:\/\/secure.gravatar.com\/avatar\/cb16c3c31c9d23b9b8c705964598220b3014e42ff51eb540ff23cefa3ae8c15f?s=96&d=mm&r=g\",\"contentUrl\":\"https:\/\/secure.gravatar.com\/avatar\/cb16c3c31c9d23b9b8c705964598220b3014e42ff51eb540ff23cefa3ae8c15f?s=96&d=mm&r=g\",\"caption\":\"US6\"},\"url\":\"https:\/\/veritasinfo.org\/?author=7\"}]}<\/script>\n<!-- \/ Yoast SEO plugin. -->","yoast_head_json":{"title":"Lirohet bashkatdhetari i arrestuar gjat\u00eb dit\u00ebs s\u00eb sotme n\u00eb Serbi -","robots":{"index":"index","follow":"follow","max-snippet":"max-snippet:-1","max-image-preview":"max-image-preview:large","max-video-preview":"max-video-preview:-1"},"canonical":"https:\/\/veritasinfo.org\/?p=25040","og_locale":"en_US","og_type":"article","og_title":"Lirohet bashkatdhetari i arrestuar gjat\u00eb dit\u00ebs s\u00eb sotme n\u00eb Serbi -","og_description":"P\u00ebrdit\u00ebsim: Lirohet bashkatdhetari i arrestuar gjat\u00eb dit\u00ebs s\u00eb sotme n\u00eb Serbi. Lajmin e b\u00ebri t\u00eb ditur avokati Arianit Koci. Prishtin\u00eb, 21 dhjetor 2025 20:53 Avokati","og_url":"https:\/\/veritasinfo.org\/?p=25040","article_published_time":"2025-12-21T19:53:32+00:00","article_modified_time":"2025-12-21T20:24:35+00:00","og_image":[{"width":852,"height":481,"url":"https:\/\/veritasinfo.org\/wp-content\/uploads\/2025\/12\/1-37.jpg","type":"image\/jpeg"}],"author":"US6","twitter_card":"summary_large_image","twitter_misc":{"Written by":"US6","Est. reading time":"2 minutes"},"schema":{"@context":"https:\/\/schema.org","@graph":[{"@type":"WebPage","@id":"https:\/\/veritasinfo.org\/?p=25040","url":"https:\/\/veritasinfo.org\/?p=25040","name":"Lirohet bashkatdhetari i arrestuar gjat\u00eb dit\u00ebs s\u00eb sotme n\u00eb Serbi -","isPartOf":{"@id":"https:\/\/veritasinfo.org\/#website"},"primaryImageOfPage":{"@id":"https:\/\/veritasinfo.org\/?p=25040#primaryimage"},"image":{"@id":"https:\/\/veritasinfo.org\/?p=25040#primaryimage"},"thumbnailUrl":"https:\/\/veritasinfo.org\/wp-content\/uploads\/2025\/12\/1-37.jpg","datePublished":"2025-12-21T19:53:32+00:00","dateModified":"2025-12-21T20:24:35+00:00","author":{"@id":"https:\/\/veritasinfo.org\/#\/schema\/person\/fe199eede04c3937362892b7444747cc"},"breadcrumb":{"@id":"https:\/\/veritasinfo.org\/?p=25040#breadcrumb"},"inLanguage":"en-US","potentialAction":[{"@type":"ReadAction","target":["https:\/\/veritasinfo.org\/?p=25040"]}]},{"@type":"ImageObject","inLanguage":"en-US","@id":"https:\/\/veritasinfo.org\/?p=25040#primaryimage","url":"https:\/\/veritasinfo.org\/wp-content\/uploads\/2025\/12\/1-37.jpg","contentUrl":"https:\/\/veritasinfo.org\/wp-content\/uploads\/2025\/12\/1-37.jpg","width":852,"height":481},{"@type":"BreadcrumbList","@id":"https:\/\/veritasinfo.org\/?p=25040#breadcrumb","itemListElement":[{"@type":"ListItem","position":1,"name":"Home","item":"https:\/\/veritasinfo.org\/"},{"@type":"ListItem","position":2,"name":"Lirohet bashkatdhetari i arrestuar gjat\u00eb dit\u00ebs s\u00eb sotme n\u00eb Serbi"}]},{"@type":"WebSite","@id":"https:\/\/veritasinfo.org\/#website","url":"https:\/\/veritasinfo.org\/","name":"","description":"","potentialAction":[{"@type":"SearchAction","target":{"@type":"EntryPoint","urlTemplate":"https:\/\/veritasinfo.org\/?s={search_term_string}"},"query-input":{"@type":"PropertyValueSpecification","valueRequired":true,"valueName":"search_term_string"}}],"inLanguage":"en-US"},{"@type":"Person","@id":"https:\/\/veritasinfo.org\/#\/schema\/person\/fe199eede04c3937362892b7444747cc","name":"US6","image":{"@type":"ImageObject","inLanguage":"en-US","@id":"https:\/\/veritasinfo.org\/#\/schema\/person\/image\/","url":"https:\/\/secure.gravatar.com\/avatar\/cb16c3c31c9d23b9b8c705964598220b3014e42ff51eb540ff23cefa3ae8c15f?s=96&d=mm&r=g","contentUrl":"https:\/\/secure.gravatar.com\/avatar\/cb16c3c31c9d23b9b8c705964598220b3014e42ff51eb540ff23cefa3ae8c15f?s=96&d=mm&r=g","caption":"US6"},"url":"https:\/\/veritasinfo.org\/?author=7"}]}},"featured_image_urls":{"full":["https:\/\/veritasinfo.org\/wp-content\/uploads\/2025\/12\/1-37.jpg",852,481,false],"thumbnail":["https:\/\/veritasinfo.org\/wp-content\/uploads\/2025\/12\/1-37-150x150.jpg",150,150,true],"medium":["https:\/\/veritasinfo.org\/wp-content\/uploads\/2025\/12\/1-37-300x169.jpg",300,169,true],"medium_large":["https:\/\/veritasinfo.org\/wp-content\/uploads\/2025\/12\/1-37-768x434.jpg",640,362,true],"large":["https:\/\/veritasinfo.org\/wp-content\/uploads\/2025\/12\/1-37.jpg",640,361,false],"1536x1536":["https:\/\/veritasinfo.org\/wp-content\/uploads\/2025\/12\/1-37.jpg",852,481,false],"2048x2048":["https:\/\/veritasinfo.org\/wp-content\/uploads\/2025\/12\/1-37.jpg",852,481,false],"kreeti-slider-full":["https:\/\/veritasinfo.org\/wp-content\/uploads\/2025\/12\/1-37.jpg",852,481,false],"kreeti-featured":["https:\/\/veritasinfo.org\/wp-content\/uploads\/2025\/12\/1-37.jpg",852,481,false],"kreeti-medium":["https:\/\/veritasinfo.org\/wp-content\/uploads\/2025\/12\/1-37.jpg",720,406,false],"kreeti-medium-square":["https:\/\/veritasinfo.org\/wp-content\/uploads\/2025\/12\/1-37.jpg",350,198,false]},"author_info":{"info":["US6"]},"category_info":"<a href=\"https:\/\/veritasinfo.org\/?cat=60\" rel=\"category\">Shoq\u00ebrore<\/a>","tag_info":"Shoq\u00ebrore","comment_count":"0","_links":{"self":[{"href":"https:\/\/veritasinfo.org\/index.php?rest_route=\/wp\/v2\/posts\/25040","targetHints":{"allow":["GET"]}}],"collection":[{"href":"https:\/\/veritasinfo.org\/index.php?rest_route=\/wp\/v2\/posts"}],"about":[{"href":"https:\/\/veritasinfo.org\/index.php?rest_route=\/wp\/v2\/types\/post"}],"author":[{"embeddable":true,"href":"https:\/\/veritasinfo.org\/index.php?rest_route=\/wp\/v2\/users\/7"}],"replies":[{"embeddable":true,"href":"https:\/\/veritasinfo.org\/index.php?rest_route=%2Fwp%2Fv2%2Fcomments&post=25040"}],"version-history":[{"count":3,"href":"https:\/\/veritasinfo.org\/index.php?rest_route=\/wp\/v2\/posts\/25040\/revisions"}],"predecessor-version":[{"id":25047,"href":"https:\/\/veritasinfo.org\/index.php?rest_route=\/wp\/v2\/posts\/25040\/revisions\/25047"}],"wp:featuredmedia":[{"embeddable":true,"href":"https:\/\/veritasinfo.org\/index.php?rest_route=\/wp\/v2\/media\/25041"}],"wp:attachment":[{"href":"https:\/\/veritasinfo.org\/index.php?rest_route=%2Fwp%2Fv2%2Fmedia&parent=25040"}],"wp:term":[{"taxonomy":"category","embeddable":true,"href":"https:\/\/veritasinfo.org\/index.php?rest_route=%2Fwp%2Fv2%2Fcategories&post=25040"},{"taxonomy":"post_tag","embeddable":true,"href":"https:\/\/veritasinfo.org\/index.php?rest_route=%2Fwp%2Fv2%2Ftags&post=25040"}],"curies":[{"name":"wp","href":"https:\/\/api.w.org\/{rel}","templated":true}]}}