{"id":25023,"date":"2025-12-21T17:45:18","date_gmt":"2025-12-21T16:45:18","guid":{"rendered":"https:\/\/veritasinfo.org\/?p=25023"},"modified":"2025-12-21T17:45:18","modified_gmt":"2025-12-21T16:45:18","slug":"realizohet-testimi-i-mbrojtjes-me-njesite-dron-dhe-antidron-kurti-fuqizimi-i-ketyre-pajisjeve-do-te-vazhdoje-video","status":"publish","type":"post","link":"https:\/\/veritasinfo.org\/?p=25023","title":{"rendered":"Realizohet testimi i mbrojtjes me nj\u00ebsit\u00eb dron dhe antidron, Kurti: Fuqizimi i k\u00ebtyre pajisjeve do t\u00eb vazhdoj\u00eb (Video)"},"content":{"rendered":"<p><strong>Prishtin\u00eb, 21 dhjetor 2025 17:44<\/strong><\/p>\n<p>Kryeministri n\u00eb detyr\u00eb i Kosov\u00ebs, Albin Kurti, ka q\u00ebndruar n\u00eb Kampin e Nj\u00ebsive Speciale n\u00eb Vrell\u00eb, ku u realizua testimi i mund\u00ebsive t\u00eb mbrojtjes ajrore t\u00eb Policis\u00eb s\u00eb Kosov\u00ebs, me nj\u00ebsit\u00eb dron dhe antidron.<\/p>\n<p>Kurti n\u00eb rrjetin e tij social Facebook, ka deklaruar se mb\u00ebshtetja p\u00ebr ngritjen dhe fuqizimin e k\u00ebtyre pajisjeve do t\u00eb jet\u00eb e vazhdueshme.<\/p>\n<p>\u201cPara dy vitesh, n\u00eb kuad\u00ebr t\u00eb Policis\u00eb s\u00eb Kosov\u00ebs, kemi themeluar Drejtorin\u00eb e Mbrojtjes Ajrore, me nj\u00ebsit\u00eb dron dhe antidron si komponent\u00eb ky\u00e7. N\u00eb Kampin e Nj\u00ebsive Speciale n\u00eb Vrell\u00eb u realizua testimi i mund\u00ebsive t\u00eb mbrojtjes ajrore, duke u bazuar n\u00eb kapacitetet e brendshme t\u00eb Policis\u00eb s\u00eb Kosov\u00ebs. Fal\u00ebnderoj zyrtar\u00ebt p\u00ebr angazhimin dhe profesionalizmin e treguar. Mb\u00ebshtetja jon\u00eb p\u00ebr ngritjen dhe fuqizimin e k\u00ebtyre pajisjeve dhe m\u00ebnyrave do t\u00eb jet\u00eb e vazhdueshme\u201d, ka shkruar Kurti.<\/p>\n<p>Para dy vitesh, n\u00eb kuad\u00ebr t\u00eb Policis\u00eb s\u00eb Kosov\u00ebs, kemi themeluar Drejtorin\u00eb e Mbrojtjes Ajrore, me nj\u00ebsit\u00eb dron dhe antidron si komponent\u00eb ky\u00e7.<\/p>\n<p>N\u00eb Kampin e Nj\u00ebsive Speciale n\u00eb Vrell\u00eb u realizua testimi i mund\u00ebsive t\u00eb mbrojtjes ajrore, duke u bazuar n\u00eb kapacitetet e brendshme t\u00eb Policis\u00eb s\u00eb Kosov\u00ebs.<\/p>\n<p>Fal\u00ebnderoj zyrtar\u00ebt p\u00ebr angazhimin dhe profesionalizmin e treguar. Mb\u00ebshtetja jon\u00eb p\u00ebr ngritjen dhe fuqizimin e k\u00ebtyre pajisjeve dhe m\u00ebnyrave do t\u00eb jet\u00eb e vazhdueshme.<\/p>\n<p><iframe style=\"border: none; overflow: hidden;\" data-src=\"https:\/\/www.facebook.com\/plugins\/video.php?height=314&amp;href=https%3A%2F%2Fwww.facebook.com%2Freel%2F2461694627667180%2F&amp;show_text=false&amp;width=560&amp;t=0\" width=\"560\" height=\"314\" frameborder=\"0\" scrolling=\"no\" allowfullscreen=\"allowfullscreen\" src=\"data:image\/gif;base64,R0lGODlhAQABAAAAACH5BAEKAAEALAAAAAABAAEAAAICTAEAOw==\" class=\"lazyload\" data-load-mode=\"1\"><\/iframe><\/p>\n<p>&nbsp;<\/p>\n<p>&nbsp;<\/p>\n<p>&nbsp;<\/p>\n","protected":false},"excerpt":{"rendered":"<p>Prishtin\u00eb, 21 dhjetor 2025 17:44 Kryeministri n\u00eb detyr\u00eb i Kosov\u00ebs, Albin Kurti, ka q\u00ebndruar n\u00eb Kampin e Nj\u00ebsive Speciale n\u00eb Vrell\u00eb, ku u realizua testimi<\/p>\n","protected":false},"author":7,"featured_media":25024,"comment_status":"open","ping_status":"open","sticky":false,"template":"","format":"standard","meta":{"footnotes":""},"categories":[60],"tags":[],"class_list":["post-25023","post","type-post","status-publish","format-standard","has-post-thumbnail","hentry","category-shoqerore-sq"],"yoast_head":"<!-- This site is optimized with the Yoast SEO plugin v25.3.1 - https:\/\/yoast.com\/wordpress\/plugins\/seo\/ -->\n<title>Realizohet testimi i mbrojtjes me nj\u00ebsit\u00eb dron dhe antidron, Kurti: Fuqizimi i k\u00ebtyre pajisjeve do t\u00eb vazhdoj\u00eb (Video) -<\/title>\n<meta name=\"robots\" content=\"index, follow, max-snippet:-1, max-image-preview:large, max-video-preview:-1\" \/>\n<link rel=\"canonical\" href=\"https:\/\/veritasinfo.org\/?p=25023\" \/>\n<meta property=\"og:locale\" content=\"en_US\" \/>\n<meta property=\"og:type\" content=\"article\" \/>\n<meta property=\"og:title\" content=\"Realizohet testimi i mbrojtjes me nj\u00ebsit\u00eb dron dhe antidron, Kurti: Fuqizimi i k\u00ebtyre pajisjeve do t\u00eb vazhdoj\u00eb (Video) -\" \/>\n<meta property=\"og:description\" content=\"Prishtin\u00eb, 21 dhjetor 2025 17:44 Kryeministri n\u00eb detyr\u00eb i Kosov\u00ebs, Albin Kurti, ka q\u00ebndruar n\u00eb Kampin e Nj\u00ebsive Speciale n\u00eb Vrell\u00eb, ku u realizua testimi\" \/>\n<meta property=\"og:url\" content=\"https:\/\/veritasinfo.org\/?p=25023\" \/>\n<meta property=\"article:published_time\" content=\"2025-12-21T16:45:18+00:00\" \/>\n<meta property=\"og:image\" content=\"https:\/\/veritasinfo.org\/wp-content\/uploads\/2025\/12\/1-34.jpg\" \/>\n\t<meta property=\"og:image:width\" content=\"667\" \/>\n\t<meta property=\"og:image:height\" content=\"462\" \/>\n\t<meta property=\"og:image:type\" content=\"image\/jpeg\" \/>\n<meta name=\"author\" content=\"US6\" \/>\n<meta name=\"twitter:card\" content=\"summary_large_image\" \/>\n<meta name=\"twitter:label1\" content=\"Written by\" \/>\n\t<meta name=\"twitter:data1\" content=\"US6\" \/>\n\t<meta name=\"twitter:label2\" content=\"Est. reading time\" \/>\n\t<meta name=\"twitter:data2\" content=\"1 minute\" \/>\n<script type=\"application\/ld+json\" class=\"yoast-schema-graph\">{\"@context\":\"https:\/\/schema.org\",\"@graph\":[{\"@type\":\"WebPage\",\"@id\":\"https:\/\/veritasinfo.org\/?p=25023\",\"url\":\"https:\/\/veritasinfo.org\/?p=25023\",\"name\":\"Realizohet testimi i mbrojtjes me nj\u00ebsit\u00eb dron dhe antidron, Kurti: Fuqizimi i k\u00ebtyre pajisjeve do t\u00eb vazhdoj\u00eb (Video) -\",\"isPartOf\":{\"@id\":\"https:\/\/veritasinfo.org\/#website\"},\"primaryImageOfPage\":{\"@id\":\"https:\/\/veritasinfo.org\/?p=25023#primaryimage\"},\"image\":{\"@id\":\"https:\/\/veritasinfo.org\/?p=25023#primaryimage\"},\"thumbnailUrl\":\"https:\/\/veritasinfo.org\/wp-content\/uploads\/2025\/12\/1-34.jpg\",\"datePublished\":\"2025-12-21T16:45:18+00:00\",\"author\":{\"@id\":\"https:\/\/veritasinfo.org\/#\/schema\/person\/fe199eede04c3937362892b7444747cc\"},\"breadcrumb\":{\"@id\":\"https:\/\/veritasinfo.org\/?p=25023#breadcrumb\"},\"inLanguage\":\"en-US\",\"potentialAction\":[{\"@type\":\"ReadAction\",\"target\":[\"https:\/\/veritasinfo.org\/?p=25023\"]}]},{\"@type\":\"ImageObject\",\"inLanguage\":\"en-US\",\"@id\":\"https:\/\/veritasinfo.org\/?p=25023#primaryimage\",\"url\":\"https:\/\/veritasinfo.org\/wp-content\/uploads\/2025\/12\/1-34.jpg\",\"contentUrl\":\"https:\/\/veritasinfo.org\/wp-content\/uploads\/2025\/12\/1-34.jpg\",\"width\":667,\"height\":462},{\"@type\":\"BreadcrumbList\",\"@id\":\"https:\/\/veritasinfo.org\/?p=25023#breadcrumb\",\"itemListElement\":[{\"@type\":\"ListItem\",\"position\":1,\"name\":\"Home\",\"item\":\"https:\/\/veritasinfo.org\/\"},{\"@type\":\"ListItem\",\"position\":2,\"name\":\"Realizohet testimi i mbrojtjes me nj\u00ebsit\u00eb dron dhe antidron, Kurti: Fuqizimi i k\u00ebtyre pajisjeve do t\u00eb vazhdoj\u00eb (Video)\"}]},{\"@type\":\"WebSite\",\"@id\":\"https:\/\/veritasinfo.org\/#website\",\"url\":\"https:\/\/veritasinfo.org\/\",\"name\":\"\",\"description\":\"\",\"potentialAction\":[{\"@type\":\"SearchAction\",\"target\":{\"@type\":\"EntryPoint\",\"urlTemplate\":\"https:\/\/veritasinfo.org\/?s={search_term_string}\"},\"query-input\":{\"@type\":\"PropertyValueSpecification\",\"valueRequired\":true,\"valueName\":\"search_term_string\"}}],\"inLanguage\":\"en-US\"},{\"@type\":\"Person\",\"@id\":\"https:\/\/veritasinfo.org\/#\/schema\/person\/fe199eede04c3937362892b7444747cc\",\"name\":\"US6\",\"image\":{\"@type\":\"ImageObject\",\"inLanguage\":\"en-US\",\"@id\":\"https:\/\/veritasinfo.org\/#\/schema\/person\/image\/\",\"url\":\"https:\/\/secure.gravatar.com\/avatar\/cb16c3c31c9d23b9b8c705964598220b3014e42ff51eb540ff23cefa3ae8c15f?s=96&d=mm&r=g\",\"contentUrl\":\"https:\/\/secure.gravatar.com\/avatar\/cb16c3c31c9d23b9b8c705964598220b3014e42ff51eb540ff23cefa3ae8c15f?s=96&d=mm&r=g\",\"caption\":\"US6\"},\"url\":\"https:\/\/veritasinfo.org\/?author=7\"}]}<\/script>\n<!-- \/ Yoast SEO plugin. -->","yoast_head_json":{"title":"Realizohet testimi i mbrojtjes me nj\u00ebsit\u00eb dron dhe antidron, Kurti: Fuqizimi i k\u00ebtyre pajisjeve do t\u00eb vazhdoj\u00eb (Video) -","robots":{"index":"index","follow":"follow","max-snippet":"max-snippet:-1","max-image-preview":"max-image-preview:large","max-video-preview":"max-video-preview:-1"},"canonical":"https:\/\/veritasinfo.org\/?p=25023","og_locale":"en_US","og_type":"article","og_title":"Realizohet testimi i mbrojtjes me nj\u00ebsit\u00eb dron dhe antidron, Kurti: Fuqizimi i k\u00ebtyre pajisjeve do t\u00eb vazhdoj\u00eb (Video) -","og_description":"Prishtin\u00eb, 21 dhjetor 2025 17:44 Kryeministri n\u00eb detyr\u00eb i Kosov\u00ebs, Albin Kurti, ka q\u00ebndruar n\u00eb Kampin e Nj\u00ebsive Speciale n\u00eb Vrell\u00eb, ku u realizua testimi","og_url":"https:\/\/veritasinfo.org\/?p=25023","article_published_time":"2025-12-21T16:45:18+00:00","og_image":[{"width":667,"height":462,"url":"https:\/\/veritasinfo.org\/wp-content\/uploads\/2025\/12\/1-34.jpg","type":"image\/jpeg"}],"author":"US6","twitter_card":"summary_large_image","twitter_misc":{"Written by":"US6","Est. reading time":"1 minute"},"schema":{"@context":"https:\/\/schema.org","@graph":[{"@type":"WebPage","@id":"https:\/\/veritasinfo.org\/?p=25023","url":"https:\/\/veritasinfo.org\/?p=25023","name":"Realizohet testimi i mbrojtjes me nj\u00ebsit\u00eb dron dhe antidron, Kurti: Fuqizimi i k\u00ebtyre pajisjeve do t\u00eb vazhdoj\u00eb (Video) -","isPartOf":{"@id":"https:\/\/veritasinfo.org\/#website"},"primaryImageOfPage":{"@id":"https:\/\/veritasinfo.org\/?p=25023#primaryimage"},"image":{"@id":"https:\/\/veritasinfo.org\/?p=25023#primaryimage"},"thumbnailUrl":"https:\/\/veritasinfo.org\/wp-content\/uploads\/2025\/12\/1-34.jpg","datePublished":"2025-12-21T16:45:18+00:00","author":{"@id":"https:\/\/veritasinfo.org\/#\/schema\/person\/fe199eede04c3937362892b7444747cc"},"breadcrumb":{"@id":"https:\/\/veritasinfo.org\/?p=25023#breadcrumb"},"inLanguage":"en-US","potentialAction":[{"@type":"ReadAction","target":["https:\/\/veritasinfo.org\/?p=25023"]}]},{"@type":"ImageObject","inLanguage":"en-US","@id":"https:\/\/veritasinfo.org\/?p=25023#primaryimage","url":"https:\/\/veritasinfo.org\/wp-content\/uploads\/2025\/12\/1-34.jpg","contentUrl":"https:\/\/veritasinfo.org\/wp-content\/uploads\/2025\/12\/1-34.jpg","width":667,"height":462},{"@type":"BreadcrumbList","@id":"https:\/\/veritasinfo.org\/?p=25023#breadcrumb","itemListElement":[{"@type":"ListItem","position":1,"name":"Home","item":"https:\/\/veritasinfo.org\/"},{"@type":"ListItem","position":2,"name":"Realizohet testimi i mbrojtjes me nj\u00ebsit\u00eb dron dhe antidron, Kurti: Fuqizimi i k\u00ebtyre pajisjeve do t\u00eb vazhdoj\u00eb (Video)"}]},{"@type":"WebSite","@id":"https:\/\/veritasinfo.org\/#website","url":"https:\/\/veritasinfo.org\/","name":"","description":"","potentialAction":[{"@type":"SearchAction","target":{"@type":"EntryPoint","urlTemplate":"https:\/\/veritasinfo.org\/?s={search_term_string}"},"query-input":{"@type":"PropertyValueSpecification","valueRequired":true,"valueName":"search_term_string"}}],"inLanguage":"en-US"},{"@type":"Person","@id":"https:\/\/veritasinfo.org\/#\/schema\/person\/fe199eede04c3937362892b7444747cc","name":"US6","image":{"@type":"ImageObject","inLanguage":"en-US","@id":"https:\/\/veritasinfo.org\/#\/schema\/person\/image\/","url":"https:\/\/secure.gravatar.com\/avatar\/cb16c3c31c9d23b9b8c705964598220b3014e42ff51eb540ff23cefa3ae8c15f?s=96&d=mm&r=g","contentUrl":"https:\/\/secure.gravatar.com\/avatar\/cb16c3c31c9d23b9b8c705964598220b3014e42ff51eb540ff23cefa3ae8c15f?s=96&d=mm&r=g","caption":"US6"},"url":"https:\/\/veritasinfo.org\/?author=7"}]}},"featured_image_urls":{"full":["https:\/\/veritasinfo.org\/wp-content\/uploads\/2025\/12\/1-34.jpg",667,462,false],"thumbnail":["https:\/\/veritasinfo.org\/wp-content\/uploads\/2025\/12\/1-34-150x150.jpg",150,150,true],"medium":["https:\/\/veritasinfo.org\/wp-content\/uploads\/2025\/12\/1-34-300x208.jpg",300,208,true],"medium_large":["https:\/\/veritasinfo.org\/wp-content\/uploads\/2025\/12\/1-34.jpg",640,443,false],"large":["https:\/\/veritasinfo.org\/wp-content\/uploads\/2025\/12\/1-34.jpg",640,443,false],"1536x1536":["https:\/\/veritasinfo.org\/wp-content\/uploads\/2025\/12\/1-34.jpg",667,462,false],"2048x2048":["https:\/\/veritasinfo.org\/wp-content\/uploads\/2025\/12\/1-34.jpg",667,462,false],"kreeti-slider-full":["https:\/\/veritasinfo.org\/wp-content\/uploads\/2025\/12\/1-34.jpg",667,462,false],"kreeti-featured":["https:\/\/veritasinfo.org\/wp-content\/uploads\/2025\/12\/1-34.jpg",667,462,false],"kreeti-medium":["https:\/\/veritasinfo.org\/wp-content\/uploads\/2025\/12\/1-34.jpg",667,462,false],"kreeti-medium-square":["https:\/\/veritasinfo.org\/wp-content\/uploads\/2025\/12\/1-34.jpg",350,242,false]},"author_info":{"info":["US6"]},"category_info":"<a href=\"https:\/\/veritasinfo.org\/?cat=60\" rel=\"category\">Shoq\u00ebrore<\/a>","tag_info":"Shoq\u00ebrore","comment_count":"0","_links":{"self":[{"href":"https:\/\/veritasinfo.org\/index.php?rest_route=\/wp\/v2\/posts\/25023","targetHints":{"allow":["GET"]}}],"collection":[{"href":"https:\/\/veritasinfo.org\/index.php?rest_route=\/wp\/v2\/posts"}],"about":[{"href":"https:\/\/veritasinfo.org\/index.php?rest_route=\/wp\/v2\/types\/post"}],"author":[{"embeddable":true,"href":"https:\/\/veritasinfo.org\/index.php?rest_route=\/wp\/v2\/users\/7"}],"replies":[{"embeddable":true,"href":"https:\/\/veritasinfo.org\/index.php?rest_route=%2Fwp%2Fv2%2Fcomments&post=25023"}],"version-history":[{"count":1,"href":"https:\/\/veritasinfo.org\/index.php?rest_route=\/wp\/v2\/posts\/25023\/revisions"}],"predecessor-version":[{"id":25025,"href":"https:\/\/veritasinfo.org\/index.php?rest_route=\/wp\/v2\/posts\/25023\/revisions\/25025"}],"wp:featuredmedia":[{"embeddable":true,"href":"https:\/\/veritasinfo.org\/index.php?rest_route=\/wp\/v2\/media\/25024"}],"wp:attachment":[{"href":"https:\/\/veritasinfo.org\/index.php?rest_route=%2Fwp%2Fv2%2Fmedia&parent=25023"}],"wp:term":[{"taxonomy":"category","embeddable":true,"href":"https:\/\/veritasinfo.org\/index.php?rest_route=%2Fwp%2Fv2%2Fcategories&post=25023"},{"taxonomy":"post_tag","embeddable":true,"href":"https:\/\/veritasinfo.org\/index.php?rest_route=%2Fwp%2Fv2%2Ftags&post=25023"}],"curies":[{"name":"wp","href":"https:\/\/api.w.org\/{rel}","templated":true}]}}