{"id":25013,"date":"2025-12-21T17:03:50","date_gmt":"2025-12-21T16:03:50","guid":{"rendered":"https:\/\/veritasinfo.org\/?p=25013"},"modified":"2025-12-21T17:03:50","modified_gmt":"2025-12-21T16:03:50","slug":"serbia-eshte-anija-kryesore-e-rusise-ne-ballkan-joseph-kosova-ne-nato-loja-mbyllet","status":"publish","type":"post","link":"https:\/\/veritasinfo.org\/?p=25013","title":{"rendered":"\u201cSerbia \u00ebsht\u00eb anija kryesore e Rusis\u00eb n\u00eb Ballkan\u201d, Joseph: Kosova n\u00eb NATO, loja mbyllet"},"content":{"rendered":"<p><strong>Prishtin\u00eb, 21 dhjetor 2025 17:03<\/strong><\/p>\n<p>Eksperti i njohur amerikan i diplomacis\u00eb dhe menaxhimit t\u00eb konflikteve, Ed\u00ebard P. Joseph, ka paraqitur nj\u00eb propozim q\u00eb po ngjall debat serioz n\u00eb qarqet politike t\u00eb Uashingtonit dhe Evrop\u00ebs: futjen e Kosov\u00ebs dhe Serbis\u00eb n\u00eb NATO.<\/p>\n<p>Po ashtu edhe aplikimin e elementeve t\u00eb modelit t\u00eb Kosov\u00ebs n\u00eb rajonin e Donbasit t\u00eb Ukrain\u00ebs, si pjes\u00eb e nj\u00eb strategjie m\u00eb t\u00eb gjer\u00eb p\u00ebr t\u00eb dob\u00ebsuar ndikimin rus n\u00eb Evrop\u00eb.<\/p>\n<p>Joseph, aktualisht lektor n\u00eb Johns Hopkins University \u2013 SAIS, tha se Ballkani nuk \u00ebsht\u00eb nj\u00eb rajon periferik, por nj\u00eb nyje ky\u00e7e e luft\u00ebs hibride t\u00eb Rusis\u00eb kund\u00ebr Per\u00ebndimit.<\/p>\n<p>\u201cUkraina \u00ebsht\u00eb dimensioni kinetik i luft\u00ebs. Ballkani \u00ebsht\u00eb dimensioni hibrid. Dhe Serbia \u00ebsht\u00eb platforma p\u00ebrmes s\u00eb cil\u00ebs Rusia ushtron ndikimin e saj n\u00eb rajon,\u201d deklaroi Joseph.<\/p>\n<p>Sipas Joseph, largimi i Serbis\u00eb nga orbita e Mosk\u00ebs do t\u00eb kishte nj\u00eb efekt shkat\u00ebrrues p\u00ebr strategjin\u00eb ruse n\u00eb Evrop\u00ebn Juglindore.<\/p>\n<p>\u201cFutja e Serbis\u00eb n\u00eb NATO do t\u00eb ishte si fundosja e anijes \u2018Moskva\u2019 p\u00ebr Rusin\u00eb n\u00eb Ballkan,\u201d tha ai, duke e krahasuar ndikimin strategjik t\u00eb k\u00ebtij hapi me humbjen simbolike dhe ushtarake t\u00eb flot\u00ebs ruse n\u00eb Detin e Zi.<\/p>\n<p>Ai theksoi se 96 p\u00ebr qind e investimeve kineze n\u00eb Ballkan jan\u00eb t\u00eb p\u00ebrqendruara n\u00eb Serbi, nd\u00ebrsa Rusia e p\u00ebrdor Beogradin p\u00ebr t\u00eb bllokuar Kosov\u00ebn dhe p\u00ebr t\u00eb ushqyer narrativ\u00ebn kund\u00ebr NATO-s.<\/p>\n<p>Joseph argumenton se ideja nuk \u00ebsht\u00eb teorike, por e nd\u00ebrtuar mbi realitete aktuale politike.<\/p>\n<p>\u201cSerbia tashm\u00eb \u00ebsht\u00eb n\u00ebn presion p\u00ebr shkak t\u00eb kontrollit rus mbi kompanin\u00eb NIS. Ky presion duhet t\u00eb p\u00ebrshpejtohet. Beogradi po detyrohet t\u00eb shk\u00ebputet nga Moska,\u201d u shpreh ai.<\/p>\n<p>Ai shtoi se Presidenti serb Aleksandar Vu\u00e7i\u00e7 ndodhet n\u00eb nj\u00eb kriz\u00eb t\u00eb brendshme politike dhe se nj\u00eb ofert\u00eb e till\u00eb nga Presidenti Donald Trump, i cili g\u00ebzon popullaritet n\u00eb Serbi, do t\u00eb kishte pesh\u00eb t\u00eb jasht\u00ebzakonshme.<\/p>\n<p>\u201cNj\u00eb rrug\u00eb drejt NATO-s e propozuar nga Trump nuk do t\u00eb mund t\u00eb injorohej nga Vu\u00e7iq,\u201d tha Joseph.<\/p>\n<p>Nj\u00eb element ky\u00e7 i propozimit \u00ebsht\u00eb se Kosov\u00ebs do t\u2019i ofrohej rruga drejt NATO-s, pavar\u00ebsisht q\u00ebndrimit t\u00eb Serbis\u00eb.<\/p>\n<p>\u201cN\u00eb momentin q\u00eb Kosova ka nj\u00eb rrug\u00eb drejt NATO-s, strategjia serbe e bllokimit diplomatik bie. Loja praktikisht mbaron,\u201d theksoi Joseph.<\/p>\n<p>Ai shtoi se an\u00ebtar\u00ebsimi n\u00eb NATO \u00ebsht\u00eb shum\u00eb m\u00eb i r\u00ebnd\u00ebsish\u00ebm p\u00ebr Kosov\u00ebn sesa an\u00ebtar\u00ebsimi n\u00eb OKB, duke e krahasuar situat\u00ebn me p\u00ebrvoj\u00ebn e Ukrain\u00ebs.<\/p>\n<p>N\u00eb lidhje me Ukrain\u00ebn, Joseph propozon p\u00ebrdorimin e modelit t\u00eb Rezolut\u00ebs 1244 t\u00eb OKB-s\u00eb, e cila la q\u00ebllimisht t\u00eb hapur \u00e7\u00ebshtjen e statusit t\u00eb Kosov\u00ebs.<\/p>\n<p>\u201cModeli i Kosov\u00ebs e heq sovranitetin nga tryeza e menj\u00ebhershme dhe krijon hap\u00ebsir\u00eb p\u00ebr negociata reale,\u201d shpjegoi ai.<\/p>\n<p>Sipas tij, kjo do t\u2019i lejonte Presidentit ukrainas Volodymyr Zelensky t\u00eb mos \u201cdor\u00ebzoj\u00eb territor\u201d, por ta vendos\u00eb Donbasin n\u00ebn administrim nd\u00ebrkomb\u00ebtar, me trupa paqeruajt\u00ebse dhe referendum final.<\/p>\n<p>\u201cIronia \u00ebsht\u00eb se vet\u00eb Putini k\u00ebmb\u00ebngul se Kosova dhe Ukraina jan\u00eb absolutisht t\u00eb nj\u00ebjta. Pik\u00ebrisht k\u00ebt\u00eb argument mund ta p\u00ebrdor\u00eb Per\u00ebndimi kund\u00ebr tij,\u201d tha Joseph.<\/p>\n<p>Joseph paralajm\u00ebroi se n\u00ebse Ballkani nuk stabilizohet, Evropa do t\u00eb mbetet e cenueshme ndaj nd\u00ebrhyrjeve autoritare.<\/p>\n<p>\u201cN\u00ebse e hiqni partneritetin strategjik Rusi\u2013Serbi, arkitektura e luft\u00ebs hibride ruse shembet,\u201d theksoi ai.<\/p>\n<p>Ai b\u00ebri thirrje p\u00ebr masa t\u00eb menj\u00ebhershme, p\u00ebrfshir\u00eb sanksione ndaj RT dhe Sputnik, mbylljen e qendrave ruse t\u00eb inteligjenc\u00ebs dhe p\u00ebrshpejtimin e integrimit euroatlantik t\u00eb rajonit<\/p>\n<p>&nbsp;<\/p>\n","protected":false},"excerpt":{"rendered":"<p>Prishtin\u00eb, 21 dhjetor 2025 17:03 Eksperti i njohur amerikan i diplomacis\u00eb dhe menaxhimit t\u00eb konflikteve, Ed\u00ebard P. Joseph, ka paraqitur nj\u00eb propozim q\u00eb po ngjall<\/p>\n","protected":false},"author":7,"featured_media":25014,"comment_status":"open","ping_status":"open","sticky":false,"template":"","format":"standard","meta":{"footnotes":""},"categories":[58],"tags":[],"class_list":["post-25013","post","type-post","status-publish","format-standard","has-post-thumbnail","hentry","category-politike-sq"],"yoast_head":"<!-- This site is optimized with the Yoast SEO plugin v25.3.1 - https:\/\/yoast.com\/wordpress\/plugins\/seo\/ -->\n<title>\u201cSerbia \u00ebsht\u00eb anija kryesore e Rusis\u00eb n\u00eb Ballkan\u201d, Joseph: Kosova n\u00eb NATO, loja mbyllet -<\/title>\n<meta name=\"robots\" content=\"index, follow, max-snippet:-1, max-image-preview:large, max-video-preview:-1\" \/>\n<link rel=\"canonical\" href=\"https:\/\/veritasinfo.org\/?p=25013\" \/>\n<meta property=\"og:locale\" content=\"en_US\" \/>\n<meta property=\"og:type\" content=\"article\" \/>\n<meta property=\"og:title\" content=\"\u201cSerbia \u00ebsht\u00eb anija kryesore e Rusis\u00eb n\u00eb Ballkan\u201d, Joseph: Kosova n\u00eb NATO, loja mbyllet -\" \/>\n<meta property=\"og:description\" content=\"Prishtin\u00eb, 21 dhjetor 2025 17:03 Eksperti i njohur amerikan i diplomacis\u00eb dhe menaxhimit t\u00eb konflikteve, Ed\u00ebard P. Joseph, ka paraqitur nj\u00eb propozim q\u00eb po ngjall\" \/>\n<meta property=\"og:url\" content=\"https:\/\/veritasinfo.org\/?p=25013\" \/>\n<meta property=\"article:published_time\" content=\"2025-12-21T16:03:50+00:00\" \/>\n<meta property=\"og:image\" content=\"https:\/\/veritasinfo.org\/wp-content\/uploads\/2025\/12\/1-33.jpg\" \/>\n\t<meta property=\"og:image:width\" content=\"842\" \/>\n\t<meta property=\"og:image:height\" content=\"474\" \/>\n\t<meta property=\"og:image:type\" content=\"image\/jpeg\" \/>\n<meta name=\"author\" content=\"US6\" \/>\n<meta name=\"twitter:card\" content=\"summary_large_image\" \/>\n<meta name=\"twitter:label1\" content=\"Written by\" \/>\n\t<meta name=\"twitter:data1\" content=\"US6\" \/>\n\t<meta name=\"twitter:label2\" content=\"Est. reading time\" \/>\n\t<meta name=\"twitter:data2\" content=\"3 minutes\" \/>\n<script type=\"application\/ld+json\" class=\"yoast-schema-graph\">{\"@context\":\"https:\/\/schema.org\",\"@graph\":[{\"@type\":\"WebPage\",\"@id\":\"https:\/\/veritasinfo.org\/?p=25013\",\"url\":\"https:\/\/veritasinfo.org\/?p=25013\",\"name\":\"\u201cSerbia \u00ebsht\u00eb anija kryesore e Rusis\u00eb n\u00eb Ballkan\u201d, Joseph: Kosova n\u00eb NATO, loja mbyllet -\",\"isPartOf\":{\"@id\":\"https:\/\/veritasinfo.org\/#website\"},\"primaryImageOfPage\":{\"@id\":\"https:\/\/veritasinfo.org\/?p=25013#primaryimage\"},\"image\":{\"@id\":\"https:\/\/veritasinfo.org\/?p=25013#primaryimage\"},\"thumbnailUrl\":\"https:\/\/veritasinfo.org\/wp-content\/uploads\/2025\/12\/1-33.jpg\",\"datePublished\":\"2025-12-21T16:03:50+00:00\",\"author\":{\"@id\":\"https:\/\/veritasinfo.org\/#\/schema\/person\/fe199eede04c3937362892b7444747cc\"},\"breadcrumb\":{\"@id\":\"https:\/\/veritasinfo.org\/?p=25013#breadcrumb\"},\"inLanguage\":\"en-US\",\"potentialAction\":[{\"@type\":\"ReadAction\",\"target\":[\"https:\/\/veritasinfo.org\/?p=25013\"]}]},{\"@type\":\"ImageObject\",\"inLanguage\":\"en-US\",\"@id\":\"https:\/\/veritasinfo.org\/?p=25013#primaryimage\",\"url\":\"https:\/\/veritasinfo.org\/wp-content\/uploads\/2025\/12\/1-33.jpg\",\"contentUrl\":\"https:\/\/veritasinfo.org\/wp-content\/uploads\/2025\/12\/1-33.jpg\",\"width\":842,\"height\":474},{\"@type\":\"BreadcrumbList\",\"@id\":\"https:\/\/veritasinfo.org\/?p=25013#breadcrumb\",\"itemListElement\":[{\"@type\":\"ListItem\",\"position\":1,\"name\":\"Home\",\"item\":\"https:\/\/veritasinfo.org\/\"},{\"@type\":\"ListItem\",\"position\":2,\"name\":\"\u201cSerbia \u00ebsht\u00eb anija kryesore e Rusis\u00eb n\u00eb Ballkan\u201d, Joseph: Kosova n\u00eb NATO, loja mbyllet\"}]},{\"@type\":\"WebSite\",\"@id\":\"https:\/\/veritasinfo.org\/#website\",\"url\":\"https:\/\/veritasinfo.org\/\",\"name\":\"\",\"description\":\"\",\"potentialAction\":[{\"@type\":\"SearchAction\",\"target\":{\"@type\":\"EntryPoint\",\"urlTemplate\":\"https:\/\/veritasinfo.org\/?s={search_term_string}\"},\"query-input\":{\"@type\":\"PropertyValueSpecification\",\"valueRequired\":true,\"valueName\":\"search_term_string\"}}],\"inLanguage\":\"en-US\"},{\"@type\":\"Person\",\"@id\":\"https:\/\/veritasinfo.org\/#\/schema\/person\/fe199eede04c3937362892b7444747cc\",\"name\":\"US6\",\"image\":{\"@type\":\"ImageObject\",\"inLanguage\":\"en-US\",\"@id\":\"https:\/\/veritasinfo.org\/#\/schema\/person\/image\/\",\"url\":\"https:\/\/secure.gravatar.com\/avatar\/cb16c3c31c9d23b9b8c705964598220b3014e42ff51eb540ff23cefa3ae8c15f?s=96&d=mm&r=g\",\"contentUrl\":\"https:\/\/secure.gravatar.com\/avatar\/cb16c3c31c9d23b9b8c705964598220b3014e42ff51eb540ff23cefa3ae8c15f?s=96&d=mm&r=g\",\"caption\":\"US6\"},\"url\":\"https:\/\/veritasinfo.org\/?author=7\"}]}<\/script>\n<!-- \/ Yoast SEO plugin. -->","yoast_head_json":{"title":"\u201cSerbia \u00ebsht\u00eb anija kryesore e Rusis\u00eb n\u00eb Ballkan\u201d, Joseph: Kosova n\u00eb NATO, loja mbyllet -","robots":{"index":"index","follow":"follow","max-snippet":"max-snippet:-1","max-image-preview":"max-image-preview:large","max-video-preview":"max-video-preview:-1"},"canonical":"https:\/\/veritasinfo.org\/?p=25013","og_locale":"en_US","og_type":"article","og_title":"\u201cSerbia \u00ebsht\u00eb anija kryesore e Rusis\u00eb n\u00eb Ballkan\u201d, Joseph: Kosova n\u00eb NATO, loja mbyllet -","og_description":"Prishtin\u00eb, 21 dhjetor 2025 17:03 Eksperti i njohur amerikan i diplomacis\u00eb dhe menaxhimit t\u00eb konflikteve, Ed\u00ebard P. Joseph, ka paraqitur nj\u00eb propozim q\u00eb po ngjall","og_url":"https:\/\/veritasinfo.org\/?p=25013","article_published_time":"2025-12-21T16:03:50+00:00","og_image":[{"width":842,"height":474,"url":"https:\/\/veritasinfo.org\/wp-content\/uploads\/2025\/12\/1-33.jpg","type":"image\/jpeg"}],"author":"US6","twitter_card":"summary_large_image","twitter_misc":{"Written by":"US6","Est. reading time":"3 minutes"},"schema":{"@context":"https:\/\/schema.org","@graph":[{"@type":"WebPage","@id":"https:\/\/veritasinfo.org\/?p=25013","url":"https:\/\/veritasinfo.org\/?p=25013","name":"\u201cSerbia \u00ebsht\u00eb anija kryesore e Rusis\u00eb n\u00eb Ballkan\u201d, Joseph: Kosova n\u00eb NATO, loja mbyllet -","isPartOf":{"@id":"https:\/\/veritasinfo.org\/#website"},"primaryImageOfPage":{"@id":"https:\/\/veritasinfo.org\/?p=25013#primaryimage"},"image":{"@id":"https:\/\/veritasinfo.org\/?p=25013#primaryimage"},"thumbnailUrl":"https:\/\/veritasinfo.org\/wp-content\/uploads\/2025\/12\/1-33.jpg","datePublished":"2025-12-21T16:03:50+00:00","author":{"@id":"https:\/\/veritasinfo.org\/#\/schema\/person\/fe199eede04c3937362892b7444747cc"},"breadcrumb":{"@id":"https:\/\/veritasinfo.org\/?p=25013#breadcrumb"},"inLanguage":"en-US","potentialAction":[{"@type":"ReadAction","target":["https:\/\/veritasinfo.org\/?p=25013"]}]},{"@type":"ImageObject","inLanguage":"en-US","@id":"https:\/\/veritasinfo.org\/?p=25013#primaryimage","url":"https:\/\/veritasinfo.org\/wp-content\/uploads\/2025\/12\/1-33.jpg","contentUrl":"https:\/\/veritasinfo.org\/wp-content\/uploads\/2025\/12\/1-33.jpg","width":842,"height":474},{"@type":"BreadcrumbList","@id":"https:\/\/veritasinfo.org\/?p=25013#breadcrumb","itemListElement":[{"@type":"ListItem","position":1,"name":"Home","item":"https:\/\/veritasinfo.org\/"},{"@type":"ListItem","position":2,"name":"\u201cSerbia \u00ebsht\u00eb anija kryesore e Rusis\u00eb n\u00eb Ballkan\u201d, Joseph: Kosova n\u00eb NATO, loja mbyllet"}]},{"@type":"WebSite","@id":"https:\/\/veritasinfo.org\/#website","url":"https:\/\/veritasinfo.org\/","name":"","description":"","potentialAction":[{"@type":"SearchAction","target":{"@type":"EntryPoint","urlTemplate":"https:\/\/veritasinfo.org\/?s={search_term_string}"},"query-input":{"@type":"PropertyValueSpecification","valueRequired":true,"valueName":"search_term_string"}}],"inLanguage":"en-US"},{"@type":"Person","@id":"https:\/\/veritasinfo.org\/#\/schema\/person\/fe199eede04c3937362892b7444747cc","name":"US6","image":{"@type":"ImageObject","inLanguage":"en-US","@id":"https:\/\/veritasinfo.org\/#\/schema\/person\/image\/","url":"https:\/\/secure.gravatar.com\/avatar\/cb16c3c31c9d23b9b8c705964598220b3014e42ff51eb540ff23cefa3ae8c15f?s=96&d=mm&r=g","contentUrl":"https:\/\/secure.gravatar.com\/avatar\/cb16c3c31c9d23b9b8c705964598220b3014e42ff51eb540ff23cefa3ae8c15f?s=96&d=mm&r=g","caption":"US6"},"url":"https:\/\/veritasinfo.org\/?author=7"}]}},"featured_image_urls":{"full":["https:\/\/veritasinfo.org\/wp-content\/uploads\/2025\/12\/1-33.jpg",842,474,false],"thumbnail":["https:\/\/veritasinfo.org\/wp-content\/uploads\/2025\/12\/1-33-150x150.jpg",150,150,true],"medium":["https:\/\/veritasinfo.org\/wp-content\/uploads\/2025\/12\/1-33-300x169.jpg",300,169,true],"medium_large":["https:\/\/veritasinfo.org\/wp-content\/uploads\/2025\/12\/1-33-768x432.jpg",640,360,true],"large":["https:\/\/veritasinfo.org\/wp-content\/uploads\/2025\/12\/1-33.jpg",640,360,false],"1536x1536":["https:\/\/veritasinfo.org\/wp-content\/uploads\/2025\/12\/1-33.jpg",842,474,false],"2048x2048":["https:\/\/veritasinfo.org\/wp-content\/uploads\/2025\/12\/1-33.jpg",842,474,false],"kreeti-slider-full":["https:\/\/veritasinfo.org\/wp-content\/uploads\/2025\/12\/1-33.jpg",842,474,false],"kreeti-featured":["https:\/\/veritasinfo.org\/wp-content\/uploads\/2025\/12\/1-33.jpg",842,474,false],"kreeti-medium":["https:\/\/veritasinfo.org\/wp-content\/uploads\/2025\/12\/1-33.jpg",720,405,false],"kreeti-medium-square":["https:\/\/veritasinfo.org\/wp-content\/uploads\/2025\/12\/1-33.jpg",350,197,false]},"author_info":{"info":["US6"]},"category_info":"<a href=\"https:\/\/veritasinfo.org\/?cat=58\" rel=\"category\">Politik\u00eb<\/a>","tag_info":"Politik\u00eb","comment_count":"0","_links":{"self":[{"href":"https:\/\/veritasinfo.org\/index.php?rest_route=\/wp\/v2\/posts\/25013","targetHints":{"allow":["GET"]}}],"collection":[{"href":"https:\/\/veritasinfo.org\/index.php?rest_route=\/wp\/v2\/posts"}],"about":[{"href":"https:\/\/veritasinfo.org\/index.php?rest_route=\/wp\/v2\/types\/post"}],"author":[{"embeddable":true,"href":"https:\/\/veritasinfo.org\/index.php?rest_route=\/wp\/v2\/users\/7"}],"replies":[{"embeddable":true,"href":"https:\/\/veritasinfo.org\/index.php?rest_route=%2Fwp%2Fv2%2Fcomments&post=25013"}],"version-history":[{"count":1,"href":"https:\/\/veritasinfo.org\/index.php?rest_route=\/wp\/v2\/posts\/25013\/revisions"}],"predecessor-version":[{"id":25015,"href":"https:\/\/veritasinfo.org\/index.php?rest_route=\/wp\/v2\/posts\/25013\/revisions\/25015"}],"wp:featuredmedia":[{"embeddable":true,"href":"https:\/\/veritasinfo.org\/index.php?rest_route=\/wp\/v2\/media\/25014"}],"wp:attachment":[{"href":"https:\/\/veritasinfo.org\/index.php?rest_route=%2Fwp%2Fv2%2Fmedia&parent=25013"}],"wp:term":[{"taxonomy":"category","embeddable":true,"href":"https:\/\/veritasinfo.org\/index.php?rest_route=%2Fwp%2Fv2%2Fcategories&post=25013"},{"taxonomy":"post_tag","embeddable":true,"href":"https:\/\/veritasinfo.org\/index.php?rest_route=%2Fwp%2Fv2%2Ftags&post=25013"}],"curies":[{"name":"wp","href":"https:\/\/api.w.org\/{rel}","templated":true}]}}