{"id":24993,"date":"2025-12-21T14:00:16","date_gmt":"2025-12-21T13:00:16","guid":{"rendered":"https:\/\/veritasinfo.org\/?p=24993"},"modified":"2025-12-21T14:15:28","modified_gmt":"2025-12-21T13:15:28","slug":"barikadat-ne-rudar-dhe-caciland-manipulimi-qe-shitet-si-patriotizem","status":"publish","type":"post","link":"https:\/\/veritasinfo.org\/?p=24993","title":{"rendered":"Barikadat n\u00eb \u2018\u2019Rudar\u2019\u2019 dhe \u201c\u00c7aciland\u201d: Manipulimi q\u00eb shitet si patriotiz\u00ebm"},"content":{"rendered":"<p><strong>Prishtin\u00eb, 21 dhjetor 2025 14:00<\/strong><\/p>\n<p>Nga k\u00ebnd\u00ebv\u00ebshtrimi i par\u00eb, barrikadat n\u00eb fshatin Rudar n\u00eb veri t\u00eb Kosov\u00ebs n\u00eb dhjetorin e vitit 2022, dhe e ashtuquajtura \u201c\u00c7aciland\u201c n\u00eb Beograd &#8211; nj\u00eb zon\u00eb kampi i p\u00ebrkrah\u00ebsve t\u00eb Vu\u00e7iqit, duken si ngjarje krejt\u00ebsisht t\u00eb ndryshme. Nj\u00ebra lidhet me nj\u00eb kriz\u00eb sigurie, tjetra me situat\u00ebn e brendshme politike n\u00eb Serbi.<\/p>\n<p>Megjithat\u00eb, thelbi i t\u00eb dyja rasteve \u00ebsht\u00eb thuajse i nj\u00ebjt\u00eb: manipulim i organizuar politik, i maskuar si kryengritje spontane e popullit. Barrikadat n\u00eb Rudar nuk lind\u00ebn nga vullneti i qytetar\u00ebve vendas, por u p\u00ebrdor\u00ebn si nj\u00eb mjet presioni politik, sipas urdhrave dhe interesave t\u00eb atyre q\u00eb nuk q\u00ebndruan or\u00eb t\u00eb t\u00ebra n\u00eb t\u00eb ftoht\u00eb. Qytetar\u00ebt u mobilizuan, u udh\u00ebzuan dhe u lan\u00eb pa asnj\u00eb p\u00ebrgjegj\u00ebsi nga ata q\u00eb i vun\u00eb n\u00eb vij\u00ebn e par\u00eb.<\/p>\n<p>I nj\u00ebjti model shihet edhe n\u00eb Beograd, ku kampi \u201c\u00c7aciland\u201c nuk p\u00ebrfaq\u00ebson nj\u00eb l\u00ebvizje autentike studentore apo qytetare, por nj\u00eb imazh t\u00eb orkestruar t\u00eb rezistenc\u00ebs, t\u00eb kontrolluar me kujdes dhe me interes politik. N\u00eb t\u00eb dy rastet, q\u00ebllimi nuk \u00ebsht\u00eb zgjidhja e problemeve reale, por krijimi i nj\u00eb p\u00ebrshtypjeje force, rreziku dhe mb\u00ebshtetje t\u00eb pretenduar t\u00eb popullit.<\/p>\n<p>Pika e p\u00ebrbashk\u00ebt \u00ebsht\u00eb se pasojat nuk i mbajn\u00eb kurr\u00eb organizator\u00ebt. Pasi largohen kamerat, barrikadat hiqen dhe performancat p\u00ebrfundojn\u00eb, qytetar\u00ebt mbeten me frik\u00eb, presion, rrezik penal dhe nj\u00eb jet\u00eb m\u00eb t\u00eb v\u00ebshtir\u00eb.<\/p>\n<p>Nd\u00ebrkoh\u00eb, urdh\u00ebruesit politik\u00eb vazhdojn\u00eb me kriza t\u00eb reja dhe grumbullime t\u00eb tjera \u201cspontane\u201d. Si n\u00eb Rudar, ashtu edhe n\u00eb Beograd, q\u00ebllimi duket i nj\u00ebjt\u00eb: t\u00eb fshehin problemet reale t\u00eb qytetar\u00ebve, t\u00eb zhvendosin energjin\u00eb drejt nj\u00eb kaosi t\u00eb kontrolluar dhe t\u00eb largojn\u00eb p\u00ebrgjegj\u00ebsin\u00eb nga ata, duke e vendosur tek populli. Dallimi \u00ebsht\u00eb vet\u00ebm n\u00eb skenografi; metoda dhe urdh\u00ebruesit jan\u00eb t\u00eb nj\u00ebjt\u00eb.<\/p>\n<p>Pyetja q\u00eb mbetet \u00ebsht\u00eb se cilat do t\u00eb jen\u00eb pasojat e k\u00ebtyre performancave mbi qytetar\u00ebt e zakonsh\u00ebm q\u00eb nuk pajtohen me veprimet e orkestruara.<\/p>\n<p>P\u00ebr t\u00eb kuptuar m\u00eb mir\u00eb ngjashm\u00ebrit\u00eb dhe dallimet mes dy situatave, portalit Veritasinfo i jan\u00eb drejtuar qytetar\u00eb q\u00eb mor\u00ebn pjes\u00eb n\u00eb ngjarjet n\u00eb Rudar dhe q\u00eb njihnin situat\u00ebn n\u00eb Beograd. Bojan Kostiq nga Zve\u00e7ani tha p\u00ebr portalin Veritasinfo se nuk sheh ndonj\u00eb ndryshim t\u00eb situat\u00ebs. \u201dUn\u00eb nuk shoh asnj\u00eb ndryshim. P\u00ebr mua \u00ebsht\u00eb absolutisht e nj\u00ebjt\u00eb\u201d, shprehet Kostiq, nd\u00ebrsa i pyetur n\u00ebse beson se \u201c\u00c7aciland\u201c do t\u00eb hiqet, ai shton: \u201dBesoj se po\u201d.<\/p>\n<p>Nga ana tjet\u00ebr, Milosh Jovanoviq nga Mitrovica e Veriut theksoi dallime t\u00eb caktuar. I pyetur a sheh ndonj\u00eb ngjashm\u00ebri mes barrikad\u00ebs n\u00eb Rudar dhe \u00a0\u00c7acilendit n\u00eb Beograd, ai thot\u00eb se ngjashm\u00ebria \u00ebsht\u00eb e madhe, por, megjithat\u00eb ekziston edhe nj\u00eb dallim.<\/p>\n<p>\u201cNgjashm\u00ebria \u00ebsht\u00eb e madhe, por ekziston edhe nj\u00eb dallim.<\/p>\n<p>Ngjashm\u00ebria q\u00ebndron n\u00eb faktin se njer\u00ebzit q\u00eb jan\u00eb n\u00eb \u00c7acilend dhe ata q\u00eb ishin n\u00eb Rudare jan\u00eb, n\u00eb thelb, pak a shum\u00eb t\u00eb nj\u00ebjt\u00ebt njer\u00ebz q\u00eb deri dje ishin n\u00eb Kosov\u00eb, dhe m\u00eb pas, pas t\u00eb gjitha k\u00ebtyre zhvillimeve, kan\u00eb shkuar n\u00eb Beograd. I nj\u00ebjti parim ka qen\u00eb n\u00eb Rudare dhe \u00ebsht\u00eb i nj\u00ebjti edhe tani n\u00eb Beograd. N\u00eb \u00c7acilend dhe n\u00eb Beograd, njer\u00ebzit paguhen, paguhen me dit\u00eb pune, nd\u00ebrsa ata q\u00eb ishin n\u00eb \u00c7acilendin e Rudareve, n\u00eb ato tenda, kur bojkotonin kund\u00ebr masave dhe situatave t\u00eb ndryshme, nuk paguheshin. Ata ose silleshin me dhun\u00eb p\u00ebr t\u00eb qen\u00eb aty, duke q\u00ebndruar gjith\u00eb nat\u00ebn, jo vet\u00ebm burrat, por edhe grat\u00eb.\u00a0Ekzistonte edhe nj\u00eb doz\u00eb patriotizmi te ai popull, dhe kjo ishte nj\u00eb nga nxit\u00ebsit kryesor\u00eb. Parimi ishte i nj\u00ebjt\u00eb: t\u00eb gjith\u00eb ata njer\u00ebz, n\u00eb nj\u00eb m\u00ebnyr\u00eb ose tjet\u00ebr, ishin t\u00eb detyruar t\u00eb jen\u00eb n\u00eb ato tenda, p\u00ebr t\u00eb p\u00ebrmbushur norm\u00ebn q\u00eb u \u00ebsht\u00eb caktuar nga njer\u00ebz mbi ta\u201d.<\/p>\n<p>Nd\u00ebrkaq lidhur me n\u00ebse ka pasur individ\u00eb p\u00ebr arsye personale, Jovanoviq, shprehet:<\/p>\n<p>\u201cPo, kishte individ\u00eb q\u00eb ishin aty vet\u00ebm p\u00ebr fotografi ose intervista. M\u00eb pas shkonin n\u00eb sht\u00ebpit\u00eb e tyre, ose shkonin n\u00ebp\u00ebr Rashk\u00eb, ose n\u00eb Beograd, ku duhej t\u00eb fotografoheshin duke u shtirur si patriot\u00eb dhe luft\u00ebtar\u00eb t\u00eb m\u00ebdhenj p\u00ebr popullin.<\/p>\n<p>T\u00eb gjith\u00eb e dini p\u00ebr ato barrikada q\u00eb jan\u00eb vendosur dhe p\u00ebr ndikimin q\u00eb ato kan\u00eb pasur te komuniteti lokal\u201d.<\/p>\n<p>Pas t\u00eb gjitha k\u00ebtyre ngjarjeve n\u00eb veri, kan\u00eb mbetur vet\u00ebm pak prej tyre q\u00eb e detyronin popullin, por ata nuk luftojn\u00eb p\u00ebr popullin, por p\u00ebr politik\u00ebn dhe interesat e tyre\u201d, shprehet Jovanoviq p\u00ebr portalin Veritasinfo.<\/p>\n<p>Analiza e k\u00ebtyre ngjarjeve tregon se barrikadat n\u00eb Rudar dhe performanca e \u201c\u00c7aciland\u201c jan\u00eb m\u00eb shum\u00eb se protesta: ato jan\u00eb instrumente politike, ku qytetar\u00ebt p\u00ebrdoren si mjete p\u00ebr t\u00eb arritur q\u00ebllime t\u00eb fshehta, nd\u00ebrsa ata q\u00eb orkestrojn\u00eb ngjarjet q\u00ebndrojn\u00eb jasht\u00eb rrezikut dhe p\u00ebrgjegj\u00ebsis\u00eb.<\/p>\n<div style=\"width: 640px;\" class=\"wp-video\"><video class=\"wp-video-shortcode\" id=\"video-24993-1\" width=\"640\" height=\"360\" preload=\"metadata\" controls=\"controls\"><source type=\"video\/mp4\" src=\"https:\/\/veritasinfo.org\/wp-content\/uploads\/2025\/12\/WhatsApp-Audio-2025-12-21-at-13.28.53.mp4?_=1\" \/><a href=\"https:\/\/veritasinfo.org\/wp-content\/uploads\/2025\/12\/WhatsApp-Audio-2025-12-21-at-13.28.53.mp4\">https:\/\/veritasinfo.org\/wp-content\/uploads\/2025\/12\/WhatsApp-Audio-2025-12-21-at-13.28.53.mp4<\/a><\/video><\/div>\n<p><span style=\"font-size: 12px;\"><em>Audio &#8211; intervista me Milosh Jovanoviq nga Mitrovica e Veriut<\/em><\/span><\/p>\n","protected":false},"excerpt":{"rendered":"<p>Prishtin\u00eb, 21 dhjetor 2025 14:00 Nga k\u00ebnd\u00ebv\u00ebshtrimi i par\u00eb, barrikadat n\u00eb fshatin Rudar n\u00eb veri t\u00eb Kosov\u00ebs n\u00eb dhjetorin e vitit 2022, dhe e ashtuquajtura<\/p>\n","protected":false},"author":7,"featured_media":24994,"comment_status":"open","ping_status":"open","sticky":false,"template":"","format":"standard","meta":{"footnotes":""},"categories":[58],"tags":[],"class_list":["post-24993","post","type-post","status-publish","format-standard","has-post-thumbnail","hentry","category-politike-sq"],"yoast_head":"<!-- This site is optimized with the Yoast SEO plugin v25.3.1 - https:\/\/yoast.com\/wordpress\/plugins\/seo\/ -->\n<title>Barikadat n\u00eb \u2018\u2019Rudar\u2019\u2019 dhe \u201c\u00c7aciland\u201d: Manipulimi q\u00eb shitet si patriotiz\u00ebm -<\/title>\n<meta name=\"robots\" content=\"index, follow, max-snippet:-1, max-image-preview:large, max-video-preview:-1\" \/>\n<link rel=\"canonical\" href=\"https:\/\/veritasinfo.org\/?p=24993\" \/>\n<meta property=\"og:locale\" content=\"en_US\" \/>\n<meta property=\"og:type\" content=\"article\" \/>\n<meta property=\"og:title\" content=\"Barikadat n\u00eb \u2018\u2019Rudar\u2019\u2019 dhe \u201c\u00c7aciland\u201d: Manipulimi q\u00eb shitet si patriotiz\u00ebm -\" \/>\n<meta property=\"og:description\" content=\"Prishtin\u00eb, 21 dhjetor 2025 14:00 Nga k\u00ebnd\u00ebv\u00ebshtrimi i par\u00eb, barrikadat n\u00eb fshatin Rudar n\u00eb veri t\u00eb Kosov\u00ebs n\u00eb dhjetorin e vitit 2022, dhe e ashtuquajtura\" \/>\n<meta property=\"og:url\" content=\"https:\/\/veritasinfo.org\/?p=24993\" \/>\n<meta property=\"article:published_time\" content=\"2025-12-21T13:00:16+00:00\" \/>\n<meta property=\"article:modified_time\" content=\"2025-12-21T13:15:28+00:00\" \/>\n<meta property=\"og:image\" content=\"https:\/\/veritasinfo.org\/wp-content\/uploads\/2025\/12\/Caciland11.jpg\" \/>\n\t<meta property=\"og:image:width\" content=\"2030\" \/>\n\t<meta property=\"og:image:height\" content=\"653\" \/>\n\t<meta property=\"og:image:type\" content=\"image\/jpeg\" \/>\n<meta name=\"author\" content=\"US6\" \/>\n<meta name=\"twitter:card\" content=\"summary_large_image\" \/>\n<meta name=\"twitter:label1\" content=\"Written by\" \/>\n\t<meta name=\"twitter:data1\" content=\"US6\" \/>\n\t<meta name=\"twitter:label2\" content=\"Est. reading time\" \/>\n\t<meta name=\"twitter:data2\" content=\"4 minutes\" \/>\n<script type=\"application\/ld+json\" class=\"yoast-schema-graph\">{\"@context\":\"https:\/\/schema.org\",\"@graph\":[{\"@type\":\"WebPage\",\"@id\":\"https:\/\/veritasinfo.org\/?p=24993\",\"url\":\"https:\/\/veritasinfo.org\/?p=24993\",\"name\":\"Barikadat n\u00eb \u2018\u2019Rudar\u2019\u2019 dhe \u201c\u00c7aciland\u201d: Manipulimi q\u00eb shitet si patriotiz\u00ebm -\",\"isPartOf\":{\"@id\":\"https:\/\/veritasinfo.org\/#website\"},\"primaryImageOfPage\":{\"@id\":\"https:\/\/veritasinfo.org\/?p=24993#primaryimage\"},\"image\":{\"@id\":\"https:\/\/veritasinfo.org\/?p=24993#primaryimage\"},\"thumbnailUrl\":\"https:\/\/veritasinfo.org\/wp-content\/uploads\/2025\/12\/Caciland11.jpg\",\"datePublished\":\"2025-12-21T13:00:16+00:00\",\"dateModified\":\"2025-12-21T13:15:28+00:00\",\"author\":{\"@id\":\"https:\/\/veritasinfo.org\/#\/schema\/person\/fe199eede04c3937362892b7444747cc\"},\"breadcrumb\":{\"@id\":\"https:\/\/veritasinfo.org\/?p=24993#breadcrumb\"},\"inLanguage\":\"en-US\",\"potentialAction\":[{\"@type\":\"ReadAction\",\"target\":[\"https:\/\/veritasinfo.org\/?p=24993\"]}]},{\"@type\":\"ImageObject\",\"inLanguage\":\"en-US\",\"@id\":\"https:\/\/veritasinfo.org\/?p=24993#primaryimage\",\"url\":\"https:\/\/veritasinfo.org\/wp-content\/uploads\/2025\/12\/Caciland11.jpg\",\"contentUrl\":\"https:\/\/veritasinfo.org\/wp-content\/uploads\/2025\/12\/Caciland11.jpg\",\"width\":2030,\"height\":653},{\"@type\":\"BreadcrumbList\",\"@id\":\"https:\/\/veritasinfo.org\/?p=24993#breadcrumb\",\"itemListElement\":[{\"@type\":\"ListItem\",\"position\":1,\"name\":\"Home\",\"item\":\"https:\/\/veritasinfo.org\/\"},{\"@type\":\"ListItem\",\"position\":2,\"name\":\"Barikadat n\u00eb \u2018\u2019Rudar\u2019\u2019 dhe \u201c\u00c7aciland\u201d: Manipulimi q\u00eb shitet si patriotiz\u00ebm\"}]},{\"@type\":\"WebSite\",\"@id\":\"https:\/\/veritasinfo.org\/#website\",\"url\":\"https:\/\/veritasinfo.org\/\",\"name\":\"\",\"description\":\"\",\"potentialAction\":[{\"@type\":\"SearchAction\",\"target\":{\"@type\":\"EntryPoint\",\"urlTemplate\":\"https:\/\/veritasinfo.org\/?s={search_term_string}\"},\"query-input\":{\"@type\":\"PropertyValueSpecification\",\"valueRequired\":true,\"valueName\":\"search_term_string\"}}],\"inLanguage\":\"en-US\"},{\"@type\":\"Person\",\"@id\":\"https:\/\/veritasinfo.org\/#\/schema\/person\/fe199eede04c3937362892b7444747cc\",\"name\":\"US6\",\"image\":{\"@type\":\"ImageObject\",\"inLanguage\":\"en-US\",\"@id\":\"https:\/\/veritasinfo.org\/#\/schema\/person\/image\/\",\"url\":\"https:\/\/secure.gravatar.com\/avatar\/cb16c3c31c9d23b9b8c705964598220b3014e42ff51eb540ff23cefa3ae8c15f?s=96&d=mm&r=g\",\"contentUrl\":\"https:\/\/secure.gravatar.com\/avatar\/cb16c3c31c9d23b9b8c705964598220b3014e42ff51eb540ff23cefa3ae8c15f?s=96&d=mm&r=g\",\"caption\":\"US6\"},\"url\":\"https:\/\/veritasinfo.org\/?author=7\"}]}<\/script>\n<!-- \/ Yoast SEO plugin. -->","yoast_head_json":{"title":"Barikadat n\u00eb \u2018\u2019Rudar\u2019\u2019 dhe \u201c\u00c7aciland\u201d: Manipulimi q\u00eb shitet si patriotiz\u00ebm -","robots":{"index":"index","follow":"follow","max-snippet":"max-snippet:-1","max-image-preview":"max-image-preview:large","max-video-preview":"max-video-preview:-1"},"canonical":"https:\/\/veritasinfo.org\/?p=24993","og_locale":"en_US","og_type":"article","og_title":"Barikadat n\u00eb \u2018\u2019Rudar\u2019\u2019 dhe \u201c\u00c7aciland\u201d: Manipulimi q\u00eb shitet si patriotiz\u00ebm -","og_description":"Prishtin\u00eb, 21 dhjetor 2025 14:00 Nga k\u00ebnd\u00ebv\u00ebshtrimi i par\u00eb, barrikadat n\u00eb fshatin Rudar n\u00eb veri t\u00eb Kosov\u00ebs n\u00eb dhjetorin e vitit 2022, dhe e ashtuquajtura","og_url":"https:\/\/veritasinfo.org\/?p=24993","article_published_time":"2025-12-21T13:00:16+00:00","article_modified_time":"2025-12-21T13:15:28+00:00","og_image":[{"width":2030,"height":653,"url":"https:\/\/veritasinfo.org\/wp-content\/uploads\/2025\/12\/Caciland11.jpg","type":"image\/jpeg"}],"author":"US6","twitter_card":"summary_large_image","twitter_misc":{"Written by":"US6","Est. reading time":"4 minutes"},"schema":{"@context":"https:\/\/schema.org","@graph":[{"@type":"WebPage","@id":"https:\/\/veritasinfo.org\/?p=24993","url":"https:\/\/veritasinfo.org\/?p=24993","name":"Barikadat n\u00eb \u2018\u2019Rudar\u2019\u2019 dhe \u201c\u00c7aciland\u201d: Manipulimi q\u00eb shitet si patriotiz\u00ebm -","isPartOf":{"@id":"https:\/\/veritasinfo.org\/#website"},"primaryImageOfPage":{"@id":"https:\/\/veritasinfo.org\/?p=24993#primaryimage"},"image":{"@id":"https:\/\/veritasinfo.org\/?p=24993#primaryimage"},"thumbnailUrl":"https:\/\/veritasinfo.org\/wp-content\/uploads\/2025\/12\/Caciland11.jpg","datePublished":"2025-12-21T13:00:16+00:00","dateModified":"2025-12-21T13:15:28+00:00","author":{"@id":"https:\/\/veritasinfo.org\/#\/schema\/person\/fe199eede04c3937362892b7444747cc"},"breadcrumb":{"@id":"https:\/\/veritasinfo.org\/?p=24993#breadcrumb"},"inLanguage":"en-US","potentialAction":[{"@type":"ReadAction","target":["https:\/\/veritasinfo.org\/?p=24993"]}]},{"@type":"ImageObject","inLanguage":"en-US","@id":"https:\/\/veritasinfo.org\/?p=24993#primaryimage","url":"https:\/\/veritasinfo.org\/wp-content\/uploads\/2025\/12\/Caciland11.jpg","contentUrl":"https:\/\/veritasinfo.org\/wp-content\/uploads\/2025\/12\/Caciland11.jpg","width":2030,"height":653},{"@type":"BreadcrumbList","@id":"https:\/\/veritasinfo.org\/?p=24993#breadcrumb","itemListElement":[{"@type":"ListItem","position":1,"name":"Home","item":"https:\/\/veritasinfo.org\/"},{"@type":"ListItem","position":2,"name":"Barikadat n\u00eb \u2018\u2019Rudar\u2019\u2019 dhe \u201c\u00c7aciland\u201d: Manipulimi q\u00eb shitet si patriotiz\u00ebm"}]},{"@type":"WebSite","@id":"https:\/\/veritasinfo.org\/#website","url":"https:\/\/veritasinfo.org\/","name":"","description":"","potentialAction":[{"@type":"SearchAction","target":{"@type":"EntryPoint","urlTemplate":"https:\/\/veritasinfo.org\/?s={search_term_string}"},"query-input":{"@type":"PropertyValueSpecification","valueRequired":true,"valueName":"search_term_string"}}],"inLanguage":"en-US"},{"@type":"Person","@id":"https:\/\/veritasinfo.org\/#\/schema\/person\/fe199eede04c3937362892b7444747cc","name":"US6","image":{"@type":"ImageObject","inLanguage":"en-US","@id":"https:\/\/veritasinfo.org\/#\/schema\/person\/image\/","url":"https:\/\/secure.gravatar.com\/avatar\/cb16c3c31c9d23b9b8c705964598220b3014e42ff51eb540ff23cefa3ae8c15f?s=96&d=mm&r=g","contentUrl":"https:\/\/secure.gravatar.com\/avatar\/cb16c3c31c9d23b9b8c705964598220b3014e42ff51eb540ff23cefa3ae8c15f?s=96&d=mm&r=g","caption":"US6"},"url":"https:\/\/veritasinfo.org\/?author=7"}]}},"featured_image_urls":{"full":["https:\/\/veritasinfo.org\/wp-content\/uploads\/2025\/12\/Caciland11.jpg",2030,653,false],"thumbnail":["https:\/\/veritasinfo.org\/wp-content\/uploads\/2025\/12\/Caciland11-150x150.jpg",150,150,true],"medium":["https:\/\/veritasinfo.org\/wp-content\/uploads\/2025\/12\/Caciland11-300x97.jpg",300,97,true],"medium_large":["https:\/\/veritasinfo.org\/wp-content\/uploads\/2025\/12\/Caciland11-768x247.jpg",640,206,true],"large":["https:\/\/veritasinfo.org\/wp-content\/uploads\/2025\/12\/Caciland11-1024x329.jpg",640,206,true],"1536x1536":["https:\/\/veritasinfo.org\/wp-content\/uploads\/2025\/12\/Caciland11-1536x494.jpg",1536,494,true],"2048x2048":["https:\/\/veritasinfo.org\/wp-content\/uploads\/2025\/12\/Caciland11.jpg",2030,653,false],"kreeti-slider-full":["https:\/\/veritasinfo.org\/wp-content\/uploads\/2025\/12\/Caciland11.jpg",1280,412,false],"kreeti-featured":["https:\/\/veritasinfo.org\/wp-content\/uploads\/2025\/12\/Caciland11.jpg",1024,329,false],"kreeti-medium":["https:\/\/veritasinfo.org\/wp-content\/uploads\/2025\/12\/Caciland11.jpg",720,232,false],"kreeti-medium-square":["https:\/\/veritasinfo.org\/wp-content\/uploads\/2025\/12\/Caciland11.jpg",350,113,false]},"author_info":{"info":["US6"]},"category_info":"<a href=\"https:\/\/veritasinfo.org\/?cat=58\" rel=\"category\">Politik\u00eb<\/a>","tag_info":"Politik\u00eb","comment_count":"0","_links":{"self":[{"href":"https:\/\/veritasinfo.org\/index.php?rest_route=\/wp\/v2\/posts\/24993","targetHints":{"allow":["GET"]}}],"collection":[{"href":"https:\/\/veritasinfo.org\/index.php?rest_route=\/wp\/v2\/posts"}],"about":[{"href":"https:\/\/veritasinfo.org\/index.php?rest_route=\/wp\/v2\/types\/post"}],"author":[{"embeddable":true,"href":"https:\/\/veritasinfo.org\/index.php?rest_route=\/wp\/v2\/users\/7"}],"replies":[{"embeddable":true,"href":"https:\/\/veritasinfo.org\/index.php?rest_route=%2Fwp%2Fv2%2Fcomments&post=24993"}],"version-history":[{"count":3,"href":"https:\/\/veritasinfo.org\/index.php?rest_route=\/wp\/v2\/posts\/24993\/revisions"}],"predecessor-version":[{"id":25002,"href":"https:\/\/veritasinfo.org\/index.php?rest_route=\/wp\/v2\/posts\/24993\/revisions\/25002"}],"wp:featuredmedia":[{"embeddable":true,"href":"https:\/\/veritasinfo.org\/index.php?rest_route=\/wp\/v2\/media\/24994"}],"wp:attachment":[{"href":"https:\/\/veritasinfo.org\/index.php?rest_route=%2Fwp%2Fv2%2Fmedia&parent=24993"}],"wp:term":[{"taxonomy":"category","embeddable":true,"href":"https:\/\/veritasinfo.org\/index.php?rest_route=%2Fwp%2Fv2%2Fcategories&post=24993"},{"taxonomy":"post_tag","embeddable":true,"href":"https:\/\/veritasinfo.org\/index.php?rest_route=%2Fwp%2Fv2%2Ftags&post=24993"}],"curies":[{"name":"wp","href":"https:\/\/api.w.org\/{rel}","templated":true}]}}