{"id":24983,"date":"2025-12-21T10:47:40","date_gmt":"2025-12-21T09:47:40","guid":{"rendered":"https:\/\/veritasinfo.org\/?p=24983"},"modified":"2025-12-21T10:47:40","modified_gmt":"2025-12-21T09:47:40","slug":"policija-iznela-detalje-o-hapsenju-bivseg-pripadnika-mup-a-osumnjicenog-za-kidnapovanje-vukasinovica","status":"publish","type":"post","link":"https:\/\/veritasinfo.org\/?p=24983&lang=sr","title":{"rendered":"Policija iznela detalje o hap\u0161enju biv\u0161eg pripadnika MUP-a, osumnji\u010denog za kidnapovanje Vuka\u0161inovi\u0107a"},"content":{"rendered":"<p><strong>Pri\u0161tina, 21. decembar 2025. 10:46<\/strong><\/p>\n<p>Kosovska policija iznela je detalje o hap\u0161enju biv\u0161eg pripadnika MUP-a, koji se sumnji\u010di za kidnapovanje Milana Vuka\u0161inovi\u0107a.<\/p>\n<p>U 24-\u010dasovnom policijskom izve\u0161taju navodi se da je u Leposavi\u0107u uhap\u0161ena jedna osoba pod sumnjom da je pomagala u izvr\u0161enju krivi\u010dnih dela \u201ete\u0161ko ubistvo u poku\u0161aju i otmica\u201c, koja su se dogodila 1. novembra.<br \/>\n\u201eDana 20. decembra, po nalogu suda, izvr\u0161en je pretres ku\u0107e i prate\u0107ih objekata osumnji\u010denog. Osumnji\u010deni se tereti za ume\u0161anost u pru\u017eanje pomo\u0107i u izvr\u0161enju krivi\u010dnog dela koje se dogodilo 01.11.2025. godine, a \u010dija je \u017ertva bio mu\u0161karac. Tokom pretresa, Policija je zaplenila materijalne dokaze koji mogu biti povezani sa slu\u010dajem, uklju\u010duju\u0107i 9 mobilnih telefona, 1 laptop, 3 dokumenta formata A4, 1 lova\u010dku pu\u0161ku sa 39 metaka, 1 prsluk za municiju lova\u010dke pu\u0161ke i 1 cev oru\u017eja\u201c, navodi se u saop\u0161tenju.<\/p>\n<p>O ovom slu\u010daju je u subotu obavestio i vr\u0161ilac du\u017enosti ministra unutra\u0161njih poslova, D\u017eeljalj Sve\u0107la.<\/p>\n","protected":false},"excerpt":{"rendered":"<p>Pri\u0161tina, 21. decembar 2025. 10:46 Kosovska policija iznela je detalje o hap\u0161enju biv\u0161eg pripadnika MUP-a, koji se sumnji\u010di za kidnapovanje Milana Vuka\u0161inovi\u0107a. U 24-\u010dasovnom policijskom<\/p>\n","protected":false},"author":7,"featured_media":24981,"comment_status":"open","ping_status":"open","sticky":false,"template":"","format":"standard","meta":{"footnotes":""},"categories":[103],"tags":[],"class_list":["post-24983","post","type-post","status-publish","format-standard","has-post-thumbnail","hentry","category-hronika"],"yoast_head":"<!-- This site is optimized with the Yoast SEO plugin v25.3.1 - https:\/\/yoast.com\/wordpress\/plugins\/seo\/ -->\n<title>Policija iznela detalje o hap\u0161enju biv\u0161eg pripadnika MUP-a, osumnji\u010denog za kidnapovanje Vuka\u0161inovi\u0107a -<\/title>\n<meta name=\"robots\" content=\"index, follow, max-snippet:-1, max-image-preview:large, max-video-preview:-1\" \/>\n<link rel=\"canonical\" href=\"https:\/\/veritasinfo.org\/?p=24983&lang=sr\" \/>\n<meta property=\"og:locale\" content=\"en_US\" \/>\n<meta property=\"og:type\" content=\"article\" \/>\n<meta property=\"og:title\" content=\"Policija iznela detalje o hap\u0161enju biv\u0161eg pripadnika MUP-a, osumnji\u010denog za kidnapovanje Vuka\u0161inovi\u0107a -\" \/>\n<meta property=\"og:description\" content=\"Pri\u0161tina, 21. decembar 2025. 10:46 Kosovska policija iznela je detalje o hap\u0161enju biv\u0161eg pripadnika MUP-a, koji se sumnji\u010di za kidnapovanje Milana Vuka\u0161inovi\u0107a. U 24-\u010dasovnom policijskom\" \/>\n<meta property=\"og:url\" content=\"https:\/\/veritasinfo.org\/?p=24983&amp;lang=sr\" \/>\n<meta property=\"article:published_time\" content=\"2025-12-21T09:47:40+00:00\" \/>\n<meta property=\"og:image\" content=\"https:\/\/veritasinfo.org\/wp-content\/uploads\/2025\/12\/56d2fffa-9efd-4ccf-9149-172dea82ce7e.webp\" \/>\n\t<meta property=\"og:image:width\" content=\"1028\" \/>\n\t<meta property=\"og:image:height\" content=\"744\" \/>\n\t<meta property=\"og:image:type\" content=\"image\/webp\" \/>\n<meta name=\"author\" content=\"US6\" \/>\n<meta name=\"twitter:card\" content=\"summary_large_image\" \/>\n<meta name=\"twitter:label1\" content=\"Written by\" \/>\n\t<meta name=\"twitter:data1\" content=\"US6\" \/>\n\t<meta name=\"twitter:label2\" content=\"Est. reading time\" \/>\n\t<meta name=\"twitter:data2\" content=\"1 minute\" \/>\n<script type=\"application\/ld+json\" class=\"yoast-schema-graph\">{\"@context\":\"https:\/\/schema.org\",\"@graph\":[{\"@type\":\"WebPage\",\"@id\":\"https:\/\/veritasinfo.org\/?p=24983&lang=sr\",\"url\":\"https:\/\/veritasinfo.org\/?p=24983&lang=sr\",\"name\":\"Policija iznela detalje o hap\u0161enju biv\u0161eg pripadnika MUP-a, osumnji\u010denog za kidnapovanje Vuka\u0161inovi\u0107a -\",\"isPartOf\":{\"@id\":\"https:\/\/veritasinfo.org\/#website\"},\"primaryImageOfPage\":{\"@id\":\"https:\/\/veritasinfo.org\/?p=24983&lang=sr#primaryimage\"},\"image\":{\"@id\":\"https:\/\/veritasinfo.org\/?p=24983&lang=sr#primaryimage\"},\"thumbnailUrl\":\"https:\/\/veritasinfo.org\/wp-content\/uploads\/2025\/12\/56d2fffa-9efd-4ccf-9149-172dea82ce7e.webp\",\"datePublished\":\"2025-12-21T09:47:40+00:00\",\"author\":{\"@id\":\"https:\/\/veritasinfo.org\/#\/schema\/person\/fe199eede04c3937362892b7444747cc\"},\"breadcrumb\":{\"@id\":\"https:\/\/veritasinfo.org\/?p=24983&lang=sr#breadcrumb\"},\"inLanguage\":\"en-US\",\"potentialAction\":[{\"@type\":\"ReadAction\",\"target\":[\"https:\/\/veritasinfo.org\/?p=24983&lang=sr\"]}]},{\"@type\":\"ImageObject\",\"inLanguage\":\"en-US\",\"@id\":\"https:\/\/veritasinfo.org\/?p=24983&lang=sr#primaryimage\",\"url\":\"https:\/\/veritasinfo.org\/wp-content\/uploads\/2025\/12\/56d2fffa-9efd-4ccf-9149-172dea82ce7e.webp\",\"contentUrl\":\"https:\/\/veritasinfo.org\/wp-content\/uploads\/2025\/12\/56d2fffa-9efd-4ccf-9149-172dea82ce7e.webp\",\"width\":1028,\"height\":744},{\"@type\":\"BreadcrumbList\",\"@id\":\"https:\/\/veritasinfo.org\/?p=24983&lang=sr#breadcrumb\",\"itemListElement\":[{\"@type\":\"ListItem\",\"position\":1,\"name\":\"Home\",\"item\":\"https:\/\/veritasinfo.org\/\"},{\"@type\":\"ListItem\",\"position\":2,\"name\":\"Policija iznela detalje o hap\u0161enju biv\u0161eg pripadnika MUP-a, osumnji\u010denog za kidnapovanje Vuka\u0161inovi\u0107a\"}]},{\"@type\":\"WebSite\",\"@id\":\"https:\/\/veritasinfo.org\/#website\",\"url\":\"https:\/\/veritasinfo.org\/\",\"name\":\"\",\"description\":\"\",\"potentialAction\":[{\"@type\":\"SearchAction\",\"target\":{\"@type\":\"EntryPoint\",\"urlTemplate\":\"https:\/\/veritasinfo.org\/?s={search_term_string}\"},\"query-input\":{\"@type\":\"PropertyValueSpecification\",\"valueRequired\":true,\"valueName\":\"search_term_string\"}}],\"inLanguage\":\"en-US\"},{\"@type\":\"Person\",\"@id\":\"https:\/\/veritasinfo.org\/#\/schema\/person\/fe199eede04c3937362892b7444747cc\",\"name\":\"US6\",\"image\":{\"@type\":\"ImageObject\",\"inLanguage\":\"en-US\",\"@id\":\"https:\/\/veritasinfo.org\/#\/schema\/person\/image\/\",\"url\":\"https:\/\/secure.gravatar.com\/avatar\/cb16c3c31c9d23b9b8c705964598220b3014e42ff51eb540ff23cefa3ae8c15f?s=96&d=mm&r=g\",\"contentUrl\":\"https:\/\/secure.gravatar.com\/avatar\/cb16c3c31c9d23b9b8c705964598220b3014e42ff51eb540ff23cefa3ae8c15f?s=96&d=mm&r=g\",\"caption\":\"US6\"},\"url\":\"https:\/\/veritasinfo.org\/?author=7\"}]}<\/script>\n<!-- \/ Yoast SEO plugin. -->","yoast_head_json":{"title":"Policija iznela detalje o hap\u0161enju biv\u0161eg pripadnika MUP-a, osumnji\u010denog za kidnapovanje Vuka\u0161inovi\u0107a -","robots":{"index":"index","follow":"follow","max-snippet":"max-snippet:-1","max-image-preview":"max-image-preview:large","max-video-preview":"max-video-preview:-1"},"canonical":"https:\/\/veritasinfo.org\/?p=24983&lang=sr","og_locale":"en_US","og_type":"article","og_title":"Policija iznela detalje o hap\u0161enju biv\u0161eg pripadnika MUP-a, osumnji\u010denog za kidnapovanje Vuka\u0161inovi\u0107a -","og_description":"Pri\u0161tina, 21. decembar 2025. 10:46 Kosovska policija iznela je detalje o hap\u0161enju biv\u0161eg pripadnika MUP-a, koji se sumnji\u010di za kidnapovanje Milana Vuka\u0161inovi\u0107a. U 24-\u010dasovnom policijskom","og_url":"https:\/\/veritasinfo.org\/?p=24983&lang=sr","article_published_time":"2025-12-21T09:47:40+00:00","og_image":[{"width":1028,"height":744,"url":"https:\/\/veritasinfo.org\/wp-content\/uploads\/2025\/12\/56d2fffa-9efd-4ccf-9149-172dea82ce7e.webp","type":"image\/webp"}],"author":"US6","twitter_card":"summary_large_image","twitter_misc":{"Written by":"US6","Est. reading time":"1 minute"},"schema":{"@context":"https:\/\/schema.org","@graph":[{"@type":"WebPage","@id":"https:\/\/veritasinfo.org\/?p=24983&lang=sr","url":"https:\/\/veritasinfo.org\/?p=24983&lang=sr","name":"Policija iznela detalje o hap\u0161enju biv\u0161eg pripadnika MUP-a, osumnji\u010denog za kidnapovanje Vuka\u0161inovi\u0107a -","isPartOf":{"@id":"https:\/\/veritasinfo.org\/#website"},"primaryImageOfPage":{"@id":"https:\/\/veritasinfo.org\/?p=24983&lang=sr#primaryimage"},"image":{"@id":"https:\/\/veritasinfo.org\/?p=24983&lang=sr#primaryimage"},"thumbnailUrl":"https:\/\/veritasinfo.org\/wp-content\/uploads\/2025\/12\/56d2fffa-9efd-4ccf-9149-172dea82ce7e.webp","datePublished":"2025-12-21T09:47:40+00:00","author":{"@id":"https:\/\/veritasinfo.org\/#\/schema\/person\/fe199eede04c3937362892b7444747cc"},"breadcrumb":{"@id":"https:\/\/veritasinfo.org\/?p=24983&lang=sr#breadcrumb"},"inLanguage":"en-US","potentialAction":[{"@type":"ReadAction","target":["https:\/\/veritasinfo.org\/?p=24983&lang=sr"]}]},{"@type":"ImageObject","inLanguage":"en-US","@id":"https:\/\/veritasinfo.org\/?p=24983&lang=sr#primaryimage","url":"https:\/\/veritasinfo.org\/wp-content\/uploads\/2025\/12\/56d2fffa-9efd-4ccf-9149-172dea82ce7e.webp","contentUrl":"https:\/\/veritasinfo.org\/wp-content\/uploads\/2025\/12\/56d2fffa-9efd-4ccf-9149-172dea82ce7e.webp","width":1028,"height":744},{"@type":"BreadcrumbList","@id":"https:\/\/veritasinfo.org\/?p=24983&lang=sr#breadcrumb","itemListElement":[{"@type":"ListItem","position":1,"name":"Home","item":"https:\/\/veritasinfo.org\/"},{"@type":"ListItem","position":2,"name":"Policija iznela detalje o hap\u0161enju biv\u0161eg pripadnika MUP-a, osumnji\u010denog za kidnapovanje Vuka\u0161inovi\u0107a"}]},{"@type":"WebSite","@id":"https:\/\/veritasinfo.org\/#website","url":"https:\/\/veritasinfo.org\/","name":"","description":"","potentialAction":[{"@type":"SearchAction","target":{"@type":"EntryPoint","urlTemplate":"https:\/\/veritasinfo.org\/?s={search_term_string}"},"query-input":{"@type":"PropertyValueSpecification","valueRequired":true,"valueName":"search_term_string"}}],"inLanguage":"en-US"},{"@type":"Person","@id":"https:\/\/veritasinfo.org\/#\/schema\/person\/fe199eede04c3937362892b7444747cc","name":"US6","image":{"@type":"ImageObject","inLanguage":"en-US","@id":"https:\/\/veritasinfo.org\/#\/schema\/person\/image\/","url":"https:\/\/secure.gravatar.com\/avatar\/cb16c3c31c9d23b9b8c705964598220b3014e42ff51eb540ff23cefa3ae8c15f?s=96&d=mm&r=g","contentUrl":"https:\/\/secure.gravatar.com\/avatar\/cb16c3c31c9d23b9b8c705964598220b3014e42ff51eb540ff23cefa3ae8c15f?s=96&d=mm&r=g","caption":"US6"},"url":"https:\/\/veritasinfo.org\/?author=7"}]}},"featured_image_urls":{"full":["https:\/\/veritasinfo.org\/wp-content\/uploads\/2025\/12\/56d2fffa-9efd-4ccf-9149-172dea82ce7e.webp",1028,744,false],"thumbnail":["https:\/\/veritasinfo.org\/wp-content\/uploads\/2025\/12\/56d2fffa-9efd-4ccf-9149-172dea82ce7e-150x150.webp",150,150,true],"medium":["https:\/\/veritasinfo.org\/wp-content\/uploads\/2025\/12\/56d2fffa-9efd-4ccf-9149-172dea82ce7e-300x217.webp",300,217,true],"medium_large":["https:\/\/veritasinfo.org\/wp-content\/uploads\/2025\/12\/56d2fffa-9efd-4ccf-9149-172dea82ce7e-768x556.webp",640,463,true],"large":["https:\/\/veritasinfo.org\/wp-content\/uploads\/2025\/12\/56d2fffa-9efd-4ccf-9149-172dea82ce7e-1024x741.webp",640,463,true],"1536x1536":["https:\/\/veritasinfo.org\/wp-content\/uploads\/2025\/12\/56d2fffa-9efd-4ccf-9149-172dea82ce7e.webp",1028,744,false],"2048x2048":["https:\/\/veritasinfo.org\/wp-content\/uploads\/2025\/12\/56d2fffa-9efd-4ccf-9149-172dea82ce7e.webp",1028,744,false],"kreeti-slider-full":["https:\/\/veritasinfo.org\/wp-content\/uploads\/2025\/12\/56d2fffa-9efd-4ccf-9149-172dea82ce7e.webp",995,720,false],"kreeti-featured":["https:\/\/veritasinfo.org\/wp-content\/uploads\/2025\/12\/56d2fffa-9efd-4ccf-9149-172dea82ce7e.webp",1024,741,false],"kreeti-medium":["https:\/\/veritasinfo.org\/wp-content\/uploads\/2025\/12\/56d2fffa-9efd-4ccf-9149-172dea82ce7e.webp",720,521,false],"kreeti-medium-square":["https:\/\/veritasinfo.org\/wp-content\/uploads\/2025\/12\/56d2fffa-9efd-4ccf-9149-172dea82ce7e.webp",350,253,false]},"author_info":{"info":["US6"]},"category_info":"<a href=\"https:\/\/veritasinfo.org\/?cat=103&#038;lang=sr\" rel=\"category\">Hronika<\/a>","tag_info":"Hronika","comment_count":"0","_links":{"self":[{"href":"https:\/\/veritasinfo.org\/index.php?rest_route=\/wp\/v2\/posts\/24983","targetHints":{"allow":["GET"]}}],"collection":[{"href":"https:\/\/veritasinfo.org\/index.php?rest_route=\/wp\/v2\/posts"}],"about":[{"href":"https:\/\/veritasinfo.org\/index.php?rest_route=\/wp\/v2\/types\/post"}],"author":[{"embeddable":true,"href":"https:\/\/veritasinfo.org\/index.php?rest_route=\/wp\/v2\/users\/7"}],"replies":[{"embeddable":true,"href":"https:\/\/veritasinfo.org\/index.php?rest_route=%2Fwp%2Fv2%2Fcomments&post=24983"}],"version-history":[{"count":1,"href":"https:\/\/veritasinfo.org\/index.php?rest_route=\/wp\/v2\/posts\/24983\/revisions"}],"predecessor-version":[{"id":24984,"href":"https:\/\/veritasinfo.org\/index.php?rest_route=\/wp\/v2\/posts\/24983\/revisions\/24984"}],"wp:featuredmedia":[{"embeddable":true,"href":"https:\/\/veritasinfo.org\/index.php?rest_route=\/wp\/v2\/media\/24981"}],"wp:attachment":[{"href":"https:\/\/veritasinfo.org\/index.php?rest_route=%2Fwp%2Fv2%2Fmedia&parent=24983"}],"wp:term":[{"taxonomy":"category","embeddable":true,"href":"https:\/\/veritasinfo.org\/index.php?rest_route=%2Fwp%2Fv2%2Fcategories&post=24983"},{"taxonomy":"post_tag","embeddable":true,"href":"https:\/\/veritasinfo.org\/index.php?rest_route=%2Fwp%2Fv2%2Ftags&post=24983"}],"curies":[{"name":"wp","href":"https:\/\/api.w.org\/{rel}","templated":true}]}}