{"id":24970,"date":"2025-12-21T09:36:10","date_gmt":"2025-12-21T08:36:10","guid":{"rendered":"https:\/\/veritasinfo.org\/?p=24970"},"modified":"2025-12-21T09:36:10","modified_gmt":"2025-12-21T08:36:10","slug":"dita-e-peste-e-fushates-zgjedhore-pagat-pensionet-dhe-ekonomia-ne-qender-te-premtimeve","status":"publish","type":"post","link":"https:\/\/veritasinfo.org\/?p=24970","title":{"rendered":"Dita e pest\u00eb e fushat\u00ebs zgjedhore: Pagat, pensionet dhe ekonomia n\u00eb qend\u00ebr t\u00eb premtimeve"},"content":{"rendered":"<p><strong>Prishtin\u00eb, 21 dhjetor 2025 09:34<\/strong><\/p>\n<p>Zgjedhjet e parakohshme parlamentare n\u00eb Kosov\u00eb m\u00eb 28 dhjetor 2025 jan\u00eb planifikuar pas d\u00ebshtimit p\u00ebr t\u00eb formuar qeveri pas zgjedhjeve t\u00eb shkurtit 2025. Fushata zyrtarisht filloi m\u00eb 17 dhjetor dhe partit\u00eb po prezantojn\u00eb programet e tyre politike dhe premtimet p\u00ebr votuesit gjat\u00eb k\u00ebsaj periudhe zgjedhore.<\/p>\n<p>N\u00eb nj\u00eb p\u00ebrmbledhje nga dita e pest\u00eb t\u00eb fushat\u00ebs zgjedhore, Veritasinfo sjell premtimet kryesore t\u00eb partive politike, t\u00eb cilat po dominojn\u00eb n\u00eb takimet me elektoratin e tyre.<\/p>\n<p>Vet\u00ebvendosje (LVV) \u2013 Koalicioni \u201cMos l\u00ebsho pe\u201d<\/p>\n<p>UDh\u00ebhequr nga kryeministri aktual Albin Kurti, Vet\u00ebvendosje ka q\u00ebn\u00eb fokusuar n\u00eb kontinuitetin e qeverisjes dhe sigurin\u00eb komb\u00ebtare, duke p\u00ebrdorur sloganin \u201cSiguri dhe begati. Mos l\u00ebsho pe!\u201d p\u00ebr t\u2019i inkurajuar qytetar\u00ebt t\u00eb mbajn\u00eb besimin te p\u00ebrpjekjet e deritanishme.<br \/>\nN\u00eb komunikimet e paraelektorale, Kurti ka premtuar projekte q\u00eb lidhen me inovacionin dhe teknologjin\u00eb, si krijimi i nj\u00eb monedhe digjitale t\u00eb mb\u00ebshtetur nga shteti p\u00ebr pagesa dhe nxitje t\u00eb ekonomi\u00ebs digjitale.<\/p>\n<p>Partia Demokratike e Kosov\u00ebs (PDK) \u2014 \u201cBashk\u00eb p\u00ebrpara\u201d<\/p>\n<p>PDK ka vendosur fokusin kryesor t\u00eb programit t\u00eb saj tek p\u00ebrmir\u00ebsimi i kushteve ekonomike p\u00ebr qytetar\u00ebt. Gjat\u00eb fushat\u00ebs, kandidati p\u00ebr kryeminist\u00ebr Bedri Hamza ka premtuar:<\/p>\n<p>Heqjen e TVSH-s\u00eb p\u00ebr energjin\u00eb elektrike p\u00ebr t\u00eb ulur faturat e qytetar\u00ebve.<\/p>\n<p>Rritje pagash deri n\u00eb 50 %, si dhe rritje t\u00eb pensioneve dhe p\u00ebrfitimeve p\u00ebr familjet e d\u00ebshmor\u00ebve, invalid\u00ebt e luft\u00ebs etj.<\/p>\n<p>Lidhja Demokratike e Kosov\u00ebs (LDK) \u2014 \u201cZgjidh shpres\u00ebn\u201d<\/p>\n<p>LDK ka promovuar nj\u00eb paket\u00eb premtimesh sociale dhe ekonomike q\u00eb synojn\u00eb p\u00ebrmir\u00ebsimin e mir\u00ebqenies dhe mb\u00ebshtetjen e kategorive t\u00eb ndryshme:<\/p>\n<p>Rritje pagash n\u00eb sektorin publik, duke p\u00ebrfshir\u00eb m\u00ebsuesit deri n\u00eb 1,000 \u20ac n\u00eb muaj dhe polic\u00eb\/zjarrfik\u00ebs\/ushtar\u00eb deri n\u00eb 900 \u20ac.<\/p>\n<p>Garantim i pun\u00ebsimit p\u00ebr \u00e7do t\u00eb diplomuar p\u00ebr s\u00eb paku 6 muaj me pages\u00eb t\u00eb siguruar.<\/p>\n<p>Rritje t\u00eb pensioneve n\u00eb 300 \u20ac brenda tre viteve, investime n\u00eb infrastruktur\u00eb publike si spitale, mb\u00ebshtetje p\u00ebr familjet e reja dhe shtesa p\u00ebr f\u00ebmij\u00eb.<\/p>\n<p>Aleanca p\u00ebr Ardhm\u00ebrin\u00eb e Kosov\u00ebs (AAK) \u2014 \u201cKrah teje\u201d<\/p>\n<p>AAK, me lider Ramush Haradinaj, po i kombinon premtimet ekonomike me ato t\u00eb siguris\u00eb dhe politik\u00ebs s\u00eb jashtme:<\/p>\n<p>Premtim p\u00ebr pag\u00eb mesatare +1100 \u20ac dhe pensione deri n\u00eb 500 \u20ac, fokus n\u00eb siguri komb\u00ebtare, fuqizimin e prodhimit vendor (\u201cMade in Kosovo\u201d), dhe rritje t\u00eb standardeve t\u00eb jetes\u00ebs, pun\u00eb p\u00ebr marr\u00ebdh\u00ebnie t\u00eb forta strategjike me partner\u00eb nd\u00ebrkomb\u00ebtar\u00eb.<\/p>\n<p>Nisma Socialdemokrate (NISMA)<\/p>\n<p>Partia Socialdemokrate e Fatmir Limajt \u00ebsht\u00eb gjithashtu pjes\u00eb e gar\u00ebs, duke synuar elektoratin me nj\u00eb platform\u00eb q\u00eb thekson rritjen e mir\u00ebqenies sociale dhe drejt\u00ebsin\u00eb sociale, megjith\u00ebse premtimet konkrete<\/p>\n<p>&nbsp;<\/p>\n<p>&nbsp;<\/p>\n<p>&nbsp;<\/p>\n<p>&nbsp;<\/p>\n<p>&nbsp;<\/p>\n","protected":false},"excerpt":{"rendered":"<p>Prishtin\u00eb, 21 dhjetor 2025 09:34 Zgjedhjet e parakohshme parlamentare n\u00eb Kosov\u00eb m\u00eb 28 dhjetor 2025 jan\u00eb planifikuar pas d\u00ebshtimit p\u00ebr t\u00eb formuar qeveri pas zgjedhjeve<\/p>\n","protected":false},"author":7,"featured_media":24971,"comment_status":"open","ping_status":"open","sticky":false,"template":"","format":"standard","meta":{"footnotes":""},"categories":[8],"tags":[],"class_list":["post-24970","post","type-post","status-publish","format-standard","has-post-thumbnail","hentry","category-blog-sq"],"yoast_head":"<!-- This site is optimized with the Yoast SEO plugin v25.3.1 - https:\/\/yoast.com\/wordpress\/plugins\/seo\/ -->\n<title>Dita e pest\u00eb e fushat\u00ebs zgjedhore: Pagat, pensionet dhe ekonomia n\u00eb qend\u00ebr t\u00eb premtimeve -<\/title>\n<meta name=\"robots\" content=\"index, follow, max-snippet:-1, max-image-preview:large, max-video-preview:-1\" \/>\n<link rel=\"canonical\" href=\"https:\/\/veritasinfo.org\/?p=24970\" \/>\n<meta property=\"og:locale\" content=\"en_US\" \/>\n<meta property=\"og:type\" content=\"article\" \/>\n<meta property=\"og:title\" content=\"Dita e pest\u00eb e fushat\u00ebs zgjedhore: Pagat, pensionet dhe ekonomia n\u00eb qend\u00ebr t\u00eb premtimeve -\" \/>\n<meta property=\"og:description\" content=\"Prishtin\u00eb, 21 dhjetor 2025 09:34 Zgjedhjet e parakohshme parlamentare n\u00eb Kosov\u00eb m\u00eb 28 dhjetor 2025 jan\u00eb planifikuar pas d\u00ebshtimit p\u00ebr t\u00eb formuar qeveri pas zgjedhjeve\" \/>\n<meta property=\"og:url\" content=\"https:\/\/veritasinfo.org\/?p=24970\" \/>\n<meta property=\"article:published_time\" content=\"2025-12-21T08:36:10+00:00\" \/>\n<meta property=\"og:image\" content=\"https:\/\/veritasinfo.org\/wp-content\/uploads\/2025\/12\/Feature-Zgjedhjet-2025-768x360-1.jpg\" \/>\n\t<meta property=\"og:image:width\" content=\"768\" \/>\n\t<meta property=\"og:image:height\" content=\"360\" \/>\n\t<meta property=\"og:image:type\" content=\"image\/jpeg\" \/>\n<meta name=\"author\" content=\"US6\" \/>\n<meta name=\"twitter:card\" content=\"summary_large_image\" \/>\n<meta name=\"twitter:label1\" content=\"Written by\" \/>\n\t<meta name=\"twitter:data1\" content=\"US6\" \/>\n\t<meta name=\"twitter:label2\" content=\"Est. reading time\" \/>\n\t<meta name=\"twitter:data2\" content=\"2 minutes\" \/>\n<script type=\"application\/ld+json\" class=\"yoast-schema-graph\">{\"@context\":\"https:\/\/schema.org\",\"@graph\":[{\"@type\":\"WebPage\",\"@id\":\"https:\/\/veritasinfo.org\/?p=24970\",\"url\":\"https:\/\/veritasinfo.org\/?p=24970\",\"name\":\"Dita e pest\u00eb e fushat\u00ebs zgjedhore: Pagat, pensionet dhe ekonomia n\u00eb qend\u00ebr t\u00eb premtimeve -\",\"isPartOf\":{\"@id\":\"https:\/\/veritasinfo.org\/#website\"},\"primaryImageOfPage\":{\"@id\":\"https:\/\/veritasinfo.org\/?p=24970#primaryimage\"},\"image\":{\"@id\":\"https:\/\/veritasinfo.org\/?p=24970#primaryimage\"},\"thumbnailUrl\":\"https:\/\/veritasinfo.org\/wp-content\/uploads\/2025\/12\/Feature-Zgjedhjet-2025-768x360-1.jpg\",\"datePublished\":\"2025-12-21T08:36:10+00:00\",\"author\":{\"@id\":\"https:\/\/veritasinfo.org\/#\/schema\/person\/fe199eede04c3937362892b7444747cc\"},\"breadcrumb\":{\"@id\":\"https:\/\/veritasinfo.org\/?p=24970#breadcrumb\"},\"inLanguage\":\"en-US\",\"potentialAction\":[{\"@type\":\"ReadAction\",\"target\":[\"https:\/\/veritasinfo.org\/?p=24970\"]}]},{\"@type\":\"ImageObject\",\"inLanguage\":\"en-US\",\"@id\":\"https:\/\/veritasinfo.org\/?p=24970#primaryimage\",\"url\":\"https:\/\/veritasinfo.org\/wp-content\/uploads\/2025\/12\/Feature-Zgjedhjet-2025-768x360-1.jpg\",\"contentUrl\":\"https:\/\/veritasinfo.org\/wp-content\/uploads\/2025\/12\/Feature-Zgjedhjet-2025-768x360-1.jpg\",\"width\":768,\"height\":360},{\"@type\":\"BreadcrumbList\",\"@id\":\"https:\/\/veritasinfo.org\/?p=24970#breadcrumb\",\"itemListElement\":[{\"@type\":\"ListItem\",\"position\":1,\"name\":\"Home\",\"item\":\"https:\/\/veritasinfo.org\/\"},{\"@type\":\"ListItem\",\"position\":2,\"name\":\"Dita e pest\u00eb e fushat\u00ebs zgjedhore: Pagat, pensionet dhe ekonomia n\u00eb qend\u00ebr t\u00eb premtimeve\"}]},{\"@type\":\"WebSite\",\"@id\":\"https:\/\/veritasinfo.org\/#website\",\"url\":\"https:\/\/veritasinfo.org\/\",\"name\":\"\",\"description\":\"\",\"potentialAction\":[{\"@type\":\"SearchAction\",\"target\":{\"@type\":\"EntryPoint\",\"urlTemplate\":\"https:\/\/veritasinfo.org\/?s={search_term_string}\"},\"query-input\":{\"@type\":\"PropertyValueSpecification\",\"valueRequired\":true,\"valueName\":\"search_term_string\"}}],\"inLanguage\":\"en-US\"},{\"@type\":\"Person\",\"@id\":\"https:\/\/veritasinfo.org\/#\/schema\/person\/fe199eede04c3937362892b7444747cc\",\"name\":\"US6\",\"image\":{\"@type\":\"ImageObject\",\"inLanguage\":\"en-US\",\"@id\":\"https:\/\/veritasinfo.org\/#\/schema\/person\/image\/\",\"url\":\"https:\/\/secure.gravatar.com\/avatar\/cb16c3c31c9d23b9b8c705964598220b3014e42ff51eb540ff23cefa3ae8c15f?s=96&d=mm&r=g\",\"contentUrl\":\"https:\/\/secure.gravatar.com\/avatar\/cb16c3c31c9d23b9b8c705964598220b3014e42ff51eb540ff23cefa3ae8c15f?s=96&d=mm&r=g\",\"caption\":\"US6\"},\"url\":\"https:\/\/veritasinfo.org\/?author=7\"}]}<\/script>\n<!-- \/ Yoast SEO plugin. -->","yoast_head_json":{"title":"Dita e pest\u00eb e fushat\u00ebs zgjedhore: Pagat, pensionet dhe ekonomia n\u00eb qend\u00ebr t\u00eb premtimeve -","robots":{"index":"index","follow":"follow","max-snippet":"max-snippet:-1","max-image-preview":"max-image-preview:large","max-video-preview":"max-video-preview:-1"},"canonical":"https:\/\/veritasinfo.org\/?p=24970","og_locale":"en_US","og_type":"article","og_title":"Dita e pest\u00eb e fushat\u00ebs zgjedhore: Pagat, pensionet dhe ekonomia n\u00eb qend\u00ebr t\u00eb premtimeve -","og_description":"Prishtin\u00eb, 21 dhjetor 2025 09:34 Zgjedhjet e parakohshme parlamentare n\u00eb Kosov\u00eb m\u00eb 28 dhjetor 2025 jan\u00eb planifikuar pas d\u00ebshtimit p\u00ebr t\u00eb formuar qeveri pas zgjedhjeve","og_url":"https:\/\/veritasinfo.org\/?p=24970","article_published_time":"2025-12-21T08:36:10+00:00","og_image":[{"width":768,"height":360,"url":"https:\/\/veritasinfo.org\/wp-content\/uploads\/2025\/12\/Feature-Zgjedhjet-2025-768x360-1.jpg","type":"image\/jpeg"}],"author":"US6","twitter_card":"summary_large_image","twitter_misc":{"Written by":"US6","Est. reading time":"2 minutes"},"schema":{"@context":"https:\/\/schema.org","@graph":[{"@type":"WebPage","@id":"https:\/\/veritasinfo.org\/?p=24970","url":"https:\/\/veritasinfo.org\/?p=24970","name":"Dita e pest\u00eb e fushat\u00ebs zgjedhore: Pagat, pensionet dhe ekonomia n\u00eb qend\u00ebr t\u00eb premtimeve -","isPartOf":{"@id":"https:\/\/veritasinfo.org\/#website"},"primaryImageOfPage":{"@id":"https:\/\/veritasinfo.org\/?p=24970#primaryimage"},"image":{"@id":"https:\/\/veritasinfo.org\/?p=24970#primaryimage"},"thumbnailUrl":"https:\/\/veritasinfo.org\/wp-content\/uploads\/2025\/12\/Feature-Zgjedhjet-2025-768x360-1.jpg","datePublished":"2025-12-21T08:36:10+00:00","author":{"@id":"https:\/\/veritasinfo.org\/#\/schema\/person\/fe199eede04c3937362892b7444747cc"},"breadcrumb":{"@id":"https:\/\/veritasinfo.org\/?p=24970#breadcrumb"},"inLanguage":"en-US","potentialAction":[{"@type":"ReadAction","target":["https:\/\/veritasinfo.org\/?p=24970"]}]},{"@type":"ImageObject","inLanguage":"en-US","@id":"https:\/\/veritasinfo.org\/?p=24970#primaryimage","url":"https:\/\/veritasinfo.org\/wp-content\/uploads\/2025\/12\/Feature-Zgjedhjet-2025-768x360-1.jpg","contentUrl":"https:\/\/veritasinfo.org\/wp-content\/uploads\/2025\/12\/Feature-Zgjedhjet-2025-768x360-1.jpg","width":768,"height":360},{"@type":"BreadcrumbList","@id":"https:\/\/veritasinfo.org\/?p=24970#breadcrumb","itemListElement":[{"@type":"ListItem","position":1,"name":"Home","item":"https:\/\/veritasinfo.org\/"},{"@type":"ListItem","position":2,"name":"Dita e pest\u00eb e fushat\u00ebs zgjedhore: Pagat, pensionet dhe ekonomia n\u00eb qend\u00ebr t\u00eb premtimeve"}]},{"@type":"WebSite","@id":"https:\/\/veritasinfo.org\/#website","url":"https:\/\/veritasinfo.org\/","name":"","description":"","potentialAction":[{"@type":"SearchAction","target":{"@type":"EntryPoint","urlTemplate":"https:\/\/veritasinfo.org\/?s={search_term_string}"},"query-input":{"@type":"PropertyValueSpecification","valueRequired":true,"valueName":"search_term_string"}}],"inLanguage":"en-US"},{"@type":"Person","@id":"https:\/\/veritasinfo.org\/#\/schema\/person\/fe199eede04c3937362892b7444747cc","name":"US6","image":{"@type":"ImageObject","inLanguage":"en-US","@id":"https:\/\/veritasinfo.org\/#\/schema\/person\/image\/","url":"https:\/\/secure.gravatar.com\/avatar\/cb16c3c31c9d23b9b8c705964598220b3014e42ff51eb540ff23cefa3ae8c15f?s=96&d=mm&r=g","contentUrl":"https:\/\/secure.gravatar.com\/avatar\/cb16c3c31c9d23b9b8c705964598220b3014e42ff51eb540ff23cefa3ae8c15f?s=96&d=mm&r=g","caption":"US6"},"url":"https:\/\/veritasinfo.org\/?author=7"}]}},"featured_image_urls":{"full":["https:\/\/veritasinfo.org\/wp-content\/uploads\/2025\/12\/Feature-Zgjedhjet-2025-768x360-1.jpg",768,360,false],"thumbnail":["https:\/\/veritasinfo.org\/wp-content\/uploads\/2025\/12\/Feature-Zgjedhjet-2025-768x360-1-150x150.jpg",150,150,true],"medium":["https:\/\/veritasinfo.org\/wp-content\/uploads\/2025\/12\/Feature-Zgjedhjet-2025-768x360-1-300x141.jpg",300,141,true],"medium_large":["https:\/\/veritasinfo.org\/wp-content\/uploads\/2025\/12\/Feature-Zgjedhjet-2025-768x360-1.jpg",640,300,false],"large":["https:\/\/veritasinfo.org\/wp-content\/uploads\/2025\/12\/Feature-Zgjedhjet-2025-768x360-1.jpg",640,300,false],"1536x1536":["https:\/\/veritasinfo.org\/wp-content\/uploads\/2025\/12\/Feature-Zgjedhjet-2025-768x360-1.jpg",768,360,false],"2048x2048":["https:\/\/veritasinfo.org\/wp-content\/uploads\/2025\/12\/Feature-Zgjedhjet-2025-768x360-1.jpg",768,360,false],"kreeti-slider-full":["https:\/\/veritasinfo.org\/wp-content\/uploads\/2025\/12\/Feature-Zgjedhjet-2025-768x360-1.jpg",768,360,false],"kreeti-featured":["https:\/\/veritasinfo.org\/wp-content\/uploads\/2025\/12\/Feature-Zgjedhjet-2025-768x360-1.jpg",768,360,false],"kreeti-medium":["https:\/\/veritasinfo.org\/wp-content\/uploads\/2025\/12\/Feature-Zgjedhjet-2025-768x360-1.jpg",720,338,false],"kreeti-medium-square":["https:\/\/veritasinfo.org\/wp-content\/uploads\/2025\/12\/Feature-Zgjedhjet-2025-768x360-1.jpg",350,164,false]},"author_info":{"info":["US6"]},"category_info":"<a href=\"https:\/\/veritasinfo.org\/?cat=8\" rel=\"category\">Zgjedhjet parlamentare 2025<\/a>","tag_info":"Zgjedhjet parlamentare 2025","comment_count":"0","_links":{"self":[{"href":"https:\/\/veritasinfo.org\/index.php?rest_route=\/wp\/v2\/posts\/24970","targetHints":{"allow":["GET"]}}],"collection":[{"href":"https:\/\/veritasinfo.org\/index.php?rest_route=\/wp\/v2\/posts"}],"about":[{"href":"https:\/\/veritasinfo.org\/index.php?rest_route=\/wp\/v2\/types\/post"}],"author":[{"embeddable":true,"href":"https:\/\/veritasinfo.org\/index.php?rest_route=\/wp\/v2\/users\/7"}],"replies":[{"embeddable":true,"href":"https:\/\/veritasinfo.org\/index.php?rest_route=%2Fwp%2Fv2%2Fcomments&post=24970"}],"version-history":[{"count":1,"href":"https:\/\/veritasinfo.org\/index.php?rest_route=\/wp\/v2\/posts\/24970\/revisions"}],"predecessor-version":[{"id":24972,"href":"https:\/\/veritasinfo.org\/index.php?rest_route=\/wp\/v2\/posts\/24970\/revisions\/24972"}],"wp:featuredmedia":[{"embeddable":true,"href":"https:\/\/veritasinfo.org\/index.php?rest_route=\/wp\/v2\/media\/24971"}],"wp:attachment":[{"href":"https:\/\/veritasinfo.org\/index.php?rest_route=%2Fwp%2Fv2%2Fmedia&parent=24970"}],"wp:term":[{"taxonomy":"category","embeddable":true,"href":"https:\/\/veritasinfo.org\/index.php?rest_route=%2Fwp%2Fv2%2Fcategories&post=24970"},{"taxonomy":"post_tag","embeddable":true,"href":"https:\/\/veritasinfo.org\/index.php?rest_route=%2Fwp%2Fv2%2Ftags&post=24970"}],"curies":[{"name":"wp","href":"https:\/\/api.w.org\/{rel}","templated":true}]}}