{"id":2496,"date":"2025-07-04T08:23:57","date_gmt":"2025-07-04T06:23:57","guid":{"rendered":"https:\/\/veritasinfo.org\/?p=2496"},"modified":"2025-07-04T08:23:57","modified_gmt":"2025-07-04T06:23:57","slug":"xhandarmeria-me-pajisje-per-te-shperndare-demonstratat-zhvendosi-qytetaret-dhe-studentet-ne-bllokaden-prane-fakultetit-te-drejtesise","status":"publish","type":"post","link":"https:\/\/veritasinfo.org\/?p=2496","title":{"rendered":"Xhandarm\u00ebria me pajisje p\u00ebr t\u00eb shp\u00ebrndar\u00eb demonstratat zhvendosi qytetar\u00ebt dhe student\u00ebt n\u00eb bllokad\u00ebn pran\u00eb Fakultetit t\u00eb Drejt\u00ebsis\u00eb"},"content":{"rendered":"<p>Beograd, 4 korrik 2025<\/p>\n<p>K\u00ebt\u00eb m\u00ebngjes, xhandarm\u00ebria me pajisje p\u00ebr t\u00eb shp\u00ebrndar\u00eb demonstratat zhvendosi qytetar\u00ebt dhe student\u00ebt q\u00eb bllokuan kryq\u00ebzimin e Bulevar Kralja Aleksandar dhe Beogradska pran\u00eb Fakultetit t\u00eb Drejt\u00ebsis\u00eb, si nj\u00eb shprehje e mosbindjes civile t\u00eb k\u00ebrkuar nga student\u00ebt n\u00eb bllokad\u00eb.<\/p>\n<p>M\u00eb shum\u00eb se nj\u00eb duzin\u00eb student\u00ebsh dhe qytetar\u00ebsh bllokuan kryq\u00ebzimin p\u00ebrpara Fakultetit t\u00eb Drejt\u00ebsis\u00eb n\u00eb Beograd pak pas or\u00ebs shtat\u00eb t\u00eb m\u00ebngjesit t\u00eb sot\u00ebm, si pjes\u00eb e fushat\u00ebs &#8220;Bllokad\u00eb Totale e Serbis\u00eb&#8221;.<\/p>\n","protected":false},"excerpt":{"rendered":"<p>Beograd, 4 korrik 2025 K\u00ebt\u00eb m\u00ebngjes, xhandarm\u00ebria me pajisje p\u00ebr t\u00eb shp\u00ebrndar\u00eb demonstratat zhvendosi qytetar\u00ebt dhe student\u00ebt q\u00eb bllokuan kryq\u00ebzimin e Bulevar Kralja Aleksandar dhe<\/p>\n","protected":false},"author":1,"featured_media":2497,"comment_status":"open","ping_status":"open","sticky":false,"template":"","format":"standard","meta":{"footnotes":""},"categories":[72],"tags":[],"class_list":["post-2496","post","type-post","status-publish","format-standard","has-post-thumbnail","hentry","category-bota"],"yoast_head":"<!-- This site is optimized with the Yoast SEO plugin v25.3.1 - https:\/\/yoast.com\/wordpress\/plugins\/seo\/ -->\n<title>Xhandarm\u00ebria me pajisje p\u00ebr t\u00eb shp\u00ebrndar\u00eb demonstratat zhvendosi qytetar\u00ebt dhe student\u00ebt n\u00eb bllokad\u00ebn pran\u00eb Fakultetit t\u00eb Drejt\u00ebsis\u00eb -<\/title>\n<meta name=\"robots\" content=\"index, follow, max-snippet:-1, max-image-preview:large, max-video-preview:-1\" \/>\n<link rel=\"canonical\" href=\"https:\/\/veritasinfo.org\/?p=2496\" \/>\n<meta property=\"og:locale\" content=\"en_US\" \/>\n<meta property=\"og:type\" content=\"article\" \/>\n<meta property=\"og:title\" content=\"Xhandarm\u00ebria me pajisje p\u00ebr t\u00eb shp\u00ebrndar\u00eb demonstratat zhvendosi qytetar\u00ebt dhe student\u00ebt n\u00eb bllokad\u00ebn pran\u00eb Fakultetit t\u00eb Drejt\u00ebsis\u00eb -\" \/>\n<meta property=\"og:description\" content=\"Beograd, 4 korrik 2025 K\u00ebt\u00eb m\u00ebngjes, xhandarm\u00ebria me pajisje p\u00ebr t\u00eb shp\u00ebrndar\u00eb demonstratat zhvendosi qytetar\u00ebt dhe student\u00ebt q\u00eb bllokuan kryq\u00ebzimin e Bulevar Kralja Aleksandar dhe\" \/>\n<meta property=\"og:url\" content=\"https:\/\/veritasinfo.org\/?p=2496\" \/>\n<meta property=\"article:published_time\" content=\"2025-07-04T06:23:57+00:00\" \/>\n<meta property=\"og:image\" content=\"https:\/\/veritasinfo.org\/wp-content\/uploads\/2025\/07\/IMG_1713.jpeg\" \/>\n\t<meta property=\"og:image:width\" content=\"1536\" \/>\n\t<meta property=\"og:image:height\" content=\"1024\" \/>\n\t<meta property=\"og:image:type\" content=\"image\/jpeg\" \/>\n<meta name=\"author\" content=\"admin\" \/>\n<meta name=\"twitter:card\" content=\"summary_large_image\" \/>\n<meta name=\"twitter:label1\" content=\"Written by\" \/>\n\t<meta name=\"twitter:data1\" content=\"admin\" \/>\n\t<meta name=\"twitter:label2\" content=\"Est. reading time\" \/>\n\t<meta name=\"twitter:data2\" content=\"1 minute\" \/>\n<script type=\"application\/ld+json\" class=\"yoast-schema-graph\">{\"@context\":\"https:\/\/schema.org\",\"@graph\":[{\"@type\":\"WebPage\",\"@id\":\"https:\/\/veritasinfo.org\/?p=2496\",\"url\":\"https:\/\/veritasinfo.org\/?p=2496\",\"name\":\"Xhandarm\u00ebria me pajisje p\u00ebr t\u00eb shp\u00ebrndar\u00eb demonstratat zhvendosi qytetar\u00ebt dhe student\u00ebt n\u00eb bllokad\u00ebn pran\u00eb Fakultetit t\u00eb Drejt\u00ebsis\u00eb -\",\"isPartOf\":{\"@id\":\"https:\/\/veritasinfo.org\/#website\"},\"primaryImageOfPage\":{\"@id\":\"https:\/\/veritasinfo.org\/?p=2496#primaryimage\"},\"image\":{\"@id\":\"https:\/\/veritasinfo.org\/?p=2496#primaryimage\"},\"thumbnailUrl\":\"https:\/\/veritasinfo.org\/wp-content\/uploads\/2025\/07\/IMG_1713.jpeg\",\"datePublished\":\"2025-07-04T06:23:57+00:00\",\"author\":{\"@id\":\"https:\/\/veritasinfo.org\/#\/schema\/person\/7701f8c088bece422266b100a712374f\"},\"breadcrumb\":{\"@id\":\"https:\/\/veritasinfo.org\/?p=2496#breadcrumb\"},\"inLanguage\":\"en-US\",\"potentialAction\":[{\"@type\":\"ReadAction\",\"target\":[\"https:\/\/veritasinfo.org\/?p=2496\"]}]},{\"@type\":\"ImageObject\",\"inLanguage\":\"en-US\",\"@id\":\"https:\/\/veritasinfo.org\/?p=2496#primaryimage\",\"url\":\"https:\/\/veritasinfo.org\/wp-content\/uploads\/2025\/07\/IMG_1713.jpeg\",\"contentUrl\":\"https:\/\/veritasinfo.org\/wp-content\/uploads\/2025\/07\/IMG_1713.jpeg\",\"width\":1536,\"height\":1024,\"caption\":\"Beograd 04. jul 2025. Pravni fakultet razbjena blokaa Foto:Amir Hamzagi\u0107\/Nova.rs\"},{\"@type\":\"BreadcrumbList\",\"@id\":\"https:\/\/veritasinfo.org\/?p=2496#breadcrumb\",\"itemListElement\":[{\"@type\":\"ListItem\",\"position\":1,\"name\":\"Home\",\"item\":\"https:\/\/veritasinfo.org\/\"},{\"@type\":\"ListItem\",\"position\":2,\"name\":\"Xhandarm\u00ebria me pajisje p\u00ebr t\u00eb shp\u00ebrndar\u00eb demonstratat zhvendosi qytetar\u00ebt dhe student\u00ebt n\u00eb bllokad\u00ebn pran\u00eb Fakultetit t\u00eb Drejt\u00ebsis\u00eb\"}]},{\"@type\":\"WebSite\",\"@id\":\"https:\/\/veritasinfo.org\/#website\",\"url\":\"https:\/\/veritasinfo.org\/\",\"name\":\"\",\"description\":\"\",\"potentialAction\":[{\"@type\":\"SearchAction\",\"target\":{\"@type\":\"EntryPoint\",\"urlTemplate\":\"https:\/\/veritasinfo.org\/?s={search_term_string}\"},\"query-input\":{\"@type\":\"PropertyValueSpecification\",\"valueRequired\":true,\"valueName\":\"search_term_string\"}}],\"inLanguage\":\"en-US\"},{\"@type\":\"Person\",\"@id\":\"https:\/\/veritasinfo.org\/#\/schema\/person\/7701f8c088bece422266b100a712374f\",\"name\":\"admin\",\"image\":{\"@type\":\"ImageObject\",\"inLanguage\":\"en-US\",\"@id\":\"https:\/\/veritasinfo.org\/#\/schema\/person\/image\/\",\"url\":\"https:\/\/secure.gravatar.com\/avatar\/ea53aa3bf6c9a12d5fde8ce4deff43fef3885ae33cf60184161a50d6987cfd2f?s=96&d=mm&r=g\",\"contentUrl\":\"https:\/\/secure.gravatar.com\/avatar\/ea53aa3bf6c9a12d5fde8ce4deff43fef3885ae33cf60184161a50d6987cfd2f?s=96&d=mm&r=g\",\"caption\":\"admin\"},\"sameAs\":[\"https:\/\/veritasinfo.org\"],\"url\":\"https:\/\/veritasinfo.org\/?author=1\"}]}<\/script>\n<!-- \/ Yoast SEO plugin. -->","yoast_head_json":{"title":"Xhandarm\u00ebria me pajisje p\u00ebr t\u00eb shp\u00ebrndar\u00eb demonstratat zhvendosi qytetar\u00ebt dhe student\u00ebt n\u00eb bllokad\u00ebn pran\u00eb Fakultetit t\u00eb Drejt\u00ebsis\u00eb -","robots":{"index":"index","follow":"follow","max-snippet":"max-snippet:-1","max-image-preview":"max-image-preview:large","max-video-preview":"max-video-preview:-1"},"canonical":"https:\/\/veritasinfo.org\/?p=2496","og_locale":"en_US","og_type":"article","og_title":"Xhandarm\u00ebria me pajisje p\u00ebr t\u00eb shp\u00ebrndar\u00eb demonstratat zhvendosi qytetar\u00ebt dhe student\u00ebt n\u00eb bllokad\u00ebn pran\u00eb Fakultetit t\u00eb Drejt\u00ebsis\u00eb -","og_description":"Beograd, 4 korrik 2025 K\u00ebt\u00eb m\u00ebngjes, xhandarm\u00ebria me pajisje p\u00ebr t\u00eb shp\u00ebrndar\u00eb demonstratat zhvendosi qytetar\u00ebt dhe student\u00ebt q\u00eb bllokuan kryq\u00ebzimin e Bulevar Kralja Aleksandar dhe","og_url":"https:\/\/veritasinfo.org\/?p=2496","article_published_time":"2025-07-04T06:23:57+00:00","og_image":[{"width":1536,"height":1024,"url":"https:\/\/veritasinfo.org\/wp-content\/uploads\/2025\/07\/IMG_1713.jpeg","type":"image\/jpeg"}],"author":"admin","twitter_card":"summary_large_image","twitter_misc":{"Written by":"admin","Est. reading time":"1 minute"},"schema":{"@context":"https:\/\/schema.org","@graph":[{"@type":"WebPage","@id":"https:\/\/veritasinfo.org\/?p=2496","url":"https:\/\/veritasinfo.org\/?p=2496","name":"Xhandarm\u00ebria me pajisje p\u00ebr t\u00eb shp\u00ebrndar\u00eb demonstratat zhvendosi qytetar\u00ebt dhe student\u00ebt n\u00eb bllokad\u00ebn pran\u00eb Fakultetit t\u00eb Drejt\u00ebsis\u00eb -","isPartOf":{"@id":"https:\/\/veritasinfo.org\/#website"},"primaryImageOfPage":{"@id":"https:\/\/veritasinfo.org\/?p=2496#primaryimage"},"image":{"@id":"https:\/\/veritasinfo.org\/?p=2496#primaryimage"},"thumbnailUrl":"https:\/\/veritasinfo.org\/wp-content\/uploads\/2025\/07\/IMG_1713.jpeg","datePublished":"2025-07-04T06:23:57+00:00","author":{"@id":"https:\/\/veritasinfo.org\/#\/schema\/person\/7701f8c088bece422266b100a712374f"},"breadcrumb":{"@id":"https:\/\/veritasinfo.org\/?p=2496#breadcrumb"},"inLanguage":"en-US","potentialAction":[{"@type":"ReadAction","target":["https:\/\/veritasinfo.org\/?p=2496"]}]},{"@type":"ImageObject","inLanguage":"en-US","@id":"https:\/\/veritasinfo.org\/?p=2496#primaryimage","url":"https:\/\/veritasinfo.org\/wp-content\/uploads\/2025\/07\/IMG_1713.jpeg","contentUrl":"https:\/\/veritasinfo.org\/wp-content\/uploads\/2025\/07\/IMG_1713.jpeg","width":1536,"height":1024,"caption":"Beograd 04. jul 2025. Pravni fakultet razbjena blokaa Foto:Amir Hamzagi\u0107\/Nova.rs"},{"@type":"BreadcrumbList","@id":"https:\/\/veritasinfo.org\/?p=2496#breadcrumb","itemListElement":[{"@type":"ListItem","position":1,"name":"Home","item":"https:\/\/veritasinfo.org\/"},{"@type":"ListItem","position":2,"name":"Xhandarm\u00ebria me pajisje p\u00ebr t\u00eb shp\u00ebrndar\u00eb demonstratat zhvendosi qytetar\u00ebt dhe student\u00ebt n\u00eb bllokad\u00ebn pran\u00eb Fakultetit t\u00eb Drejt\u00ebsis\u00eb"}]},{"@type":"WebSite","@id":"https:\/\/veritasinfo.org\/#website","url":"https:\/\/veritasinfo.org\/","name":"","description":"","potentialAction":[{"@type":"SearchAction","target":{"@type":"EntryPoint","urlTemplate":"https:\/\/veritasinfo.org\/?s={search_term_string}"},"query-input":{"@type":"PropertyValueSpecification","valueRequired":true,"valueName":"search_term_string"}}],"inLanguage":"en-US"},{"@type":"Person","@id":"https:\/\/veritasinfo.org\/#\/schema\/person\/7701f8c088bece422266b100a712374f","name":"admin","image":{"@type":"ImageObject","inLanguage":"en-US","@id":"https:\/\/veritasinfo.org\/#\/schema\/person\/image\/","url":"https:\/\/secure.gravatar.com\/avatar\/ea53aa3bf6c9a12d5fde8ce4deff43fef3885ae33cf60184161a50d6987cfd2f?s=96&d=mm&r=g","contentUrl":"https:\/\/secure.gravatar.com\/avatar\/ea53aa3bf6c9a12d5fde8ce4deff43fef3885ae33cf60184161a50d6987cfd2f?s=96&d=mm&r=g","caption":"admin"},"sameAs":["https:\/\/veritasinfo.org"],"url":"https:\/\/veritasinfo.org\/?author=1"}]}},"featured_image_urls":{"full":["https:\/\/veritasinfo.org\/wp-content\/uploads\/2025\/07\/IMG_1713.jpeg",1536,1024,false],"thumbnail":["https:\/\/veritasinfo.org\/wp-content\/uploads\/2025\/07\/IMG_1713-150x150.jpeg",150,150,true],"medium":["https:\/\/veritasinfo.org\/wp-content\/uploads\/2025\/07\/IMG_1713-300x200.jpeg",300,200,true],"medium_large":["https:\/\/veritasinfo.org\/wp-content\/uploads\/2025\/07\/IMG_1713-768x512.jpeg",640,427,true],"large":["https:\/\/veritasinfo.org\/wp-content\/uploads\/2025\/07\/IMG_1713-1024x683.jpeg",640,427,true],"1536x1536":["https:\/\/veritasinfo.org\/wp-content\/uploads\/2025\/07\/IMG_1713.jpeg",1536,1024,false],"2048x2048":["https:\/\/veritasinfo.org\/wp-content\/uploads\/2025\/07\/IMG_1713.jpeg",1536,1024,false],"kreeti-slider-full":["https:\/\/veritasinfo.org\/wp-content\/uploads\/2025\/07\/IMG_1713.jpeg",1080,720,false],"kreeti-featured":["https:\/\/veritasinfo.org\/wp-content\/uploads\/2025\/07\/IMG_1713.jpeg",1024,683,false],"kreeti-medium":["https:\/\/veritasinfo.org\/wp-content\/uploads\/2025\/07\/IMG_1713.jpeg",720,480,false],"kreeti-medium-square":["https:\/\/veritasinfo.org\/wp-content\/uploads\/2025\/07\/IMG_1713.jpeg",350,233,false]},"author_info":{"info":["admin"]},"category_info":"<a href=\"https:\/\/veritasinfo.org\/?cat=72\" rel=\"category\">Bota<\/a>","tag_info":"Bota","comment_count":"0","_links":{"self":[{"href":"https:\/\/veritasinfo.org\/index.php?rest_route=\/wp\/v2\/posts\/2496","targetHints":{"allow":["GET"]}}],"collection":[{"href":"https:\/\/veritasinfo.org\/index.php?rest_route=\/wp\/v2\/posts"}],"about":[{"href":"https:\/\/veritasinfo.org\/index.php?rest_route=\/wp\/v2\/types\/post"}],"author":[{"embeddable":true,"href":"https:\/\/veritasinfo.org\/index.php?rest_route=\/wp\/v2\/users\/1"}],"replies":[{"embeddable":true,"href":"https:\/\/veritasinfo.org\/index.php?rest_route=%2Fwp%2Fv2%2Fcomments&post=2496"}],"version-history":[{"count":1,"href":"https:\/\/veritasinfo.org\/index.php?rest_route=\/wp\/v2\/posts\/2496\/revisions"}],"predecessor-version":[{"id":2498,"href":"https:\/\/veritasinfo.org\/index.php?rest_route=\/wp\/v2\/posts\/2496\/revisions\/2498"}],"wp:featuredmedia":[{"embeddable":true,"href":"https:\/\/veritasinfo.org\/index.php?rest_route=\/wp\/v2\/media\/2497"}],"wp:attachment":[{"href":"https:\/\/veritasinfo.org\/index.php?rest_route=%2Fwp%2Fv2%2Fmedia&parent=2496"}],"wp:term":[{"taxonomy":"category","embeddable":true,"href":"https:\/\/veritasinfo.org\/index.php?rest_route=%2Fwp%2Fv2%2Fcategories&post=2496"},{"taxonomy":"post_tag","embeddable":true,"href":"https:\/\/veritasinfo.org\/index.php?rest_route=%2Fwp%2Fv2%2Ftags&post=2496"}],"curies":[{"name":"wp","href":"https:\/\/api.w.org\/{rel}","templated":true}]}}