{"id":24955,"date":"2025-12-21T08:55:58","date_gmt":"2025-12-21T07:55:58","guid":{"rendered":"https:\/\/veritasinfo.org\/?p=24955"},"modified":"2025-12-21T08:55:58","modified_gmt":"2025-12-21T07:55:58","slug":"ulutash-nato-ja-qe-dy-vite-kerkon-qe-sulmuesit-e-banjskes-te-sillen-para-drejtesise","status":"publish","type":"post","link":"https:\/\/veritasinfo.org\/?p=24955","title":{"rendered":"Ulutash: NATO-ja qe dy vite k\u00ebrkon q\u00eb sulmuesit e Banjsk\u00ebs t\u00eb sillen para drejt\u00ebsis\u00eb"},"content":{"rendered":"<p><strong>Prishtin\u00eb, 21 dhjetor 2025 08:54<\/strong><\/p>\n<p>Sulmi terrorist n\u00eb Banjsk\u00eb dhe incidentet kund\u00ebr trupave t\u00eb KFOR-it n\u00eb Zve\u00e7an jan\u00eb konsideruar t\u00eb papranueshme nga NATO.<\/p>\n<p>Si p\u00ebrgjigje, aleanca ka vendosur t\u00eb p\u00ebrforcoj\u00eb misionin e KFOR-it n\u00eb veri me 1000 trupa shtes\u00eb dhe ka shtuar aktivitetet patrulluese pran\u00eb vij\u00ebs kufitare administrative.<\/p>\n<p>K\u00ebshtu tha komandanti i KFOR-it n\u00eb Kosov\u00eb, Ozkan Ulutash.<\/p>\n<p>Ai n\u00eb \u201cK\u00ebndin e Debatit\u201d tha se KFOR-i po zhvillon patrullime t\u00eb p\u00ebrbashk\u00ebta me Policin\u00eb e Kosov\u00ebs n\u00eb veri, si dhe patrullime t\u00eb sinkronizuara me forcat e armatosura t\u00eb Serbis\u00eb n\u00ebp\u00ebr AVN.<\/p>\n<p>Ai tha se situata po monitorohet nga af\u00ebr dhe nuk jan\u00eb v\u00ebrejtur indikator\u00eb q\u00eb sugjerojn\u00eb ndonj\u00eb aktivitet t\u00eb shtuar rreth AVN-s\u00eb.<\/p>\n<p>\u201cSulmi n\u00eb Banjsk\u00eb dhe sulmi kund\u00ebr trupave t\u00eb KFOR-it n\u00eb Zve\u00e7an jan\u00eb t\u00eb papranueshme. NATO u p\u00ebrgjigj menj\u00ebher\u00eb. KFOR-i u p\u00ebrforcua me 1000 trupa shtes\u00eb, dhe KFOR-i shtoi aktivitete patrulluese pran\u00eb vij\u00ebs kufitare administrative. P\u00ebrfshir\u00eb patrullimet e p\u00ebrbashk\u00ebta me Policin\u00eb e Kosov\u00ebs n\u00eb veriun e Kosov\u00ebs si dhe patrullimet e sinkronizuara mes KFOR-it dhe forcave t\u00eb armatosura t\u00eb Serbis\u00eb n\u00ebp\u00ebr AVN. Ne nga af\u00ebr kemi monitoruar situat\u00ebn dhe nuk kemi par\u00eb ndonj\u00eb indikator\u00eb q\u00eb do t\u00eb sugjeronte p\u00ebr ndonj\u00eb aktivitet t\u00eb shtuar rreth AVN-s\u00eb. Si\u00e7 \u00ebsht\u00eb th\u00ebn\u00eb ne jemi n\u00eb kontakt t\u00eb rregullt n\u00eb nivele t\u00eb ndryshme me p\u00ebrfaq\u00ebsuesit e organizatave t\u00eb siguris\u00eb n\u00eb Kosov\u00eb dhe forcave t\u00eb armatosura n\u00eb Serbi\u201d, deklaroi ai.<\/p>\n<p>Nd\u00ebrkoh\u00eb, tha se p\u00ebr dy vite NATO vazhdimisht ka k\u00ebrkuar llogaridh\u00ebnie dhe q\u00eb sulmuesit t\u00eb sillen para drejt\u00ebsis\u00eb.<\/p>\n<p>\u201cNe presim nga autoritetet serbe t\u00eb bashk\u00ebpunojn\u00eb n\u00eb k\u00ebt\u00eb aspekt\u201d, shtoi Ulutashi.<\/p>\n<p>&nbsp;<\/p>\n<p>&nbsp;<\/p>\n","protected":false},"excerpt":{"rendered":"<p>Prishtin\u00eb, 21 dhjetor 2025 08:54 Sulmi terrorist n\u00eb Banjsk\u00eb dhe incidentet kund\u00ebr trupave t\u00eb KFOR-it n\u00eb Zve\u00e7an jan\u00eb konsideruar t\u00eb papranueshme nga NATO. Si p\u00ebrgjigje,<\/p>\n","protected":false},"author":7,"featured_media":24956,"comment_status":"open","ping_status":"open","sticky":false,"template":"","format":"standard","meta":{"footnotes":""},"categories":[60],"tags":[],"class_list":["post-24955","post","type-post","status-publish","format-standard","has-post-thumbnail","hentry","category-shoqerore-sq"],"yoast_head":"<!-- This site is optimized with the Yoast SEO plugin v25.3.1 - https:\/\/yoast.com\/wordpress\/plugins\/seo\/ -->\n<title>Ulutash: NATO-ja qe dy vite k\u00ebrkon q\u00eb sulmuesit e Banjsk\u00ebs t\u00eb sillen para drejt\u00ebsis\u00eb -<\/title>\n<meta name=\"robots\" content=\"index, follow, max-snippet:-1, max-image-preview:large, max-video-preview:-1\" \/>\n<link rel=\"canonical\" href=\"https:\/\/veritasinfo.org\/?p=24955\" \/>\n<meta property=\"og:locale\" content=\"en_US\" \/>\n<meta property=\"og:type\" content=\"article\" \/>\n<meta property=\"og:title\" content=\"Ulutash: NATO-ja qe dy vite k\u00ebrkon q\u00eb sulmuesit e Banjsk\u00ebs t\u00eb sillen para drejt\u00ebsis\u00eb -\" \/>\n<meta property=\"og:description\" content=\"Prishtin\u00eb, 21 dhjetor 2025 08:54 Sulmi terrorist n\u00eb Banjsk\u00eb dhe incidentet kund\u00ebr trupave t\u00eb KFOR-it n\u00eb Zve\u00e7an jan\u00eb konsideruar t\u00eb papranueshme nga NATO. Si p\u00ebrgjigje,\" \/>\n<meta property=\"og:url\" content=\"https:\/\/veritasinfo.org\/?p=24955\" \/>\n<meta property=\"article:published_time\" content=\"2025-12-21T07:55:58+00:00\" \/>\n<meta property=\"og:image\" content=\"https:\/\/veritasinfo.org\/wp-content\/uploads\/2025\/12\/1-28.jpg\" \/>\n\t<meta property=\"og:image:width\" content=\"1536\" \/>\n\t<meta property=\"og:image:height\" content=\"864\" \/>\n\t<meta property=\"og:image:type\" content=\"image\/jpeg\" \/>\n<meta name=\"author\" content=\"US6\" \/>\n<meta name=\"twitter:card\" content=\"summary_large_image\" \/>\n<meta name=\"twitter:label1\" content=\"Written by\" \/>\n\t<meta name=\"twitter:data1\" content=\"US6\" \/>\n\t<meta name=\"twitter:label2\" content=\"Est. reading time\" \/>\n\t<meta name=\"twitter:data2\" content=\"2 minutes\" \/>\n<script type=\"application\/ld+json\" class=\"yoast-schema-graph\">{\"@context\":\"https:\/\/schema.org\",\"@graph\":[{\"@type\":\"WebPage\",\"@id\":\"https:\/\/veritasinfo.org\/?p=24955\",\"url\":\"https:\/\/veritasinfo.org\/?p=24955\",\"name\":\"Ulutash: NATO-ja qe dy vite k\u00ebrkon q\u00eb sulmuesit e Banjsk\u00ebs t\u00eb sillen para drejt\u00ebsis\u00eb -\",\"isPartOf\":{\"@id\":\"https:\/\/veritasinfo.org\/#website\"},\"primaryImageOfPage\":{\"@id\":\"https:\/\/veritasinfo.org\/?p=24955#primaryimage\"},\"image\":{\"@id\":\"https:\/\/veritasinfo.org\/?p=24955#primaryimage\"},\"thumbnailUrl\":\"https:\/\/veritasinfo.org\/wp-content\/uploads\/2025\/12\/1-28.jpg\",\"datePublished\":\"2025-12-21T07:55:58+00:00\",\"author\":{\"@id\":\"https:\/\/veritasinfo.org\/#\/schema\/person\/fe199eede04c3937362892b7444747cc\"},\"breadcrumb\":{\"@id\":\"https:\/\/veritasinfo.org\/?p=24955#breadcrumb\"},\"inLanguage\":\"en-US\",\"potentialAction\":[{\"@type\":\"ReadAction\",\"target\":[\"https:\/\/veritasinfo.org\/?p=24955\"]}]},{\"@type\":\"ImageObject\",\"inLanguage\":\"en-US\",\"@id\":\"https:\/\/veritasinfo.org\/?p=24955#primaryimage\",\"url\":\"https:\/\/veritasinfo.org\/wp-content\/uploads\/2025\/12\/1-28.jpg\",\"contentUrl\":\"https:\/\/veritasinfo.org\/wp-content\/uploads\/2025\/12\/1-28.jpg\",\"width\":1536,\"height\":864,\"caption\":\"xr:d:DAFs6GpJDKM:184,j:3447918328093358453,t:23121919\"},{\"@type\":\"BreadcrumbList\",\"@id\":\"https:\/\/veritasinfo.org\/?p=24955#breadcrumb\",\"itemListElement\":[{\"@type\":\"ListItem\",\"position\":1,\"name\":\"Home\",\"item\":\"https:\/\/veritasinfo.org\/\"},{\"@type\":\"ListItem\",\"position\":2,\"name\":\"Ulutash: NATO-ja qe dy vite k\u00ebrkon q\u00eb sulmuesit e Banjsk\u00ebs t\u00eb sillen para drejt\u00ebsis\u00eb\"}]},{\"@type\":\"WebSite\",\"@id\":\"https:\/\/veritasinfo.org\/#website\",\"url\":\"https:\/\/veritasinfo.org\/\",\"name\":\"\",\"description\":\"\",\"potentialAction\":[{\"@type\":\"SearchAction\",\"target\":{\"@type\":\"EntryPoint\",\"urlTemplate\":\"https:\/\/veritasinfo.org\/?s={search_term_string}\"},\"query-input\":{\"@type\":\"PropertyValueSpecification\",\"valueRequired\":true,\"valueName\":\"search_term_string\"}}],\"inLanguage\":\"en-US\"},{\"@type\":\"Person\",\"@id\":\"https:\/\/veritasinfo.org\/#\/schema\/person\/fe199eede04c3937362892b7444747cc\",\"name\":\"US6\",\"image\":{\"@type\":\"ImageObject\",\"inLanguage\":\"en-US\",\"@id\":\"https:\/\/veritasinfo.org\/#\/schema\/person\/image\/\",\"url\":\"https:\/\/secure.gravatar.com\/avatar\/cb16c3c31c9d23b9b8c705964598220b3014e42ff51eb540ff23cefa3ae8c15f?s=96&d=mm&r=g\",\"contentUrl\":\"https:\/\/secure.gravatar.com\/avatar\/cb16c3c31c9d23b9b8c705964598220b3014e42ff51eb540ff23cefa3ae8c15f?s=96&d=mm&r=g\",\"caption\":\"US6\"},\"url\":\"https:\/\/veritasinfo.org\/?author=7\"}]}<\/script>\n<!-- \/ Yoast SEO plugin. -->","yoast_head_json":{"title":"Ulutash: NATO-ja qe dy vite k\u00ebrkon q\u00eb sulmuesit e Banjsk\u00ebs t\u00eb sillen para drejt\u00ebsis\u00eb -","robots":{"index":"index","follow":"follow","max-snippet":"max-snippet:-1","max-image-preview":"max-image-preview:large","max-video-preview":"max-video-preview:-1"},"canonical":"https:\/\/veritasinfo.org\/?p=24955","og_locale":"en_US","og_type":"article","og_title":"Ulutash: NATO-ja qe dy vite k\u00ebrkon q\u00eb sulmuesit e Banjsk\u00ebs t\u00eb sillen para drejt\u00ebsis\u00eb -","og_description":"Prishtin\u00eb, 21 dhjetor 2025 08:54 Sulmi terrorist n\u00eb Banjsk\u00eb dhe incidentet kund\u00ebr trupave t\u00eb KFOR-it n\u00eb Zve\u00e7an jan\u00eb konsideruar t\u00eb papranueshme nga NATO. Si p\u00ebrgjigje,","og_url":"https:\/\/veritasinfo.org\/?p=24955","article_published_time":"2025-12-21T07:55:58+00:00","og_image":[{"width":1536,"height":864,"url":"https:\/\/veritasinfo.org\/wp-content\/uploads\/2025\/12\/1-28.jpg","type":"image\/jpeg"}],"author":"US6","twitter_card":"summary_large_image","twitter_misc":{"Written by":"US6","Est. reading time":"2 minutes"},"schema":{"@context":"https:\/\/schema.org","@graph":[{"@type":"WebPage","@id":"https:\/\/veritasinfo.org\/?p=24955","url":"https:\/\/veritasinfo.org\/?p=24955","name":"Ulutash: NATO-ja qe dy vite k\u00ebrkon q\u00eb sulmuesit e Banjsk\u00ebs t\u00eb sillen para drejt\u00ebsis\u00eb -","isPartOf":{"@id":"https:\/\/veritasinfo.org\/#website"},"primaryImageOfPage":{"@id":"https:\/\/veritasinfo.org\/?p=24955#primaryimage"},"image":{"@id":"https:\/\/veritasinfo.org\/?p=24955#primaryimage"},"thumbnailUrl":"https:\/\/veritasinfo.org\/wp-content\/uploads\/2025\/12\/1-28.jpg","datePublished":"2025-12-21T07:55:58+00:00","author":{"@id":"https:\/\/veritasinfo.org\/#\/schema\/person\/fe199eede04c3937362892b7444747cc"},"breadcrumb":{"@id":"https:\/\/veritasinfo.org\/?p=24955#breadcrumb"},"inLanguage":"en-US","potentialAction":[{"@type":"ReadAction","target":["https:\/\/veritasinfo.org\/?p=24955"]}]},{"@type":"ImageObject","inLanguage":"en-US","@id":"https:\/\/veritasinfo.org\/?p=24955#primaryimage","url":"https:\/\/veritasinfo.org\/wp-content\/uploads\/2025\/12\/1-28.jpg","contentUrl":"https:\/\/veritasinfo.org\/wp-content\/uploads\/2025\/12\/1-28.jpg","width":1536,"height":864,"caption":"xr:d:DAFs6GpJDKM:184,j:3447918328093358453,t:23121919"},{"@type":"BreadcrumbList","@id":"https:\/\/veritasinfo.org\/?p=24955#breadcrumb","itemListElement":[{"@type":"ListItem","position":1,"name":"Home","item":"https:\/\/veritasinfo.org\/"},{"@type":"ListItem","position":2,"name":"Ulutash: NATO-ja qe dy vite k\u00ebrkon q\u00eb sulmuesit e Banjsk\u00ebs t\u00eb sillen para drejt\u00ebsis\u00eb"}]},{"@type":"WebSite","@id":"https:\/\/veritasinfo.org\/#website","url":"https:\/\/veritasinfo.org\/","name":"","description":"","potentialAction":[{"@type":"SearchAction","target":{"@type":"EntryPoint","urlTemplate":"https:\/\/veritasinfo.org\/?s={search_term_string}"},"query-input":{"@type":"PropertyValueSpecification","valueRequired":true,"valueName":"search_term_string"}}],"inLanguage":"en-US"},{"@type":"Person","@id":"https:\/\/veritasinfo.org\/#\/schema\/person\/fe199eede04c3937362892b7444747cc","name":"US6","image":{"@type":"ImageObject","inLanguage":"en-US","@id":"https:\/\/veritasinfo.org\/#\/schema\/person\/image\/","url":"https:\/\/secure.gravatar.com\/avatar\/cb16c3c31c9d23b9b8c705964598220b3014e42ff51eb540ff23cefa3ae8c15f?s=96&d=mm&r=g","contentUrl":"https:\/\/secure.gravatar.com\/avatar\/cb16c3c31c9d23b9b8c705964598220b3014e42ff51eb540ff23cefa3ae8c15f?s=96&d=mm&r=g","caption":"US6"},"url":"https:\/\/veritasinfo.org\/?author=7"}]}},"featured_image_urls":{"full":["https:\/\/veritasinfo.org\/wp-content\/uploads\/2025\/12\/1-28.jpg",1536,864,false],"thumbnail":["https:\/\/veritasinfo.org\/wp-content\/uploads\/2025\/12\/1-28-150x150.jpg",150,150,true],"medium":["https:\/\/veritasinfo.org\/wp-content\/uploads\/2025\/12\/1-28-300x169.jpg",300,169,true],"medium_large":["https:\/\/veritasinfo.org\/wp-content\/uploads\/2025\/12\/1-28-768x432.jpg",640,360,true],"large":["https:\/\/veritasinfo.org\/wp-content\/uploads\/2025\/12\/1-28-1024x576.jpg",640,360,true],"1536x1536":["https:\/\/veritasinfo.org\/wp-content\/uploads\/2025\/12\/1-28.jpg",1536,864,false],"2048x2048":["https:\/\/veritasinfo.org\/wp-content\/uploads\/2025\/12\/1-28.jpg",1536,864,false],"kreeti-slider-full":["https:\/\/veritasinfo.org\/wp-content\/uploads\/2025\/12\/1-28.jpg",1280,720,false],"kreeti-featured":["https:\/\/veritasinfo.org\/wp-content\/uploads\/2025\/12\/1-28.jpg",1024,576,false],"kreeti-medium":["https:\/\/veritasinfo.org\/wp-content\/uploads\/2025\/12\/1-28.jpg",720,405,false],"kreeti-medium-square":["https:\/\/veritasinfo.org\/wp-content\/uploads\/2025\/12\/1-28.jpg",350,197,false]},"author_info":{"info":["US6"]},"category_info":"<a href=\"https:\/\/veritasinfo.org\/?cat=60\" rel=\"category\">Shoq\u00ebrore<\/a>","tag_info":"Shoq\u00ebrore","comment_count":"0","_links":{"self":[{"href":"https:\/\/veritasinfo.org\/index.php?rest_route=\/wp\/v2\/posts\/24955","targetHints":{"allow":["GET"]}}],"collection":[{"href":"https:\/\/veritasinfo.org\/index.php?rest_route=\/wp\/v2\/posts"}],"about":[{"href":"https:\/\/veritasinfo.org\/index.php?rest_route=\/wp\/v2\/types\/post"}],"author":[{"embeddable":true,"href":"https:\/\/veritasinfo.org\/index.php?rest_route=\/wp\/v2\/users\/7"}],"replies":[{"embeddable":true,"href":"https:\/\/veritasinfo.org\/index.php?rest_route=%2Fwp%2Fv2%2Fcomments&post=24955"}],"version-history":[{"count":1,"href":"https:\/\/veritasinfo.org\/index.php?rest_route=\/wp\/v2\/posts\/24955\/revisions"}],"predecessor-version":[{"id":24957,"href":"https:\/\/veritasinfo.org\/index.php?rest_route=\/wp\/v2\/posts\/24955\/revisions\/24957"}],"wp:featuredmedia":[{"embeddable":true,"href":"https:\/\/veritasinfo.org\/index.php?rest_route=\/wp\/v2\/media\/24956"}],"wp:attachment":[{"href":"https:\/\/veritasinfo.org\/index.php?rest_route=%2Fwp%2Fv2%2Fmedia&parent=24955"}],"wp:term":[{"taxonomy":"category","embeddable":true,"href":"https:\/\/veritasinfo.org\/index.php?rest_route=%2Fwp%2Fv2%2Fcategories&post=24955"},{"taxonomy":"post_tag","embeddable":true,"href":"https:\/\/veritasinfo.org\/index.php?rest_route=%2Fwp%2Fv2%2Ftags&post=24955"}],"curies":[{"name":"wp","href":"https:\/\/api.w.org\/{rel}","templated":true}]}}