{"id":24942,"date":"2025-12-21T08:29:02","date_gmt":"2025-12-21T07:29:02","guid":{"rendered":"https:\/\/veritasinfo.org\/?p=24942"},"modified":"2025-12-21T08:29:02","modified_gmt":"2025-12-21T07:29:02","slug":"uhapsen-bivsi-pripadnik-mup-a-osumnjicen-za-otmicu-vukasinovica","status":"publish","type":"post","link":"https:\/\/veritasinfo.org\/?p=24942&lang=sr","title":{"rendered":"Uhap\u0161en biv\u0161i pripadnik MUP-a, osumnji\u010den za otmicu Vuka\u0161inovic\u0301a"},"content":{"rendered":"<p><strong>Pri\u0161tina, 21. decembar 2025 20:28<\/strong><\/p>\n<p>Biv\u0161i pripadnik Ministarstva unutra\u0161njih poslova (MUP) Srbije, kasnije integrisan u Kosovsku policiju, uhap\u0161en je u subotu u Le\u0161ku, zbog sumnje da je 1. novembra oteo dr\u017eavljanina Kosova Milana Vuka\u0161inovic\u0301a na teritoriji Kosova, saop\u0161tio je vr\u0161ilac du\u017enosti ministra unutra\u0161njih poslova D\u017eelal Sve\u010dlja.<\/p>\n<p>Kako je Sve\u010dala rekao, postoje osnovane sumnje da je V.M. sara\u0111ivao i kontinuirano podr\u017eavao bezbednosne strukture Srbije, uklju\u010dujuc\u0301i i otmicu Milana Vuka\u0161inovic\u0301a, koji je te\u0161ko povre\u0111en tokom otmice i trenutno se le\u010di u bolnici u Srbiji.<\/p>\n<p>Sve\u010dlja je rekao da je uhap\u0161ena osoba bila bar upoznata sa pripremama za teroristi\u010dki napad u Banjskoj 2023. godine.<\/p>\n<p>\u201eV.M. je osumnji\u010den da je bio u kontaktu sa srpskim obave\u0161tajnim i vojnim strukturama, pripremao mlade Srbe za obuku u saradnji sa pripadnicima srpske vojske i da je bar bio upoznat sa pripremama za teroristi\u010dki napad u Banjskoj\u201c, napisao je Sve\u010dlja na Fejsbuku.<\/p>\n<p>Sve\u010dala je rekao da niko ne mo\u017ee izbec\u0301i pravdu na Kosovu i da c\u0301e pre ili kasnije svi odgovorni biti izvedeni pred lice pravde.<\/p>\n<p>\u201eNiko nec\u0301e moc\u0301i da izbegne pravdu na Kosovu. Na\u0161e profesionalne institucije imaju kapacitet da se pozabave svakom pretnjom i re\u0161e svaki zlo\u010din. Pre ili kasnije, ljudi odgovorni za ovaj i druge slu\u010dajeve, koji su deo srpskih bezbednosnih institucija ili su tamo sme\u0161teni i koje vlada koristi u politi\u010dke i bezbednosne svrhe, tako\u0111e c\u0301e biti izvedeni pred lice pravde\u201c, dodao je.<\/p>\n<p>Sve\u010dlja je objavio da su operaciju hap\u0161enja u Le\u0161ku zajedni\u010dki sproveli policija i Kosovska obave\u0161tajna agencija. Prema njegovim re\u010dima, V.M. bio je integrisan u Kosovsku policiju od 2013. godine, iz koje je podneo ostavku.<\/p>\n<p>&nbsp;<\/p>\n","protected":false},"excerpt":{"rendered":"<p>Pri\u0161tina, 21. decembar 2025 20:28 Biv\u0161i pripadnik Ministarstva unutra\u0161njih poslova (MUP) Srbije, kasnije integrisan u Kosovsku policiju, uhap\u0161en je u subotu u Le\u0161ku, zbog sumnje<\/p>\n","protected":false},"author":2,"featured_media":24941,"comment_status":"open","ping_status":"open","sticky":false,"template":"","format":"standard","meta":{"footnotes":""},"categories":[103],"tags":[],"class_list":["post-24942","post","type-post","status-publish","format-standard","has-post-thumbnail","hentry","category-hronika"],"yoast_head":"<!-- This site is optimized with the Yoast SEO plugin v25.3.1 - https:\/\/yoast.com\/wordpress\/plugins\/seo\/ -->\n<title>Uhap\u0161en biv\u0161i pripadnik MUP-a, osumnji\u010den za otmicu Vuka\u0161inovic\u0301a -<\/title>\n<meta name=\"robots\" content=\"index, follow, max-snippet:-1, max-image-preview:large, max-video-preview:-1\" \/>\n<link rel=\"canonical\" href=\"https:\/\/veritasinfo.org\/?p=24942&lang=sr\" \/>\n<meta property=\"og:locale\" content=\"en_US\" \/>\n<meta property=\"og:type\" content=\"article\" \/>\n<meta property=\"og:title\" content=\"Uhap\u0161en biv\u0161i pripadnik MUP-a, osumnji\u010den za otmicu Vuka\u0161inovic\u0301a -\" \/>\n<meta property=\"og:description\" content=\"Pri\u0161tina, 21. decembar 2025 20:28 Biv\u0161i pripadnik Ministarstva unutra\u0161njih poslova (MUP) Srbije, kasnije integrisan u Kosovsku policiju, uhap\u0161en je u subotu u Le\u0161ku, zbog sumnje\" \/>\n<meta property=\"og:url\" content=\"https:\/\/veritasinfo.org\/?p=24942&amp;lang=sr\" \/>\n<meta property=\"article:published_time\" content=\"2025-12-21T07:29:02+00:00\" \/>\n<meta property=\"og:image\" content=\"https:\/\/veritasinfo.org\/wp-content\/uploads\/2025\/12\/mup.webp\" \/>\n\t<meta property=\"og:image:width\" content=\"984\" \/>\n\t<meta property=\"og:image:height\" content=\"586\" \/>\n\t<meta property=\"og:image:type\" content=\"image\/webp\" \/>\n<meta name=\"author\" content=\"US1\" \/>\n<meta name=\"twitter:card\" content=\"summary_large_image\" \/>\n<meta name=\"twitter:label1\" content=\"Written by\" \/>\n\t<meta name=\"twitter:data1\" content=\"US1\" \/>\n\t<meta name=\"twitter:label2\" content=\"Est. reading time\" \/>\n\t<meta name=\"twitter:data2\" content=\"2 minutes\" \/>\n<script type=\"application\/ld+json\" class=\"yoast-schema-graph\">{\"@context\":\"https:\/\/schema.org\",\"@graph\":[{\"@type\":\"WebPage\",\"@id\":\"https:\/\/veritasinfo.org\/?p=24942&lang=sr\",\"url\":\"https:\/\/veritasinfo.org\/?p=24942&lang=sr\",\"name\":\"Uhap\u0161en biv\u0161i pripadnik MUP-a, osumnji\u010den za otmicu Vuka\u0161inovic\u0301a -\",\"isPartOf\":{\"@id\":\"https:\/\/veritasinfo.org\/#website\"},\"primaryImageOfPage\":{\"@id\":\"https:\/\/veritasinfo.org\/?p=24942&lang=sr#primaryimage\"},\"image\":{\"@id\":\"https:\/\/veritasinfo.org\/?p=24942&lang=sr#primaryimage\"},\"thumbnailUrl\":\"https:\/\/veritasinfo.org\/wp-content\/uploads\/2025\/12\/mup.webp\",\"datePublished\":\"2025-12-21T07:29:02+00:00\",\"author\":{\"@id\":\"https:\/\/veritasinfo.org\/#\/schema\/person\/c2b8be262ea994d0995addca692c5e98\"},\"breadcrumb\":{\"@id\":\"https:\/\/veritasinfo.org\/?p=24942&lang=sr#breadcrumb\"},\"inLanguage\":\"en-US\",\"potentialAction\":[{\"@type\":\"ReadAction\",\"target\":[\"https:\/\/veritasinfo.org\/?p=24942&lang=sr\"]}]},{\"@type\":\"ImageObject\",\"inLanguage\":\"en-US\",\"@id\":\"https:\/\/veritasinfo.org\/?p=24942&lang=sr#primaryimage\",\"url\":\"https:\/\/veritasinfo.org\/wp-content\/uploads\/2025\/12\/mup.webp\",\"contentUrl\":\"https:\/\/veritasinfo.org\/wp-content\/uploads\/2025\/12\/mup.webp\",\"width\":984,\"height\":586},{\"@type\":\"BreadcrumbList\",\"@id\":\"https:\/\/veritasinfo.org\/?p=24942&lang=sr#breadcrumb\",\"itemListElement\":[{\"@type\":\"ListItem\",\"position\":1,\"name\":\"Home\",\"item\":\"https:\/\/veritasinfo.org\/\"},{\"@type\":\"ListItem\",\"position\":2,\"name\":\"Uhap\u0161en biv\u0161i pripadnik MUP-a, osumnji\u010den za otmicu Vuka\u0161inovic\u0301a\"}]},{\"@type\":\"WebSite\",\"@id\":\"https:\/\/veritasinfo.org\/#website\",\"url\":\"https:\/\/veritasinfo.org\/\",\"name\":\"\",\"description\":\"\",\"potentialAction\":[{\"@type\":\"SearchAction\",\"target\":{\"@type\":\"EntryPoint\",\"urlTemplate\":\"https:\/\/veritasinfo.org\/?s={search_term_string}\"},\"query-input\":{\"@type\":\"PropertyValueSpecification\",\"valueRequired\":true,\"valueName\":\"search_term_string\"}}],\"inLanguage\":\"en-US\"},{\"@type\":\"Person\",\"@id\":\"https:\/\/veritasinfo.org\/#\/schema\/person\/c2b8be262ea994d0995addca692c5e98\",\"name\":\"US1\",\"image\":{\"@type\":\"ImageObject\",\"inLanguage\":\"en-US\",\"@id\":\"https:\/\/veritasinfo.org\/#\/schema\/person\/image\/\",\"url\":\"https:\/\/secure.gravatar.com\/avatar\/4e96a59bd256abf9956eb9963ac891a47461ffb364d47b0e9aab113328fdb75b?s=96&d=mm&r=g\",\"contentUrl\":\"https:\/\/secure.gravatar.com\/avatar\/4e96a59bd256abf9956eb9963ac891a47461ffb364d47b0e9aab113328fdb75b?s=96&d=mm&r=g\",\"caption\":\"US1\"},\"url\":\"https:\/\/veritasinfo.org\/?author=2\"}]}<\/script>\n<!-- \/ Yoast SEO plugin. -->","yoast_head_json":{"title":"Uhap\u0161en biv\u0161i pripadnik MUP-a, osumnji\u010den za otmicu Vuka\u0161inovic\u0301a -","robots":{"index":"index","follow":"follow","max-snippet":"max-snippet:-1","max-image-preview":"max-image-preview:large","max-video-preview":"max-video-preview:-1"},"canonical":"https:\/\/veritasinfo.org\/?p=24942&lang=sr","og_locale":"en_US","og_type":"article","og_title":"Uhap\u0161en biv\u0161i pripadnik MUP-a, osumnji\u010den za otmicu Vuka\u0161inovic\u0301a -","og_description":"Pri\u0161tina, 21. decembar 2025 20:28 Biv\u0161i pripadnik Ministarstva unutra\u0161njih poslova (MUP) Srbije, kasnije integrisan u Kosovsku policiju, uhap\u0161en je u subotu u Le\u0161ku, zbog sumnje","og_url":"https:\/\/veritasinfo.org\/?p=24942&lang=sr","article_published_time":"2025-12-21T07:29:02+00:00","og_image":[{"width":984,"height":586,"url":"https:\/\/veritasinfo.org\/wp-content\/uploads\/2025\/12\/mup.webp","type":"image\/webp"}],"author":"US1","twitter_card":"summary_large_image","twitter_misc":{"Written by":"US1","Est. reading time":"2 minutes"},"schema":{"@context":"https:\/\/schema.org","@graph":[{"@type":"WebPage","@id":"https:\/\/veritasinfo.org\/?p=24942&lang=sr","url":"https:\/\/veritasinfo.org\/?p=24942&lang=sr","name":"Uhap\u0161en biv\u0161i pripadnik MUP-a, osumnji\u010den za otmicu Vuka\u0161inovic\u0301a -","isPartOf":{"@id":"https:\/\/veritasinfo.org\/#website"},"primaryImageOfPage":{"@id":"https:\/\/veritasinfo.org\/?p=24942&lang=sr#primaryimage"},"image":{"@id":"https:\/\/veritasinfo.org\/?p=24942&lang=sr#primaryimage"},"thumbnailUrl":"https:\/\/veritasinfo.org\/wp-content\/uploads\/2025\/12\/mup.webp","datePublished":"2025-12-21T07:29:02+00:00","author":{"@id":"https:\/\/veritasinfo.org\/#\/schema\/person\/c2b8be262ea994d0995addca692c5e98"},"breadcrumb":{"@id":"https:\/\/veritasinfo.org\/?p=24942&lang=sr#breadcrumb"},"inLanguage":"en-US","potentialAction":[{"@type":"ReadAction","target":["https:\/\/veritasinfo.org\/?p=24942&lang=sr"]}]},{"@type":"ImageObject","inLanguage":"en-US","@id":"https:\/\/veritasinfo.org\/?p=24942&lang=sr#primaryimage","url":"https:\/\/veritasinfo.org\/wp-content\/uploads\/2025\/12\/mup.webp","contentUrl":"https:\/\/veritasinfo.org\/wp-content\/uploads\/2025\/12\/mup.webp","width":984,"height":586},{"@type":"BreadcrumbList","@id":"https:\/\/veritasinfo.org\/?p=24942&lang=sr#breadcrumb","itemListElement":[{"@type":"ListItem","position":1,"name":"Home","item":"https:\/\/veritasinfo.org\/"},{"@type":"ListItem","position":2,"name":"Uhap\u0161en biv\u0161i pripadnik MUP-a, osumnji\u010den za otmicu Vuka\u0161inovic\u0301a"}]},{"@type":"WebSite","@id":"https:\/\/veritasinfo.org\/#website","url":"https:\/\/veritasinfo.org\/","name":"","description":"","potentialAction":[{"@type":"SearchAction","target":{"@type":"EntryPoint","urlTemplate":"https:\/\/veritasinfo.org\/?s={search_term_string}"},"query-input":{"@type":"PropertyValueSpecification","valueRequired":true,"valueName":"search_term_string"}}],"inLanguage":"en-US"},{"@type":"Person","@id":"https:\/\/veritasinfo.org\/#\/schema\/person\/c2b8be262ea994d0995addca692c5e98","name":"US1","image":{"@type":"ImageObject","inLanguage":"en-US","@id":"https:\/\/veritasinfo.org\/#\/schema\/person\/image\/","url":"https:\/\/secure.gravatar.com\/avatar\/4e96a59bd256abf9956eb9963ac891a47461ffb364d47b0e9aab113328fdb75b?s=96&d=mm&r=g","contentUrl":"https:\/\/secure.gravatar.com\/avatar\/4e96a59bd256abf9956eb9963ac891a47461ffb364d47b0e9aab113328fdb75b?s=96&d=mm&r=g","caption":"US1"},"url":"https:\/\/veritasinfo.org\/?author=2"}]}},"featured_image_urls":{"full":["https:\/\/veritasinfo.org\/wp-content\/uploads\/2025\/12\/mup.webp",984,586,false],"thumbnail":["https:\/\/veritasinfo.org\/wp-content\/uploads\/2025\/12\/mup-150x150.webp",150,150,true],"medium":["https:\/\/veritasinfo.org\/wp-content\/uploads\/2025\/12\/mup-300x179.webp",300,179,true],"medium_large":["https:\/\/veritasinfo.org\/wp-content\/uploads\/2025\/12\/mup-768x457.webp",640,381,true],"large":["https:\/\/veritasinfo.org\/wp-content\/uploads\/2025\/12\/mup.webp",640,381,false],"1536x1536":["https:\/\/veritasinfo.org\/wp-content\/uploads\/2025\/12\/mup.webp",984,586,false],"2048x2048":["https:\/\/veritasinfo.org\/wp-content\/uploads\/2025\/12\/mup.webp",984,586,false],"kreeti-slider-full":["https:\/\/veritasinfo.org\/wp-content\/uploads\/2025\/12\/mup.webp",984,586,false],"kreeti-featured":["https:\/\/veritasinfo.org\/wp-content\/uploads\/2025\/12\/mup.webp",984,586,false],"kreeti-medium":["https:\/\/veritasinfo.org\/wp-content\/uploads\/2025\/12\/mup.webp",720,429,false],"kreeti-medium-square":["https:\/\/veritasinfo.org\/wp-content\/uploads\/2025\/12\/mup.webp",350,208,false]},"author_info":{"info":["US1"]},"category_info":"<a href=\"https:\/\/veritasinfo.org\/?cat=103&#038;lang=sr\" rel=\"category\">Hronika<\/a>","tag_info":"Hronika","comment_count":"0","_links":{"self":[{"href":"https:\/\/veritasinfo.org\/index.php?rest_route=\/wp\/v2\/posts\/24942","targetHints":{"allow":["GET"]}}],"collection":[{"href":"https:\/\/veritasinfo.org\/index.php?rest_route=\/wp\/v2\/posts"}],"about":[{"href":"https:\/\/veritasinfo.org\/index.php?rest_route=\/wp\/v2\/types\/post"}],"author":[{"embeddable":true,"href":"https:\/\/veritasinfo.org\/index.php?rest_route=\/wp\/v2\/users\/2"}],"replies":[{"embeddable":true,"href":"https:\/\/veritasinfo.org\/index.php?rest_route=%2Fwp%2Fv2%2Fcomments&post=24942"}],"version-history":[{"count":1,"href":"https:\/\/veritasinfo.org\/index.php?rest_route=\/wp\/v2\/posts\/24942\/revisions"}],"predecessor-version":[{"id":24943,"href":"https:\/\/veritasinfo.org\/index.php?rest_route=\/wp\/v2\/posts\/24942\/revisions\/24943"}],"wp:featuredmedia":[{"embeddable":true,"href":"https:\/\/veritasinfo.org\/index.php?rest_route=\/wp\/v2\/media\/24941"}],"wp:attachment":[{"href":"https:\/\/veritasinfo.org\/index.php?rest_route=%2Fwp%2Fv2%2Fmedia&parent=24942"}],"wp:term":[{"taxonomy":"category","embeddable":true,"href":"https:\/\/veritasinfo.org\/index.php?rest_route=%2Fwp%2Fv2%2Fcategories&post=24942"},{"taxonomy":"post_tag","embeddable":true,"href":"https:\/\/veritasinfo.org\/index.php?rest_route=%2Fwp%2Fv2%2Ftags&post=24942"}],"curies":[{"name":"wp","href":"https:\/\/api.w.org\/{rel}","templated":true}]}}