{"id":24898,"date":"2025-12-20T18:59:48","date_gmt":"2025-12-20T17:59:48","guid":{"rendered":"https:\/\/veritasinfo.org\/?p=24898"},"modified":"2025-12-20T18:59:48","modified_gmt":"2025-12-20T17:59:48","slug":"tre-vjet-pas-doreheqjeve-ne-veri-ekspertet-punesimi-i-policeve-te-rinj-vetem-nepermjet-konkursit","status":"publish","type":"post","link":"https:\/\/veritasinfo.org\/?p=24898","title":{"rendered":"Tre vjet pas dor\u00ebheqjeve n\u00eb veri, ekspert\u00ebt: Pun\u00ebsimi i polic\u00ebve t\u00eb rinj vet\u00ebm n\u00ebp\u00ebrmjet konkursit"},"content":{"rendered":"<p><strong>Prishtin\u00eb, 20 dhjetor 2025 28:57<\/strong><\/p>\n<p>P\u00ebrkund\u00ebr rreth 500 dor\u00ebheqjeve t\u00eb zyrtar\u00ebve nga komuniteti serb, numri i p\u00ebrgjithsh\u00ebm i pjes\u00ebtar\u00ebve t\u00eb forcave t\u00eb rendit n\u00eb kat\u00ebr komunat n\u00eb veri, sipas Policis\u00eb s\u00eb Kosov\u00ebs, \u00ebsht\u00eb pothuajse i nj\u00ebjt\u00eb me at\u00eb t\u00eb para dor\u00ebheqjeve. Vet\u00ebm n\u00eb Mitrovic\u00eb t\u00eb Veriut, Zvecan, Zubin Potok e Leposaviq, n\u00ebp\u00ebrmjet konkurseve jan\u00eb pun\u00ebsuar rreth 150 polic\u00eb t\u00eb rinj serb\u00eb. Ekspert\u00eb t\u00eb siguris\u00eb thon\u00eb se p\u00ebr t\u00eb mos lejuar ndikime nga Serbia, pun\u00ebsimet e pjes\u00ebtar\u00ebve nga komuniteti serb, sikur edhe t\u00eb tjer\u00ebve, duhet t\u00eb b\u00ebhen vet\u00ebm me konkurs.<\/p>\n<p>Tre vjet m\u00eb par\u00eb, duke zbatuar urdhra politik, n\u00eb form\u00eb t\u00eb organizuar rreth 500 zyrtar\u00eb policor\u00eb nga komuniteti serb n\u00eb veri zhvesh\u00ebn uniformat me flamurin e shtetit t\u00eb Kosov\u00ebs.<\/p>\n<p>Menj\u00ebher\u00eb, p\u00ebr t\u00eb mos lejuar vakum ishin angazhuar me zyrtar\u00eb policor\u00eb shqiptar dhe t\u00eb komuniteteve tjera, por edhe serb\u00eb nga komunat tjera q\u00eb u risistemuan n\u00eb Mitrovic\u00eb t\u00eb Veriut, Zve\u00e7an, Leposaviq dhe Zubin Potok.<\/p>\n<p>Pasi tha se numri i p\u00ebrgjithsh\u00ebm i polic\u00ebve t\u00eb angazhuar n\u00eb k\u00ebt\u00eb pjes\u00eb t\u00eb vendit \u00ebsht\u00eb pothuajse i nj\u00ebjt\u00eb me at\u00eb t\u00eb para dor\u00ebheqjeve, n\u00eb nj\u00eb p\u00ebrgjigje p\u00ebr TV Dukagjini, Policia tregoi se vet\u00ebm n\u00eb veri \u201cp\u00ebrmes konkurseve t\u00eb rregullta jan\u00eb pun\u00ebsuar rreth 150 zyrtar\u00eb t\u00eb rinj nga komuniteti serb\u201d<\/p>\n<p>\u201cNga N\u00ebntori i vitit 2022 e deri m\u00eb tani p\u00ebrmes konkurseve t\u00eb rregullta jan\u00eb pun\u00ebsuar rreth 150 zyrtar\u00eb t\u00eb rinj nga komuniteti Serb, t\u00eb angazhuar n\u00eb pjes\u00ebn veriore t\u00eb vendit\u201d, thuhet n\u00eb njoftimin nga Policia e Kosov\u00ebs<\/p>\n<p>Por, numri i serb\u00ebve q\u00eb u b\u00ebn\u00eb pjes\u00eb e Policis\u00eb n\u00eb t\u00ebr\u00eb Kosov\u00ebn, pas N\u00ebntorit 2022, \u00ebsht\u00eb m\u00eb i madh.<\/p>\n<p>\u201cQ\u00eb prej dor\u00ebheqjeve kolektive t\u00eb polic\u00ebve serb\u00eb n\u00eb veri t\u00eb Kosov\u00ebs n\u00eb N\u00ebntor t\u00eb vitit 2022, 208 polic\u00eb, kadet\u00eb t\u00eb rinj nga komuniteti serb i jan\u00eb bashkuar Policis\u00eb s\u00eb Kosov\u00ebs\u201d, ka deklaruar Albin Kurti, kryeminist\u00ebr n\u00eb detyr\u00eb<\/p>\n<p>Koloneli n\u00eb pension Refki Morina thot\u00eb se dor\u00ebheqjet ishin politike dhe t\u00eb parevokueshme, nd\u00ebrkaq shpjegoi se rregullativa nuk lejon kthimin e askujt dhe \u201cse pun\u00ebsimi n\u00eb Policin\u00eb e Kosov\u00ebs mund t\u00eb b\u00ebhet vet\u00ebm n\u00ebp\u00ebrmjet konkursit, duke verifikuar t\u00eb kaluar\u00ebn penale\u201d.<\/p>\n<p>\u201cM\u00eb par\u00eb kan\u00eb pun\u00ebsuar njer\u00ebz edhe t\u00eb Rojave t\u00eb Ur\u00ebs n\u00eb Policin\u00eb e Kosov\u00ebs, por ata n\u00eb nj\u00eb m\u00ebnyr\u00eb ose nj\u00eb tjet\u00ebr m\u00eb shum\u00eb kan\u00eb punuar p\u00ebr Serbin\u00eb sesa p\u00ebr shtetin e Kosov\u00ebs, andaj nj\u00eb gj\u00eb e till\u00eb nuk mund t\u00eb ndodh\u00eb n\u00eb Policin\u00eb e Kosov\u00ebs. \u00cbsht\u00eb konkursi i rregullt. N\u00eb konkursin e rregullt kan\u00eb t\u00eb drejt\u00eb t\u00eb paraqiten t\u00eb gjitha nacionalitet, shqiptar\u00eb, serb\u00eb, rom\u00eb, t\u00eb gjitha nacionalitetet q\u00eb jetojn\u00eb n\u00eb Kosov\u00eb\u201d, ka th\u00ebn\u00eb Refki Morina, kolonel n\u00eb pension i Policis\u00eb s\u00eb Kosov\u00ebs.<\/p>\n<p>\u201cQ\u00eb prej dor\u00ebheqjeve kolektive t\u00eb polic\u00ebve serb\u00eb n\u00eb veri t\u00eb Kosov\u00ebs n\u00eb N\u00ebntor t\u00eb vitit 2022, 208 polic\u00eb, kadet\u00eb t\u00eb rinj nga komuniteti serb i jan\u00eb bashkuar Policis\u00eb s\u00eb Kosov\u00ebs\u201d, ka deklaruar Albin Kurti, kryeminist\u00ebr n\u00eb detyr\u00eb<\/p>\n<p>Koloneli n\u00eb pension Refki Morina thot\u00eb se dor\u00ebheqjet ishin politike dhe t\u00eb parevokueshme, nd\u00ebrkaq shpjegoi se rregullativa nuk lejon kthimin e askujt dhe \u201cse pun\u00ebsimi n\u00eb Policin\u00eb e Kosov\u00ebs mund t\u00eb b\u00ebhet vet\u00ebm n\u00ebp\u00ebrmjet konkursit, duke verifikuar t\u00eb kaluar\u00ebn penale\u201d.<\/p>\n<p>\u201cM\u00eb par\u00eb kan\u00eb pun\u00ebsuar njer\u00ebz edhe t\u00eb Rojave t\u00eb Ur\u00ebs n\u00eb Policin\u00eb e Kosov\u00ebs, por ata n\u00eb nj\u00eb m\u00ebnyr\u00eb ose nj\u00eb tjet\u00ebr m\u00eb shum\u00eb kan\u00eb punuar p\u00ebr Serbin\u00eb sesa p\u00ebr shtetin e Kosov\u00ebs, andaj nj\u00eb gj\u00eb e till\u00eb nuk mund t\u00eb ndodh\u00eb n\u00eb Policin\u00eb e Kosov\u00ebs. \u00cbsht\u00eb konkursi i rregullt. N\u00eb konkursin e rregullt kan\u00eb t\u00eb drejt\u00eb t\u00eb paraqiten t\u00eb gjitha nacionalitet, shqiptar\u00eb, serb\u00eb, rom\u00eb, t\u00eb gjitha nacionalitetet q\u00eb jetojn\u00eb n\u00eb Kosov\u00eb\u201d, ka th\u00ebn\u00eb Refki Morina, kolonel n\u00eb pension i Policis\u00eb s\u00eb Kosov\u00ebs.<\/p>\n<p>&nbsp;<\/p>\n","protected":false},"excerpt":{"rendered":"<p>Prishtin\u00eb, 20 dhjetor 2025 28:57 P\u00ebrkund\u00ebr rreth 500 dor\u00ebheqjeve t\u00eb zyrtar\u00ebve nga komuniteti serb, numri i p\u00ebrgjithsh\u00ebm i pjes\u00ebtar\u00ebve t\u00eb forcave t\u00eb rendit n\u00eb kat\u00ebr<\/p>\n","protected":false},"author":7,"featured_media":24899,"comment_status":"open","ping_status":"open","sticky":false,"template":"","format":"standard","meta":{"footnotes":""},"categories":[60],"tags":[],"class_list":["post-24898","post","type-post","status-publish","format-standard","has-post-thumbnail","hentry","category-shoqerore-sq"],"yoast_head":"<!-- This site is optimized with the Yoast SEO plugin v25.3.1 - https:\/\/yoast.com\/wordpress\/plugins\/seo\/ -->\n<title>Tre vjet pas dor\u00ebheqjeve n\u00eb veri, ekspert\u00ebt: Pun\u00ebsimi i polic\u00ebve t\u00eb rinj vet\u00ebm n\u00ebp\u00ebrmjet konkursit -<\/title>\n<meta name=\"robots\" content=\"index, follow, max-snippet:-1, max-image-preview:large, max-video-preview:-1\" \/>\n<link rel=\"canonical\" href=\"https:\/\/veritasinfo.org\/?p=24898\" \/>\n<meta property=\"og:locale\" content=\"en_US\" \/>\n<meta property=\"og:type\" content=\"article\" \/>\n<meta property=\"og:title\" content=\"Tre vjet pas dor\u00ebheqjeve n\u00eb veri, ekspert\u00ebt: Pun\u00ebsimi i polic\u00ebve t\u00eb rinj vet\u00ebm n\u00ebp\u00ebrmjet konkursit -\" \/>\n<meta property=\"og:description\" content=\"Prishtin\u00eb, 20 dhjetor 2025 28:57 P\u00ebrkund\u00ebr rreth 500 dor\u00ebheqjeve t\u00eb zyrtar\u00ebve nga komuniteti serb, numri i p\u00ebrgjithsh\u00ebm i pjes\u00ebtar\u00ebve t\u00eb forcave t\u00eb rendit n\u00eb kat\u00ebr\" \/>\n<meta property=\"og:url\" content=\"https:\/\/veritasinfo.org\/?p=24898\" \/>\n<meta property=\"article:published_time\" content=\"2025-12-20T17:59:48+00:00\" \/>\n<meta property=\"og:image\" content=\"https:\/\/veritasinfo.org\/wp-content\/uploads\/2025\/12\/1-27.jpg\" \/>\n\t<meta property=\"og:image:width\" content=\"846\" \/>\n\t<meta property=\"og:image:height\" content=\"473\" \/>\n\t<meta property=\"og:image:type\" content=\"image\/jpeg\" \/>\n<meta name=\"author\" content=\"US6\" \/>\n<meta name=\"twitter:card\" content=\"summary_large_image\" \/>\n<meta name=\"twitter:label1\" content=\"Written by\" \/>\n\t<meta name=\"twitter:data1\" content=\"US6\" \/>\n\t<meta name=\"twitter:label2\" content=\"Est. reading time\" \/>\n\t<meta name=\"twitter:data2\" content=\"3 minutes\" \/>\n<script type=\"application\/ld+json\" class=\"yoast-schema-graph\">{\"@context\":\"https:\/\/schema.org\",\"@graph\":[{\"@type\":\"WebPage\",\"@id\":\"https:\/\/veritasinfo.org\/?p=24898\",\"url\":\"https:\/\/veritasinfo.org\/?p=24898\",\"name\":\"Tre vjet pas dor\u00ebheqjeve n\u00eb veri, ekspert\u00ebt: Pun\u00ebsimi i polic\u00ebve t\u00eb rinj vet\u00ebm n\u00ebp\u00ebrmjet konkursit -\",\"isPartOf\":{\"@id\":\"https:\/\/veritasinfo.org\/#website\"},\"primaryImageOfPage\":{\"@id\":\"https:\/\/veritasinfo.org\/?p=24898#primaryimage\"},\"image\":{\"@id\":\"https:\/\/veritasinfo.org\/?p=24898#primaryimage\"},\"thumbnailUrl\":\"https:\/\/veritasinfo.org\/wp-content\/uploads\/2025\/12\/1-27.jpg\",\"datePublished\":\"2025-12-20T17:59:48+00:00\",\"author\":{\"@id\":\"https:\/\/veritasinfo.org\/#\/schema\/person\/fe199eede04c3937362892b7444747cc\"},\"breadcrumb\":{\"@id\":\"https:\/\/veritasinfo.org\/?p=24898#breadcrumb\"},\"inLanguage\":\"en-US\",\"potentialAction\":[{\"@type\":\"ReadAction\",\"target\":[\"https:\/\/veritasinfo.org\/?p=24898\"]}]},{\"@type\":\"ImageObject\",\"inLanguage\":\"en-US\",\"@id\":\"https:\/\/veritasinfo.org\/?p=24898#primaryimage\",\"url\":\"https:\/\/veritasinfo.org\/wp-content\/uploads\/2025\/12\/1-27.jpg\",\"contentUrl\":\"https:\/\/veritasinfo.org\/wp-content\/uploads\/2025\/12\/1-27.jpg\",\"width\":846,\"height\":473},{\"@type\":\"BreadcrumbList\",\"@id\":\"https:\/\/veritasinfo.org\/?p=24898#breadcrumb\",\"itemListElement\":[{\"@type\":\"ListItem\",\"position\":1,\"name\":\"Home\",\"item\":\"https:\/\/veritasinfo.org\/\"},{\"@type\":\"ListItem\",\"position\":2,\"name\":\"Tre vjet pas dor\u00ebheqjeve n\u00eb veri, ekspert\u00ebt: Pun\u00ebsimi i polic\u00ebve t\u00eb rinj vet\u00ebm n\u00ebp\u00ebrmjet konkursit\"}]},{\"@type\":\"WebSite\",\"@id\":\"https:\/\/veritasinfo.org\/#website\",\"url\":\"https:\/\/veritasinfo.org\/\",\"name\":\"\",\"description\":\"\",\"potentialAction\":[{\"@type\":\"SearchAction\",\"target\":{\"@type\":\"EntryPoint\",\"urlTemplate\":\"https:\/\/veritasinfo.org\/?s={search_term_string}\"},\"query-input\":{\"@type\":\"PropertyValueSpecification\",\"valueRequired\":true,\"valueName\":\"search_term_string\"}}],\"inLanguage\":\"en-US\"},{\"@type\":\"Person\",\"@id\":\"https:\/\/veritasinfo.org\/#\/schema\/person\/fe199eede04c3937362892b7444747cc\",\"name\":\"US6\",\"image\":{\"@type\":\"ImageObject\",\"inLanguage\":\"en-US\",\"@id\":\"https:\/\/veritasinfo.org\/#\/schema\/person\/image\/\",\"url\":\"https:\/\/secure.gravatar.com\/avatar\/cb16c3c31c9d23b9b8c705964598220b3014e42ff51eb540ff23cefa3ae8c15f?s=96&d=mm&r=g\",\"contentUrl\":\"https:\/\/secure.gravatar.com\/avatar\/cb16c3c31c9d23b9b8c705964598220b3014e42ff51eb540ff23cefa3ae8c15f?s=96&d=mm&r=g\",\"caption\":\"US6\"},\"url\":\"https:\/\/veritasinfo.org\/?author=7\"}]}<\/script>\n<!-- \/ Yoast SEO plugin. -->","yoast_head_json":{"title":"Tre vjet pas dor\u00ebheqjeve n\u00eb veri, ekspert\u00ebt: Pun\u00ebsimi i polic\u00ebve t\u00eb rinj vet\u00ebm n\u00ebp\u00ebrmjet konkursit -","robots":{"index":"index","follow":"follow","max-snippet":"max-snippet:-1","max-image-preview":"max-image-preview:large","max-video-preview":"max-video-preview:-1"},"canonical":"https:\/\/veritasinfo.org\/?p=24898","og_locale":"en_US","og_type":"article","og_title":"Tre vjet pas dor\u00ebheqjeve n\u00eb veri, ekspert\u00ebt: Pun\u00ebsimi i polic\u00ebve t\u00eb rinj vet\u00ebm n\u00ebp\u00ebrmjet konkursit -","og_description":"Prishtin\u00eb, 20 dhjetor 2025 28:57 P\u00ebrkund\u00ebr rreth 500 dor\u00ebheqjeve t\u00eb zyrtar\u00ebve nga komuniteti serb, numri i p\u00ebrgjithsh\u00ebm i pjes\u00ebtar\u00ebve t\u00eb forcave t\u00eb rendit n\u00eb kat\u00ebr","og_url":"https:\/\/veritasinfo.org\/?p=24898","article_published_time":"2025-12-20T17:59:48+00:00","og_image":[{"width":846,"height":473,"url":"https:\/\/veritasinfo.org\/wp-content\/uploads\/2025\/12\/1-27.jpg","type":"image\/jpeg"}],"author":"US6","twitter_card":"summary_large_image","twitter_misc":{"Written by":"US6","Est. reading time":"3 minutes"},"schema":{"@context":"https:\/\/schema.org","@graph":[{"@type":"WebPage","@id":"https:\/\/veritasinfo.org\/?p=24898","url":"https:\/\/veritasinfo.org\/?p=24898","name":"Tre vjet pas dor\u00ebheqjeve n\u00eb veri, ekspert\u00ebt: Pun\u00ebsimi i polic\u00ebve t\u00eb rinj vet\u00ebm n\u00ebp\u00ebrmjet konkursit -","isPartOf":{"@id":"https:\/\/veritasinfo.org\/#website"},"primaryImageOfPage":{"@id":"https:\/\/veritasinfo.org\/?p=24898#primaryimage"},"image":{"@id":"https:\/\/veritasinfo.org\/?p=24898#primaryimage"},"thumbnailUrl":"https:\/\/veritasinfo.org\/wp-content\/uploads\/2025\/12\/1-27.jpg","datePublished":"2025-12-20T17:59:48+00:00","author":{"@id":"https:\/\/veritasinfo.org\/#\/schema\/person\/fe199eede04c3937362892b7444747cc"},"breadcrumb":{"@id":"https:\/\/veritasinfo.org\/?p=24898#breadcrumb"},"inLanguage":"en-US","potentialAction":[{"@type":"ReadAction","target":["https:\/\/veritasinfo.org\/?p=24898"]}]},{"@type":"ImageObject","inLanguage":"en-US","@id":"https:\/\/veritasinfo.org\/?p=24898#primaryimage","url":"https:\/\/veritasinfo.org\/wp-content\/uploads\/2025\/12\/1-27.jpg","contentUrl":"https:\/\/veritasinfo.org\/wp-content\/uploads\/2025\/12\/1-27.jpg","width":846,"height":473},{"@type":"BreadcrumbList","@id":"https:\/\/veritasinfo.org\/?p=24898#breadcrumb","itemListElement":[{"@type":"ListItem","position":1,"name":"Home","item":"https:\/\/veritasinfo.org\/"},{"@type":"ListItem","position":2,"name":"Tre vjet pas dor\u00ebheqjeve n\u00eb veri, ekspert\u00ebt: Pun\u00ebsimi i polic\u00ebve t\u00eb rinj vet\u00ebm n\u00ebp\u00ebrmjet konkursit"}]},{"@type":"WebSite","@id":"https:\/\/veritasinfo.org\/#website","url":"https:\/\/veritasinfo.org\/","name":"","description":"","potentialAction":[{"@type":"SearchAction","target":{"@type":"EntryPoint","urlTemplate":"https:\/\/veritasinfo.org\/?s={search_term_string}"},"query-input":{"@type":"PropertyValueSpecification","valueRequired":true,"valueName":"search_term_string"}}],"inLanguage":"en-US"},{"@type":"Person","@id":"https:\/\/veritasinfo.org\/#\/schema\/person\/fe199eede04c3937362892b7444747cc","name":"US6","image":{"@type":"ImageObject","inLanguage":"en-US","@id":"https:\/\/veritasinfo.org\/#\/schema\/person\/image\/","url":"https:\/\/secure.gravatar.com\/avatar\/cb16c3c31c9d23b9b8c705964598220b3014e42ff51eb540ff23cefa3ae8c15f?s=96&d=mm&r=g","contentUrl":"https:\/\/secure.gravatar.com\/avatar\/cb16c3c31c9d23b9b8c705964598220b3014e42ff51eb540ff23cefa3ae8c15f?s=96&d=mm&r=g","caption":"US6"},"url":"https:\/\/veritasinfo.org\/?author=7"}]}},"featured_image_urls":{"full":["https:\/\/veritasinfo.org\/wp-content\/uploads\/2025\/12\/1-27.jpg",846,473,false],"thumbnail":["https:\/\/veritasinfo.org\/wp-content\/uploads\/2025\/12\/1-27-150x150.jpg",150,150,true],"medium":["https:\/\/veritasinfo.org\/wp-content\/uploads\/2025\/12\/1-27-300x168.jpg",300,168,true],"medium_large":["https:\/\/veritasinfo.org\/wp-content\/uploads\/2025\/12\/1-27-768x429.jpg",640,358,true],"large":["https:\/\/veritasinfo.org\/wp-content\/uploads\/2025\/12\/1-27.jpg",640,358,false],"1536x1536":["https:\/\/veritasinfo.org\/wp-content\/uploads\/2025\/12\/1-27.jpg",846,473,false],"2048x2048":["https:\/\/veritasinfo.org\/wp-content\/uploads\/2025\/12\/1-27.jpg",846,473,false],"kreeti-slider-full":["https:\/\/veritasinfo.org\/wp-content\/uploads\/2025\/12\/1-27.jpg",846,473,false],"kreeti-featured":["https:\/\/veritasinfo.org\/wp-content\/uploads\/2025\/12\/1-27.jpg",846,473,false],"kreeti-medium":["https:\/\/veritasinfo.org\/wp-content\/uploads\/2025\/12\/1-27.jpg",720,403,false],"kreeti-medium-square":["https:\/\/veritasinfo.org\/wp-content\/uploads\/2025\/12\/1-27.jpg",350,196,false]},"author_info":{"info":["US6"]},"category_info":"<a href=\"https:\/\/veritasinfo.org\/?cat=60\" rel=\"category\">Shoq\u00ebrore<\/a>","tag_info":"Shoq\u00ebrore","comment_count":"0","_links":{"self":[{"href":"https:\/\/veritasinfo.org\/index.php?rest_route=\/wp\/v2\/posts\/24898","targetHints":{"allow":["GET"]}}],"collection":[{"href":"https:\/\/veritasinfo.org\/index.php?rest_route=\/wp\/v2\/posts"}],"about":[{"href":"https:\/\/veritasinfo.org\/index.php?rest_route=\/wp\/v2\/types\/post"}],"author":[{"embeddable":true,"href":"https:\/\/veritasinfo.org\/index.php?rest_route=\/wp\/v2\/users\/7"}],"replies":[{"embeddable":true,"href":"https:\/\/veritasinfo.org\/index.php?rest_route=%2Fwp%2Fv2%2Fcomments&post=24898"}],"version-history":[{"count":1,"href":"https:\/\/veritasinfo.org\/index.php?rest_route=\/wp\/v2\/posts\/24898\/revisions"}],"predecessor-version":[{"id":24900,"href":"https:\/\/veritasinfo.org\/index.php?rest_route=\/wp\/v2\/posts\/24898\/revisions\/24900"}],"wp:featuredmedia":[{"embeddable":true,"href":"https:\/\/veritasinfo.org\/index.php?rest_route=\/wp\/v2\/media\/24899"}],"wp:attachment":[{"href":"https:\/\/veritasinfo.org\/index.php?rest_route=%2Fwp%2Fv2%2Fmedia&parent=24898"}],"wp:term":[{"taxonomy":"category","embeddable":true,"href":"https:\/\/veritasinfo.org\/index.php?rest_route=%2Fwp%2Fv2%2Fcategories&post=24898"},{"taxonomy":"post_tag","embeddable":true,"href":"https:\/\/veritasinfo.org\/index.php?rest_route=%2Fwp%2Fv2%2Ftags&post=24898"}],"curies":[{"name":"wp","href":"https:\/\/api.w.org\/{rel}","templated":true}]}}