{"id":24893,"date":"2025-12-20T18:04:29","date_gmt":"2025-12-20T17:04:29","guid":{"rendered":"https:\/\/veritasinfo.org\/?p=24893"},"modified":"2025-12-20T18:04:29","modified_gmt":"2025-12-20T17:04:29","slug":"svecla-flet-me-homologun-kroat-per-kalimin-e-mergimtareve-neper-kroaci","status":"publish","type":"post","link":"https:\/\/veritasinfo.org\/?p=24893","title":{"rendered":"Sve\u00e7la flet me homologun kroat p\u00ebr kalimin e m\u00ebrgimtar\u00ebve n\u00ebp\u00ebr Kroaci"},"content":{"rendered":"<p>Priahtin\u00eb 20 dhjeror 2025 18:03<\/p>\n<p><strong>Ministri n\u00eb detyr\u00eb i Pun\u00ebve t\u00eb Brendshme t\u00eb Kosov\u00ebs, Xhelal Sve\u00e7la, ka njoftuar se ka zhvilluar nj\u00eb bised\u00eb me homologun e tij kroat, ministrin e Brendsh\u00ebm Davor Bo\u017einovi\u0107, lidhur me pritjet e gjata n\u00eb pikat kufitare gjat\u00eb ardhjes s\u00eb m\u00ebrgat\u00ebs n\u00eb Kosov\u00eb.<\/strong><\/p>\n<p>Sipas Sve\u00e7l\u00ebs, kjo bised\u00eb erdhi pas informatave t\u00eb pranuara nga bashkatdhetar\u00ebt p\u00ebr v\u00ebshtir\u00ebsit\u00eb dhe vonesat n\u00eb kufij. Ai theksoi se ministri Bo\u017einovi\u0107 ka shprehur gatishm\u00ebri dhe angazhim q\u00eb, brenda rregullave ekzistuese, t\u00eb nd\u00ebrmerren masa p\u00ebr nj\u00eb kalim kufitar sa m\u00eb t\u00eb leht\u00eb dhe m\u00eb t\u00eb shpejt\u00eb p\u00ebr qytetar\u00ebt e Kosov\u00ebs.<\/p>\n<p>\u201cMe k\u00ebt\u00eb rast fal\u00ebnderoj Ministrin Bo\u017einovi\u0107 p\u00ebr vullnetin dhe gatishm\u00ebrin\u00eb, si dhe p\u00ebr bashk\u00ebpunimin e deritanish\u00ebm mes dy ministrive tona,\u201d ka shkruar Sve\u00e7la.<\/p>\n","protected":false},"excerpt":{"rendered":"<p>Priahtin\u00eb 20 dhjeror 2025 18:03 Ministri n\u00eb detyr\u00eb i Pun\u00ebve t\u00eb Brendshme t\u00eb Kosov\u00ebs, Xhelal Sve\u00e7la, ka njoftuar se ka zhvilluar nj\u00eb bised\u00eb me homologun<\/p>\n","protected":false},"author":6,"featured_media":24894,"comment_status":"open","ping_status":"open","sticky":false,"template":"","format":"standard","meta":{"footnotes":""},"categories":[60],"tags":[],"class_list":["post-24893","post","type-post","status-publish","format-standard","has-post-thumbnail","hentry","category-shoqerore-sq"],"yoast_head":"<!-- This site is optimized with the Yoast SEO plugin v25.3.1 - https:\/\/yoast.com\/wordpress\/plugins\/seo\/ -->\n<title>Sve\u00e7la flet me homologun kroat p\u00ebr kalimin e m\u00ebrgimtar\u00ebve n\u00ebp\u00ebr Kroaci -<\/title>\n<meta name=\"robots\" content=\"index, follow, max-snippet:-1, max-image-preview:large, max-video-preview:-1\" \/>\n<link rel=\"canonical\" href=\"https:\/\/veritasinfo.org\/?p=24893\" \/>\n<meta property=\"og:locale\" content=\"en_US\" \/>\n<meta property=\"og:type\" content=\"article\" \/>\n<meta property=\"og:title\" content=\"Sve\u00e7la flet me homologun kroat p\u00ebr kalimin e m\u00ebrgimtar\u00ebve n\u00ebp\u00ebr Kroaci -\" \/>\n<meta property=\"og:description\" content=\"Priahtin\u00eb 20 dhjeror 2025 18:03 Ministri n\u00eb detyr\u00eb i Pun\u00ebve t\u00eb Brendshme t\u00eb Kosov\u00ebs, Xhelal Sve\u00e7la, ka njoftuar se ka zhvilluar nj\u00eb bised\u00eb me homologun\" \/>\n<meta property=\"og:url\" content=\"https:\/\/veritasinfo.org\/?p=24893\" \/>\n<meta property=\"article:published_time\" content=\"2025-12-20T17:04:29+00:00\" \/>\n<meta property=\"og:image\" content=\"https:\/\/veritasinfo.org\/wp-content\/uploads\/2025\/12\/IMG_9755.png\" \/>\n\t<meta property=\"og:image:width\" content=\"780\" \/>\n\t<meta property=\"og:image:height\" content=\"500\" \/>\n\t<meta property=\"og:image:type\" content=\"image\/png\" \/>\n<meta name=\"author\" content=\"US5\" \/>\n<meta name=\"twitter:card\" content=\"summary_large_image\" \/>\n<meta name=\"twitter:label1\" content=\"Written by\" \/>\n\t<meta name=\"twitter:data1\" content=\"US5\" \/>\n\t<meta name=\"twitter:label2\" content=\"Est. reading time\" \/>\n\t<meta name=\"twitter:data2\" content=\"1 minute\" \/>\n<script type=\"application\/ld+json\" class=\"yoast-schema-graph\">{\"@context\":\"https:\/\/schema.org\",\"@graph\":[{\"@type\":\"WebPage\",\"@id\":\"https:\/\/veritasinfo.org\/?p=24893\",\"url\":\"https:\/\/veritasinfo.org\/?p=24893\",\"name\":\"Sve\u00e7la flet me homologun kroat p\u00ebr kalimin e m\u00ebrgimtar\u00ebve n\u00ebp\u00ebr Kroaci -\",\"isPartOf\":{\"@id\":\"https:\/\/veritasinfo.org\/#website\"},\"primaryImageOfPage\":{\"@id\":\"https:\/\/veritasinfo.org\/?p=24893#primaryimage\"},\"image\":{\"@id\":\"https:\/\/veritasinfo.org\/?p=24893#primaryimage\"},\"thumbnailUrl\":\"https:\/\/veritasinfo.org\/wp-content\/uploads\/2025\/12\/IMG_9755.png\",\"datePublished\":\"2025-12-20T17:04:29+00:00\",\"author\":{\"@id\":\"https:\/\/veritasinfo.org\/#\/schema\/person\/bc442336e35414d04494ab8fb45db4c6\"},\"breadcrumb\":{\"@id\":\"https:\/\/veritasinfo.org\/?p=24893#breadcrumb\"},\"inLanguage\":\"en-US\",\"potentialAction\":[{\"@type\":\"ReadAction\",\"target\":[\"https:\/\/veritasinfo.org\/?p=24893\"]}]},{\"@type\":\"ImageObject\",\"inLanguage\":\"en-US\",\"@id\":\"https:\/\/veritasinfo.org\/?p=24893#primaryimage\",\"url\":\"https:\/\/veritasinfo.org\/wp-content\/uploads\/2025\/12\/IMG_9755.png\",\"contentUrl\":\"https:\/\/veritasinfo.org\/wp-content\/uploads\/2025\/12\/IMG_9755.png\",\"width\":780,\"height\":500},{\"@type\":\"BreadcrumbList\",\"@id\":\"https:\/\/veritasinfo.org\/?p=24893#breadcrumb\",\"itemListElement\":[{\"@type\":\"ListItem\",\"position\":1,\"name\":\"Home\",\"item\":\"https:\/\/veritasinfo.org\/\"},{\"@type\":\"ListItem\",\"position\":2,\"name\":\"Sve\u00e7la flet me homologun kroat p\u00ebr kalimin e m\u00ebrgimtar\u00ebve n\u00ebp\u00ebr Kroaci\"}]},{\"@type\":\"WebSite\",\"@id\":\"https:\/\/veritasinfo.org\/#website\",\"url\":\"https:\/\/veritasinfo.org\/\",\"name\":\"\",\"description\":\"\",\"potentialAction\":[{\"@type\":\"SearchAction\",\"target\":{\"@type\":\"EntryPoint\",\"urlTemplate\":\"https:\/\/veritasinfo.org\/?s={search_term_string}\"},\"query-input\":{\"@type\":\"PropertyValueSpecification\",\"valueRequired\":true,\"valueName\":\"search_term_string\"}}],\"inLanguage\":\"en-US\"},{\"@type\":\"Person\",\"@id\":\"https:\/\/veritasinfo.org\/#\/schema\/person\/bc442336e35414d04494ab8fb45db4c6\",\"name\":\"US5\",\"image\":{\"@type\":\"ImageObject\",\"inLanguage\":\"en-US\",\"@id\":\"https:\/\/veritasinfo.org\/#\/schema\/person\/image\/\",\"url\":\"https:\/\/secure.gravatar.com\/avatar\/16a61e7272a0c5d001121ebb9e60e925d5816e4ac1e443ed3e640d9a6ae55d0c?s=96&d=mm&r=g\",\"contentUrl\":\"https:\/\/secure.gravatar.com\/avatar\/16a61e7272a0c5d001121ebb9e60e925d5816e4ac1e443ed3e640d9a6ae55d0c?s=96&d=mm&r=g\",\"caption\":\"US5\"},\"url\":\"https:\/\/veritasinfo.org\/?author=6\"}]}<\/script>\n<!-- \/ Yoast SEO plugin. -->","yoast_head_json":{"title":"Sve\u00e7la flet me homologun kroat p\u00ebr kalimin e m\u00ebrgimtar\u00ebve n\u00ebp\u00ebr Kroaci -","robots":{"index":"index","follow":"follow","max-snippet":"max-snippet:-1","max-image-preview":"max-image-preview:large","max-video-preview":"max-video-preview:-1"},"canonical":"https:\/\/veritasinfo.org\/?p=24893","og_locale":"en_US","og_type":"article","og_title":"Sve\u00e7la flet me homologun kroat p\u00ebr kalimin e m\u00ebrgimtar\u00ebve n\u00ebp\u00ebr Kroaci -","og_description":"Priahtin\u00eb 20 dhjeror 2025 18:03 Ministri n\u00eb detyr\u00eb i Pun\u00ebve t\u00eb Brendshme t\u00eb Kosov\u00ebs, Xhelal Sve\u00e7la, ka njoftuar se ka zhvilluar nj\u00eb bised\u00eb me homologun","og_url":"https:\/\/veritasinfo.org\/?p=24893","article_published_time":"2025-12-20T17:04:29+00:00","og_image":[{"width":780,"height":500,"url":"https:\/\/veritasinfo.org\/wp-content\/uploads\/2025\/12\/IMG_9755.png","type":"image\/png"}],"author":"US5","twitter_card":"summary_large_image","twitter_misc":{"Written by":"US5","Est. reading time":"1 minute"},"schema":{"@context":"https:\/\/schema.org","@graph":[{"@type":"WebPage","@id":"https:\/\/veritasinfo.org\/?p=24893","url":"https:\/\/veritasinfo.org\/?p=24893","name":"Sve\u00e7la flet me homologun kroat p\u00ebr kalimin e m\u00ebrgimtar\u00ebve n\u00ebp\u00ebr Kroaci -","isPartOf":{"@id":"https:\/\/veritasinfo.org\/#website"},"primaryImageOfPage":{"@id":"https:\/\/veritasinfo.org\/?p=24893#primaryimage"},"image":{"@id":"https:\/\/veritasinfo.org\/?p=24893#primaryimage"},"thumbnailUrl":"https:\/\/veritasinfo.org\/wp-content\/uploads\/2025\/12\/IMG_9755.png","datePublished":"2025-12-20T17:04:29+00:00","author":{"@id":"https:\/\/veritasinfo.org\/#\/schema\/person\/bc442336e35414d04494ab8fb45db4c6"},"breadcrumb":{"@id":"https:\/\/veritasinfo.org\/?p=24893#breadcrumb"},"inLanguage":"en-US","potentialAction":[{"@type":"ReadAction","target":["https:\/\/veritasinfo.org\/?p=24893"]}]},{"@type":"ImageObject","inLanguage":"en-US","@id":"https:\/\/veritasinfo.org\/?p=24893#primaryimage","url":"https:\/\/veritasinfo.org\/wp-content\/uploads\/2025\/12\/IMG_9755.png","contentUrl":"https:\/\/veritasinfo.org\/wp-content\/uploads\/2025\/12\/IMG_9755.png","width":780,"height":500},{"@type":"BreadcrumbList","@id":"https:\/\/veritasinfo.org\/?p=24893#breadcrumb","itemListElement":[{"@type":"ListItem","position":1,"name":"Home","item":"https:\/\/veritasinfo.org\/"},{"@type":"ListItem","position":2,"name":"Sve\u00e7la flet me homologun kroat p\u00ebr kalimin e m\u00ebrgimtar\u00ebve n\u00ebp\u00ebr Kroaci"}]},{"@type":"WebSite","@id":"https:\/\/veritasinfo.org\/#website","url":"https:\/\/veritasinfo.org\/","name":"","description":"","potentialAction":[{"@type":"SearchAction","target":{"@type":"EntryPoint","urlTemplate":"https:\/\/veritasinfo.org\/?s={search_term_string}"},"query-input":{"@type":"PropertyValueSpecification","valueRequired":true,"valueName":"search_term_string"}}],"inLanguage":"en-US"},{"@type":"Person","@id":"https:\/\/veritasinfo.org\/#\/schema\/person\/bc442336e35414d04494ab8fb45db4c6","name":"US5","image":{"@type":"ImageObject","inLanguage":"en-US","@id":"https:\/\/veritasinfo.org\/#\/schema\/person\/image\/","url":"https:\/\/secure.gravatar.com\/avatar\/16a61e7272a0c5d001121ebb9e60e925d5816e4ac1e443ed3e640d9a6ae55d0c?s=96&d=mm&r=g","contentUrl":"https:\/\/secure.gravatar.com\/avatar\/16a61e7272a0c5d001121ebb9e60e925d5816e4ac1e443ed3e640d9a6ae55d0c?s=96&d=mm&r=g","caption":"US5"},"url":"https:\/\/veritasinfo.org\/?author=6"}]}},"featured_image_urls":{"full":["https:\/\/veritasinfo.org\/wp-content\/uploads\/2025\/12\/IMG_9755.png",780,500,false],"thumbnail":["https:\/\/veritasinfo.org\/wp-content\/uploads\/2025\/12\/IMG_9755-150x150.png",150,150,true],"medium":["https:\/\/veritasinfo.org\/wp-content\/uploads\/2025\/12\/IMG_9755-300x192.png",300,192,true],"medium_large":["https:\/\/veritasinfo.org\/wp-content\/uploads\/2025\/12\/IMG_9755-768x492.png",640,410,true],"large":["https:\/\/veritasinfo.org\/wp-content\/uploads\/2025\/12\/IMG_9755.png",640,410,false],"1536x1536":["https:\/\/veritasinfo.org\/wp-content\/uploads\/2025\/12\/IMG_9755.png",780,500,false],"2048x2048":["https:\/\/veritasinfo.org\/wp-content\/uploads\/2025\/12\/IMG_9755.png",780,500,false],"kreeti-slider-full":["https:\/\/veritasinfo.org\/wp-content\/uploads\/2025\/12\/IMG_9755.png",780,500,false],"kreeti-featured":["https:\/\/veritasinfo.org\/wp-content\/uploads\/2025\/12\/IMG_9755.png",780,500,false],"kreeti-medium":["https:\/\/veritasinfo.org\/wp-content\/uploads\/2025\/12\/IMG_9755.png",720,462,false],"kreeti-medium-square":["https:\/\/veritasinfo.org\/wp-content\/uploads\/2025\/12\/IMG_9755.png",350,224,false]},"author_info":{"info":["US5"]},"category_info":"<a href=\"https:\/\/veritasinfo.org\/?cat=60\" rel=\"category\">Shoq\u00ebrore<\/a>","tag_info":"Shoq\u00ebrore","comment_count":"0","_links":{"self":[{"href":"https:\/\/veritasinfo.org\/index.php?rest_route=\/wp\/v2\/posts\/24893","targetHints":{"allow":["GET"]}}],"collection":[{"href":"https:\/\/veritasinfo.org\/index.php?rest_route=\/wp\/v2\/posts"}],"about":[{"href":"https:\/\/veritasinfo.org\/index.php?rest_route=\/wp\/v2\/types\/post"}],"author":[{"embeddable":true,"href":"https:\/\/veritasinfo.org\/index.php?rest_route=\/wp\/v2\/users\/6"}],"replies":[{"embeddable":true,"href":"https:\/\/veritasinfo.org\/index.php?rest_route=%2Fwp%2Fv2%2Fcomments&post=24893"}],"version-history":[{"count":1,"href":"https:\/\/veritasinfo.org\/index.php?rest_route=\/wp\/v2\/posts\/24893\/revisions"}],"predecessor-version":[{"id":24895,"href":"https:\/\/veritasinfo.org\/index.php?rest_route=\/wp\/v2\/posts\/24893\/revisions\/24895"}],"wp:featuredmedia":[{"embeddable":true,"href":"https:\/\/veritasinfo.org\/index.php?rest_route=\/wp\/v2\/media\/24894"}],"wp:attachment":[{"href":"https:\/\/veritasinfo.org\/index.php?rest_route=%2Fwp%2Fv2%2Fmedia&parent=24893"}],"wp:term":[{"taxonomy":"category","embeddable":true,"href":"https:\/\/veritasinfo.org\/index.php?rest_route=%2Fwp%2Fv2%2Fcategories&post=24893"},{"taxonomy":"post_tag","embeddable":true,"href":"https:\/\/veritasinfo.org\/index.php?rest_route=%2Fwp%2Fv2%2Ftags&post=24893"}],"curies":[{"name":"wp","href":"https:\/\/api.w.org\/{rel}","templated":true}]}}