{"id":24881,"date":"2025-12-20T15:46:17","date_gmt":"2025-12-20T14:46:17","guid":{"rendered":"https:\/\/veritasinfo.org\/?p=24881"},"modified":"2025-12-20T15:46:17","modified_gmt":"2025-12-20T14:46:17","slug":"raste-vrednost-kosova-prestigla-i-slovacku","status":"publish","type":"post","link":"https:\/\/veritasinfo.org\/?p=24881&lang=sr","title":{"rendered":"Raste vrednost Kosova, prestigla i Slova\u010dku"},"content":{"rendered":"<p>Pri\u0161tina, 20. decembar 2025. 15:44<\/p>\n<p>Fudbalska reprezentacija Kosova nastavlja da raste ne samo na terenu, ve\u0107 i u finansijskom smislu.<\/p>\n<p>Prema najnovijim podacima sajta Transfermarkt, \u201eDardanci\u201c se sada rangiraju kao 42. najvrednija reprezentacija na svetu, sa ukupnom vredno\u0161\u0107u od 149,08 miliona evra.<\/p>\n<p>Rast vrednosti Kosova zna\u010dajno je uslovljen u\u010dinkom i pove\u0107anjem tr\u017ei\u0161ne vrednosti njegovih fudbalera. Najistaknutiji i najvredniji igra\u010di su:<\/p>\n<p>Fisnik Asllani (Hofenhajm) \u2013 30 miliona evra<br \/>\nEdon Zhegrova \u2013 25 miliona evra<br \/>\nLeon Avdullahu \u2013 17 miliona evra<br \/>\nAmir Rrahmani \u2013 12 miliona evra<br \/>\nAlbian Hajdari \u2013 12 miliona evra<br \/>\nAlbion Rrahmani \u2013 8 miliona evra<br \/>\nArijanet Muric \u2013 7,5 miliona evra<\/p>\n<p>S druge strane, Vedat Muriqi, napada\u010d Majorke i reprezentacije Kosova, zabele\u017eio je pad vrednosti, koja sada iznosi 4,5 miliona evra.<\/p>\n<p>Ovim rastom Kosovo je prestiglo i protivnika u plej-ofu za Svetsko prvenstvo, Slova\u010dku, koja se nalazi na 44. mestu sa vredno\u0161\u0107u od 137,15 miliona evra.<\/p>\n<p>Ipak, na FIFA rang-listi Kosovo se i dalje nalazi na 80. mestu na svetu, \u0161to pokazuje da jo\u0161 uvek postoji prostor za napredak u sportskom smislu, uprkos rastu tr\u017ei\u0161ne vrednosti.<\/p>\n<p>Ova statistika svedo\u010di o napretku reprezentacije Kosova, kako na terenu, tako i van njega, ja\u010daju\u0107i reputaciju i potencijal dardanskih fudbalera na me\u0111unarodnoj sceni.<\/p>\n","protected":false},"excerpt":{"rendered":"<p>Pri\u0161tina, 20. decembar 2025. 15:44 Fudbalska reprezentacija Kosova nastavlja da raste ne samo na terenu, ve\u0107 i u finansijskom smislu. Prema najnovijim podacima sajta Transfermarkt,<\/p>\n","protected":false},"author":6,"featured_media":24879,"comment_status":"open","ping_status":"open","sticky":false,"template":"","format":"standard","meta":{"footnotes":""},"categories":[36],"tags":[],"class_list":["post-24881","post","type-post","status-publish","format-standard","has-post-thumbnail","hentry","category-sport-sr"],"yoast_head":"<!-- This site is optimized with the Yoast SEO plugin v25.3.1 - https:\/\/yoast.com\/wordpress\/plugins\/seo\/ -->\n<title>Raste vrednost Kosova, prestigla i Slova\u010dku -<\/title>\n<meta name=\"robots\" content=\"index, follow, max-snippet:-1, max-image-preview:large, max-video-preview:-1\" \/>\n<link rel=\"canonical\" href=\"https:\/\/veritasinfo.org\/?p=24881&lang=sr\" \/>\n<meta property=\"og:locale\" content=\"en_US\" \/>\n<meta property=\"og:type\" content=\"article\" \/>\n<meta property=\"og:title\" content=\"Raste vrednost Kosova, prestigla i Slova\u010dku -\" \/>\n<meta property=\"og:description\" content=\"Pri\u0161tina, 20. decembar 2025. 15:44 Fudbalska reprezentacija Kosova nastavlja da raste ne samo na terenu, ve\u0107 i u finansijskom smislu. Prema najnovijim podacima sajta Transfermarkt,\" \/>\n<meta property=\"og:url\" content=\"https:\/\/veritasinfo.org\/?p=24881&amp;lang=sr\" \/>\n<meta property=\"article:published_time\" content=\"2025-12-20T14:46:17+00:00\" \/>\n<meta property=\"og:image\" content=\"https:\/\/veritasinfo.org\/wp-content\/uploads\/2025\/12\/712522-lhbWwZA9ys.jpg\" \/>\n\t<meta property=\"og:image:width\" content=\"780\" \/>\n\t<meta property=\"og:image:height\" content=\"500\" \/>\n\t<meta property=\"og:image:type\" content=\"image\/jpeg\" \/>\n<meta name=\"author\" content=\"US5\" \/>\n<meta name=\"twitter:card\" content=\"summary_large_image\" \/>\n<meta name=\"twitter:label1\" content=\"Written by\" \/>\n\t<meta name=\"twitter:data1\" content=\"US5\" \/>\n\t<meta name=\"twitter:label2\" content=\"Est. reading time\" \/>\n\t<meta name=\"twitter:data2\" content=\"1 minute\" \/>\n<script type=\"application\/ld+json\" class=\"yoast-schema-graph\">{\"@context\":\"https:\/\/schema.org\",\"@graph\":[{\"@type\":\"WebPage\",\"@id\":\"https:\/\/veritasinfo.org\/?p=24881&lang=sr\",\"url\":\"https:\/\/veritasinfo.org\/?p=24881&lang=sr\",\"name\":\"Raste vrednost Kosova, prestigla i Slova\u010dku -\",\"isPartOf\":{\"@id\":\"https:\/\/veritasinfo.org\/#website\"},\"primaryImageOfPage\":{\"@id\":\"https:\/\/veritasinfo.org\/?p=24881&lang=sr#primaryimage\"},\"image\":{\"@id\":\"https:\/\/veritasinfo.org\/?p=24881&lang=sr#primaryimage\"},\"thumbnailUrl\":\"https:\/\/veritasinfo.org\/wp-content\/uploads\/2025\/12\/712522-lhbWwZA9ys.jpg\",\"datePublished\":\"2025-12-20T14:46:17+00:00\",\"author\":{\"@id\":\"https:\/\/veritasinfo.org\/#\/schema\/person\/bc442336e35414d04494ab8fb45db4c6\"},\"breadcrumb\":{\"@id\":\"https:\/\/veritasinfo.org\/?p=24881&lang=sr#breadcrumb\"},\"inLanguage\":\"en-US\",\"potentialAction\":[{\"@type\":\"ReadAction\",\"target\":[\"https:\/\/veritasinfo.org\/?p=24881&lang=sr\"]}]},{\"@type\":\"ImageObject\",\"inLanguage\":\"en-US\",\"@id\":\"https:\/\/veritasinfo.org\/?p=24881&lang=sr#primaryimage\",\"url\":\"https:\/\/veritasinfo.org\/wp-content\/uploads\/2025\/12\/712522-lhbWwZA9ys.jpg\",\"contentUrl\":\"https:\/\/veritasinfo.org\/wp-content\/uploads\/2025\/12\/712522-lhbWwZA9ys.jpg\",\"width\":780,\"height\":500},{\"@type\":\"BreadcrumbList\",\"@id\":\"https:\/\/veritasinfo.org\/?p=24881&lang=sr#breadcrumb\",\"itemListElement\":[{\"@type\":\"ListItem\",\"position\":1,\"name\":\"Home\",\"item\":\"https:\/\/veritasinfo.org\/\"},{\"@type\":\"ListItem\",\"position\":2,\"name\":\"Raste vrednost Kosova, prestigla i Slova\u010dku\"}]},{\"@type\":\"WebSite\",\"@id\":\"https:\/\/veritasinfo.org\/#website\",\"url\":\"https:\/\/veritasinfo.org\/\",\"name\":\"\",\"description\":\"\",\"potentialAction\":[{\"@type\":\"SearchAction\",\"target\":{\"@type\":\"EntryPoint\",\"urlTemplate\":\"https:\/\/veritasinfo.org\/?s={search_term_string}\"},\"query-input\":{\"@type\":\"PropertyValueSpecification\",\"valueRequired\":true,\"valueName\":\"search_term_string\"}}],\"inLanguage\":\"en-US\"},{\"@type\":\"Person\",\"@id\":\"https:\/\/veritasinfo.org\/#\/schema\/person\/bc442336e35414d04494ab8fb45db4c6\",\"name\":\"US5\",\"image\":{\"@type\":\"ImageObject\",\"inLanguage\":\"en-US\",\"@id\":\"https:\/\/veritasinfo.org\/#\/schema\/person\/image\/\",\"url\":\"https:\/\/secure.gravatar.com\/avatar\/16a61e7272a0c5d001121ebb9e60e925d5816e4ac1e443ed3e640d9a6ae55d0c?s=96&d=mm&r=g\",\"contentUrl\":\"https:\/\/secure.gravatar.com\/avatar\/16a61e7272a0c5d001121ebb9e60e925d5816e4ac1e443ed3e640d9a6ae55d0c?s=96&d=mm&r=g\",\"caption\":\"US5\"},\"url\":\"https:\/\/veritasinfo.org\/?author=6\"}]}<\/script>\n<!-- \/ Yoast SEO plugin. -->","yoast_head_json":{"title":"Raste vrednost Kosova, prestigla i Slova\u010dku -","robots":{"index":"index","follow":"follow","max-snippet":"max-snippet:-1","max-image-preview":"max-image-preview:large","max-video-preview":"max-video-preview:-1"},"canonical":"https:\/\/veritasinfo.org\/?p=24881&lang=sr","og_locale":"en_US","og_type":"article","og_title":"Raste vrednost Kosova, prestigla i Slova\u010dku -","og_description":"Pri\u0161tina, 20. decembar 2025. 15:44 Fudbalska reprezentacija Kosova nastavlja da raste ne samo na terenu, ve\u0107 i u finansijskom smislu. Prema najnovijim podacima sajta Transfermarkt,","og_url":"https:\/\/veritasinfo.org\/?p=24881&lang=sr","article_published_time":"2025-12-20T14:46:17+00:00","og_image":[{"width":780,"height":500,"url":"https:\/\/veritasinfo.org\/wp-content\/uploads\/2025\/12\/712522-lhbWwZA9ys.jpg","type":"image\/jpeg"}],"author":"US5","twitter_card":"summary_large_image","twitter_misc":{"Written by":"US5","Est. reading time":"1 minute"},"schema":{"@context":"https:\/\/schema.org","@graph":[{"@type":"WebPage","@id":"https:\/\/veritasinfo.org\/?p=24881&lang=sr","url":"https:\/\/veritasinfo.org\/?p=24881&lang=sr","name":"Raste vrednost Kosova, prestigla i Slova\u010dku -","isPartOf":{"@id":"https:\/\/veritasinfo.org\/#website"},"primaryImageOfPage":{"@id":"https:\/\/veritasinfo.org\/?p=24881&lang=sr#primaryimage"},"image":{"@id":"https:\/\/veritasinfo.org\/?p=24881&lang=sr#primaryimage"},"thumbnailUrl":"https:\/\/veritasinfo.org\/wp-content\/uploads\/2025\/12\/712522-lhbWwZA9ys.jpg","datePublished":"2025-12-20T14:46:17+00:00","author":{"@id":"https:\/\/veritasinfo.org\/#\/schema\/person\/bc442336e35414d04494ab8fb45db4c6"},"breadcrumb":{"@id":"https:\/\/veritasinfo.org\/?p=24881&lang=sr#breadcrumb"},"inLanguage":"en-US","potentialAction":[{"@type":"ReadAction","target":["https:\/\/veritasinfo.org\/?p=24881&lang=sr"]}]},{"@type":"ImageObject","inLanguage":"en-US","@id":"https:\/\/veritasinfo.org\/?p=24881&lang=sr#primaryimage","url":"https:\/\/veritasinfo.org\/wp-content\/uploads\/2025\/12\/712522-lhbWwZA9ys.jpg","contentUrl":"https:\/\/veritasinfo.org\/wp-content\/uploads\/2025\/12\/712522-lhbWwZA9ys.jpg","width":780,"height":500},{"@type":"BreadcrumbList","@id":"https:\/\/veritasinfo.org\/?p=24881&lang=sr#breadcrumb","itemListElement":[{"@type":"ListItem","position":1,"name":"Home","item":"https:\/\/veritasinfo.org\/"},{"@type":"ListItem","position":2,"name":"Raste vrednost Kosova, prestigla i Slova\u010dku"}]},{"@type":"WebSite","@id":"https:\/\/veritasinfo.org\/#website","url":"https:\/\/veritasinfo.org\/","name":"","description":"","potentialAction":[{"@type":"SearchAction","target":{"@type":"EntryPoint","urlTemplate":"https:\/\/veritasinfo.org\/?s={search_term_string}"},"query-input":{"@type":"PropertyValueSpecification","valueRequired":true,"valueName":"search_term_string"}}],"inLanguage":"en-US"},{"@type":"Person","@id":"https:\/\/veritasinfo.org\/#\/schema\/person\/bc442336e35414d04494ab8fb45db4c6","name":"US5","image":{"@type":"ImageObject","inLanguage":"en-US","@id":"https:\/\/veritasinfo.org\/#\/schema\/person\/image\/","url":"https:\/\/secure.gravatar.com\/avatar\/16a61e7272a0c5d001121ebb9e60e925d5816e4ac1e443ed3e640d9a6ae55d0c?s=96&d=mm&r=g","contentUrl":"https:\/\/secure.gravatar.com\/avatar\/16a61e7272a0c5d001121ebb9e60e925d5816e4ac1e443ed3e640d9a6ae55d0c?s=96&d=mm&r=g","caption":"US5"},"url":"https:\/\/veritasinfo.org\/?author=6"}]}},"featured_image_urls":{"full":["https:\/\/veritasinfo.org\/wp-content\/uploads\/2025\/12\/712522-lhbWwZA9ys.jpg",780,500,false],"thumbnail":["https:\/\/veritasinfo.org\/wp-content\/uploads\/2025\/12\/712522-lhbWwZA9ys-150x150.jpg",150,150,true],"medium":["https:\/\/veritasinfo.org\/wp-content\/uploads\/2025\/12\/712522-lhbWwZA9ys-300x192.jpg",300,192,true],"medium_large":["https:\/\/veritasinfo.org\/wp-content\/uploads\/2025\/12\/712522-lhbWwZA9ys-768x492.jpg",640,410,true],"large":["https:\/\/veritasinfo.org\/wp-content\/uploads\/2025\/12\/712522-lhbWwZA9ys.jpg",640,410,false],"1536x1536":["https:\/\/veritasinfo.org\/wp-content\/uploads\/2025\/12\/712522-lhbWwZA9ys.jpg",780,500,false],"2048x2048":["https:\/\/veritasinfo.org\/wp-content\/uploads\/2025\/12\/712522-lhbWwZA9ys.jpg",780,500,false],"kreeti-slider-full":["https:\/\/veritasinfo.org\/wp-content\/uploads\/2025\/12\/712522-lhbWwZA9ys.jpg",780,500,false],"kreeti-featured":["https:\/\/veritasinfo.org\/wp-content\/uploads\/2025\/12\/712522-lhbWwZA9ys.jpg",780,500,false],"kreeti-medium":["https:\/\/veritasinfo.org\/wp-content\/uploads\/2025\/12\/712522-lhbWwZA9ys.jpg",720,462,false],"kreeti-medium-square":["https:\/\/veritasinfo.org\/wp-content\/uploads\/2025\/12\/712522-lhbWwZA9ys.jpg",350,224,false]},"author_info":{"info":["US5"]},"category_info":"<a href=\"https:\/\/veritasinfo.org\/?cat=36&#038;lang=sr\" rel=\"category\">Sport<\/a>","tag_info":"Sport","comment_count":"0","_links":{"self":[{"href":"https:\/\/veritasinfo.org\/index.php?rest_route=\/wp\/v2\/posts\/24881","targetHints":{"allow":["GET"]}}],"collection":[{"href":"https:\/\/veritasinfo.org\/index.php?rest_route=\/wp\/v2\/posts"}],"about":[{"href":"https:\/\/veritasinfo.org\/index.php?rest_route=\/wp\/v2\/types\/post"}],"author":[{"embeddable":true,"href":"https:\/\/veritasinfo.org\/index.php?rest_route=\/wp\/v2\/users\/6"}],"replies":[{"embeddable":true,"href":"https:\/\/veritasinfo.org\/index.php?rest_route=%2Fwp%2Fv2%2Fcomments&post=24881"}],"version-history":[{"count":1,"href":"https:\/\/veritasinfo.org\/index.php?rest_route=\/wp\/v2\/posts\/24881\/revisions"}],"predecessor-version":[{"id":24882,"href":"https:\/\/veritasinfo.org\/index.php?rest_route=\/wp\/v2\/posts\/24881\/revisions\/24882"}],"wp:featuredmedia":[{"embeddable":true,"href":"https:\/\/veritasinfo.org\/index.php?rest_route=\/wp\/v2\/media\/24879"}],"wp:attachment":[{"href":"https:\/\/veritasinfo.org\/index.php?rest_route=%2Fwp%2Fv2%2Fmedia&parent=24881"}],"wp:term":[{"taxonomy":"category","embeddable":true,"href":"https:\/\/veritasinfo.org\/index.php?rest_route=%2Fwp%2Fv2%2Fcategories&post=24881"},{"taxonomy":"post_tag","embeddable":true,"href":"https:\/\/veritasinfo.org\/index.php?rest_route=%2Fwp%2Fv2%2Ftags&post=24881"}],"curies":[{"name":"wp","href":"https:\/\/api.w.org\/{rel}","templated":true}]}}