{"id":24841,"date":"2025-12-20T09:36:37","date_gmt":"2025-12-20T08:36:37","guid":{"rendered":"https:\/\/veritasinfo.org\/?p=24841"},"modified":"2025-12-20T09:36:37","modified_gmt":"2025-12-20T08:36:37","slug":"sot-mbyllet-afati-per-aplikim-per-akreditim-te-vezhguesve-dhe-mediave","status":"publish","type":"post","link":"https:\/\/veritasinfo.org\/?p=24841","title":{"rendered":"Sot mbyllet afati p\u00ebr aplikim p\u00ebr akreditim t\u00eb v\u00ebzhguesve dhe mediave"},"content":{"rendered":"<p>Prodhojn\u00eb 20 Dhjetor 2025. 09:36<\/p>\n<p>Vet\u00ebm 586 v\u00ebzhgues jan\u00eb akredituar deri m\u00eb tani nga Komisioni Qendror i Zgjedhjeve p\u00ebr t\u00eb v\u00ebzhguar zgjedhjet e parakohshme p\u00ebr Kuvendin e Kosov\u00ebs, t\u00eb cilat do t\u00eb mbahen m\u00eb 28 dhjetor 2025.<\/p>\n<p>Shum\u00eb t\u00eb tjer\u00eb pritet t\u00eb akreditohen n\u00eb mbledhjet e radh\u00ebs t\u00eb KQZ-s\u00eb.<\/p>\n<p>T\u00eb gjith\u00eb k\u00ebta v\u00ebzhgues t\u00eb akredituar p\u00ebrfaq\u00ebsojn\u00eb organizata jo-qeveritare vendore, organizata nd\u00ebrkomb\u00ebtare, media vendore, nd\u00ebrkomb\u00ebtare, institucione shtet\u00ebrore dhe p\u00ebrfaq\u00ebsi dipomatike.<\/p>\n<p>Z\u00ebdh\u00ebn\u00ebsi i KQZ-s\u00eb, Valmir Elezi, ka treguar se afati p\u00ebr aplikim p\u00ebr akreditim t\u00eb v\u00ebzhguesve dhe mediave, do t\u00eb mbyllet gjat\u00eb dit\u00ebs s\u00eb sotme, e shtun\u00eb, 20 dhjetor.<\/p>\n<p>\u201cDeri n\u00eb per\u00ebndim t\u00eb dit\u00ebs s\u00eb sotme, e shtun\u00eb, 20 dhjetor, subjektet politike t\u00eb certifikuara, OJQ-t\u00eb, organizatat qeveritare dhe nd\u00ebrqeveritare, organizatat nd\u00ebrkomb\u00ebtare t\u00eb specializuara t\u00eb cilat merren me zgjedhjet dhe mbrojtjen e t\u00eb drejtave t\u00eb njeriut, mediat si dhe p\u00ebrfaq\u00ebsuesit e vendeve t\u00eb huaja, mund t\u00eb dor\u00ebzojn\u00eb online k\u00ebrkes\u00ebn e tyre p\u00ebr akreditimin e v\u00ebzhguesve\u201d, njoftoi Elezi.<\/p>\n<p>Elezi ka theksuar se p\u00ebr KQZ-n\u00eb, v\u00ebzhgimi i zgjedhjeve ka r\u00ebnd\u00ebsi t\u00eb ve\u00e7ant\u00eb, pasi me an\u00eb t\u00eb tij, v\u00ebzhguesit ndihmojn\u00eb n\u00eb rritjen e besueshm\u00ebris\u00eb n\u00eb procesin zgjedhor dhe identifikimin e mang\u00ebsive n\u00eb organizim.<\/p>\n<p>\u201cV\u00ebzhgimi i zgjedhjeve \u00ebsht\u00eb nj\u00eb element thelb\u00ebsor p\u00ebr garantimin e transparenc\u00ebs, integritetit dhe besueshm\u00ebris\u00eb s\u00eb procesit zgjedhor. P\u00ebr Komisionin Qendror t\u00eb Zgjedhjeve, prania e v\u00ebzhguesve vendor\u00eb dhe nd\u00ebrkomb\u00ebtar\u00eb p\u00ebrb\u00ebn nj\u00eb mekaniz\u00ebm t\u00eb r\u00ebnd\u00ebsish\u00ebm mbik\u00ebqyr\u00ebs q\u00eb kontribuon drejtp\u00ebrdrejt n\u00eb forcimin e besimit t\u00eb qytetar\u00ebve n\u00eb procesin zgjedhor. KQZ e konsideron v\u00ebzhgimin si nj\u00eb proces t\u00eb domosdosh\u00ebm, i cili mund\u00ebson p\u00ebrcjelljen e t\u00eb gjitha fazave t\u00eb zgjedhjeve \u2013 nga p\u00ebrgatitjet, dita e zgjedhjeve, e deri te num\u00ebrimi dhe shpallja e rezultateve\u201d, tha Elezi.<\/p>\n<p>Sipas KQZ-s\u00eb, vet\u00ebm v\u00ebzhguesit e akredituar nga KQZ do t\u00eb mund t\u00eb v\u00ebzhgojn\u00eb procesin p\u00ebrgatitor, mbajtjen e zgjedhjeve dhe aktivitetet tjera q\u00eb do t\u00eb zhvillohen n\u00eb 38 Qendrat Komunale t\u00eb Num\u00ebrimit (QKN) dhe Qendr\u00ebn e Num\u00ebrimit dhe Rezultateve (QNR).<\/p>\n","protected":false},"excerpt":{"rendered":"<p>Prodhojn\u00eb 20 Dhjetor 2025. 09:36 Vet\u00ebm 586 v\u00ebzhgues jan\u00eb akredituar deri m\u00eb tani nga Komisioni Qendror i Zgjedhjeve p\u00ebr t\u00eb v\u00ebzhguar zgjedhjet e parakohshme p\u00ebr<\/p>\n","protected":false},"author":6,"featured_media":24842,"comment_status":"open","ping_status":"open","sticky":false,"template":"","format":"standard","meta":{"footnotes":""},"categories":[8],"tags":[],"class_list":["post-24841","post","type-post","status-publish","format-standard","has-post-thumbnail","hentry","category-blog-sq"],"yoast_head":"<!-- This site is optimized with the Yoast SEO plugin v25.3.1 - https:\/\/yoast.com\/wordpress\/plugins\/seo\/ -->\n<title>Sot mbyllet afati p\u00ebr aplikim p\u00ebr akreditim t\u00eb v\u00ebzhguesve dhe mediave -<\/title>\n<meta name=\"robots\" content=\"index, follow, max-snippet:-1, max-image-preview:large, max-video-preview:-1\" \/>\n<link rel=\"canonical\" href=\"https:\/\/veritasinfo.org\/?p=24841\" \/>\n<meta property=\"og:locale\" content=\"en_US\" \/>\n<meta property=\"og:type\" content=\"article\" \/>\n<meta property=\"og:title\" content=\"Sot mbyllet afati p\u00ebr aplikim p\u00ebr akreditim t\u00eb v\u00ebzhguesve dhe mediave -\" \/>\n<meta property=\"og:description\" content=\"Prodhojn\u00eb 20 Dhjetor 2025. 09:36 Vet\u00ebm 586 v\u00ebzhgues jan\u00eb akredituar deri m\u00eb tani nga Komisioni Qendror i Zgjedhjeve p\u00ebr t\u00eb v\u00ebzhguar zgjedhjet e parakohshme p\u00ebr\" \/>\n<meta property=\"og:url\" content=\"https:\/\/veritasinfo.org\/?p=24841\" \/>\n<meta property=\"article:published_time\" content=\"2025-12-20T08:36:37+00:00\" \/>\n<meta property=\"og:image\" content=\"https:\/\/veritasinfo.org\/wp-content\/uploads\/2025\/12\/IMG-20251220-WA0001.jpg\" \/>\n\t<meta property=\"og:image:width\" content=\"800\" \/>\n\t<meta property=\"og:image:height\" content=\"519\" \/>\n\t<meta property=\"og:image:type\" content=\"image\/jpeg\" \/>\n<meta name=\"author\" content=\"US5\" \/>\n<meta name=\"twitter:card\" content=\"summary_large_image\" \/>\n<meta name=\"twitter:label1\" content=\"Written by\" \/>\n\t<meta name=\"twitter:data1\" content=\"US5\" \/>\n<script type=\"application\/ld+json\" class=\"yoast-schema-graph\">{\"@context\":\"https:\/\/schema.org\",\"@graph\":[{\"@type\":\"WebPage\",\"@id\":\"https:\/\/veritasinfo.org\/?p=24841\",\"url\":\"https:\/\/veritasinfo.org\/?p=24841\",\"name\":\"Sot mbyllet afati p\u00ebr aplikim p\u00ebr akreditim t\u00eb v\u00ebzhguesve dhe mediave -\",\"isPartOf\":{\"@id\":\"https:\/\/veritasinfo.org\/#website\"},\"primaryImageOfPage\":{\"@id\":\"https:\/\/veritasinfo.org\/?p=24841#primaryimage\"},\"image\":{\"@id\":\"https:\/\/veritasinfo.org\/?p=24841#primaryimage\"},\"thumbnailUrl\":\"https:\/\/veritasinfo.org\/wp-content\/uploads\/2025\/12\/IMG-20251220-WA0001.jpg\",\"datePublished\":\"2025-12-20T08:36:37+00:00\",\"author\":{\"@id\":\"https:\/\/veritasinfo.org\/#\/schema\/person\/bc442336e35414d04494ab8fb45db4c6\"},\"breadcrumb\":{\"@id\":\"https:\/\/veritasinfo.org\/?p=24841#breadcrumb\"},\"inLanguage\":\"en-US\",\"potentialAction\":[{\"@type\":\"ReadAction\",\"target\":[\"https:\/\/veritasinfo.org\/?p=24841\"]}]},{\"@type\":\"ImageObject\",\"inLanguage\":\"en-US\",\"@id\":\"https:\/\/veritasinfo.org\/?p=24841#primaryimage\",\"url\":\"https:\/\/veritasinfo.org\/wp-content\/uploads\/2025\/12\/IMG-20251220-WA0001.jpg\",\"contentUrl\":\"https:\/\/veritasinfo.org\/wp-content\/uploads\/2025\/12\/IMG-20251220-WA0001.jpg\",\"width\":800,\"height\":519},{\"@type\":\"BreadcrumbList\",\"@id\":\"https:\/\/veritasinfo.org\/?p=24841#breadcrumb\",\"itemListElement\":[{\"@type\":\"ListItem\",\"position\":1,\"name\":\"Home\",\"item\":\"https:\/\/veritasinfo.org\/\"},{\"@type\":\"ListItem\",\"position\":2,\"name\":\"Sot mbyllet afati p\u00ebr aplikim p\u00ebr akreditim t\u00eb v\u00ebzhguesve dhe mediave\"}]},{\"@type\":\"WebSite\",\"@id\":\"https:\/\/veritasinfo.org\/#website\",\"url\":\"https:\/\/veritasinfo.org\/\",\"name\":\"\",\"description\":\"\",\"potentialAction\":[{\"@type\":\"SearchAction\",\"target\":{\"@type\":\"EntryPoint\",\"urlTemplate\":\"https:\/\/veritasinfo.org\/?s={search_term_string}\"},\"query-input\":{\"@type\":\"PropertyValueSpecification\",\"valueRequired\":true,\"valueName\":\"search_term_string\"}}],\"inLanguage\":\"en-US\"},{\"@type\":\"Person\",\"@id\":\"https:\/\/veritasinfo.org\/#\/schema\/person\/bc442336e35414d04494ab8fb45db4c6\",\"name\":\"US5\",\"image\":{\"@type\":\"ImageObject\",\"inLanguage\":\"en-US\",\"@id\":\"https:\/\/veritasinfo.org\/#\/schema\/person\/image\/\",\"url\":\"https:\/\/secure.gravatar.com\/avatar\/16a61e7272a0c5d001121ebb9e60e925d5816e4ac1e443ed3e640d9a6ae55d0c?s=96&d=mm&r=g\",\"contentUrl\":\"https:\/\/secure.gravatar.com\/avatar\/16a61e7272a0c5d001121ebb9e60e925d5816e4ac1e443ed3e640d9a6ae55d0c?s=96&d=mm&r=g\",\"caption\":\"US5\"},\"url\":\"https:\/\/veritasinfo.org\/?author=6\"}]}<\/script>\n<!-- \/ Yoast SEO plugin. -->","yoast_head_json":{"title":"Sot mbyllet afati p\u00ebr aplikim p\u00ebr akreditim t\u00eb v\u00ebzhguesve dhe mediave -","robots":{"index":"index","follow":"follow","max-snippet":"max-snippet:-1","max-image-preview":"max-image-preview:large","max-video-preview":"max-video-preview:-1"},"canonical":"https:\/\/veritasinfo.org\/?p=24841","og_locale":"en_US","og_type":"article","og_title":"Sot mbyllet afati p\u00ebr aplikim p\u00ebr akreditim t\u00eb v\u00ebzhguesve dhe mediave -","og_description":"Prodhojn\u00eb 20 Dhjetor 2025. 09:36 Vet\u00ebm 586 v\u00ebzhgues jan\u00eb akredituar deri m\u00eb tani nga Komisioni Qendror i Zgjedhjeve p\u00ebr t\u00eb v\u00ebzhguar zgjedhjet e parakohshme p\u00ebr","og_url":"https:\/\/veritasinfo.org\/?p=24841","article_published_time":"2025-12-20T08:36:37+00:00","og_image":[{"width":800,"height":519,"url":"https:\/\/veritasinfo.org\/wp-content\/uploads\/2025\/12\/IMG-20251220-WA0001.jpg","type":"image\/jpeg"}],"author":"US5","twitter_card":"summary_large_image","twitter_misc":{"Written by":"US5"},"schema":{"@context":"https:\/\/schema.org","@graph":[{"@type":"WebPage","@id":"https:\/\/veritasinfo.org\/?p=24841","url":"https:\/\/veritasinfo.org\/?p=24841","name":"Sot mbyllet afati p\u00ebr aplikim p\u00ebr akreditim t\u00eb v\u00ebzhguesve dhe mediave -","isPartOf":{"@id":"https:\/\/veritasinfo.org\/#website"},"primaryImageOfPage":{"@id":"https:\/\/veritasinfo.org\/?p=24841#primaryimage"},"image":{"@id":"https:\/\/veritasinfo.org\/?p=24841#primaryimage"},"thumbnailUrl":"https:\/\/veritasinfo.org\/wp-content\/uploads\/2025\/12\/IMG-20251220-WA0001.jpg","datePublished":"2025-12-20T08:36:37+00:00","author":{"@id":"https:\/\/veritasinfo.org\/#\/schema\/person\/bc442336e35414d04494ab8fb45db4c6"},"breadcrumb":{"@id":"https:\/\/veritasinfo.org\/?p=24841#breadcrumb"},"inLanguage":"en-US","potentialAction":[{"@type":"ReadAction","target":["https:\/\/veritasinfo.org\/?p=24841"]}]},{"@type":"ImageObject","inLanguage":"en-US","@id":"https:\/\/veritasinfo.org\/?p=24841#primaryimage","url":"https:\/\/veritasinfo.org\/wp-content\/uploads\/2025\/12\/IMG-20251220-WA0001.jpg","contentUrl":"https:\/\/veritasinfo.org\/wp-content\/uploads\/2025\/12\/IMG-20251220-WA0001.jpg","width":800,"height":519},{"@type":"BreadcrumbList","@id":"https:\/\/veritasinfo.org\/?p=24841#breadcrumb","itemListElement":[{"@type":"ListItem","position":1,"name":"Home","item":"https:\/\/veritasinfo.org\/"},{"@type":"ListItem","position":2,"name":"Sot mbyllet afati p\u00ebr aplikim p\u00ebr akreditim t\u00eb v\u00ebzhguesve dhe mediave"}]},{"@type":"WebSite","@id":"https:\/\/veritasinfo.org\/#website","url":"https:\/\/veritasinfo.org\/","name":"","description":"","potentialAction":[{"@type":"SearchAction","target":{"@type":"EntryPoint","urlTemplate":"https:\/\/veritasinfo.org\/?s={search_term_string}"},"query-input":{"@type":"PropertyValueSpecification","valueRequired":true,"valueName":"search_term_string"}}],"inLanguage":"en-US"},{"@type":"Person","@id":"https:\/\/veritasinfo.org\/#\/schema\/person\/bc442336e35414d04494ab8fb45db4c6","name":"US5","image":{"@type":"ImageObject","inLanguage":"en-US","@id":"https:\/\/veritasinfo.org\/#\/schema\/person\/image\/","url":"https:\/\/secure.gravatar.com\/avatar\/16a61e7272a0c5d001121ebb9e60e925d5816e4ac1e443ed3e640d9a6ae55d0c?s=96&d=mm&r=g","contentUrl":"https:\/\/secure.gravatar.com\/avatar\/16a61e7272a0c5d001121ebb9e60e925d5816e4ac1e443ed3e640d9a6ae55d0c?s=96&d=mm&r=g","caption":"US5"},"url":"https:\/\/veritasinfo.org\/?author=6"}]}},"featured_image_urls":{"full":["https:\/\/veritasinfo.org\/wp-content\/uploads\/2025\/12\/IMG-20251220-WA0001.jpg",800,519,false],"thumbnail":["https:\/\/veritasinfo.org\/wp-content\/uploads\/2025\/12\/IMG-20251220-WA0001-150x150.jpg",150,150,true],"medium":["https:\/\/veritasinfo.org\/wp-content\/uploads\/2025\/12\/IMG-20251220-WA0001-300x195.jpg",300,195,true],"medium_large":["https:\/\/veritasinfo.org\/wp-content\/uploads\/2025\/12\/IMG-20251220-WA0001-768x498.jpg",640,415,true],"large":["https:\/\/veritasinfo.org\/wp-content\/uploads\/2025\/12\/IMG-20251220-WA0001.jpg",640,415,false],"1536x1536":["https:\/\/veritasinfo.org\/wp-content\/uploads\/2025\/12\/IMG-20251220-WA0001.jpg",800,519,false],"2048x2048":["https:\/\/veritasinfo.org\/wp-content\/uploads\/2025\/12\/IMG-20251220-WA0001.jpg",800,519,false],"kreeti-slider-full":["https:\/\/veritasinfo.org\/wp-content\/uploads\/2025\/12\/IMG-20251220-WA0001.jpg",800,519,false],"kreeti-featured":["https:\/\/veritasinfo.org\/wp-content\/uploads\/2025\/12\/IMG-20251220-WA0001.jpg",800,519,false],"kreeti-medium":["https:\/\/veritasinfo.org\/wp-content\/uploads\/2025\/12\/IMG-20251220-WA0001.jpg",720,467,false],"kreeti-medium-square":["https:\/\/veritasinfo.org\/wp-content\/uploads\/2025\/12\/IMG-20251220-WA0001.jpg",350,227,false]},"author_info":{"info":["US5"]},"category_info":"<a href=\"https:\/\/veritasinfo.org\/?cat=8\" rel=\"category\">Zgjedhjet parlamentare 2025<\/a>","tag_info":"Zgjedhjet parlamentare 2025","comment_count":"0","_links":{"self":[{"href":"https:\/\/veritasinfo.org\/index.php?rest_route=\/wp\/v2\/posts\/24841","targetHints":{"allow":["GET"]}}],"collection":[{"href":"https:\/\/veritasinfo.org\/index.php?rest_route=\/wp\/v2\/posts"}],"about":[{"href":"https:\/\/veritasinfo.org\/index.php?rest_route=\/wp\/v2\/types\/post"}],"author":[{"embeddable":true,"href":"https:\/\/veritasinfo.org\/index.php?rest_route=\/wp\/v2\/users\/6"}],"replies":[{"embeddable":true,"href":"https:\/\/veritasinfo.org\/index.php?rest_route=%2Fwp%2Fv2%2Fcomments&post=24841"}],"version-history":[{"count":1,"href":"https:\/\/veritasinfo.org\/index.php?rest_route=\/wp\/v2\/posts\/24841\/revisions"}],"predecessor-version":[{"id":24843,"href":"https:\/\/veritasinfo.org\/index.php?rest_route=\/wp\/v2\/posts\/24841\/revisions\/24843"}],"wp:featuredmedia":[{"embeddable":true,"href":"https:\/\/veritasinfo.org\/index.php?rest_route=\/wp\/v2\/media\/24842"}],"wp:attachment":[{"href":"https:\/\/veritasinfo.org\/index.php?rest_route=%2Fwp%2Fv2%2Fmedia&parent=24841"}],"wp:term":[{"taxonomy":"category","embeddable":true,"href":"https:\/\/veritasinfo.org\/index.php?rest_route=%2Fwp%2Fv2%2Fcategories&post=24841"},{"taxonomy":"post_tag","embeddable":true,"href":"https:\/\/veritasinfo.org\/index.php?rest_route=%2Fwp%2Fv2%2Ftags&post=24841"}],"curies":[{"name":"wp","href":"https:\/\/api.w.org\/{rel}","templated":true}]}}