{"id":24814,"date":"2025-12-19T22:53:29","date_gmt":"2025-12-19T21:53:29","guid":{"rendered":"https:\/\/veritasinfo.org\/?p=24814"},"modified":"2025-12-19T22:53:29","modified_gmt":"2025-12-19T21:53:29","slug":"durmisi-pored-dva-mosta-preko-reke-ibar-uskoro-pocinje-izgradnja-i-treceg","status":"publish","type":"post","link":"https:\/\/veritasinfo.org\/?p=24814&lang=sr","title":{"rendered":"Durmi\u0161i: Pored dva mosta preko reke Ibar, uskoro po\u010dinje izgradnja i trec\u0301eg"},"content":{"rendered":"<p><strong>Mitrovica, 19. decembar 2025\u00a0 22:53<\/strong><\/p>\n<p>Vr\u0161ilac du\u017enosti ministra za infrastrukturu i \u017eivotnu sredinu, Hisen Durmi\u0161i, najavio je da c\u0301e, pored dva vec\u0301 zavr\u0161ena mosta preko reke Ibar, Vlada sprovesti jo\u0161 jedan infrastrukturni projekat, koji uklju\u010duje izgradnju novog mosta kao dela \u010detvorotra\u010dne puta.<\/p>\n<p>Prema Durmi\u0161ijevim re\u010dima, projekat predvi\u0111a izgradnju puta koji c\u0301e slu\u017eiti kao obilaznica i direktno c\u0301e uticati na olak\u0161avanje saobrac\u0301aja u regionu.<\/p>\n<p>Durmi\u0161i je u emisiji \u201eK\u00ebndi i Debatit\u201c na kanalu T\u00ebv\u00eb1 najavio da c\u0301e put po\u010deti od \u017dabarija, odnosno iz pravca \u0160ipola, proc\u0301i c\u0301e blizu akumulacionog jezera, gde je planirana izgradnja novog mosta preko reke Ibar, a zatim c\u0301e se nastaviti prema Gu\u0161acu i Vidimiric\u0301u.<\/p>\n<p>\u201eDva mosta preko Ibra nisu poslednji projekti na reci. Gradic\u0301emo i druge mostove. Jedan od veoma va\u017enih projekata, za koji smo vec\u0301 napravili projekat i spremili ga, a realizovac\u0301emo ga sledec\u0301e godine, jeste \u010detvorotra\u010dni put, koji c\u0301e slu\u017eiti kao obilaznica od \u017dabarija, dakle put koji dolazi od \u0160ipola u pravcu dela gde se nalazi akumulaciono jezero, bic\u0301e izgra\u0111en most, zatim se nastavlja do Gu\u0161ca, pa Vidimiric\u0301a, to c\u0301e biti \u010detvorotra\u010dni put sa drugim mostom preko reke Ibar, sa kojim c\u0301e se ukupno izgraditi 78 mostova\u201c, izjavio je on.<\/p>\n<p>Dodao je da c\u0301e ovaj put biti povezan sa pravcem Mitrovica-Leposavic\u0301 i da c\u0301e omoguc\u0301iti vozilima koja dolaze iz oblasti Skenderaja da izbegnu ulazak u grad, \u010dinec\u0301i saobrac\u0301aj funkcionalnijim.<\/p>\n<p>\u0160to se ti\u010de tro\u0161kova projekta, Durmi\u0161i je naglasio da trenutno nema ta\u010dne cifre, po\u0161to je projekat podnet pre samo nekoliko dana.<\/p>\n<p>Me\u0111utim, naglasio je da je ovo investicija od velikog zna\u010daja za celokupni razvoj podru\u010dja.<\/p>\n<p>Prema njegovim re\u010dima, o\u010dekuje se da c\u0301e realizacija ovog projekta po\u010deti sledec\u0301e godine.<\/p>\n<p>\u201eNe znam sada ukupne tro\u0161kove ovog projekta, jer je projekat podnet pre nekoliko dana. Ne znam vrednost, ali to c\u0301e biti put koji c\u0301e biti veoma va\u017ean za celo podru\u010dje, uklju\u010dujuc\u0301i i pravac od grada Skenderaja, jer vi\u0161e nec\u0301e morati da ulaze u grad, jer c\u0301e put nastaviti u pravcu Mitrovica-Leposavic\u0301. To c\u0301e biti put koji c\u0301e olak\u0161ati saobrac\u0301aj\u201c, izjavio je on.<\/p>\n","protected":false},"excerpt":{"rendered":"<p>Mitrovica, 19. decembar 2025\u00a0 22:53 Vr\u0161ilac du\u017enosti ministra za infrastrukturu i \u017eivotnu sredinu, Hisen Durmi\u0161i, najavio je da c\u0301e, pored dva vec\u0301 zavr\u0161ena mosta preko<\/p>\n","protected":false},"author":2,"featured_media":24812,"comment_status":"open","ping_status":"open","sticky":false,"template":"","format":"standard","meta":{"footnotes":""},"categories":[24],"tags":[],"class_list":["post-24814","post","type-post","status-publish","format-standard","has-post-thumbnail","hentry","category-uncategorized-sr"],"yoast_head":"<!-- This site is optimized with the Yoast SEO plugin v25.3.1 - https:\/\/yoast.com\/wordpress\/plugins\/seo\/ -->\n<title>Durmi\u0161i: Pored dva mosta preko reke Ibar, uskoro po\u010dinje izgradnja i trec\u0301eg -<\/title>\n<meta name=\"robots\" content=\"index, follow, max-snippet:-1, max-image-preview:large, max-video-preview:-1\" \/>\n<link rel=\"canonical\" href=\"https:\/\/veritasinfo.org\/?p=24814&lang=sr\" \/>\n<meta property=\"og:locale\" content=\"en_US\" \/>\n<meta property=\"og:type\" content=\"article\" \/>\n<meta property=\"og:title\" content=\"Durmi\u0161i: Pored dva mosta preko reke Ibar, uskoro po\u010dinje izgradnja i trec\u0301eg -\" \/>\n<meta property=\"og:description\" content=\"Mitrovica, 19. decembar 2025\u00a0 22:53 Vr\u0161ilac du\u017enosti ministra za infrastrukturu i \u017eivotnu sredinu, Hisen Durmi\u0161i, najavio je da c\u0301e, pored dva vec\u0301 zavr\u0161ena mosta preko\" \/>\n<meta property=\"og:url\" content=\"https:\/\/veritasinfo.org\/?p=24814&amp;lang=sr\" \/>\n<meta property=\"article:published_time\" content=\"2025-12-19T21:53:29+00:00\" \/>\n<meta property=\"og:image\" content=\"https:\/\/veritasinfo.org\/wp-content\/uploads\/2025\/12\/Hysen.webp\" \/>\n\t<meta property=\"og:image:width\" content=\"1245\" \/>\n\t<meta property=\"og:image:height\" content=\"700\" \/>\n\t<meta property=\"og:image:type\" content=\"image\/webp\" \/>\n<meta name=\"author\" content=\"US1\" \/>\n<meta name=\"twitter:card\" content=\"summary_large_image\" \/>\n<meta name=\"twitter:label1\" content=\"Written by\" \/>\n\t<meta name=\"twitter:data1\" content=\"US1\" \/>\n\t<meta name=\"twitter:label2\" content=\"Est. reading time\" \/>\n\t<meta name=\"twitter:data2\" content=\"2 minutes\" \/>\n<script type=\"application\/ld+json\" class=\"yoast-schema-graph\">{\"@context\":\"https:\/\/schema.org\",\"@graph\":[{\"@type\":\"WebPage\",\"@id\":\"https:\/\/veritasinfo.org\/?p=24814&lang=sr\",\"url\":\"https:\/\/veritasinfo.org\/?p=24814&lang=sr\",\"name\":\"Durmi\u0161i: Pored dva mosta preko reke Ibar, uskoro po\u010dinje izgradnja i trec\u0301eg -\",\"isPartOf\":{\"@id\":\"https:\/\/veritasinfo.org\/#website\"},\"primaryImageOfPage\":{\"@id\":\"https:\/\/veritasinfo.org\/?p=24814&lang=sr#primaryimage\"},\"image\":{\"@id\":\"https:\/\/veritasinfo.org\/?p=24814&lang=sr#primaryimage\"},\"thumbnailUrl\":\"https:\/\/veritasinfo.org\/wp-content\/uploads\/2025\/12\/Hysen.webp\",\"datePublished\":\"2025-12-19T21:53:29+00:00\",\"author\":{\"@id\":\"https:\/\/veritasinfo.org\/#\/schema\/person\/c2b8be262ea994d0995addca692c5e98\"},\"breadcrumb\":{\"@id\":\"https:\/\/veritasinfo.org\/?p=24814&lang=sr#breadcrumb\"},\"inLanguage\":\"en-US\",\"potentialAction\":[{\"@type\":\"ReadAction\",\"target\":[\"https:\/\/veritasinfo.org\/?p=24814&lang=sr\"]}]},{\"@type\":\"ImageObject\",\"inLanguage\":\"en-US\",\"@id\":\"https:\/\/veritasinfo.org\/?p=24814&lang=sr#primaryimage\",\"url\":\"https:\/\/veritasinfo.org\/wp-content\/uploads\/2025\/12\/Hysen.webp\",\"contentUrl\":\"https:\/\/veritasinfo.org\/wp-content\/uploads\/2025\/12\/Hysen.webp\",\"width\":1245,\"height\":700},{\"@type\":\"BreadcrumbList\",\"@id\":\"https:\/\/veritasinfo.org\/?p=24814&lang=sr#breadcrumb\",\"itemListElement\":[{\"@type\":\"ListItem\",\"position\":1,\"name\":\"Home\",\"item\":\"https:\/\/veritasinfo.org\/\"},{\"@type\":\"ListItem\",\"position\":2,\"name\":\"Durmi\u0161i: Pored dva mosta preko reke Ibar, uskoro po\u010dinje izgradnja i trec\u0301eg\"}]},{\"@type\":\"WebSite\",\"@id\":\"https:\/\/veritasinfo.org\/#website\",\"url\":\"https:\/\/veritasinfo.org\/\",\"name\":\"\",\"description\":\"\",\"potentialAction\":[{\"@type\":\"SearchAction\",\"target\":{\"@type\":\"EntryPoint\",\"urlTemplate\":\"https:\/\/veritasinfo.org\/?s={search_term_string}\"},\"query-input\":{\"@type\":\"PropertyValueSpecification\",\"valueRequired\":true,\"valueName\":\"search_term_string\"}}],\"inLanguage\":\"en-US\"},{\"@type\":\"Person\",\"@id\":\"https:\/\/veritasinfo.org\/#\/schema\/person\/c2b8be262ea994d0995addca692c5e98\",\"name\":\"US1\",\"image\":{\"@type\":\"ImageObject\",\"inLanguage\":\"en-US\",\"@id\":\"https:\/\/veritasinfo.org\/#\/schema\/person\/image\/\",\"url\":\"https:\/\/secure.gravatar.com\/avatar\/4e96a59bd256abf9956eb9963ac891a47461ffb364d47b0e9aab113328fdb75b?s=96&d=mm&r=g\",\"contentUrl\":\"https:\/\/secure.gravatar.com\/avatar\/4e96a59bd256abf9956eb9963ac891a47461ffb364d47b0e9aab113328fdb75b?s=96&d=mm&r=g\",\"caption\":\"US1\"},\"url\":\"https:\/\/veritasinfo.org\/?author=2\"}]}<\/script>\n<!-- \/ Yoast SEO plugin. -->","yoast_head_json":{"title":"Durmi\u0161i: Pored dva mosta preko reke Ibar, uskoro po\u010dinje izgradnja i trec\u0301eg -","robots":{"index":"index","follow":"follow","max-snippet":"max-snippet:-1","max-image-preview":"max-image-preview:large","max-video-preview":"max-video-preview:-1"},"canonical":"https:\/\/veritasinfo.org\/?p=24814&lang=sr","og_locale":"en_US","og_type":"article","og_title":"Durmi\u0161i: Pored dva mosta preko reke Ibar, uskoro po\u010dinje izgradnja i trec\u0301eg -","og_description":"Mitrovica, 19. decembar 2025\u00a0 22:53 Vr\u0161ilac du\u017enosti ministra za infrastrukturu i \u017eivotnu sredinu, Hisen Durmi\u0161i, najavio je da c\u0301e, pored dva vec\u0301 zavr\u0161ena mosta preko","og_url":"https:\/\/veritasinfo.org\/?p=24814&lang=sr","article_published_time":"2025-12-19T21:53:29+00:00","og_image":[{"width":1245,"height":700,"url":"https:\/\/veritasinfo.org\/wp-content\/uploads\/2025\/12\/Hysen.webp","type":"image\/webp"}],"author":"US1","twitter_card":"summary_large_image","twitter_misc":{"Written by":"US1","Est. reading time":"2 minutes"},"schema":{"@context":"https:\/\/schema.org","@graph":[{"@type":"WebPage","@id":"https:\/\/veritasinfo.org\/?p=24814&lang=sr","url":"https:\/\/veritasinfo.org\/?p=24814&lang=sr","name":"Durmi\u0161i: Pored dva mosta preko reke Ibar, uskoro po\u010dinje izgradnja i trec\u0301eg -","isPartOf":{"@id":"https:\/\/veritasinfo.org\/#website"},"primaryImageOfPage":{"@id":"https:\/\/veritasinfo.org\/?p=24814&lang=sr#primaryimage"},"image":{"@id":"https:\/\/veritasinfo.org\/?p=24814&lang=sr#primaryimage"},"thumbnailUrl":"https:\/\/veritasinfo.org\/wp-content\/uploads\/2025\/12\/Hysen.webp","datePublished":"2025-12-19T21:53:29+00:00","author":{"@id":"https:\/\/veritasinfo.org\/#\/schema\/person\/c2b8be262ea994d0995addca692c5e98"},"breadcrumb":{"@id":"https:\/\/veritasinfo.org\/?p=24814&lang=sr#breadcrumb"},"inLanguage":"en-US","potentialAction":[{"@type":"ReadAction","target":["https:\/\/veritasinfo.org\/?p=24814&lang=sr"]}]},{"@type":"ImageObject","inLanguage":"en-US","@id":"https:\/\/veritasinfo.org\/?p=24814&lang=sr#primaryimage","url":"https:\/\/veritasinfo.org\/wp-content\/uploads\/2025\/12\/Hysen.webp","contentUrl":"https:\/\/veritasinfo.org\/wp-content\/uploads\/2025\/12\/Hysen.webp","width":1245,"height":700},{"@type":"BreadcrumbList","@id":"https:\/\/veritasinfo.org\/?p=24814&lang=sr#breadcrumb","itemListElement":[{"@type":"ListItem","position":1,"name":"Home","item":"https:\/\/veritasinfo.org\/"},{"@type":"ListItem","position":2,"name":"Durmi\u0161i: Pored dva mosta preko reke Ibar, uskoro po\u010dinje izgradnja i trec\u0301eg"}]},{"@type":"WebSite","@id":"https:\/\/veritasinfo.org\/#website","url":"https:\/\/veritasinfo.org\/","name":"","description":"","potentialAction":[{"@type":"SearchAction","target":{"@type":"EntryPoint","urlTemplate":"https:\/\/veritasinfo.org\/?s={search_term_string}"},"query-input":{"@type":"PropertyValueSpecification","valueRequired":true,"valueName":"search_term_string"}}],"inLanguage":"en-US"},{"@type":"Person","@id":"https:\/\/veritasinfo.org\/#\/schema\/person\/c2b8be262ea994d0995addca692c5e98","name":"US1","image":{"@type":"ImageObject","inLanguage":"en-US","@id":"https:\/\/veritasinfo.org\/#\/schema\/person\/image\/","url":"https:\/\/secure.gravatar.com\/avatar\/4e96a59bd256abf9956eb9963ac891a47461ffb364d47b0e9aab113328fdb75b?s=96&d=mm&r=g","contentUrl":"https:\/\/secure.gravatar.com\/avatar\/4e96a59bd256abf9956eb9963ac891a47461ffb364d47b0e9aab113328fdb75b?s=96&d=mm&r=g","caption":"US1"},"url":"https:\/\/veritasinfo.org\/?author=2"}]}},"featured_image_urls":{"full":["https:\/\/veritasinfo.org\/wp-content\/uploads\/2025\/12\/Hysen.webp",1245,700,false],"thumbnail":["https:\/\/veritasinfo.org\/wp-content\/uploads\/2025\/12\/Hysen-150x150.webp",150,150,true],"medium":["https:\/\/veritasinfo.org\/wp-content\/uploads\/2025\/12\/Hysen-300x169.webp",300,169,true],"medium_large":["https:\/\/veritasinfo.org\/wp-content\/uploads\/2025\/12\/Hysen-768x432.webp",640,360,true],"large":["https:\/\/veritasinfo.org\/wp-content\/uploads\/2025\/12\/Hysen-1024x576.webp",640,360,true],"1536x1536":["https:\/\/veritasinfo.org\/wp-content\/uploads\/2025\/12\/Hysen.webp",1245,700,false],"2048x2048":["https:\/\/veritasinfo.org\/wp-content\/uploads\/2025\/12\/Hysen.webp",1245,700,false],"kreeti-slider-full":["https:\/\/veritasinfo.org\/wp-content\/uploads\/2025\/12\/Hysen.webp",1245,700,false],"kreeti-featured":["https:\/\/veritasinfo.org\/wp-content\/uploads\/2025\/12\/Hysen.webp",1024,576,false],"kreeti-medium":["https:\/\/veritasinfo.org\/wp-content\/uploads\/2025\/12\/Hysen.webp",720,405,false],"kreeti-medium-square":["https:\/\/veritasinfo.org\/wp-content\/uploads\/2025\/12\/Hysen.webp",350,197,false]},"author_info":{"info":["US1"]},"category_info":"<a href=\"https:\/\/veritasinfo.org\/?cat=24&#038;lang=sr\" rel=\"category\">Uncategorized<\/a>","tag_info":"Uncategorized","comment_count":"0","_links":{"self":[{"href":"https:\/\/veritasinfo.org\/index.php?rest_route=\/wp\/v2\/posts\/24814","targetHints":{"allow":["GET"]}}],"collection":[{"href":"https:\/\/veritasinfo.org\/index.php?rest_route=\/wp\/v2\/posts"}],"about":[{"href":"https:\/\/veritasinfo.org\/index.php?rest_route=\/wp\/v2\/types\/post"}],"author":[{"embeddable":true,"href":"https:\/\/veritasinfo.org\/index.php?rest_route=\/wp\/v2\/users\/2"}],"replies":[{"embeddable":true,"href":"https:\/\/veritasinfo.org\/index.php?rest_route=%2Fwp%2Fv2%2Fcomments&post=24814"}],"version-history":[{"count":1,"href":"https:\/\/veritasinfo.org\/index.php?rest_route=\/wp\/v2\/posts\/24814\/revisions"}],"predecessor-version":[{"id":24815,"href":"https:\/\/veritasinfo.org\/index.php?rest_route=\/wp\/v2\/posts\/24814\/revisions\/24815"}],"wp:featuredmedia":[{"embeddable":true,"href":"https:\/\/veritasinfo.org\/index.php?rest_route=\/wp\/v2\/media\/24812"}],"wp:attachment":[{"href":"https:\/\/veritasinfo.org\/index.php?rest_route=%2Fwp%2Fv2%2Fmedia&parent=24814"}],"wp:term":[{"taxonomy":"category","embeddable":true,"href":"https:\/\/veritasinfo.org\/index.php?rest_route=%2Fwp%2Fv2%2Fcategories&post=24814"},{"taxonomy":"post_tag","embeddable":true,"href":"https:\/\/veritasinfo.org\/index.php?rest_route=%2Fwp%2Fv2%2Ftags&post=24814"}],"curies":[{"name":"wp","href":"https:\/\/api.w.org\/{rel}","templated":true}]}}