{"id":24801,"date":"2025-12-19T21:00:08","date_gmt":"2025-12-19T20:00:08","guid":{"rendered":"https:\/\/veritasinfo.org\/?p=24801"},"modified":"2025-12-19T21:00:08","modified_gmt":"2025-12-19T20:00:08","slug":"keshilli-i-ministrave-i-komunitetit-te-energjise-i-kerkon-serbise-zhbllokimin-e-linjave-interkonektive-me-kosoven","status":"publish","type":"post","link":"https:\/\/veritasinfo.org\/?p=24801","title":{"rendered":"K\u00ebshilli i Ministrave i Komunitetit t\u00eb Energjis\u00eb i k\u00ebrkon Serbis\u00eb zhbllokimin e linjave interkonektive me Kosov\u00ebn"},"content":{"rendered":"<p><strong>Prishtin\u00eb, 19 dhjetor 2025 21:00<\/strong><\/p>\n<p>Vazhdimi i bllokimit t\u00eb linj\u00ebs s\u00eb transmisionit Kosov\u00eb-Serbi, sipas ministres n\u00eb detyr\u00eb e Ekonomis\u00eb, Artane Rizvanolli, \u00ebsht\u00eb p\u00ebrcjell\u00eb me pasoja financiare p\u00ebr Kosov\u00ebn, ku bartja e nj\u00eb meagavati or\u00eb t\u00eb energjis\u00eb ka kushtuar deri n\u00eb 700 euro. Rizvanolli ka b\u00ebr\u00eb t\u00eb ditur se K\u00ebshilli i Ministrave i Komunitetit t\u00eb Energjis\u00eb q\u00eb tash kryesohet nga Kosova, i ka dh\u00ebn\u00eb afat Serbis\u00eb q\u00eb deri m\u00eb 1 korrik 2026 t\u00eb liroj\u00eb linjat me Kosov\u00ebn.<\/p>\n<p>Deri n\u00eb 700 euro i ka kushtuar Kosov\u00ebs transporti p\u00ebr nj\u00eb megavat or\u00eb energji n\u00eb fund t\u00eb vitit t\u00eb shkuar, pa p\u00ebrfshir\u00eb \u00e7mimin e energjis\u00eb. Kjo kosto \u00ebsht\u00eb paguar p\u00ebr shkak t\u00eb bllokimit t\u00eb linjave interkonektive nga Serbia. Problemet e nj\u00ebjta kan\u00eb vazhduar edhe sivjet, kur importi u rrit n\u00eb vlera rekorde.<\/p>\n<p>Nj\u00eb dit\u00eb m\u00eb par\u00eb, kur Kosova mori kryesimin e K\u00ebshillit t\u00eb Ministrave t\u00eb Komunitetit t\u00eb Energjis\u00eb, u mor vendimi p\u00ebr hapjen e rastit ndaj Serbis\u00eb. P\u00ebr vendimin njoftoi ministrja n\u00eb detyr\u00eb e Ekonomis\u00eb, Artane Rizvanolli.<\/p>\n<p>Shqet\u00ebsimet nga Rizvanolli u paraqit\u00ebn edhe brenda mbledhjes s\u00eb K\u00ebshillit.<\/p>\n<p>\u201cDuhet t\u00eb pranojm\u00eb se pengesa m\u00eb kritike q\u00eb k\u00ebrkon veprim urgjent \u00ebsht\u00eb vazhdimi i\u00a0 bllokimit t\u00eb linj\u00ebs s\u00eb transmisionit Kosov\u00eb-Serbi nga EMS. Kjo duhet t\u00eb trajtohet si nj\u00eb \u00e7\u00ebshtje me prioritet t\u00eb lart\u00eb p\u00ebr tregun rajonal, p\u00ebr shkak q\u00eb si pasoj\u00eb e k\u00ebsaj deri n\u00eb 600 megavat kapacitet n\u00eb kufirin Kosov\u00eb-Serbi mbeten t\u00eb pashfryt\u00ebzueshme p\u00ebr shk\u00ebmbime komerciale, duke minuar drejtp\u00ebrdrejt integrimin e tregut dhe sigurin\u00eb e furnizimit\u201d, ka b\u00ebr\u00eb t\u00eb ditur ajo.<\/p>\n","protected":false},"excerpt":{"rendered":"<p>Prishtin\u00eb, 19 dhjetor 2025 21:00 Vazhdimi i bllokimit t\u00eb linj\u00ebs s\u00eb transmisionit Kosov\u00eb-Serbi, sipas ministres n\u00eb detyr\u00eb e Ekonomis\u00eb, Artane Rizvanolli, \u00ebsht\u00eb p\u00ebrcjell\u00eb me pasoja<\/p>\n","protected":false},"author":2,"featured_media":24802,"comment_status":"open","ping_status":"open","sticky":false,"template":"","format":"standard","meta":{"footnotes":""},"categories":[60],"tags":[],"class_list":["post-24801","post","type-post","status-publish","format-standard","has-post-thumbnail","hentry","category-shoqerore-sq"],"yoast_head":"<!-- This site is optimized with the Yoast SEO plugin v25.3.1 - https:\/\/yoast.com\/wordpress\/plugins\/seo\/ -->\n<title>K\u00ebshilli i Ministrave i Komunitetit t\u00eb Energjis\u00eb i k\u00ebrkon Serbis\u00eb zhbllokimin e linjave interkonektive me Kosov\u00ebn -<\/title>\n<meta name=\"robots\" content=\"index, follow, max-snippet:-1, max-image-preview:large, max-video-preview:-1\" \/>\n<link rel=\"canonical\" href=\"https:\/\/veritasinfo.org\/?p=24801\" \/>\n<meta property=\"og:locale\" content=\"en_US\" \/>\n<meta property=\"og:type\" content=\"article\" \/>\n<meta property=\"og:title\" content=\"K\u00ebshilli i Ministrave i Komunitetit t\u00eb Energjis\u00eb i k\u00ebrkon Serbis\u00eb zhbllokimin e linjave interkonektive me Kosov\u00ebn -\" \/>\n<meta property=\"og:description\" content=\"Prishtin\u00eb, 19 dhjetor 2025 21:00 Vazhdimi i bllokimit t\u00eb linj\u00ebs s\u00eb transmisionit Kosov\u00eb-Serbi, sipas ministres n\u00eb detyr\u00eb e Ekonomis\u00eb, Artane Rizvanolli, \u00ebsht\u00eb p\u00ebrcjell\u00eb me pasoja\" \/>\n<meta property=\"og:url\" content=\"https:\/\/veritasinfo.org\/?p=24801\" \/>\n<meta property=\"article:published_time\" content=\"2025-12-19T20:00:08+00:00\" \/>\n<meta property=\"og:image\" content=\"https:\/\/veritasinfo.org\/wp-content\/uploads\/2025\/12\/termoelektrana.webp\" \/>\n\t<meta property=\"og:image:width\" content=\"1064\" \/>\n\t<meta property=\"og:image:height\" content=\"600\" \/>\n\t<meta property=\"og:image:type\" content=\"image\/webp\" \/>\n<meta name=\"author\" content=\"US1\" \/>\n<meta name=\"twitter:card\" content=\"summary_large_image\" \/>\n<meta name=\"twitter:label1\" content=\"Written by\" \/>\n\t<meta name=\"twitter:data1\" content=\"US1\" \/>\n\t<meta name=\"twitter:label2\" content=\"Est. reading time\" \/>\n\t<meta name=\"twitter:data2\" content=\"2 minutes\" \/>\n<script type=\"application\/ld+json\" class=\"yoast-schema-graph\">{\"@context\":\"https:\/\/schema.org\",\"@graph\":[{\"@type\":\"WebPage\",\"@id\":\"https:\/\/veritasinfo.org\/?p=24801\",\"url\":\"https:\/\/veritasinfo.org\/?p=24801\",\"name\":\"K\u00ebshilli i Ministrave i Komunitetit t\u00eb Energjis\u00eb i k\u00ebrkon Serbis\u00eb zhbllokimin e linjave interkonektive me Kosov\u00ebn -\",\"isPartOf\":{\"@id\":\"https:\/\/veritasinfo.org\/#website\"},\"primaryImageOfPage\":{\"@id\":\"https:\/\/veritasinfo.org\/?p=24801#primaryimage\"},\"image\":{\"@id\":\"https:\/\/veritasinfo.org\/?p=24801#primaryimage\"},\"thumbnailUrl\":\"https:\/\/veritasinfo.org\/wp-content\/uploads\/2025\/12\/termoelektrana.webp\",\"datePublished\":\"2025-12-19T20:00:08+00:00\",\"author\":{\"@id\":\"https:\/\/veritasinfo.org\/#\/schema\/person\/c2b8be262ea994d0995addca692c5e98\"},\"breadcrumb\":{\"@id\":\"https:\/\/veritasinfo.org\/?p=24801#breadcrumb\"},\"inLanguage\":\"en-US\",\"potentialAction\":[{\"@type\":\"ReadAction\",\"target\":[\"https:\/\/veritasinfo.org\/?p=24801\"]}]},{\"@type\":\"ImageObject\",\"inLanguage\":\"en-US\",\"@id\":\"https:\/\/veritasinfo.org\/?p=24801#primaryimage\",\"url\":\"https:\/\/veritasinfo.org\/wp-content\/uploads\/2025\/12\/termoelektrana.webp\",\"contentUrl\":\"https:\/\/veritasinfo.org\/wp-content\/uploads\/2025\/12\/termoelektrana.webp\",\"width\":1064,\"height\":600},{\"@type\":\"BreadcrumbList\",\"@id\":\"https:\/\/veritasinfo.org\/?p=24801#breadcrumb\",\"itemListElement\":[{\"@type\":\"ListItem\",\"position\":1,\"name\":\"Home\",\"item\":\"https:\/\/veritasinfo.org\/\"},{\"@type\":\"ListItem\",\"position\":2,\"name\":\"K\u00ebshilli i Ministrave i Komunitetit t\u00eb Energjis\u00eb i k\u00ebrkon Serbis\u00eb zhbllokimin e linjave interkonektive me Kosov\u00ebn\"}]},{\"@type\":\"WebSite\",\"@id\":\"https:\/\/veritasinfo.org\/#website\",\"url\":\"https:\/\/veritasinfo.org\/\",\"name\":\"\",\"description\":\"\",\"potentialAction\":[{\"@type\":\"SearchAction\",\"target\":{\"@type\":\"EntryPoint\",\"urlTemplate\":\"https:\/\/veritasinfo.org\/?s={search_term_string}\"},\"query-input\":{\"@type\":\"PropertyValueSpecification\",\"valueRequired\":true,\"valueName\":\"search_term_string\"}}],\"inLanguage\":\"en-US\"},{\"@type\":\"Person\",\"@id\":\"https:\/\/veritasinfo.org\/#\/schema\/person\/c2b8be262ea994d0995addca692c5e98\",\"name\":\"US1\",\"image\":{\"@type\":\"ImageObject\",\"inLanguage\":\"en-US\",\"@id\":\"https:\/\/veritasinfo.org\/#\/schema\/person\/image\/\",\"url\":\"https:\/\/secure.gravatar.com\/avatar\/4e96a59bd256abf9956eb9963ac891a47461ffb364d47b0e9aab113328fdb75b?s=96&d=mm&r=g\",\"contentUrl\":\"https:\/\/secure.gravatar.com\/avatar\/4e96a59bd256abf9956eb9963ac891a47461ffb364d47b0e9aab113328fdb75b?s=96&d=mm&r=g\",\"caption\":\"US1\"},\"url\":\"https:\/\/veritasinfo.org\/?author=2\"}]}<\/script>\n<!-- \/ Yoast SEO plugin. -->","yoast_head_json":{"title":"K\u00ebshilli i Ministrave i Komunitetit t\u00eb Energjis\u00eb i k\u00ebrkon Serbis\u00eb zhbllokimin e linjave interkonektive me Kosov\u00ebn -","robots":{"index":"index","follow":"follow","max-snippet":"max-snippet:-1","max-image-preview":"max-image-preview:large","max-video-preview":"max-video-preview:-1"},"canonical":"https:\/\/veritasinfo.org\/?p=24801","og_locale":"en_US","og_type":"article","og_title":"K\u00ebshilli i Ministrave i Komunitetit t\u00eb Energjis\u00eb i k\u00ebrkon Serbis\u00eb zhbllokimin e linjave interkonektive me Kosov\u00ebn -","og_description":"Prishtin\u00eb, 19 dhjetor 2025 21:00 Vazhdimi i bllokimit t\u00eb linj\u00ebs s\u00eb transmisionit Kosov\u00eb-Serbi, sipas ministres n\u00eb detyr\u00eb e Ekonomis\u00eb, Artane Rizvanolli, \u00ebsht\u00eb p\u00ebrcjell\u00eb me pasoja","og_url":"https:\/\/veritasinfo.org\/?p=24801","article_published_time":"2025-12-19T20:00:08+00:00","og_image":[{"width":1064,"height":600,"url":"https:\/\/veritasinfo.org\/wp-content\/uploads\/2025\/12\/termoelektrana.webp","type":"image\/webp"}],"author":"US1","twitter_card":"summary_large_image","twitter_misc":{"Written by":"US1","Est. reading time":"2 minutes"},"schema":{"@context":"https:\/\/schema.org","@graph":[{"@type":"WebPage","@id":"https:\/\/veritasinfo.org\/?p=24801","url":"https:\/\/veritasinfo.org\/?p=24801","name":"K\u00ebshilli i Ministrave i Komunitetit t\u00eb Energjis\u00eb i k\u00ebrkon Serbis\u00eb zhbllokimin e linjave interkonektive me Kosov\u00ebn -","isPartOf":{"@id":"https:\/\/veritasinfo.org\/#website"},"primaryImageOfPage":{"@id":"https:\/\/veritasinfo.org\/?p=24801#primaryimage"},"image":{"@id":"https:\/\/veritasinfo.org\/?p=24801#primaryimage"},"thumbnailUrl":"https:\/\/veritasinfo.org\/wp-content\/uploads\/2025\/12\/termoelektrana.webp","datePublished":"2025-12-19T20:00:08+00:00","author":{"@id":"https:\/\/veritasinfo.org\/#\/schema\/person\/c2b8be262ea994d0995addca692c5e98"},"breadcrumb":{"@id":"https:\/\/veritasinfo.org\/?p=24801#breadcrumb"},"inLanguage":"en-US","potentialAction":[{"@type":"ReadAction","target":["https:\/\/veritasinfo.org\/?p=24801"]}]},{"@type":"ImageObject","inLanguage":"en-US","@id":"https:\/\/veritasinfo.org\/?p=24801#primaryimage","url":"https:\/\/veritasinfo.org\/wp-content\/uploads\/2025\/12\/termoelektrana.webp","contentUrl":"https:\/\/veritasinfo.org\/wp-content\/uploads\/2025\/12\/termoelektrana.webp","width":1064,"height":600},{"@type":"BreadcrumbList","@id":"https:\/\/veritasinfo.org\/?p=24801#breadcrumb","itemListElement":[{"@type":"ListItem","position":1,"name":"Home","item":"https:\/\/veritasinfo.org\/"},{"@type":"ListItem","position":2,"name":"K\u00ebshilli i Ministrave i Komunitetit t\u00eb Energjis\u00eb i k\u00ebrkon Serbis\u00eb zhbllokimin e linjave interkonektive me Kosov\u00ebn"}]},{"@type":"WebSite","@id":"https:\/\/veritasinfo.org\/#website","url":"https:\/\/veritasinfo.org\/","name":"","description":"","potentialAction":[{"@type":"SearchAction","target":{"@type":"EntryPoint","urlTemplate":"https:\/\/veritasinfo.org\/?s={search_term_string}"},"query-input":{"@type":"PropertyValueSpecification","valueRequired":true,"valueName":"search_term_string"}}],"inLanguage":"en-US"},{"@type":"Person","@id":"https:\/\/veritasinfo.org\/#\/schema\/person\/c2b8be262ea994d0995addca692c5e98","name":"US1","image":{"@type":"ImageObject","inLanguage":"en-US","@id":"https:\/\/veritasinfo.org\/#\/schema\/person\/image\/","url":"https:\/\/secure.gravatar.com\/avatar\/4e96a59bd256abf9956eb9963ac891a47461ffb364d47b0e9aab113328fdb75b?s=96&d=mm&r=g","contentUrl":"https:\/\/secure.gravatar.com\/avatar\/4e96a59bd256abf9956eb9963ac891a47461ffb364d47b0e9aab113328fdb75b?s=96&d=mm&r=g","caption":"US1"},"url":"https:\/\/veritasinfo.org\/?author=2"}]}},"featured_image_urls":{"full":["https:\/\/veritasinfo.org\/wp-content\/uploads\/2025\/12\/termoelektrana.webp",1064,600,false],"thumbnail":["https:\/\/veritasinfo.org\/wp-content\/uploads\/2025\/12\/termoelektrana-150x150.webp",150,150,true],"medium":["https:\/\/veritasinfo.org\/wp-content\/uploads\/2025\/12\/termoelektrana-300x169.webp",300,169,true],"medium_large":["https:\/\/veritasinfo.org\/wp-content\/uploads\/2025\/12\/termoelektrana-768x433.webp",640,361,true],"large":["https:\/\/veritasinfo.org\/wp-content\/uploads\/2025\/12\/termoelektrana-1024x577.webp",640,361,true],"1536x1536":["https:\/\/veritasinfo.org\/wp-content\/uploads\/2025\/12\/termoelektrana.webp",1064,600,false],"2048x2048":["https:\/\/veritasinfo.org\/wp-content\/uploads\/2025\/12\/termoelektrana.webp",1064,600,false],"kreeti-slider-full":["https:\/\/veritasinfo.org\/wp-content\/uploads\/2025\/12\/termoelektrana.webp",1064,600,false],"kreeti-featured":["https:\/\/veritasinfo.org\/wp-content\/uploads\/2025\/12\/termoelektrana.webp",1024,577,false],"kreeti-medium":["https:\/\/veritasinfo.org\/wp-content\/uploads\/2025\/12\/termoelektrana.webp",720,406,false],"kreeti-medium-square":["https:\/\/veritasinfo.org\/wp-content\/uploads\/2025\/12\/termoelektrana.webp",350,197,false]},"author_info":{"info":["US1"]},"category_info":"<a href=\"https:\/\/veritasinfo.org\/?cat=60\" rel=\"category\">Shoq\u00ebrore<\/a>","tag_info":"Shoq\u00ebrore","comment_count":"0","_links":{"self":[{"href":"https:\/\/veritasinfo.org\/index.php?rest_route=\/wp\/v2\/posts\/24801","targetHints":{"allow":["GET"]}}],"collection":[{"href":"https:\/\/veritasinfo.org\/index.php?rest_route=\/wp\/v2\/posts"}],"about":[{"href":"https:\/\/veritasinfo.org\/index.php?rest_route=\/wp\/v2\/types\/post"}],"author":[{"embeddable":true,"href":"https:\/\/veritasinfo.org\/index.php?rest_route=\/wp\/v2\/users\/2"}],"replies":[{"embeddable":true,"href":"https:\/\/veritasinfo.org\/index.php?rest_route=%2Fwp%2Fv2%2Fcomments&post=24801"}],"version-history":[{"count":1,"href":"https:\/\/veritasinfo.org\/index.php?rest_route=\/wp\/v2\/posts\/24801\/revisions"}],"predecessor-version":[{"id":24803,"href":"https:\/\/veritasinfo.org\/index.php?rest_route=\/wp\/v2\/posts\/24801\/revisions\/24803"}],"wp:featuredmedia":[{"embeddable":true,"href":"https:\/\/veritasinfo.org\/index.php?rest_route=\/wp\/v2\/media\/24802"}],"wp:attachment":[{"href":"https:\/\/veritasinfo.org\/index.php?rest_route=%2Fwp%2Fv2%2Fmedia&parent=24801"}],"wp:term":[{"taxonomy":"category","embeddable":true,"href":"https:\/\/veritasinfo.org\/index.php?rest_route=%2Fwp%2Fv2%2Fcategories&post=24801"},{"taxonomy":"post_tag","embeddable":true,"href":"https:\/\/veritasinfo.org\/index.php?rest_route=%2Fwp%2Fv2%2Ftags&post=24801"}],"curies":[{"name":"wp","href":"https:\/\/api.w.org\/{rel}","templated":true}]}}