{"id":24796,"date":"2025-12-19T20:51:42","date_gmt":"2025-12-19T19:51:42","guid":{"rendered":"https:\/\/veritasinfo.org\/?p=24796"},"modified":"2025-12-19T20:51:42","modified_gmt":"2025-12-19T19:51:42","slug":"akb-ja-pranohet-zyrtarisht-ne-komitetin-ekonomik-dhe-social-evropian-eesc","status":"publish","type":"post","link":"https:\/\/veritasinfo.org\/?p=24796","title":{"rendered":"AKB-ja pranohet zyrtarisht n\u00eb Komitetin Ekonomik dhe Social Evropian (EESC)"},"content":{"rendered":"<p><strong>Prishtin\u00eb, 19 dhjetor, 2025\u00a0 20:52<\/strong><\/p>\n<p>Aleanca Kosovare e Bizneseve (AKB) ka njoftuar opinionin publik se \u00ebsht\u00eb pranuar zyrtarisht si Enlargement Candidate Member (ECM) n\u00eb kuad\u00ebr t\u00eb Komitetit Ekonomik dhe Social Evropian (EESC), nj\u00eb nga institucionet kryesore k\u00ebshill\u00ebdh\u00ebn\u00ebse t\u00eb Bashkimit Evropian p\u00ebr dialogun social dhe zhvillimin ekonomik.<\/p>\n<p>Ky vendim p\u00ebrfaq\u00ebson nj\u00eb njohje t\u00eb r\u00ebnd\u00ebsishme institucionale p\u00ebr rolin e AKB-s\u00eb si p\u00ebrfaq\u00ebsuese e komunitetit t\u00eb biznesit n\u00eb Kosov\u00eb dhe si aktor i r\u00ebnd\u00ebsish\u00ebm n\u00eb nd\u00ebrtimin e dialogut social nd\u00ebrmjet bizneseve, pun\u00ebtor\u00ebve dhe institucioneve publike, n\u00eb sektorin privat dhe publik.<\/p>\n<p>Statusi ECM i mund\u00ebson AKB-s\u00eb pjes\u00ebmarrje aktive n\u00eb proceset konsultative t\u00eb EESC-s\u00eb, duke kontribuar n\u00eb politikat evropiane q\u00eb lidhen me ekonomin\u00eb, tregun e pun\u00ebs dhe zhvillimin e q\u00ebndruesh\u00ebm, si dhe n\u00eb procesin e integrimit evropian t\u00eb Kosov\u00ebs.<\/p>\n<p>AKB-ja e konsideron k\u00ebt\u00eb p\u00ebrzgjedhje si p\u00ebrgjegj\u00ebsi shtes\u00eb p\u00ebr t\u00eb fuqizuar dialogun social dhe p\u00ebr ta p\u00ebrfaq\u00ebsuar Kosov\u00ebn me dinjitet dhe profesionaliz\u00ebm n\u00eb institucionet e Bashkimit Evropian.<\/p>\n","protected":false},"excerpt":{"rendered":"<p>Prishtin\u00eb, 19 dhjetor, 2025\u00a0 20:52 Aleanca Kosovare e Bizneseve (AKB) ka njoftuar opinionin publik se \u00ebsht\u00eb pranuar zyrtarisht si Enlargement Candidate Member (ECM) n\u00eb kuad\u00ebr<\/p>\n","protected":false},"author":2,"featured_media":24797,"comment_status":"open","ping_status":"open","sticky":false,"template":"","format":"standard","meta":{"footnotes":""},"categories":[60],"tags":[],"class_list":["post-24796","post","type-post","status-publish","format-standard","has-post-thumbnail","hentry","category-shoqerore-sq"],"yoast_head":"<!-- This site is optimized with the Yoast SEO plugin v25.3.1 - https:\/\/yoast.com\/wordpress\/plugins\/seo\/ -->\n<title>AKB-ja pranohet zyrtarisht n\u00eb Komitetin Ekonomik dhe Social Evropian (EESC) -<\/title>\n<meta name=\"robots\" content=\"index, follow, max-snippet:-1, max-image-preview:large, max-video-preview:-1\" \/>\n<link rel=\"canonical\" href=\"https:\/\/veritasinfo.org\/?p=24796\" \/>\n<meta property=\"og:locale\" content=\"en_US\" \/>\n<meta property=\"og:type\" content=\"article\" \/>\n<meta property=\"og:title\" content=\"AKB-ja pranohet zyrtarisht n\u00eb Komitetin Ekonomik dhe Social Evropian (EESC) -\" \/>\n<meta property=\"og:description\" content=\"Prishtin\u00eb, 19 dhjetor, 2025\u00a0 20:52 Aleanca Kosovare e Bizneseve (AKB) ka njoftuar opinionin publik se \u00ebsht\u00eb pranuar zyrtarisht si Enlargement Candidate Member (ECM) n\u00eb kuad\u00ebr\" \/>\n<meta property=\"og:url\" content=\"https:\/\/veritasinfo.org\/?p=24796\" \/>\n<meta property=\"article:published_time\" content=\"2025-12-19T19:51:42+00:00\" \/>\n<meta property=\"og:image\" content=\"https:\/\/veritasinfo.org\/wp-content\/uploads\/2025\/12\/AKB.jpeg\" \/>\n\t<meta property=\"og:image:width\" content=\"300\" \/>\n\t<meta property=\"og:image:height\" content=\"168\" \/>\n\t<meta property=\"og:image:type\" content=\"image\/jpeg\" \/>\n<meta name=\"author\" content=\"US1\" \/>\n<meta name=\"twitter:card\" content=\"summary_large_image\" \/>\n<meta name=\"twitter:label1\" content=\"Written by\" \/>\n\t<meta name=\"twitter:data1\" content=\"US1\" \/>\n\t<meta name=\"twitter:label2\" content=\"Est. reading time\" \/>\n\t<meta name=\"twitter:data2\" content=\"1 minute\" \/>\n<script type=\"application\/ld+json\" class=\"yoast-schema-graph\">{\"@context\":\"https:\/\/schema.org\",\"@graph\":[{\"@type\":\"WebPage\",\"@id\":\"https:\/\/veritasinfo.org\/?p=24796\",\"url\":\"https:\/\/veritasinfo.org\/?p=24796\",\"name\":\"AKB-ja pranohet zyrtarisht n\u00eb Komitetin Ekonomik dhe Social Evropian (EESC) -\",\"isPartOf\":{\"@id\":\"https:\/\/veritasinfo.org\/#website\"},\"primaryImageOfPage\":{\"@id\":\"https:\/\/veritasinfo.org\/?p=24796#primaryimage\"},\"image\":{\"@id\":\"https:\/\/veritasinfo.org\/?p=24796#primaryimage\"},\"thumbnailUrl\":\"https:\/\/veritasinfo.org\/wp-content\/uploads\/2025\/12\/AKB.jpeg\",\"datePublished\":\"2025-12-19T19:51:42+00:00\",\"author\":{\"@id\":\"https:\/\/veritasinfo.org\/#\/schema\/person\/c2b8be262ea994d0995addca692c5e98\"},\"breadcrumb\":{\"@id\":\"https:\/\/veritasinfo.org\/?p=24796#breadcrumb\"},\"inLanguage\":\"en-US\",\"potentialAction\":[{\"@type\":\"ReadAction\",\"target\":[\"https:\/\/veritasinfo.org\/?p=24796\"]}]},{\"@type\":\"ImageObject\",\"inLanguage\":\"en-US\",\"@id\":\"https:\/\/veritasinfo.org\/?p=24796#primaryimage\",\"url\":\"https:\/\/veritasinfo.org\/wp-content\/uploads\/2025\/12\/AKB.jpeg\",\"contentUrl\":\"https:\/\/veritasinfo.org\/wp-content\/uploads\/2025\/12\/AKB.jpeg\",\"width\":300,\"height\":168},{\"@type\":\"BreadcrumbList\",\"@id\":\"https:\/\/veritasinfo.org\/?p=24796#breadcrumb\",\"itemListElement\":[{\"@type\":\"ListItem\",\"position\":1,\"name\":\"Home\",\"item\":\"https:\/\/veritasinfo.org\/\"},{\"@type\":\"ListItem\",\"position\":2,\"name\":\"AKB-ja pranohet zyrtarisht n\u00eb Komitetin Ekonomik dhe Social Evropian (EESC)\"}]},{\"@type\":\"WebSite\",\"@id\":\"https:\/\/veritasinfo.org\/#website\",\"url\":\"https:\/\/veritasinfo.org\/\",\"name\":\"\",\"description\":\"\",\"potentialAction\":[{\"@type\":\"SearchAction\",\"target\":{\"@type\":\"EntryPoint\",\"urlTemplate\":\"https:\/\/veritasinfo.org\/?s={search_term_string}\"},\"query-input\":{\"@type\":\"PropertyValueSpecification\",\"valueRequired\":true,\"valueName\":\"search_term_string\"}}],\"inLanguage\":\"en-US\"},{\"@type\":\"Person\",\"@id\":\"https:\/\/veritasinfo.org\/#\/schema\/person\/c2b8be262ea994d0995addca692c5e98\",\"name\":\"US1\",\"image\":{\"@type\":\"ImageObject\",\"inLanguage\":\"en-US\",\"@id\":\"https:\/\/veritasinfo.org\/#\/schema\/person\/image\/\",\"url\":\"https:\/\/secure.gravatar.com\/avatar\/4e96a59bd256abf9956eb9963ac891a47461ffb364d47b0e9aab113328fdb75b?s=96&d=mm&r=g\",\"contentUrl\":\"https:\/\/secure.gravatar.com\/avatar\/4e96a59bd256abf9956eb9963ac891a47461ffb364d47b0e9aab113328fdb75b?s=96&d=mm&r=g\",\"caption\":\"US1\"},\"url\":\"https:\/\/veritasinfo.org\/?author=2\"}]}<\/script>\n<!-- \/ Yoast SEO plugin. -->","yoast_head_json":{"title":"AKB-ja pranohet zyrtarisht n\u00eb Komitetin Ekonomik dhe Social Evropian (EESC) -","robots":{"index":"index","follow":"follow","max-snippet":"max-snippet:-1","max-image-preview":"max-image-preview:large","max-video-preview":"max-video-preview:-1"},"canonical":"https:\/\/veritasinfo.org\/?p=24796","og_locale":"en_US","og_type":"article","og_title":"AKB-ja pranohet zyrtarisht n\u00eb Komitetin Ekonomik dhe Social Evropian (EESC) -","og_description":"Prishtin\u00eb, 19 dhjetor, 2025\u00a0 20:52 Aleanca Kosovare e Bizneseve (AKB) ka njoftuar opinionin publik se \u00ebsht\u00eb pranuar zyrtarisht si Enlargement Candidate Member (ECM) n\u00eb kuad\u00ebr","og_url":"https:\/\/veritasinfo.org\/?p=24796","article_published_time":"2025-12-19T19:51:42+00:00","og_image":[{"width":300,"height":168,"url":"https:\/\/veritasinfo.org\/wp-content\/uploads\/2025\/12\/AKB.jpeg","type":"image\/jpeg"}],"author":"US1","twitter_card":"summary_large_image","twitter_misc":{"Written by":"US1","Est. reading time":"1 minute"},"schema":{"@context":"https:\/\/schema.org","@graph":[{"@type":"WebPage","@id":"https:\/\/veritasinfo.org\/?p=24796","url":"https:\/\/veritasinfo.org\/?p=24796","name":"AKB-ja pranohet zyrtarisht n\u00eb Komitetin Ekonomik dhe Social Evropian (EESC) -","isPartOf":{"@id":"https:\/\/veritasinfo.org\/#website"},"primaryImageOfPage":{"@id":"https:\/\/veritasinfo.org\/?p=24796#primaryimage"},"image":{"@id":"https:\/\/veritasinfo.org\/?p=24796#primaryimage"},"thumbnailUrl":"https:\/\/veritasinfo.org\/wp-content\/uploads\/2025\/12\/AKB.jpeg","datePublished":"2025-12-19T19:51:42+00:00","author":{"@id":"https:\/\/veritasinfo.org\/#\/schema\/person\/c2b8be262ea994d0995addca692c5e98"},"breadcrumb":{"@id":"https:\/\/veritasinfo.org\/?p=24796#breadcrumb"},"inLanguage":"en-US","potentialAction":[{"@type":"ReadAction","target":["https:\/\/veritasinfo.org\/?p=24796"]}]},{"@type":"ImageObject","inLanguage":"en-US","@id":"https:\/\/veritasinfo.org\/?p=24796#primaryimage","url":"https:\/\/veritasinfo.org\/wp-content\/uploads\/2025\/12\/AKB.jpeg","contentUrl":"https:\/\/veritasinfo.org\/wp-content\/uploads\/2025\/12\/AKB.jpeg","width":300,"height":168},{"@type":"BreadcrumbList","@id":"https:\/\/veritasinfo.org\/?p=24796#breadcrumb","itemListElement":[{"@type":"ListItem","position":1,"name":"Home","item":"https:\/\/veritasinfo.org\/"},{"@type":"ListItem","position":2,"name":"AKB-ja pranohet zyrtarisht n\u00eb Komitetin Ekonomik dhe Social Evropian (EESC)"}]},{"@type":"WebSite","@id":"https:\/\/veritasinfo.org\/#website","url":"https:\/\/veritasinfo.org\/","name":"","description":"","potentialAction":[{"@type":"SearchAction","target":{"@type":"EntryPoint","urlTemplate":"https:\/\/veritasinfo.org\/?s={search_term_string}"},"query-input":{"@type":"PropertyValueSpecification","valueRequired":true,"valueName":"search_term_string"}}],"inLanguage":"en-US"},{"@type":"Person","@id":"https:\/\/veritasinfo.org\/#\/schema\/person\/c2b8be262ea994d0995addca692c5e98","name":"US1","image":{"@type":"ImageObject","inLanguage":"en-US","@id":"https:\/\/veritasinfo.org\/#\/schema\/person\/image\/","url":"https:\/\/secure.gravatar.com\/avatar\/4e96a59bd256abf9956eb9963ac891a47461ffb364d47b0e9aab113328fdb75b?s=96&d=mm&r=g","contentUrl":"https:\/\/secure.gravatar.com\/avatar\/4e96a59bd256abf9956eb9963ac891a47461ffb364d47b0e9aab113328fdb75b?s=96&d=mm&r=g","caption":"US1"},"url":"https:\/\/veritasinfo.org\/?author=2"}]}},"featured_image_urls":{"full":["https:\/\/veritasinfo.org\/wp-content\/uploads\/2025\/12\/AKB.jpeg",300,168,false],"thumbnail":["https:\/\/veritasinfo.org\/wp-content\/uploads\/2025\/12\/AKB-150x150.jpeg",150,150,true],"medium":["https:\/\/veritasinfo.org\/wp-content\/uploads\/2025\/12\/AKB.jpeg",300,168,false],"medium_large":["https:\/\/veritasinfo.org\/wp-content\/uploads\/2025\/12\/AKB.jpeg",300,168,false],"large":["https:\/\/veritasinfo.org\/wp-content\/uploads\/2025\/12\/AKB.jpeg",300,168,false],"1536x1536":["https:\/\/veritasinfo.org\/wp-content\/uploads\/2025\/12\/AKB.jpeg",300,168,false],"2048x2048":["https:\/\/veritasinfo.org\/wp-content\/uploads\/2025\/12\/AKB.jpeg",300,168,false],"kreeti-slider-full":["https:\/\/veritasinfo.org\/wp-content\/uploads\/2025\/12\/AKB.jpeg",300,168,false],"kreeti-featured":["https:\/\/veritasinfo.org\/wp-content\/uploads\/2025\/12\/AKB.jpeg",300,168,false],"kreeti-medium":["https:\/\/veritasinfo.org\/wp-content\/uploads\/2025\/12\/AKB.jpeg",300,168,false],"kreeti-medium-square":["https:\/\/veritasinfo.org\/wp-content\/uploads\/2025\/12\/AKB.jpeg",300,168,false]},"author_info":{"info":["US1"]},"category_info":"<a href=\"https:\/\/veritasinfo.org\/?cat=60\" rel=\"category\">Shoq\u00ebrore<\/a>","tag_info":"Shoq\u00ebrore","comment_count":"0","_links":{"self":[{"href":"https:\/\/veritasinfo.org\/index.php?rest_route=\/wp\/v2\/posts\/24796","targetHints":{"allow":["GET"]}}],"collection":[{"href":"https:\/\/veritasinfo.org\/index.php?rest_route=\/wp\/v2\/posts"}],"about":[{"href":"https:\/\/veritasinfo.org\/index.php?rest_route=\/wp\/v2\/types\/post"}],"author":[{"embeddable":true,"href":"https:\/\/veritasinfo.org\/index.php?rest_route=\/wp\/v2\/users\/2"}],"replies":[{"embeddable":true,"href":"https:\/\/veritasinfo.org\/index.php?rest_route=%2Fwp%2Fv2%2Fcomments&post=24796"}],"version-history":[{"count":1,"href":"https:\/\/veritasinfo.org\/index.php?rest_route=\/wp\/v2\/posts\/24796\/revisions"}],"predecessor-version":[{"id":24798,"href":"https:\/\/veritasinfo.org\/index.php?rest_route=\/wp\/v2\/posts\/24796\/revisions\/24798"}],"wp:featuredmedia":[{"embeddable":true,"href":"https:\/\/veritasinfo.org\/index.php?rest_route=\/wp\/v2\/media\/24797"}],"wp:attachment":[{"href":"https:\/\/veritasinfo.org\/index.php?rest_route=%2Fwp%2Fv2%2Fmedia&parent=24796"}],"wp:term":[{"taxonomy":"category","embeddable":true,"href":"https:\/\/veritasinfo.org\/index.php?rest_route=%2Fwp%2Fv2%2Fcategories&post=24796"},{"taxonomy":"post_tag","embeddable":true,"href":"https:\/\/veritasinfo.org\/index.php?rest_route=%2Fwp%2Fv2%2Ftags&post=24796"}],"curies":[{"name":"wp","href":"https:\/\/api.w.org\/{rel}","templated":true}]}}