{"id":2479,"date":"2025-07-04T07:54:37","date_gmt":"2025-07-04T05:54:37","guid":{"rendered":"https:\/\/veritasinfo.org\/?p=2479"},"modified":"2025-07-04T07:54:37","modified_gmt":"2025-07-04T05:54:37","slug":"pozar-zahvatio-poslovni-objekat-u-industrijskoj-zoni-u-pristini","status":"publish","type":"post","link":"https:\/\/veritasinfo.org\/?p=2479&lang=sr","title":{"rendered":"Po\u017ear zahvatio poslovni objekat u Industrijskoj zoni u Pri\u0161tini"},"content":{"rendered":"<p><strong>Pri\u0161tina, 4 jul 2025<\/strong><\/p>\n<p>Sna\u017ean po\u017ear zahvatio je u \u010detvrtak uve\u010de poslovni objekat u Industrijskoj zoni Pri\u0161tine, uzrokujuc\u0301i zna\u010dajnu materijalnu \u0161tetu.<\/p>\n<p>Plamen se brzo \u0161irio i zahvatio veliki deo objekta, dok se gust dim video iz daljine.<\/p>\n<p>Vatrogasci su odmah iza\u0161li na lice mesta i intenzivno rade na lociranju i ga\u0161enju po\u017eara.<\/p>\n<p>Na lice mesta su stigle i jedinice Kosovske policije i istra\u017eitelji, koji su pokrenuli istragu kako bi razjasnili uzroke eksplozije plamena.<\/p>\n<p>Prema prvim informacijama, \u0161teta je znatna, dok povre\u0111enih nema.<\/p>\n","protected":false},"excerpt":{"rendered":"<p>Pri\u0161tina, 4 jul 2025 Sna\u017ean po\u017ear zahvatio je u \u010detvrtak uve\u010de poslovni objekat u Industrijskoj zoni Pri\u0161tine, uzrokujuc\u0301i zna\u010dajnu materijalnu \u0161tetu. Plamen se brzo \u0161irio<\/p>\n","protected":false},"author":2,"featured_media":2480,"comment_status":"open","ping_status":"open","sticky":false,"template":"","format":"standard","meta":{"footnotes":""},"categories":[30],"tags":[],"class_list":["post-2479","post","type-post","status-publish","format-standard","has-post-thumbnail","hentry","category-drustvo"],"yoast_head":"<!-- This site is optimized with the Yoast SEO plugin v25.3.1 - https:\/\/yoast.com\/wordpress\/plugins\/seo\/ -->\n<title>Po\u017ear zahvatio poslovni objekat u Industrijskoj zoni u Pri\u0161tini -<\/title>\n<meta name=\"robots\" content=\"index, follow, max-snippet:-1, max-image-preview:large, max-video-preview:-1\" \/>\n<link rel=\"canonical\" href=\"https:\/\/veritasinfo.org\/?p=2479&lang=sr\" \/>\n<meta property=\"og:locale\" content=\"en_US\" \/>\n<meta property=\"og:type\" content=\"article\" \/>\n<meta property=\"og:title\" content=\"Po\u017ear zahvatio poslovni objekat u Industrijskoj zoni u Pri\u0161tini -\" \/>\n<meta property=\"og:description\" content=\"Pri\u0161tina, 4 jul 2025 Sna\u017ean po\u017ear zahvatio je u \u010detvrtak uve\u010de poslovni objekat u Industrijskoj zoni Pri\u0161tine, uzrokujuc\u0301i zna\u010dajnu materijalnu \u0161tetu. Plamen se brzo \u0161irio\" \/>\n<meta property=\"og:url\" content=\"https:\/\/veritasinfo.org\/?p=2479&amp;lang=sr\" \/>\n<meta property=\"article:published_time\" content=\"2025-07-04T05:54:37+00:00\" \/>\n<meta property=\"og:image\" content=\"https:\/\/veritasinfo.org\/wp-content\/uploads\/2025\/07\/zjarri-1.png\" \/>\n\t<meta property=\"og:image:width\" content=\"870\" \/>\n\t<meta property=\"og:image:height\" content=\"456\" \/>\n\t<meta property=\"og:image:type\" content=\"image\/png\" \/>\n<meta name=\"author\" content=\"US1\" \/>\n<meta name=\"twitter:card\" content=\"summary_large_image\" \/>\n<meta name=\"twitter:label1\" content=\"Written by\" \/>\n\t<meta name=\"twitter:data1\" content=\"US1\" \/>\n\t<meta name=\"twitter:label2\" content=\"Est. reading time\" \/>\n\t<meta name=\"twitter:data2\" content=\"1 minute\" \/>\n<script type=\"application\/ld+json\" class=\"yoast-schema-graph\">{\"@context\":\"https:\/\/schema.org\",\"@graph\":[{\"@type\":\"WebPage\",\"@id\":\"https:\/\/veritasinfo.org\/?p=2479&lang=sr\",\"url\":\"https:\/\/veritasinfo.org\/?p=2479&lang=sr\",\"name\":\"Po\u017ear zahvatio poslovni objekat u Industrijskoj zoni u Pri\u0161tini -\",\"isPartOf\":{\"@id\":\"https:\/\/veritasinfo.org\/#website\"},\"primaryImageOfPage\":{\"@id\":\"https:\/\/veritasinfo.org\/?p=2479&lang=sr#primaryimage\"},\"image\":{\"@id\":\"https:\/\/veritasinfo.org\/?p=2479&lang=sr#primaryimage\"},\"thumbnailUrl\":\"https:\/\/veritasinfo.org\/wp-content\/uploads\/2025\/07\/zjarri-1.png\",\"datePublished\":\"2025-07-04T05:54:37+00:00\",\"author\":{\"@id\":\"https:\/\/veritasinfo.org\/#\/schema\/person\/c2b8be262ea994d0995addca692c5e98\"},\"breadcrumb\":{\"@id\":\"https:\/\/veritasinfo.org\/?p=2479&lang=sr#breadcrumb\"},\"inLanguage\":\"en-US\",\"potentialAction\":[{\"@type\":\"ReadAction\",\"target\":[\"https:\/\/veritasinfo.org\/?p=2479&lang=sr\"]}]},{\"@type\":\"ImageObject\",\"inLanguage\":\"en-US\",\"@id\":\"https:\/\/veritasinfo.org\/?p=2479&lang=sr#primaryimage\",\"url\":\"https:\/\/veritasinfo.org\/wp-content\/uploads\/2025\/07\/zjarri-1.png\",\"contentUrl\":\"https:\/\/veritasinfo.org\/wp-content\/uploads\/2025\/07\/zjarri-1.png\",\"width\":870,\"height\":456},{\"@type\":\"BreadcrumbList\",\"@id\":\"https:\/\/veritasinfo.org\/?p=2479&lang=sr#breadcrumb\",\"itemListElement\":[{\"@type\":\"ListItem\",\"position\":1,\"name\":\"Home\",\"item\":\"https:\/\/veritasinfo.org\/\"},{\"@type\":\"ListItem\",\"position\":2,\"name\":\"Po\u017ear zahvatio poslovni objekat u Industrijskoj zoni u Pri\u0161tini\"}]},{\"@type\":\"WebSite\",\"@id\":\"https:\/\/veritasinfo.org\/#website\",\"url\":\"https:\/\/veritasinfo.org\/\",\"name\":\"\",\"description\":\"\",\"potentialAction\":[{\"@type\":\"SearchAction\",\"target\":{\"@type\":\"EntryPoint\",\"urlTemplate\":\"https:\/\/veritasinfo.org\/?s={search_term_string}\"},\"query-input\":{\"@type\":\"PropertyValueSpecification\",\"valueRequired\":true,\"valueName\":\"search_term_string\"}}],\"inLanguage\":\"en-US\"},{\"@type\":\"Person\",\"@id\":\"https:\/\/veritasinfo.org\/#\/schema\/person\/c2b8be262ea994d0995addca692c5e98\",\"name\":\"US1\",\"image\":{\"@type\":\"ImageObject\",\"inLanguage\":\"en-US\",\"@id\":\"https:\/\/veritasinfo.org\/#\/schema\/person\/image\/\",\"url\":\"https:\/\/secure.gravatar.com\/avatar\/4e96a59bd256abf9956eb9963ac891a47461ffb364d47b0e9aab113328fdb75b?s=96&d=mm&r=g\",\"contentUrl\":\"https:\/\/secure.gravatar.com\/avatar\/4e96a59bd256abf9956eb9963ac891a47461ffb364d47b0e9aab113328fdb75b?s=96&d=mm&r=g\",\"caption\":\"US1\"},\"url\":\"https:\/\/veritasinfo.org\/?author=2\"}]}<\/script>\n<!-- \/ Yoast SEO plugin. -->","yoast_head_json":{"title":"Po\u017ear zahvatio poslovni objekat u Industrijskoj zoni u Pri\u0161tini -","robots":{"index":"index","follow":"follow","max-snippet":"max-snippet:-1","max-image-preview":"max-image-preview:large","max-video-preview":"max-video-preview:-1"},"canonical":"https:\/\/veritasinfo.org\/?p=2479&lang=sr","og_locale":"en_US","og_type":"article","og_title":"Po\u017ear zahvatio poslovni objekat u Industrijskoj zoni u Pri\u0161tini -","og_description":"Pri\u0161tina, 4 jul 2025 Sna\u017ean po\u017ear zahvatio je u \u010detvrtak uve\u010de poslovni objekat u Industrijskoj zoni Pri\u0161tine, uzrokujuc\u0301i zna\u010dajnu materijalnu \u0161tetu. Plamen se brzo \u0161irio","og_url":"https:\/\/veritasinfo.org\/?p=2479&lang=sr","article_published_time":"2025-07-04T05:54:37+00:00","og_image":[{"width":870,"height":456,"url":"https:\/\/veritasinfo.org\/wp-content\/uploads\/2025\/07\/zjarri-1.png","type":"image\/png"}],"author":"US1","twitter_card":"summary_large_image","twitter_misc":{"Written by":"US1","Est. reading time":"1 minute"},"schema":{"@context":"https:\/\/schema.org","@graph":[{"@type":"WebPage","@id":"https:\/\/veritasinfo.org\/?p=2479&lang=sr","url":"https:\/\/veritasinfo.org\/?p=2479&lang=sr","name":"Po\u017ear zahvatio poslovni objekat u Industrijskoj zoni u Pri\u0161tini -","isPartOf":{"@id":"https:\/\/veritasinfo.org\/#website"},"primaryImageOfPage":{"@id":"https:\/\/veritasinfo.org\/?p=2479&lang=sr#primaryimage"},"image":{"@id":"https:\/\/veritasinfo.org\/?p=2479&lang=sr#primaryimage"},"thumbnailUrl":"https:\/\/veritasinfo.org\/wp-content\/uploads\/2025\/07\/zjarri-1.png","datePublished":"2025-07-04T05:54:37+00:00","author":{"@id":"https:\/\/veritasinfo.org\/#\/schema\/person\/c2b8be262ea994d0995addca692c5e98"},"breadcrumb":{"@id":"https:\/\/veritasinfo.org\/?p=2479&lang=sr#breadcrumb"},"inLanguage":"en-US","potentialAction":[{"@type":"ReadAction","target":["https:\/\/veritasinfo.org\/?p=2479&lang=sr"]}]},{"@type":"ImageObject","inLanguage":"en-US","@id":"https:\/\/veritasinfo.org\/?p=2479&lang=sr#primaryimage","url":"https:\/\/veritasinfo.org\/wp-content\/uploads\/2025\/07\/zjarri-1.png","contentUrl":"https:\/\/veritasinfo.org\/wp-content\/uploads\/2025\/07\/zjarri-1.png","width":870,"height":456},{"@type":"BreadcrumbList","@id":"https:\/\/veritasinfo.org\/?p=2479&lang=sr#breadcrumb","itemListElement":[{"@type":"ListItem","position":1,"name":"Home","item":"https:\/\/veritasinfo.org\/"},{"@type":"ListItem","position":2,"name":"Po\u017ear zahvatio poslovni objekat u Industrijskoj zoni u Pri\u0161tini"}]},{"@type":"WebSite","@id":"https:\/\/veritasinfo.org\/#website","url":"https:\/\/veritasinfo.org\/","name":"","description":"","potentialAction":[{"@type":"SearchAction","target":{"@type":"EntryPoint","urlTemplate":"https:\/\/veritasinfo.org\/?s={search_term_string}"},"query-input":{"@type":"PropertyValueSpecification","valueRequired":true,"valueName":"search_term_string"}}],"inLanguage":"en-US"},{"@type":"Person","@id":"https:\/\/veritasinfo.org\/#\/schema\/person\/c2b8be262ea994d0995addca692c5e98","name":"US1","image":{"@type":"ImageObject","inLanguage":"en-US","@id":"https:\/\/veritasinfo.org\/#\/schema\/person\/image\/","url":"https:\/\/secure.gravatar.com\/avatar\/4e96a59bd256abf9956eb9963ac891a47461ffb364d47b0e9aab113328fdb75b?s=96&d=mm&r=g","contentUrl":"https:\/\/secure.gravatar.com\/avatar\/4e96a59bd256abf9956eb9963ac891a47461ffb364d47b0e9aab113328fdb75b?s=96&d=mm&r=g","caption":"US1"},"url":"https:\/\/veritasinfo.org\/?author=2"}]}},"featured_image_urls":{"full":["https:\/\/veritasinfo.org\/wp-content\/uploads\/2025\/07\/zjarri-1.png",870,456,false],"thumbnail":["https:\/\/veritasinfo.org\/wp-content\/uploads\/2025\/07\/zjarri-1-150x150.png",150,150,true],"medium":["https:\/\/veritasinfo.org\/wp-content\/uploads\/2025\/07\/zjarri-1-300x157.png",300,157,true],"medium_large":["https:\/\/veritasinfo.org\/wp-content\/uploads\/2025\/07\/zjarri-1-768x403.png",640,336,true],"large":["https:\/\/veritasinfo.org\/wp-content\/uploads\/2025\/07\/zjarri-1.png",640,335,false],"1536x1536":["https:\/\/veritasinfo.org\/wp-content\/uploads\/2025\/07\/zjarri-1.png",870,456,false],"2048x2048":["https:\/\/veritasinfo.org\/wp-content\/uploads\/2025\/07\/zjarri-1.png",870,456,false],"kreeti-slider-full":["https:\/\/veritasinfo.org\/wp-content\/uploads\/2025\/07\/zjarri-1.png",870,456,false],"kreeti-featured":["https:\/\/veritasinfo.org\/wp-content\/uploads\/2025\/07\/zjarri-1.png",870,456,false],"kreeti-medium":["https:\/\/veritasinfo.org\/wp-content\/uploads\/2025\/07\/zjarri-1.png",720,377,false],"kreeti-medium-square":["https:\/\/veritasinfo.org\/wp-content\/uploads\/2025\/07\/zjarri-1.png",350,183,false]},"author_info":{"info":["US1"]},"category_info":"<a href=\"https:\/\/veritasinfo.org\/?cat=30&#038;lang=sr\" rel=\"category\">Dru\u0161tvo<\/a>","tag_info":"Dru\u0161tvo","comment_count":"0","_links":{"self":[{"href":"https:\/\/veritasinfo.org\/index.php?rest_route=\/wp\/v2\/posts\/2479","targetHints":{"allow":["GET"]}}],"collection":[{"href":"https:\/\/veritasinfo.org\/index.php?rest_route=\/wp\/v2\/posts"}],"about":[{"href":"https:\/\/veritasinfo.org\/index.php?rest_route=\/wp\/v2\/types\/post"}],"author":[{"embeddable":true,"href":"https:\/\/veritasinfo.org\/index.php?rest_route=\/wp\/v2\/users\/2"}],"replies":[{"embeddable":true,"href":"https:\/\/veritasinfo.org\/index.php?rest_route=%2Fwp%2Fv2%2Fcomments&post=2479"}],"version-history":[{"count":1,"href":"https:\/\/veritasinfo.org\/index.php?rest_route=\/wp\/v2\/posts\/2479\/revisions"}],"predecessor-version":[{"id":2481,"href":"https:\/\/veritasinfo.org\/index.php?rest_route=\/wp\/v2\/posts\/2479\/revisions\/2481"}],"wp:featuredmedia":[{"embeddable":true,"href":"https:\/\/veritasinfo.org\/index.php?rest_route=\/wp\/v2\/media\/2480"}],"wp:attachment":[{"href":"https:\/\/veritasinfo.org\/index.php?rest_route=%2Fwp%2Fv2%2Fmedia&parent=2479"}],"wp:term":[{"taxonomy":"category","embeddable":true,"href":"https:\/\/veritasinfo.org\/index.php?rest_route=%2Fwp%2Fv2%2Fcategories&post=2479"},{"taxonomy":"post_tag","embeddable":true,"href":"https:\/\/veritasinfo.org\/index.php?rest_route=%2Fwp%2Fv2%2Ftags&post=2479"}],"curies":[{"name":"wp","href":"https:\/\/api.w.org\/{rel}","templated":true}]}}