{"id":24786,"date":"2025-12-19T19:12:21","date_gmt":"2025-12-19T18:12:21","guid":{"rendered":"https:\/\/veritasinfo.org\/?p=24786"},"modified":"2025-12-19T19:12:21","modified_gmt":"2025-12-19T18:12:21","slug":"kastrati-shba-ja-nuk-terhiqet-nga-kosova-ballkani-perendimor-ne-vije-me-interesat-amerikane","status":"publish","type":"post","link":"https:\/\/veritasinfo.org\/?p=24786","title":{"rendered":"Kastrati: SHBA-ja nuk t\u00ebrhiqet nga Kosova, Ballkani Per\u00ebndimor n\u00eb vij\u00eb me interesat amerikane"},"content":{"rendered":"<p><strong>Prishtin\u00eb, 19 dhjetor 2025 19:13<\/strong><\/p>\n<p>Ish-komandanti i Forc\u00ebs s\u00eb Siguris\u00eb s\u00eb Kosov\u00ebs (FSK), Kadri Kastrati, ka th\u00ebn\u00eb se Ligji p\u00ebr politik\u00ebn e mbrojtjes i Shteteve t\u00eb Bashkuara t\u00eb Amerik\u00ebs (SHBA), jep mesazh q\u00eb Ballkani Per\u00ebndimor e n\u00eb ve\u00e7anti Kosova jan\u00eb n\u00eb vij\u00eb me interesat gjeopolitike dhe strategjike t\u00eb SHBA-s\u00eb.<\/p>\n<p>N\u00eb nj\u00eb intervist\u00eb ne emisionin \u201c60 Minuta\u201d ai ka th\u00ebn\u00eb se dokumenti i n\u00ebnshkruar nga presidenti amerikan Donald Trump, u jep mesazh t\u00eb qart\u00eb Rusis\u00eb, Kin\u00ebs e shteteve q\u00eb kan\u00eb aspirata detabilizuese n\u00eb Ballkanin Per\u00ebndimor, duke i kufizuar q\u00eb t\u00eb veprojn\u00eb drejt destabilizimit.<\/p>\n<p>\u201cKy dokument jep mesazh t\u00eb qart\u00eb, mesazh te Rusia dhe Kina, por edhe t\u00eb shtetet q\u00eb kan\u00eb aspirata destabilizuese k\u00ebtu n\u00eb rajonin e Ballkanit Per\u00ebndimor, u jep mesazh t\u00eb qart\u00eb q\u00eb Ballkani Per\u00ebndimor \u00ebsht\u00eb n\u00eb vij\u00eb me interesat gjeopolitike dhe gjeostrategjike dhe p\u00ebr k\u00ebt\u00eb arsye i kufizon dhe i parandalon q\u00eb t\u00eb veprojn\u00eb m\u00eb tutje drejt ndikimit t\u00eb k\u00ebtyre faktor\u00ebve n\u00eb Ballkanin Per\u00ebndimor\u201d, ka deklaruar Kastrati.<\/p>\n<p>Sipas tij dokumenti tregon q\u00eb SHBA-ja nuk do t\u00eb t\u00ebrhiqet nga Kosova.<\/p>\n<p>\u201cEdhe pse shum\u00eb njer\u00ebz, shum\u00eb analist\u00eb kan\u00eb th\u00ebn\u00eb q\u00eb \u00ebsht\u00eb nj\u00eb rrezik i madh q\u00eb Shtetet e Bashkuara mund t\u00eb t\u00ebrhiqen nga Kosova dhe Ballkani Per\u00ebndimor, kjo e tregon t\u00eb kund\u00ebrt\u00ebn, se Ballkani Per\u00ebndimor dhe n\u00eb ve\u00e7anti Kosova jan\u00eb n\u00eb vij\u00eb me interesat gjeopolitike dhe gjeostrategjike t\u00eb Shteteve t\u00eb Bashkuara\u201d, ka theksuar Kastrati.Sipas tij me k\u00ebt\u00eb Ligj, Kosova m\u00eb s\u00eb largu n\u00eb vitin 2027 do t\u00eb marr\u00eb sinjale pozitive p\u00ebr an\u00ebtar\u00ebsim n\u00eb NATO.<\/p>\n","protected":false},"excerpt":{"rendered":"<p>Prishtin\u00eb, 19 dhjetor 2025 19:13 Ish-komandanti i Forc\u00ebs s\u00eb Siguris\u00eb s\u00eb Kosov\u00ebs (FSK), Kadri Kastrati, ka th\u00ebn\u00eb se Ligji p\u00ebr politik\u00ebn e mbrojtjes i Shteteve<\/p>\n","protected":false},"author":2,"featured_media":24787,"comment_status":"open","ping_status":"open","sticky":false,"template":"","format":"standard","meta":{"footnotes":""},"categories":[58],"tags":[],"class_list":["post-24786","post","type-post","status-publish","format-standard","has-post-thumbnail","hentry","category-politike-sq"],"yoast_head":"<!-- This site is optimized with the Yoast SEO plugin v25.3.1 - https:\/\/yoast.com\/wordpress\/plugins\/seo\/ -->\n<title>Kastrati: SHBA-ja nuk t\u00ebrhiqet nga Kosova, Ballkani Per\u00ebndimor n\u00eb vij\u00eb me interesat amerikane -<\/title>\n<meta name=\"robots\" content=\"index, follow, max-snippet:-1, max-image-preview:large, max-video-preview:-1\" \/>\n<link rel=\"canonical\" href=\"https:\/\/veritasinfo.org\/?p=24786\" \/>\n<meta property=\"og:locale\" content=\"en_US\" \/>\n<meta property=\"og:type\" content=\"article\" \/>\n<meta property=\"og:title\" content=\"Kastrati: SHBA-ja nuk t\u00ebrhiqet nga Kosova, Ballkani Per\u00ebndimor n\u00eb vij\u00eb me interesat amerikane -\" \/>\n<meta property=\"og:description\" content=\"Prishtin\u00eb, 19 dhjetor 2025 19:13 Ish-komandanti i Forc\u00ebs s\u00eb Siguris\u00eb s\u00eb Kosov\u00ebs (FSK), Kadri Kastrati, ka th\u00ebn\u00eb se Ligji p\u00ebr politik\u00ebn e mbrojtjes i Shteteve\" \/>\n<meta property=\"og:url\" content=\"https:\/\/veritasinfo.org\/?p=24786\" \/>\n<meta property=\"article:published_time\" content=\"2025-12-19T18:12:21+00:00\" \/>\n<meta property=\"og:image\" content=\"https:\/\/veritasinfo.org\/wp-content\/uploads\/2025\/12\/Kadri-Kastrati-1.jpg\" \/>\n\t<meta property=\"og:image:width\" content=\"1061\" \/>\n\t<meta property=\"og:image:height\" content=\"557\" \/>\n\t<meta property=\"og:image:type\" content=\"image\/jpeg\" \/>\n<meta name=\"author\" content=\"US1\" \/>\n<meta name=\"twitter:card\" content=\"summary_large_image\" \/>\n<meta name=\"twitter:label1\" content=\"Written by\" \/>\n\t<meta name=\"twitter:data1\" content=\"US1\" \/>\n\t<meta name=\"twitter:label2\" content=\"Est. reading time\" \/>\n\t<meta name=\"twitter:data2\" content=\"2 minutes\" \/>\n<script type=\"application\/ld+json\" class=\"yoast-schema-graph\">{\"@context\":\"https:\/\/schema.org\",\"@graph\":[{\"@type\":\"WebPage\",\"@id\":\"https:\/\/veritasinfo.org\/?p=24786\",\"url\":\"https:\/\/veritasinfo.org\/?p=24786\",\"name\":\"Kastrati: SHBA-ja nuk t\u00ebrhiqet nga Kosova, Ballkani Per\u00ebndimor n\u00eb vij\u00eb me interesat amerikane -\",\"isPartOf\":{\"@id\":\"https:\/\/veritasinfo.org\/#website\"},\"primaryImageOfPage\":{\"@id\":\"https:\/\/veritasinfo.org\/?p=24786#primaryimage\"},\"image\":{\"@id\":\"https:\/\/veritasinfo.org\/?p=24786#primaryimage\"},\"thumbnailUrl\":\"https:\/\/veritasinfo.org\/wp-content\/uploads\/2025\/12\/Kadri-Kastrati-1.jpg\",\"datePublished\":\"2025-12-19T18:12:21+00:00\",\"author\":{\"@id\":\"https:\/\/veritasinfo.org\/#\/schema\/person\/c2b8be262ea994d0995addca692c5e98\"},\"breadcrumb\":{\"@id\":\"https:\/\/veritasinfo.org\/?p=24786#breadcrumb\"},\"inLanguage\":\"en-US\",\"potentialAction\":[{\"@type\":\"ReadAction\",\"target\":[\"https:\/\/veritasinfo.org\/?p=24786\"]}]},{\"@type\":\"ImageObject\",\"inLanguage\":\"en-US\",\"@id\":\"https:\/\/veritasinfo.org\/?p=24786#primaryimage\",\"url\":\"https:\/\/veritasinfo.org\/wp-content\/uploads\/2025\/12\/Kadri-Kastrati-1.jpg\",\"contentUrl\":\"https:\/\/veritasinfo.org\/wp-content\/uploads\/2025\/12\/Kadri-Kastrati-1.jpg\",\"width\":1061,\"height\":557},{\"@type\":\"BreadcrumbList\",\"@id\":\"https:\/\/veritasinfo.org\/?p=24786#breadcrumb\",\"itemListElement\":[{\"@type\":\"ListItem\",\"position\":1,\"name\":\"Home\",\"item\":\"https:\/\/veritasinfo.org\/\"},{\"@type\":\"ListItem\",\"position\":2,\"name\":\"Kastrati: SHBA-ja nuk t\u00ebrhiqet nga Kosova, Ballkani Per\u00ebndimor n\u00eb vij\u00eb me interesat amerikane\"}]},{\"@type\":\"WebSite\",\"@id\":\"https:\/\/veritasinfo.org\/#website\",\"url\":\"https:\/\/veritasinfo.org\/\",\"name\":\"\",\"description\":\"\",\"potentialAction\":[{\"@type\":\"SearchAction\",\"target\":{\"@type\":\"EntryPoint\",\"urlTemplate\":\"https:\/\/veritasinfo.org\/?s={search_term_string}\"},\"query-input\":{\"@type\":\"PropertyValueSpecification\",\"valueRequired\":true,\"valueName\":\"search_term_string\"}}],\"inLanguage\":\"en-US\"},{\"@type\":\"Person\",\"@id\":\"https:\/\/veritasinfo.org\/#\/schema\/person\/c2b8be262ea994d0995addca692c5e98\",\"name\":\"US1\",\"image\":{\"@type\":\"ImageObject\",\"inLanguage\":\"en-US\",\"@id\":\"https:\/\/veritasinfo.org\/#\/schema\/person\/image\/\",\"url\":\"https:\/\/secure.gravatar.com\/avatar\/4e96a59bd256abf9956eb9963ac891a47461ffb364d47b0e9aab113328fdb75b?s=96&d=mm&r=g\",\"contentUrl\":\"https:\/\/secure.gravatar.com\/avatar\/4e96a59bd256abf9956eb9963ac891a47461ffb364d47b0e9aab113328fdb75b?s=96&d=mm&r=g\",\"caption\":\"US1\"},\"url\":\"https:\/\/veritasinfo.org\/?author=2\"}]}<\/script>\n<!-- \/ Yoast SEO plugin. -->","yoast_head_json":{"title":"Kastrati: SHBA-ja nuk t\u00ebrhiqet nga Kosova, Ballkani Per\u00ebndimor n\u00eb vij\u00eb me interesat amerikane -","robots":{"index":"index","follow":"follow","max-snippet":"max-snippet:-1","max-image-preview":"max-image-preview:large","max-video-preview":"max-video-preview:-1"},"canonical":"https:\/\/veritasinfo.org\/?p=24786","og_locale":"en_US","og_type":"article","og_title":"Kastrati: SHBA-ja nuk t\u00ebrhiqet nga Kosova, Ballkani Per\u00ebndimor n\u00eb vij\u00eb me interesat amerikane -","og_description":"Prishtin\u00eb, 19 dhjetor 2025 19:13 Ish-komandanti i Forc\u00ebs s\u00eb Siguris\u00eb s\u00eb Kosov\u00ebs (FSK), Kadri Kastrati, ka th\u00ebn\u00eb se Ligji p\u00ebr politik\u00ebn e mbrojtjes i Shteteve","og_url":"https:\/\/veritasinfo.org\/?p=24786","article_published_time":"2025-12-19T18:12:21+00:00","og_image":[{"width":1061,"height":557,"url":"https:\/\/veritasinfo.org\/wp-content\/uploads\/2025\/12\/Kadri-Kastrati-1.jpg","type":"image\/jpeg"}],"author":"US1","twitter_card":"summary_large_image","twitter_misc":{"Written by":"US1","Est. reading time":"2 minutes"},"schema":{"@context":"https:\/\/schema.org","@graph":[{"@type":"WebPage","@id":"https:\/\/veritasinfo.org\/?p=24786","url":"https:\/\/veritasinfo.org\/?p=24786","name":"Kastrati: SHBA-ja nuk t\u00ebrhiqet nga Kosova, Ballkani Per\u00ebndimor n\u00eb vij\u00eb me interesat amerikane -","isPartOf":{"@id":"https:\/\/veritasinfo.org\/#website"},"primaryImageOfPage":{"@id":"https:\/\/veritasinfo.org\/?p=24786#primaryimage"},"image":{"@id":"https:\/\/veritasinfo.org\/?p=24786#primaryimage"},"thumbnailUrl":"https:\/\/veritasinfo.org\/wp-content\/uploads\/2025\/12\/Kadri-Kastrati-1.jpg","datePublished":"2025-12-19T18:12:21+00:00","author":{"@id":"https:\/\/veritasinfo.org\/#\/schema\/person\/c2b8be262ea994d0995addca692c5e98"},"breadcrumb":{"@id":"https:\/\/veritasinfo.org\/?p=24786#breadcrumb"},"inLanguage":"en-US","potentialAction":[{"@type":"ReadAction","target":["https:\/\/veritasinfo.org\/?p=24786"]}]},{"@type":"ImageObject","inLanguage":"en-US","@id":"https:\/\/veritasinfo.org\/?p=24786#primaryimage","url":"https:\/\/veritasinfo.org\/wp-content\/uploads\/2025\/12\/Kadri-Kastrati-1.jpg","contentUrl":"https:\/\/veritasinfo.org\/wp-content\/uploads\/2025\/12\/Kadri-Kastrati-1.jpg","width":1061,"height":557},{"@type":"BreadcrumbList","@id":"https:\/\/veritasinfo.org\/?p=24786#breadcrumb","itemListElement":[{"@type":"ListItem","position":1,"name":"Home","item":"https:\/\/veritasinfo.org\/"},{"@type":"ListItem","position":2,"name":"Kastrati: SHBA-ja nuk t\u00ebrhiqet nga Kosova, Ballkani Per\u00ebndimor n\u00eb vij\u00eb me interesat amerikane"}]},{"@type":"WebSite","@id":"https:\/\/veritasinfo.org\/#website","url":"https:\/\/veritasinfo.org\/","name":"","description":"","potentialAction":[{"@type":"SearchAction","target":{"@type":"EntryPoint","urlTemplate":"https:\/\/veritasinfo.org\/?s={search_term_string}"},"query-input":{"@type":"PropertyValueSpecification","valueRequired":true,"valueName":"search_term_string"}}],"inLanguage":"en-US"},{"@type":"Person","@id":"https:\/\/veritasinfo.org\/#\/schema\/person\/c2b8be262ea994d0995addca692c5e98","name":"US1","image":{"@type":"ImageObject","inLanguage":"en-US","@id":"https:\/\/veritasinfo.org\/#\/schema\/person\/image\/","url":"https:\/\/secure.gravatar.com\/avatar\/4e96a59bd256abf9956eb9963ac891a47461ffb364d47b0e9aab113328fdb75b?s=96&d=mm&r=g","contentUrl":"https:\/\/secure.gravatar.com\/avatar\/4e96a59bd256abf9956eb9963ac891a47461ffb364d47b0e9aab113328fdb75b?s=96&d=mm&r=g","caption":"US1"},"url":"https:\/\/veritasinfo.org\/?author=2"}]}},"featured_image_urls":{"full":["https:\/\/veritasinfo.org\/wp-content\/uploads\/2025\/12\/Kadri-Kastrati-1.jpg",1061,557,false],"thumbnail":["https:\/\/veritasinfo.org\/wp-content\/uploads\/2025\/12\/Kadri-Kastrati-1-150x150.jpg",150,150,true],"medium":["https:\/\/veritasinfo.org\/wp-content\/uploads\/2025\/12\/Kadri-Kastrati-1-300x157.jpg",300,157,true],"medium_large":["https:\/\/veritasinfo.org\/wp-content\/uploads\/2025\/12\/Kadri-Kastrati-1-768x403.jpg",640,336,true],"large":["https:\/\/veritasinfo.org\/wp-content\/uploads\/2025\/12\/Kadri-Kastrati-1-1024x538.jpg",640,336,true],"1536x1536":["https:\/\/veritasinfo.org\/wp-content\/uploads\/2025\/12\/Kadri-Kastrati-1.jpg",1061,557,false],"2048x2048":["https:\/\/veritasinfo.org\/wp-content\/uploads\/2025\/12\/Kadri-Kastrati-1.jpg",1061,557,false],"kreeti-slider-full":["https:\/\/veritasinfo.org\/wp-content\/uploads\/2025\/12\/Kadri-Kastrati-1.jpg",1061,557,false],"kreeti-featured":["https:\/\/veritasinfo.org\/wp-content\/uploads\/2025\/12\/Kadri-Kastrati-1.jpg",1024,538,false],"kreeti-medium":["https:\/\/veritasinfo.org\/wp-content\/uploads\/2025\/12\/Kadri-Kastrati-1.jpg",720,378,false],"kreeti-medium-square":["https:\/\/veritasinfo.org\/wp-content\/uploads\/2025\/12\/Kadri-Kastrati-1.jpg",350,184,false]},"author_info":{"info":["US1"]},"category_info":"<a href=\"https:\/\/veritasinfo.org\/?cat=58\" rel=\"category\">Politik\u00eb<\/a>","tag_info":"Politik\u00eb","comment_count":"0","_links":{"self":[{"href":"https:\/\/veritasinfo.org\/index.php?rest_route=\/wp\/v2\/posts\/24786","targetHints":{"allow":["GET"]}}],"collection":[{"href":"https:\/\/veritasinfo.org\/index.php?rest_route=\/wp\/v2\/posts"}],"about":[{"href":"https:\/\/veritasinfo.org\/index.php?rest_route=\/wp\/v2\/types\/post"}],"author":[{"embeddable":true,"href":"https:\/\/veritasinfo.org\/index.php?rest_route=\/wp\/v2\/users\/2"}],"replies":[{"embeddable":true,"href":"https:\/\/veritasinfo.org\/index.php?rest_route=%2Fwp%2Fv2%2Fcomments&post=24786"}],"version-history":[{"count":1,"href":"https:\/\/veritasinfo.org\/index.php?rest_route=\/wp\/v2\/posts\/24786\/revisions"}],"predecessor-version":[{"id":24788,"href":"https:\/\/veritasinfo.org\/index.php?rest_route=\/wp\/v2\/posts\/24786\/revisions\/24788"}],"wp:featuredmedia":[{"embeddable":true,"href":"https:\/\/veritasinfo.org\/index.php?rest_route=\/wp\/v2\/media\/24787"}],"wp:attachment":[{"href":"https:\/\/veritasinfo.org\/index.php?rest_route=%2Fwp%2Fv2%2Fmedia&parent=24786"}],"wp:term":[{"taxonomy":"category","embeddable":true,"href":"https:\/\/veritasinfo.org\/index.php?rest_route=%2Fwp%2Fv2%2Fcategories&post=24786"},{"taxonomy":"post_tag","embeddable":true,"href":"https:\/\/veritasinfo.org\/index.php?rest_route=%2Fwp%2Fv2%2Ftags&post=24786"}],"curies":[{"name":"wp","href":"https:\/\/api.w.org\/{rel}","templated":true}]}}