{"id":24751,"date":"2025-12-19T15:16:28","date_gmt":"2025-12-19T14:16:28","guid":{"rendered":"https:\/\/veritasinfo.org\/?p=24751"},"modified":"2025-12-19T15:16:28","modified_gmt":"2025-12-19T14:16:28","slug":"skola-stanovanje-i-socijalna-zastita-projekti-planirani-od-strane-prethodne-vlasti-u-severnoj-mitrovici","status":"publish","type":"post","link":"https:\/\/veritasinfo.org\/?p=24751&lang=sr","title":{"rendered":"\u0160kola, stanovanje i socijalna za\u0161tita: projekti planirani od strane prethodne vlasti u Severnoj Mitrovici"},"content":{"rendered":"<p data-start=\"0\" data-end=\"149\"><strong>Severna Mitrovica, 19. decembar 2025. 15;15<\/strong><\/p>\n<p data-start=\"151\" data-end=\"494\">Prostor takozvanog \u201evojnog remonta\u201c u Severnoj Mitrovici danas predstavlja najve\u0107e gradili\u0161te u gradu, pretvaraju\u0107i se u klju\u010dnu zonu urbanog razvoja. Projekti koji se trenutno realizuju na ovoj lokaciji rezultat su planiranja i odluka donetih tokom prethodne vlasti, koja je ovaj prostor stavila u sredi\u0161te razvojnih politika za sever zemlje.<\/p>\n<p data-start=\"496\" data-end=\"798\">U okviru ovih projekata u toku je izgradnja nove \u0161kole, osmi\u0161ljene da obezbedi savremene uslove za obrazovanje dece i da odgovori na dugogodi\u0161nji nedostatak \u0161kolskih kapaciteta. Ovaj projekat bio je deo dugoro\u010dne strategije prethodne vlasti za unapre\u0111enje obrazovne infrastrukture u Severnoj Mitrovici.<\/p>\n<p data-start=\"800\" data-end=\"1063\">Paralelno s tim, realizuje se i izgradnja sigurne ku\u0107e za \u017ertve porodi\u010dnog nasilja, projekta koji je tako\u0111e pokrenut tokom prethodnog vladinog mandata, sa ciljem ja\u010danja socijalne za\u0161tite i uspostavljanja konkretnih mehanizama podr\u0161ke najugro\u017eenijim kategorijama.<\/p>\n<p data-start=\"1065\" data-end=\"1244\">U ovoj zoni planirana je i izgradnja stambenih objekata, kao deo ranijih politika pristupa\u010dnog stanovanja, posebno namenjenih mladim parovima i porodicama sa socijalnim potrebama.<\/p>\n<p data-start=\"1246\" data-end=\"1497\" data-is-last-node=\"\" data-is-only-node=\"\">Iako su radovi jo\u0161 u toku, transformacija ovog prostora svedo\u010di o direktnom uticaju projekata koje je osmislila prethodna vlast, pretvaraju\u0107i nekada neiskori\u0161\u0107enu zonu u novi urbani centar od zna\u010daja za razvoj Severne Mitrovice u godinama koje dolaze.<\/p>\n","protected":false},"excerpt":{"rendered":"<p>Severna Mitrovica, 19. decembar 2025. 15;15 Prostor takozvanog \u201evojnog remonta\u201c u Severnoj Mitrovici danas predstavlja najve\u0107e gradili\u0161te u gradu, pretvaraju\u0107i se u klju\u010dnu zonu urbanog<\/p>\n","protected":false},"author":7,"featured_media":24748,"comment_status":"open","ping_status":"open","sticky":false,"template":"","format":"standard","meta":{"footnotes":""},"categories":[32],"tags":[],"class_list":["post-24751","post","type-post","status-publish","format-standard","has-post-thumbnail","hentry","category-opstine"],"yoast_head":"<!-- This site is optimized with the Yoast SEO plugin v25.3.1 - https:\/\/yoast.com\/wordpress\/plugins\/seo\/ -->\n<title>\u0160kola, stanovanje i socijalna za\u0161tita: projekti planirani od strane prethodne vlasti u Severnoj Mitrovici -<\/title>\n<meta name=\"robots\" content=\"index, follow, max-snippet:-1, max-image-preview:large, max-video-preview:-1\" \/>\n<link rel=\"canonical\" href=\"https:\/\/veritasinfo.org\/?p=24751&lang=sr\" \/>\n<meta property=\"og:locale\" content=\"en_US\" \/>\n<meta property=\"og:type\" content=\"article\" \/>\n<meta property=\"og:title\" content=\"\u0160kola, stanovanje i socijalna za\u0161tita: projekti planirani od strane prethodne vlasti u Severnoj Mitrovici -\" \/>\n<meta property=\"og:description\" content=\"Severna Mitrovica, 19. decembar 2025. 15;15 Prostor takozvanog \u201evojnog remonta\u201c u Severnoj Mitrovici danas predstavlja najve\u0107e gradili\u0161te u gradu, pretvaraju\u0107i se u klju\u010dnu zonu urbanog\" \/>\n<meta property=\"og:url\" content=\"https:\/\/veritasinfo.org\/?p=24751&amp;lang=sr\" \/>\n<meta property=\"article:published_time\" content=\"2025-12-19T14:16:28+00:00\" \/>\n<meta property=\"og:image\" content=\"https:\/\/veritasinfo.org\/wp-content\/uploads\/2025\/12\/1000077348-scaled.jpg\" \/>\n\t<meta property=\"og:image:width\" content=\"2560\" \/>\n\t<meta property=\"og:image:height\" content=\"1152\" \/>\n\t<meta property=\"og:image:type\" content=\"image\/jpeg\" \/>\n<meta name=\"author\" content=\"US6\" \/>\n<meta name=\"twitter:card\" content=\"summary_large_image\" \/>\n<meta name=\"twitter:label1\" content=\"Written by\" \/>\n\t<meta name=\"twitter:data1\" content=\"US6\" \/>\n\t<meta name=\"twitter:label2\" content=\"Est. reading time\" \/>\n\t<meta name=\"twitter:data2\" content=\"2 minutes\" \/>\n<script type=\"application\/ld+json\" class=\"yoast-schema-graph\">{\"@context\":\"https:\/\/schema.org\",\"@graph\":[{\"@type\":\"WebPage\",\"@id\":\"https:\/\/veritasinfo.org\/?p=24751&lang=sr\",\"url\":\"https:\/\/veritasinfo.org\/?p=24751&lang=sr\",\"name\":\"\u0160kola, stanovanje i socijalna za\u0161tita: projekti planirani od strane prethodne vlasti u Severnoj Mitrovici -\",\"isPartOf\":{\"@id\":\"https:\/\/veritasinfo.org\/#website\"},\"primaryImageOfPage\":{\"@id\":\"https:\/\/veritasinfo.org\/?p=24751&lang=sr#primaryimage\"},\"image\":{\"@id\":\"https:\/\/veritasinfo.org\/?p=24751&lang=sr#primaryimage\"},\"thumbnailUrl\":\"https:\/\/veritasinfo.org\/wp-content\/uploads\/2025\/12\/1000077348-scaled.jpg\",\"datePublished\":\"2025-12-19T14:16:28+00:00\",\"author\":{\"@id\":\"https:\/\/veritasinfo.org\/#\/schema\/person\/fe199eede04c3937362892b7444747cc\"},\"breadcrumb\":{\"@id\":\"https:\/\/veritasinfo.org\/?p=24751&lang=sr#breadcrumb\"},\"inLanguage\":\"en-US\",\"potentialAction\":[{\"@type\":\"ReadAction\",\"target\":[\"https:\/\/veritasinfo.org\/?p=24751&lang=sr\"]}]},{\"@type\":\"ImageObject\",\"inLanguage\":\"en-US\",\"@id\":\"https:\/\/veritasinfo.org\/?p=24751&lang=sr#primaryimage\",\"url\":\"https:\/\/veritasinfo.org\/wp-content\/uploads\/2025\/12\/1000077348-scaled.jpg\",\"contentUrl\":\"https:\/\/veritasinfo.org\/wp-content\/uploads\/2025\/12\/1000077348-scaled.jpg\",\"width\":2560,\"height\":1152},{\"@type\":\"BreadcrumbList\",\"@id\":\"https:\/\/veritasinfo.org\/?p=24751&lang=sr#breadcrumb\",\"itemListElement\":[{\"@type\":\"ListItem\",\"position\":1,\"name\":\"Home\",\"item\":\"https:\/\/veritasinfo.org\/\"},{\"@type\":\"ListItem\",\"position\":2,\"name\":\"\u0160kola, stanovanje i socijalna za\u0161tita: projekti planirani od strane prethodne vlasti u Severnoj Mitrovici\"}]},{\"@type\":\"WebSite\",\"@id\":\"https:\/\/veritasinfo.org\/#website\",\"url\":\"https:\/\/veritasinfo.org\/\",\"name\":\"\",\"description\":\"\",\"potentialAction\":[{\"@type\":\"SearchAction\",\"target\":{\"@type\":\"EntryPoint\",\"urlTemplate\":\"https:\/\/veritasinfo.org\/?s={search_term_string}\"},\"query-input\":{\"@type\":\"PropertyValueSpecification\",\"valueRequired\":true,\"valueName\":\"search_term_string\"}}],\"inLanguage\":\"en-US\"},{\"@type\":\"Person\",\"@id\":\"https:\/\/veritasinfo.org\/#\/schema\/person\/fe199eede04c3937362892b7444747cc\",\"name\":\"US6\",\"image\":{\"@type\":\"ImageObject\",\"inLanguage\":\"en-US\",\"@id\":\"https:\/\/veritasinfo.org\/#\/schema\/person\/image\/\",\"url\":\"https:\/\/secure.gravatar.com\/avatar\/cb16c3c31c9d23b9b8c705964598220b3014e42ff51eb540ff23cefa3ae8c15f?s=96&d=mm&r=g\",\"contentUrl\":\"https:\/\/secure.gravatar.com\/avatar\/cb16c3c31c9d23b9b8c705964598220b3014e42ff51eb540ff23cefa3ae8c15f?s=96&d=mm&r=g\",\"caption\":\"US6\"},\"url\":\"https:\/\/veritasinfo.org\/?author=7\"}]}<\/script>\n<!-- \/ Yoast SEO plugin. -->","yoast_head_json":{"title":"\u0160kola, stanovanje i socijalna za\u0161tita: projekti planirani od strane prethodne vlasti u Severnoj Mitrovici -","robots":{"index":"index","follow":"follow","max-snippet":"max-snippet:-1","max-image-preview":"max-image-preview:large","max-video-preview":"max-video-preview:-1"},"canonical":"https:\/\/veritasinfo.org\/?p=24751&lang=sr","og_locale":"en_US","og_type":"article","og_title":"\u0160kola, stanovanje i socijalna za\u0161tita: projekti planirani od strane prethodne vlasti u Severnoj Mitrovici -","og_description":"Severna Mitrovica, 19. decembar 2025. 15;15 Prostor takozvanog \u201evojnog remonta\u201c u Severnoj Mitrovici danas predstavlja najve\u0107e gradili\u0161te u gradu, pretvaraju\u0107i se u klju\u010dnu zonu urbanog","og_url":"https:\/\/veritasinfo.org\/?p=24751&lang=sr","article_published_time":"2025-12-19T14:16:28+00:00","og_image":[{"width":2560,"height":1152,"url":"https:\/\/veritasinfo.org\/wp-content\/uploads\/2025\/12\/1000077348-scaled.jpg","type":"image\/jpeg"}],"author":"US6","twitter_card":"summary_large_image","twitter_misc":{"Written by":"US6","Est. reading time":"2 minutes"},"schema":{"@context":"https:\/\/schema.org","@graph":[{"@type":"WebPage","@id":"https:\/\/veritasinfo.org\/?p=24751&lang=sr","url":"https:\/\/veritasinfo.org\/?p=24751&lang=sr","name":"\u0160kola, stanovanje i socijalna za\u0161tita: projekti planirani od strane prethodne vlasti u Severnoj Mitrovici -","isPartOf":{"@id":"https:\/\/veritasinfo.org\/#website"},"primaryImageOfPage":{"@id":"https:\/\/veritasinfo.org\/?p=24751&lang=sr#primaryimage"},"image":{"@id":"https:\/\/veritasinfo.org\/?p=24751&lang=sr#primaryimage"},"thumbnailUrl":"https:\/\/veritasinfo.org\/wp-content\/uploads\/2025\/12\/1000077348-scaled.jpg","datePublished":"2025-12-19T14:16:28+00:00","author":{"@id":"https:\/\/veritasinfo.org\/#\/schema\/person\/fe199eede04c3937362892b7444747cc"},"breadcrumb":{"@id":"https:\/\/veritasinfo.org\/?p=24751&lang=sr#breadcrumb"},"inLanguage":"en-US","potentialAction":[{"@type":"ReadAction","target":["https:\/\/veritasinfo.org\/?p=24751&lang=sr"]}]},{"@type":"ImageObject","inLanguage":"en-US","@id":"https:\/\/veritasinfo.org\/?p=24751&lang=sr#primaryimage","url":"https:\/\/veritasinfo.org\/wp-content\/uploads\/2025\/12\/1000077348-scaled.jpg","contentUrl":"https:\/\/veritasinfo.org\/wp-content\/uploads\/2025\/12\/1000077348-scaled.jpg","width":2560,"height":1152},{"@type":"BreadcrumbList","@id":"https:\/\/veritasinfo.org\/?p=24751&lang=sr#breadcrumb","itemListElement":[{"@type":"ListItem","position":1,"name":"Home","item":"https:\/\/veritasinfo.org\/"},{"@type":"ListItem","position":2,"name":"\u0160kola, stanovanje i socijalna za\u0161tita: projekti planirani od strane prethodne vlasti u Severnoj Mitrovici"}]},{"@type":"WebSite","@id":"https:\/\/veritasinfo.org\/#website","url":"https:\/\/veritasinfo.org\/","name":"","description":"","potentialAction":[{"@type":"SearchAction","target":{"@type":"EntryPoint","urlTemplate":"https:\/\/veritasinfo.org\/?s={search_term_string}"},"query-input":{"@type":"PropertyValueSpecification","valueRequired":true,"valueName":"search_term_string"}}],"inLanguage":"en-US"},{"@type":"Person","@id":"https:\/\/veritasinfo.org\/#\/schema\/person\/fe199eede04c3937362892b7444747cc","name":"US6","image":{"@type":"ImageObject","inLanguage":"en-US","@id":"https:\/\/veritasinfo.org\/#\/schema\/person\/image\/","url":"https:\/\/secure.gravatar.com\/avatar\/cb16c3c31c9d23b9b8c705964598220b3014e42ff51eb540ff23cefa3ae8c15f?s=96&d=mm&r=g","contentUrl":"https:\/\/secure.gravatar.com\/avatar\/cb16c3c31c9d23b9b8c705964598220b3014e42ff51eb540ff23cefa3ae8c15f?s=96&d=mm&r=g","caption":"US6"},"url":"https:\/\/veritasinfo.org\/?author=7"}]}},"featured_image_urls":{"full":["https:\/\/veritasinfo.org\/wp-content\/uploads\/2025\/12\/1000077348-scaled.jpg",2560,1152,false],"thumbnail":["https:\/\/veritasinfo.org\/wp-content\/uploads\/2025\/12\/1000077348-150x150.jpg",150,150,true],"medium":["https:\/\/veritasinfo.org\/wp-content\/uploads\/2025\/12\/1000077348-300x135.jpg",300,135,true],"medium_large":["https:\/\/veritasinfo.org\/wp-content\/uploads\/2025\/12\/1000077348-768x345.jpg",640,288,true],"large":["https:\/\/veritasinfo.org\/wp-content\/uploads\/2025\/12\/1000077348-1024x461.jpg",640,288,true],"1536x1536":["https:\/\/veritasinfo.org\/wp-content\/uploads\/2025\/12\/1000077348-1536x691.jpg",1536,691,true],"2048x2048":["https:\/\/veritasinfo.org\/wp-content\/uploads\/2025\/12\/1000077348-2048x921.jpg",2048,921,true],"kreeti-slider-full":["https:\/\/veritasinfo.org\/wp-content\/uploads\/2025\/12\/1000077348-scaled.jpg",1280,576,false],"kreeti-featured":["https:\/\/veritasinfo.org\/wp-content\/uploads\/2025\/12\/1000077348-scaled.jpg",1024,461,false],"kreeti-medium":["https:\/\/veritasinfo.org\/wp-content\/uploads\/2025\/12\/1000077348-scaled.jpg",720,324,false],"kreeti-medium-square":["https:\/\/veritasinfo.org\/wp-content\/uploads\/2025\/12\/1000077348-scaled.jpg",350,158,false]},"author_info":{"info":["US6"]},"category_info":"<a href=\"https:\/\/veritasinfo.org\/?cat=32&#038;lang=sr\" rel=\"category\">Op\u0161tine<\/a>","tag_info":"Op\u0161tine","comment_count":"0","_links":{"self":[{"href":"https:\/\/veritasinfo.org\/index.php?rest_route=\/wp\/v2\/posts\/24751","targetHints":{"allow":["GET"]}}],"collection":[{"href":"https:\/\/veritasinfo.org\/index.php?rest_route=\/wp\/v2\/posts"}],"about":[{"href":"https:\/\/veritasinfo.org\/index.php?rest_route=\/wp\/v2\/types\/post"}],"author":[{"embeddable":true,"href":"https:\/\/veritasinfo.org\/index.php?rest_route=\/wp\/v2\/users\/7"}],"replies":[{"embeddable":true,"href":"https:\/\/veritasinfo.org\/index.php?rest_route=%2Fwp%2Fv2%2Fcomments&post=24751"}],"version-history":[{"count":1,"href":"https:\/\/veritasinfo.org\/index.php?rest_route=\/wp\/v2\/posts\/24751\/revisions"}],"predecessor-version":[{"id":24753,"href":"https:\/\/veritasinfo.org\/index.php?rest_route=\/wp\/v2\/posts\/24751\/revisions\/24753"}],"wp:featuredmedia":[{"embeddable":true,"href":"https:\/\/veritasinfo.org\/index.php?rest_route=\/wp\/v2\/media\/24748"}],"wp:attachment":[{"href":"https:\/\/veritasinfo.org\/index.php?rest_route=%2Fwp%2Fv2%2Fmedia&parent=24751"}],"wp:term":[{"taxonomy":"category","embeddable":true,"href":"https:\/\/veritasinfo.org\/index.php?rest_route=%2Fwp%2Fv2%2Fcategories&post=24751"},{"taxonomy":"post_tag","embeddable":true,"href":"https:\/\/veritasinfo.org\/index.php?rest_route=%2Fwp%2Fv2%2Ftags&post=24751"}],"curies":[{"name":"wp","href":"https:\/\/api.w.org\/{rel}","templated":true}]}}