{"id":2472,"date":"2025-07-04T07:53:34","date_gmt":"2025-07-04T05:53:34","guid":{"rendered":"https:\/\/veritasinfo.org\/?p=2472"},"modified":"2025-07-04T07:53:34","modified_gmt":"2025-07-04T05:53:34","slug":"dy-urat-e-reja-mbi-iber-kfor-seshte-kompetence-e-jona-por-jemi-te-gatshem-per-cdo-zhvillim","status":"publish","type":"post","link":"https:\/\/veritasinfo.org\/?p=2472","title":{"rendered":"Dy urat e reja mbi Ib\u00ebr, KFOR: S\u2019\u00ebsht\u00eb kompetenc\u00eb e jona, por jemi t\u00eb gatsh\u00ebm p\u00ebr \u00e7do zhvillim"},"content":{"rendered":"<p>Mitrovic\u00eb, 04 Korrik 2025<\/p>\n<p><strong>Qeveria n\u00eb detyr\u00eb e Kosov\u00ebs, dit\u00eb m\u00eb par\u00eb mori vendim p\u00ebr nd\u00ebrtimin e dy urave t\u00eb reja mbi lumin Ib\u00ebr n\u00eb Mitrovic\u00eb, af\u00ebr ur\u00ebs kryesore q\u00eb vazhdon t\u00eb mbetet e mbyllur p\u00ebr qarkullim t\u00eb automjeteve.<\/strong><\/p>\n<p>Ky vendim u prit me skepticiz\u00ebm nga bashk\u00ebsia nd\u00ebrkomb\u00ebtare, por edhe nga pala serbe, si n\u00eb Kosov\u00eb, ashtu edhe n\u00eb Serbi.<\/p>\n<p>P\u00ebr k\u00ebt\u00eb \u00e7\u00ebshtje \u00ebsht\u00eb deklaruar edhe misioni i NATO-s n\u00eb Kosov\u00eb, KFOR-i.<\/p>\n<p>P\u00ebr Klankosova.tv, ky mision ka pohuar se v\u00ebnia e gurthemelit p\u00ebr k\u00ebto ura nuk \u00ebsht\u00eb n\u00eb kompetenc\u00ebn e tij.<\/p>\n<div class=\"g g-7\">\n<div class=\"g-single a-22\"><\/div>\n<\/div>\n<p>Por theksoi se ushtar\u00ebt e KFOR-it do t\u00eb vazhdojn\u00eb t\u00eb jen\u00eb n\u00eb ur\u00ebn e Ibrit, si dhe t\u00eb b\u00ebjn\u00eb patrullime n\u00eb t\u00eb Kosov\u00ebn.<\/p>\n<p><em>\u201cLidhur me pyetjet tuaja, \u00e7\u00ebshtja q\u00eb ngrit\u00ebt \u00ebsht\u00eb jasht\u00eb kompetenc\u00ebs s\u00eb KFOR-it\u201d.<\/em><\/p>\n<p>&nbsp;<\/p>\n<p>&nbsp;<\/p>\n","protected":false},"excerpt":{"rendered":"<p>Mitrovic\u00eb, 04 Korrik 2025 Qeveria n\u00eb detyr\u00eb e Kosov\u00ebs, dit\u00eb m\u00eb par\u00eb mori vendim p\u00ebr nd\u00ebrtimin e dy urave t\u00eb reja mbi lumin Ib\u00ebr n\u00eb<\/p>\n","protected":false},"author":1,"featured_media":2475,"comment_status":"open","ping_status":"open","sticky":false,"template":"","format":"standard","meta":{"footnotes":""},"categories":[52],"tags":[],"class_list":["post-2472","post","type-post","status-publish","format-standard","has-post-thumbnail","hentry","category-komunat-sq"],"yoast_head":"<!-- This site is optimized with the Yoast SEO plugin v25.3.1 - https:\/\/yoast.com\/wordpress\/plugins\/seo\/ -->\n<title>Dy urat e reja mbi Ib\u00ebr, KFOR: S\u2019\u00ebsht\u00eb kompetenc\u00eb e jona, por jemi t\u00eb gatsh\u00ebm p\u00ebr \u00e7do zhvillim -<\/title>\n<meta name=\"robots\" content=\"index, follow, max-snippet:-1, max-image-preview:large, max-video-preview:-1\" \/>\n<link rel=\"canonical\" href=\"https:\/\/veritasinfo.org\/?p=2472\" \/>\n<meta property=\"og:locale\" content=\"en_US\" \/>\n<meta property=\"og:type\" content=\"article\" \/>\n<meta property=\"og:title\" content=\"Dy urat e reja mbi Ib\u00ebr, KFOR: S\u2019\u00ebsht\u00eb kompetenc\u00eb e jona, por jemi t\u00eb gatsh\u00ebm p\u00ebr \u00e7do zhvillim -\" \/>\n<meta property=\"og:description\" content=\"Mitrovic\u00eb, 04 Korrik 2025 Qeveria n\u00eb detyr\u00eb e Kosov\u00ebs, dit\u00eb m\u00eb par\u00eb mori vendim p\u00ebr nd\u00ebrtimin e dy urave t\u00eb reja mbi lumin Ib\u00ebr n\u00eb\" \/>\n<meta property=\"og:url\" content=\"https:\/\/veritasinfo.org\/?p=2472\" \/>\n<meta property=\"article:published_time\" content=\"2025-07-04T05:53:34+00:00\" \/>\n<meta property=\"og:image\" content=\"https:\/\/veritasinfo.org\/wp-content\/uploads\/2025\/07\/IMG_1708.png\" \/>\n\t<meta property=\"og:image:width\" content=\"791\" \/>\n\t<meta property=\"og:image:height\" content=\"429\" \/>\n\t<meta property=\"og:image:type\" content=\"image\/png\" \/>\n<meta name=\"author\" content=\"admin\" \/>\n<meta name=\"twitter:card\" content=\"summary_large_image\" \/>\n<meta name=\"twitter:label1\" content=\"Written by\" \/>\n\t<meta name=\"twitter:data1\" content=\"admin\" \/>\n\t<meta name=\"twitter:label2\" content=\"Est. reading time\" \/>\n\t<meta name=\"twitter:data2\" content=\"1 minute\" \/>\n<script type=\"application\/ld+json\" class=\"yoast-schema-graph\">{\"@context\":\"https:\/\/schema.org\",\"@graph\":[{\"@type\":\"WebPage\",\"@id\":\"https:\/\/veritasinfo.org\/?p=2472\",\"url\":\"https:\/\/veritasinfo.org\/?p=2472\",\"name\":\"Dy urat e reja mbi Ib\u00ebr, KFOR: S\u2019\u00ebsht\u00eb kompetenc\u00eb e jona, por jemi t\u00eb gatsh\u00ebm p\u00ebr \u00e7do zhvillim -\",\"isPartOf\":{\"@id\":\"https:\/\/veritasinfo.org\/#website\"},\"primaryImageOfPage\":{\"@id\":\"https:\/\/veritasinfo.org\/?p=2472#primaryimage\"},\"image\":{\"@id\":\"https:\/\/veritasinfo.org\/?p=2472#primaryimage\"},\"thumbnailUrl\":\"https:\/\/veritasinfo.org\/wp-content\/uploads\/2025\/07\/IMG_1708.png\",\"datePublished\":\"2025-07-04T05:53:34+00:00\",\"author\":{\"@id\":\"https:\/\/veritasinfo.org\/#\/schema\/person\/7701f8c088bece422266b100a712374f\"},\"breadcrumb\":{\"@id\":\"https:\/\/veritasinfo.org\/?p=2472#breadcrumb\"},\"inLanguage\":\"en-US\",\"potentialAction\":[{\"@type\":\"ReadAction\",\"target\":[\"https:\/\/veritasinfo.org\/?p=2472\"]}]},{\"@type\":\"ImageObject\",\"inLanguage\":\"en-US\",\"@id\":\"https:\/\/veritasinfo.org\/?p=2472#primaryimage\",\"url\":\"https:\/\/veritasinfo.org\/wp-content\/uploads\/2025\/07\/IMG_1708.png\",\"contentUrl\":\"https:\/\/veritasinfo.org\/wp-content\/uploads\/2025\/07\/IMG_1708.png\",\"width\":791,\"height\":429},{\"@type\":\"BreadcrumbList\",\"@id\":\"https:\/\/veritasinfo.org\/?p=2472#breadcrumb\",\"itemListElement\":[{\"@type\":\"ListItem\",\"position\":1,\"name\":\"Home\",\"item\":\"https:\/\/veritasinfo.org\/\"},{\"@type\":\"ListItem\",\"position\":2,\"name\":\"Dy urat e reja mbi Ib\u00ebr, KFOR: S\u2019\u00ebsht\u00eb kompetenc\u00eb e jona, por jemi t\u00eb gatsh\u00ebm p\u00ebr \u00e7do zhvillim\"}]},{\"@type\":\"WebSite\",\"@id\":\"https:\/\/veritasinfo.org\/#website\",\"url\":\"https:\/\/veritasinfo.org\/\",\"name\":\"\",\"description\":\"\",\"potentialAction\":[{\"@type\":\"SearchAction\",\"target\":{\"@type\":\"EntryPoint\",\"urlTemplate\":\"https:\/\/veritasinfo.org\/?s={search_term_string}\"},\"query-input\":{\"@type\":\"PropertyValueSpecification\",\"valueRequired\":true,\"valueName\":\"search_term_string\"}}],\"inLanguage\":\"en-US\"},{\"@type\":\"Person\",\"@id\":\"https:\/\/veritasinfo.org\/#\/schema\/person\/7701f8c088bece422266b100a712374f\",\"name\":\"admin\",\"image\":{\"@type\":\"ImageObject\",\"inLanguage\":\"en-US\",\"@id\":\"https:\/\/veritasinfo.org\/#\/schema\/person\/image\/\",\"url\":\"https:\/\/secure.gravatar.com\/avatar\/ea53aa3bf6c9a12d5fde8ce4deff43fef3885ae33cf60184161a50d6987cfd2f?s=96&d=mm&r=g\",\"contentUrl\":\"https:\/\/secure.gravatar.com\/avatar\/ea53aa3bf6c9a12d5fde8ce4deff43fef3885ae33cf60184161a50d6987cfd2f?s=96&d=mm&r=g\",\"caption\":\"admin\"},\"sameAs\":[\"https:\/\/veritasinfo.org\"],\"url\":\"https:\/\/veritasinfo.org\/?author=1\"}]}<\/script>\n<!-- \/ Yoast SEO plugin. -->","yoast_head_json":{"title":"Dy urat e reja mbi Ib\u00ebr, KFOR: S\u2019\u00ebsht\u00eb kompetenc\u00eb e jona, por jemi t\u00eb gatsh\u00ebm p\u00ebr \u00e7do zhvillim -","robots":{"index":"index","follow":"follow","max-snippet":"max-snippet:-1","max-image-preview":"max-image-preview:large","max-video-preview":"max-video-preview:-1"},"canonical":"https:\/\/veritasinfo.org\/?p=2472","og_locale":"en_US","og_type":"article","og_title":"Dy urat e reja mbi Ib\u00ebr, KFOR: S\u2019\u00ebsht\u00eb kompetenc\u00eb e jona, por jemi t\u00eb gatsh\u00ebm p\u00ebr \u00e7do zhvillim -","og_description":"Mitrovic\u00eb, 04 Korrik 2025 Qeveria n\u00eb detyr\u00eb e Kosov\u00ebs, dit\u00eb m\u00eb par\u00eb mori vendim p\u00ebr nd\u00ebrtimin e dy urave t\u00eb reja mbi lumin Ib\u00ebr n\u00eb","og_url":"https:\/\/veritasinfo.org\/?p=2472","article_published_time":"2025-07-04T05:53:34+00:00","og_image":[{"width":791,"height":429,"url":"https:\/\/veritasinfo.org\/wp-content\/uploads\/2025\/07\/IMG_1708.png","type":"image\/png"}],"author":"admin","twitter_card":"summary_large_image","twitter_misc":{"Written by":"admin","Est. reading time":"1 minute"},"schema":{"@context":"https:\/\/schema.org","@graph":[{"@type":"WebPage","@id":"https:\/\/veritasinfo.org\/?p=2472","url":"https:\/\/veritasinfo.org\/?p=2472","name":"Dy urat e reja mbi Ib\u00ebr, KFOR: S\u2019\u00ebsht\u00eb kompetenc\u00eb e jona, por jemi t\u00eb gatsh\u00ebm p\u00ebr \u00e7do zhvillim -","isPartOf":{"@id":"https:\/\/veritasinfo.org\/#website"},"primaryImageOfPage":{"@id":"https:\/\/veritasinfo.org\/?p=2472#primaryimage"},"image":{"@id":"https:\/\/veritasinfo.org\/?p=2472#primaryimage"},"thumbnailUrl":"https:\/\/veritasinfo.org\/wp-content\/uploads\/2025\/07\/IMG_1708.png","datePublished":"2025-07-04T05:53:34+00:00","author":{"@id":"https:\/\/veritasinfo.org\/#\/schema\/person\/7701f8c088bece422266b100a712374f"},"breadcrumb":{"@id":"https:\/\/veritasinfo.org\/?p=2472#breadcrumb"},"inLanguage":"en-US","potentialAction":[{"@type":"ReadAction","target":["https:\/\/veritasinfo.org\/?p=2472"]}]},{"@type":"ImageObject","inLanguage":"en-US","@id":"https:\/\/veritasinfo.org\/?p=2472#primaryimage","url":"https:\/\/veritasinfo.org\/wp-content\/uploads\/2025\/07\/IMG_1708.png","contentUrl":"https:\/\/veritasinfo.org\/wp-content\/uploads\/2025\/07\/IMG_1708.png","width":791,"height":429},{"@type":"BreadcrumbList","@id":"https:\/\/veritasinfo.org\/?p=2472#breadcrumb","itemListElement":[{"@type":"ListItem","position":1,"name":"Home","item":"https:\/\/veritasinfo.org\/"},{"@type":"ListItem","position":2,"name":"Dy urat e reja mbi Ib\u00ebr, KFOR: S\u2019\u00ebsht\u00eb kompetenc\u00eb e jona, por jemi t\u00eb gatsh\u00ebm p\u00ebr \u00e7do zhvillim"}]},{"@type":"WebSite","@id":"https:\/\/veritasinfo.org\/#website","url":"https:\/\/veritasinfo.org\/","name":"","description":"","potentialAction":[{"@type":"SearchAction","target":{"@type":"EntryPoint","urlTemplate":"https:\/\/veritasinfo.org\/?s={search_term_string}"},"query-input":{"@type":"PropertyValueSpecification","valueRequired":true,"valueName":"search_term_string"}}],"inLanguage":"en-US"},{"@type":"Person","@id":"https:\/\/veritasinfo.org\/#\/schema\/person\/7701f8c088bece422266b100a712374f","name":"admin","image":{"@type":"ImageObject","inLanguage":"en-US","@id":"https:\/\/veritasinfo.org\/#\/schema\/person\/image\/","url":"https:\/\/secure.gravatar.com\/avatar\/ea53aa3bf6c9a12d5fde8ce4deff43fef3885ae33cf60184161a50d6987cfd2f?s=96&d=mm&r=g","contentUrl":"https:\/\/secure.gravatar.com\/avatar\/ea53aa3bf6c9a12d5fde8ce4deff43fef3885ae33cf60184161a50d6987cfd2f?s=96&d=mm&r=g","caption":"admin"},"sameAs":["https:\/\/veritasinfo.org"],"url":"https:\/\/veritasinfo.org\/?author=1"}]}},"featured_image_urls":{"full":["https:\/\/veritasinfo.org\/wp-content\/uploads\/2025\/07\/IMG_1708.png",791,429,false],"thumbnail":["https:\/\/veritasinfo.org\/wp-content\/uploads\/2025\/07\/IMG_1708-150x150.png",150,150,true],"medium":["https:\/\/veritasinfo.org\/wp-content\/uploads\/2025\/07\/IMG_1708-300x163.png",300,163,true],"medium_large":["https:\/\/veritasinfo.org\/wp-content\/uploads\/2025\/07\/IMG_1708-768x417.png",640,348,true],"large":["https:\/\/veritasinfo.org\/wp-content\/uploads\/2025\/07\/IMG_1708.png",640,347,false],"1536x1536":["https:\/\/veritasinfo.org\/wp-content\/uploads\/2025\/07\/IMG_1708.png",791,429,false],"2048x2048":["https:\/\/veritasinfo.org\/wp-content\/uploads\/2025\/07\/IMG_1708.png",791,429,false],"kreeti-slider-full":["https:\/\/veritasinfo.org\/wp-content\/uploads\/2025\/07\/IMG_1708.png",791,429,false],"kreeti-featured":["https:\/\/veritasinfo.org\/wp-content\/uploads\/2025\/07\/IMG_1708.png",791,429,false],"kreeti-medium":["https:\/\/veritasinfo.org\/wp-content\/uploads\/2025\/07\/IMG_1708.png",720,390,false],"kreeti-medium-square":["https:\/\/veritasinfo.org\/wp-content\/uploads\/2025\/07\/IMG_1708.png",350,190,false]},"author_info":{"info":["admin"]},"category_info":"<a href=\"https:\/\/veritasinfo.org\/?cat=52\" rel=\"category\">Komunat<\/a>","tag_info":"Komunat","comment_count":"0","_links":{"self":[{"href":"https:\/\/veritasinfo.org\/index.php?rest_route=\/wp\/v2\/posts\/2472","targetHints":{"allow":["GET"]}}],"collection":[{"href":"https:\/\/veritasinfo.org\/index.php?rest_route=\/wp\/v2\/posts"}],"about":[{"href":"https:\/\/veritasinfo.org\/index.php?rest_route=\/wp\/v2\/types\/post"}],"author":[{"embeddable":true,"href":"https:\/\/veritasinfo.org\/index.php?rest_route=\/wp\/v2\/users\/1"}],"replies":[{"embeddable":true,"href":"https:\/\/veritasinfo.org\/index.php?rest_route=%2Fwp%2Fv2%2Fcomments&post=2472"}],"version-history":[{"count":1,"href":"https:\/\/veritasinfo.org\/index.php?rest_route=\/wp\/v2\/posts\/2472\/revisions"}],"predecessor-version":[{"id":2476,"href":"https:\/\/veritasinfo.org\/index.php?rest_route=\/wp\/v2\/posts\/2472\/revisions\/2476"}],"wp:featuredmedia":[{"embeddable":true,"href":"https:\/\/veritasinfo.org\/index.php?rest_route=\/wp\/v2\/media\/2475"}],"wp:attachment":[{"href":"https:\/\/veritasinfo.org\/index.php?rest_route=%2Fwp%2Fv2%2Fmedia&parent=2472"}],"wp:term":[{"taxonomy":"category","embeddable":true,"href":"https:\/\/veritasinfo.org\/index.php?rest_route=%2Fwp%2Fv2%2Fcategories&post=2472"},{"taxonomy":"post_tag","embeddable":true,"href":"https:\/\/veritasinfo.org\/index.php?rest_route=%2Fwp%2Fv2%2Ftags&post=2472"}],"curies":[{"name":"wp","href":"https:\/\/api.w.org\/{rel}","templated":true}]}}