{"id":24696,"date":"2025-12-19T11:21:08","date_gmt":"2025-12-19T10:21:08","guid":{"rendered":"https:\/\/veritasinfo.org\/?p=24696"},"modified":"2025-12-19T11:21:08","modified_gmt":"2025-12-19T10:21:08","slug":"kurti-kosova-ka-qene-perhere-e-perkushtuar-ndaj-integrimit-evropian","status":"publish","type":"post","link":"https:\/\/veritasinfo.org\/?p=24696","title":{"rendered":"Kurti: Kosova ka qen\u00eb p\u00ebrher\u00eb e p\u00ebrkushtuar ndaj integrimit evropian"},"content":{"rendered":"<p>Prishtin\u00eb 19 Dhjetor 2025 11:19<\/p>\n<p>Kryeministri n\u00eb detyr\u00eb, Albin Kurti, n\u00eb mbledhjen e sotme t\u00eb Qeveris\u00eb n\u00eb detyr\u00eb ka p\u00ebrmendur sulmet terroriste nga shteti serb e mb\u00ebshtetjet financiare nga BE.<\/p>\n<p>Kurti tha se Kosova ka qen\u00eb p\u00ebrher\u00eb e p\u00ebrkushtuar ndaj integrimit evropian, p\u00ebrmbushjes s\u00eb kritereve p\u00ebr an\u00ebtar\u00ebsim dhe vazhdimin si aleat e kampion t\u00eb vlerave demokratike.<\/p>\n<p>\u201cInstitucionet e Kosov\u00ebs nuk ishin shkaktare t\u00eb eskalimit t\u00eb situat\u00ebs n\u00eb kat\u00ebr komunat n\u00eb veri t\u00eb vendit dhe de-eskalimi i situat\u00ebs ishte pik\u00ebrisht merit\u00eb e institucioneve t\u00eb Kosov\u00ebs. Nd\u00ebrkoh\u00eb Republika e Kosov\u00ebs dhe institucionet e saj u b\u00ebn\u00eb cak i sulmeve terroriste, prej t\u00eb cilave dy me pasoja t\u00eb r\u00ebnda. Ai n\u00eb Banjsk\u00eb t\u00eb Zve\u00e7anit me 24 shtator 2023, ku mbeti i vrar\u00eb rreshteri policor, heroi yn\u00eb Afrim Bunjaku dhe tjetri n\u00eb kanalin Ib\u00ebr \u2013 Lepenc n\u00eb Varak\u00eb t\u00eb Zubin Potokut me 29 n\u00ebntor 2024, q\u00eb synonte d\u00ebmtimin e pariparuesh\u00ebm t\u00eb infrastruktur\u00ebs kritike\u201d, th ai.<\/p>\n<p>Kurti tha se p\u00ebr t\u00eb dyja rastet ka aktakuz\u00eb t\u00eb ngritur, teksa p\u00ebr rastin e par\u00eb ekzistojn\u00eb d\u00ebshmit\u00eb q\u00eb ka qen\u00eb plan serb p\u00ebr aneksimin e veriut p\u00ebrmes strukturave paramilitare. Gjithashtu p\u00ebr rastin e dyt\u00eb provat konfirmojn\u00eb gjithashtu p\u00ebrfshirjen e drejt\u00ebp\u00ebrdrejt\u00eb t\u00eb shtetit serb.<\/p>\n<p>Gjat\u00eb mbledhjes s\u00eb sotme n\u00eb rend dite n\u00eb mesin e disa pikave \u00ebsht\u00eb edhe shqyrtimi i Propozim-vendimit p\u00ebr Konfirmimin e obligimit t\u00eb zbatimit t\u00eb vendimeve t\u00eb CEFTA-s dhe protokolleve t\u00eb saj.<\/p>\n","protected":false},"excerpt":{"rendered":"<p>Prishtin\u00eb 19 Dhjetor 2025 11:19 Kryeministri n\u00eb detyr\u00eb, Albin Kurti, n\u00eb mbledhjen e sotme t\u00eb Qeveris\u00eb n\u00eb detyr\u00eb ka p\u00ebrmendur sulmet terroriste nga shteti serb<\/p>\n","protected":false},"author":6,"featured_media":24697,"comment_status":"open","ping_status":"open","sticky":false,"template":"","format":"standard","meta":{"footnotes":""},"categories":[60],"tags":[],"class_list":["post-24696","post","type-post","status-publish","format-standard","has-post-thumbnail","hentry","category-shoqerore-sq"],"yoast_head":"<!-- This site is optimized with the Yoast SEO plugin v25.3.1 - https:\/\/yoast.com\/wordpress\/plugins\/seo\/ -->\n<title>Kurti: Kosova ka qen\u00eb p\u00ebrher\u00eb e p\u00ebrkushtuar ndaj integrimit evropian -<\/title>\n<meta name=\"robots\" content=\"index, follow, max-snippet:-1, max-image-preview:large, max-video-preview:-1\" \/>\n<link rel=\"canonical\" href=\"https:\/\/veritasinfo.org\/?p=24696\" \/>\n<meta property=\"og:locale\" content=\"en_US\" \/>\n<meta property=\"og:type\" content=\"article\" \/>\n<meta property=\"og:title\" content=\"Kurti: Kosova ka qen\u00eb p\u00ebrher\u00eb e p\u00ebrkushtuar ndaj integrimit evropian -\" \/>\n<meta property=\"og:description\" content=\"Prishtin\u00eb 19 Dhjetor 2025 11:19 Kryeministri n\u00eb detyr\u00eb, Albin Kurti, n\u00eb mbledhjen e sotme t\u00eb Qeveris\u00eb n\u00eb detyr\u00eb ka p\u00ebrmendur sulmet terroriste nga shteti serb\" \/>\n<meta property=\"og:url\" content=\"https:\/\/veritasinfo.org\/?p=24696\" \/>\n<meta property=\"article:published_time\" content=\"2025-12-19T10:21:08+00:00\" \/>\n<meta property=\"og:image\" content=\"https:\/\/veritasinfo.org\/wp-content\/uploads\/2025\/12\/images-6.jpeg\" \/>\n\t<meta property=\"og:image:width\" content=\"576\" \/>\n\t<meta property=\"og:image:height\" content=\"384\" \/>\n\t<meta property=\"og:image:type\" content=\"image\/jpeg\" \/>\n<meta name=\"author\" content=\"US5\" \/>\n<meta name=\"twitter:card\" content=\"summary_large_image\" \/>\n<meta name=\"twitter:label1\" content=\"Written by\" \/>\n\t<meta name=\"twitter:data1\" content=\"US5\" \/>\n<script type=\"application\/ld+json\" class=\"yoast-schema-graph\">{\"@context\":\"https:\/\/schema.org\",\"@graph\":[{\"@type\":\"WebPage\",\"@id\":\"https:\/\/veritasinfo.org\/?p=24696\",\"url\":\"https:\/\/veritasinfo.org\/?p=24696\",\"name\":\"Kurti: Kosova ka qen\u00eb p\u00ebrher\u00eb e p\u00ebrkushtuar ndaj integrimit evropian -\",\"isPartOf\":{\"@id\":\"https:\/\/veritasinfo.org\/#website\"},\"primaryImageOfPage\":{\"@id\":\"https:\/\/veritasinfo.org\/?p=24696#primaryimage\"},\"image\":{\"@id\":\"https:\/\/veritasinfo.org\/?p=24696#primaryimage\"},\"thumbnailUrl\":\"https:\/\/veritasinfo.org\/wp-content\/uploads\/2025\/12\/images-6.jpeg\",\"datePublished\":\"2025-12-19T10:21:08+00:00\",\"author\":{\"@id\":\"https:\/\/veritasinfo.org\/#\/schema\/person\/bc442336e35414d04494ab8fb45db4c6\"},\"breadcrumb\":{\"@id\":\"https:\/\/veritasinfo.org\/?p=24696#breadcrumb\"},\"inLanguage\":\"en-US\",\"potentialAction\":[{\"@type\":\"ReadAction\",\"target\":[\"https:\/\/veritasinfo.org\/?p=24696\"]}]},{\"@type\":\"ImageObject\",\"inLanguage\":\"en-US\",\"@id\":\"https:\/\/veritasinfo.org\/?p=24696#primaryimage\",\"url\":\"https:\/\/veritasinfo.org\/wp-content\/uploads\/2025\/12\/images-6.jpeg\",\"contentUrl\":\"https:\/\/veritasinfo.org\/wp-content\/uploads\/2025\/12\/images-6.jpeg\",\"width\":576,\"height\":384},{\"@type\":\"BreadcrumbList\",\"@id\":\"https:\/\/veritasinfo.org\/?p=24696#breadcrumb\",\"itemListElement\":[{\"@type\":\"ListItem\",\"position\":1,\"name\":\"Home\",\"item\":\"https:\/\/veritasinfo.org\/\"},{\"@type\":\"ListItem\",\"position\":2,\"name\":\"Kurti: Kosova ka qen\u00eb p\u00ebrher\u00eb e p\u00ebrkushtuar ndaj integrimit evropian\"}]},{\"@type\":\"WebSite\",\"@id\":\"https:\/\/veritasinfo.org\/#website\",\"url\":\"https:\/\/veritasinfo.org\/\",\"name\":\"\",\"description\":\"\",\"potentialAction\":[{\"@type\":\"SearchAction\",\"target\":{\"@type\":\"EntryPoint\",\"urlTemplate\":\"https:\/\/veritasinfo.org\/?s={search_term_string}\"},\"query-input\":{\"@type\":\"PropertyValueSpecification\",\"valueRequired\":true,\"valueName\":\"search_term_string\"}}],\"inLanguage\":\"en-US\"},{\"@type\":\"Person\",\"@id\":\"https:\/\/veritasinfo.org\/#\/schema\/person\/bc442336e35414d04494ab8fb45db4c6\",\"name\":\"US5\",\"image\":{\"@type\":\"ImageObject\",\"inLanguage\":\"en-US\",\"@id\":\"https:\/\/veritasinfo.org\/#\/schema\/person\/image\/\",\"url\":\"https:\/\/secure.gravatar.com\/avatar\/16a61e7272a0c5d001121ebb9e60e925d5816e4ac1e443ed3e640d9a6ae55d0c?s=96&d=mm&r=g\",\"contentUrl\":\"https:\/\/secure.gravatar.com\/avatar\/16a61e7272a0c5d001121ebb9e60e925d5816e4ac1e443ed3e640d9a6ae55d0c?s=96&d=mm&r=g\",\"caption\":\"US5\"},\"url\":\"https:\/\/veritasinfo.org\/?author=6\"}]}<\/script>\n<!-- \/ Yoast SEO plugin. -->","yoast_head_json":{"title":"Kurti: Kosova ka qen\u00eb p\u00ebrher\u00eb e p\u00ebrkushtuar ndaj integrimit evropian -","robots":{"index":"index","follow":"follow","max-snippet":"max-snippet:-1","max-image-preview":"max-image-preview:large","max-video-preview":"max-video-preview:-1"},"canonical":"https:\/\/veritasinfo.org\/?p=24696","og_locale":"en_US","og_type":"article","og_title":"Kurti: Kosova ka qen\u00eb p\u00ebrher\u00eb e p\u00ebrkushtuar ndaj integrimit evropian -","og_description":"Prishtin\u00eb 19 Dhjetor 2025 11:19 Kryeministri n\u00eb detyr\u00eb, Albin Kurti, n\u00eb mbledhjen e sotme t\u00eb Qeveris\u00eb n\u00eb detyr\u00eb ka p\u00ebrmendur sulmet terroriste nga shteti serb","og_url":"https:\/\/veritasinfo.org\/?p=24696","article_published_time":"2025-12-19T10:21:08+00:00","og_image":[{"width":576,"height":384,"url":"https:\/\/veritasinfo.org\/wp-content\/uploads\/2025\/12\/images-6.jpeg","type":"image\/jpeg"}],"author":"US5","twitter_card":"summary_large_image","twitter_misc":{"Written by":"US5"},"schema":{"@context":"https:\/\/schema.org","@graph":[{"@type":"WebPage","@id":"https:\/\/veritasinfo.org\/?p=24696","url":"https:\/\/veritasinfo.org\/?p=24696","name":"Kurti: Kosova ka qen\u00eb p\u00ebrher\u00eb e p\u00ebrkushtuar ndaj integrimit evropian -","isPartOf":{"@id":"https:\/\/veritasinfo.org\/#website"},"primaryImageOfPage":{"@id":"https:\/\/veritasinfo.org\/?p=24696#primaryimage"},"image":{"@id":"https:\/\/veritasinfo.org\/?p=24696#primaryimage"},"thumbnailUrl":"https:\/\/veritasinfo.org\/wp-content\/uploads\/2025\/12\/images-6.jpeg","datePublished":"2025-12-19T10:21:08+00:00","author":{"@id":"https:\/\/veritasinfo.org\/#\/schema\/person\/bc442336e35414d04494ab8fb45db4c6"},"breadcrumb":{"@id":"https:\/\/veritasinfo.org\/?p=24696#breadcrumb"},"inLanguage":"en-US","potentialAction":[{"@type":"ReadAction","target":["https:\/\/veritasinfo.org\/?p=24696"]}]},{"@type":"ImageObject","inLanguage":"en-US","@id":"https:\/\/veritasinfo.org\/?p=24696#primaryimage","url":"https:\/\/veritasinfo.org\/wp-content\/uploads\/2025\/12\/images-6.jpeg","contentUrl":"https:\/\/veritasinfo.org\/wp-content\/uploads\/2025\/12\/images-6.jpeg","width":576,"height":384},{"@type":"BreadcrumbList","@id":"https:\/\/veritasinfo.org\/?p=24696#breadcrumb","itemListElement":[{"@type":"ListItem","position":1,"name":"Home","item":"https:\/\/veritasinfo.org\/"},{"@type":"ListItem","position":2,"name":"Kurti: Kosova ka qen\u00eb p\u00ebrher\u00eb e p\u00ebrkushtuar ndaj integrimit evropian"}]},{"@type":"WebSite","@id":"https:\/\/veritasinfo.org\/#website","url":"https:\/\/veritasinfo.org\/","name":"","description":"","potentialAction":[{"@type":"SearchAction","target":{"@type":"EntryPoint","urlTemplate":"https:\/\/veritasinfo.org\/?s={search_term_string}"},"query-input":{"@type":"PropertyValueSpecification","valueRequired":true,"valueName":"search_term_string"}}],"inLanguage":"en-US"},{"@type":"Person","@id":"https:\/\/veritasinfo.org\/#\/schema\/person\/bc442336e35414d04494ab8fb45db4c6","name":"US5","image":{"@type":"ImageObject","inLanguage":"en-US","@id":"https:\/\/veritasinfo.org\/#\/schema\/person\/image\/","url":"https:\/\/secure.gravatar.com\/avatar\/16a61e7272a0c5d001121ebb9e60e925d5816e4ac1e443ed3e640d9a6ae55d0c?s=96&d=mm&r=g","contentUrl":"https:\/\/secure.gravatar.com\/avatar\/16a61e7272a0c5d001121ebb9e60e925d5816e4ac1e443ed3e640d9a6ae55d0c?s=96&d=mm&r=g","caption":"US5"},"url":"https:\/\/veritasinfo.org\/?author=6"}]}},"featured_image_urls":{"full":["https:\/\/veritasinfo.org\/wp-content\/uploads\/2025\/12\/images-6.jpeg",576,384,false],"thumbnail":["https:\/\/veritasinfo.org\/wp-content\/uploads\/2025\/12\/images-6-150x150.jpeg",150,150,true],"medium":["https:\/\/veritasinfo.org\/wp-content\/uploads\/2025\/12\/images-6-300x200.jpeg",300,200,true],"medium_large":["https:\/\/veritasinfo.org\/wp-content\/uploads\/2025\/12\/images-6.jpeg",576,384,false],"large":["https:\/\/veritasinfo.org\/wp-content\/uploads\/2025\/12\/images-6.jpeg",576,384,false],"1536x1536":["https:\/\/veritasinfo.org\/wp-content\/uploads\/2025\/12\/images-6.jpeg",576,384,false],"2048x2048":["https:\/\/veritasinfo.org\/wp-content\/uploads\/2025\/12\/images-6.jpeg",576,384,false],"kreeti-slider-full":["https:\/\/veritasinfo.org\/wp-content\/uploads\/2025\/12\/images-6.jpeg",576,384,false],"kreeti-featured":["https:\/\/veritasinfo.org\/wp-content\/uploads\/2025\/12\/images-6.jpeg",576,384,false],"kreeti-medium":["https:\/\/veritasinfo.org\/wp-content\/uploads\/2025\/12\/images-6.jpeg",576,384,false],"kreeti-medium-square":["https:\/\/veritasinfo.org\/wp-content\/uploads\/2025\/12\/images-6.jpeg",350,233,false]},"author_info":{"info":["US5"]},"category_info":"<a href=\"https:\/\/veritasinfo.org\/?cat=60\" rel=\"category\">Shoq\u00ebrore<\/a>","tag_info":"Shoq\u00ebrore","comment_count":"0","_links":{"self":[{"href":"https:\/\/veritasinfo.org\/index.php?rest_route=\/wp\/v2\/posts\/24696","targetHints":{"allow":["GET"]}}],"collection":[{"href":"https:\/\/veritasinfo.org\/index.php?rest_route=\/wp\/v2\/posts"}],"about":[{"href":"https:\/\/veritasinfo.org\/index.php?rest_route=\/wp\/v2\/types\/post"}],"author":[{"embeddable":true,"href":"https:\/\/veritasinfo.org\/index.php?rest_route=\/wp\/v2\/users\/6"}],"replies":[{"embeddable":true,"href":"https:\/\/veritasinfo.org\/index.php?rest_route=%2Fwp%2Fv2%2Fcomments&post=24696"}],"version-history":[{"count":1,"href":"https:\/\/veritasinfo.org\/index.php?rest_route=\/wp\/v2\/posts\/24696\/revisions"}],"predecessor-version":[{"id":24698,"href":"https:\/\/veritasinfo.org\/index.php?rest_route=\/wp\/v2\/posts\/24696\/revisions\/24698"}],"wp:featuredmedia":[{"embeddable":true,"href":"https:\/\/veritasinfo.org\/index.php?rest_route=\/wp\/v2\/media\/24697"}],"wp:attachment":[{"href":"https:\/\/veritasinfo.org\/index.php?rest_route=%2Fwp%2Fv2%2Fmedia&parent=24696"}],"wp:term":[{"taxonomy":"category","embeddable":true,"href":"https:\/\/veritasinfo.org\/index.php?rest_route=%2Fwp%2Fv2%2Fcategories&post=24696"},{"taxonomy":"post_tag","embeddable":true,"href":"https:\/\/veritasinfo.org\/index.php?rest_route=%2Fwp%2Fv2%2Ftags&post=24696"}],"curies":[{"name":"wp","href":"https:\/\/api.w.org\/{rel}","templated":true}]}}