{"id":24689,"date":"2025-12-19T11:04:18","date_gmt":"2025-12-19T10:04:18","guid":{"rendered":"https:\/\/veritasinfo.org\/?p=24689"},"modified":"2025-12-19T11:04:18","modified_gmt":"2025-12-19T10:04:18","slug":"krasniqi-kryetaret-e-komunave-ne-veri-propozuan-ne-menyre-te-kunderligjshme-pika-shtese-per-te-dale-nga-asociacioni","status":"publish","type":"post","link":"https:\/\/veritasinfo.org\/?p=24689","title":{"rendered":"Krasniqi: Kryetar\u00ebt e komunave n\u00eb veri propozuan n\u00eb m\u00ebnyr\u00eb t\u00eb kund\u00ebrligjshme pika shtes\u00eb p\u00ebr t\u00eb dal\u00eb nga Asociacioni\u2026"},"content":{"rendered":"<p>Prishtin\u00eb 19 Dhjetor 2025 11:03<\/p>\n<p>Komunat me shumic\u00eb serbe n\u00eb veri t\u00eb Kosov\u00ebs, Mitrovica e Veriut, Leposaviqi, Zve\u00e7ani dhe Zubin-Potoku, kan\u00eb votuar p\u00ebr t\u2019u t\u00ebrhequr nga Asociacioni i Komunave t\u00eb Kosov\u00ebs t\u00eb enjten, pasi duan t\u00eb jen\u00eb pjes\u00eb e nj\u00eb asociacioni t\u00eb ve\u00e7uar t\u00eb komunave me shumic\u00eb serbe n\u00eb vend.<\/p>\n<p>E lidhur me k\u00ebt\u00eb ka reaguar ministri n\u00eb detyr\u00eb Elbert Krasniqi. Ai ka th\u00ebn\u00eb se \u00e7do vendimmarrje, \u00e7do hyrje dhe dalje n\u00eb secilin organ t\u00eb Republik\u00ebs s\u00eb Kosov\u00ebs ka rregulla dhe procedura t\u00eb qarta, n\u00eb p\u00ebrputhje me Kushtetut\u00ebn dhe ligjet n\u00eb fuqi n\u00eb Republik\u00ebn e Kosov\u00ebs.<\/p>\n<p>\u201cAndaj, lidhur me shkeljet procedurale n\u00eb mbledhjet e kuvendeve t\u00eb komunave Mitrovic\u00eb e Veriut, Zve\u00e7an, Leposaviq dhe Zubin-Potok, bazuar n\u00eb raportet e monitorimit t\u00eb k\u00ebtyre mbledhjeve, \u00ebsht\u00eb konstatuar se kryetar\u00ebt e komunave kan\u00eb propozuar n\u00eb m\u00ebnyr\u00eb t\u00eb kund\u00ebrligjshme pika shtes\u00eb p\u00ebr rendin e dit\u00ebs gjat\u00eb mbledhjeve t\u00eb kuvendit, me q\u00ebllim t\u00eb daljes nga Asociacioni i Komunave t\u00eb Kosov\u00ebs\u201d, ka th\u00ebn\u00eb Krasniqi.<\/p>\n<p>Kjo praktik\u00eb sipas tij bie ndesh me Ligjin p\u00ebr vet\u00ebqeverisjen lokale (neni 47.2), i cili p\u00ebrcakton se vet\u00ebm an\u00ebtar\u00ebt e kuvendit kan\u00eb t\u00eb drejt\u00eb t\u00eb k\u00ebrkojn\u00eb shtimin e pikave n\u00eb rendin e dit\u00ebs gjat\u00eb seanc\u00ebs, dhe at\u00eb vet\u00ebm p\u00ebr \u00e7\u00ebshtje urgjente me r\u00ebnd\u00ebsi publike. \u00c7do k\u00ebrkes\u00eb p\u00ebr shtim t\u00eb pikave duhet t\u00eb votohet nga shumica e an\u00ebtar\u00ebve t\u00eb kuvendit (neni 47.3).<\/p>\n<p>\u201cN\u00eb asnj\u00eb dispozit\u00eb ligjore nuk parashihet e drejta e kryetarit t\u00eb komun\u00ebs p\u00ebr t\u00eb propozuar pika shtes\u00eb p\u00ebr rendin e dit\u00ebs gjat\u00eb mbledhjes s\u00eb kuvendit\u201d, ka th\u00ebn\u00eb Krasniqi.<\/p>\n<p>P\u00ebr m\u00eb tep\u00ebr sipas tij praktika e mosmiratimit t\u00eb pikave shtes\u00eb si \u201cpik\u00eb e ve\u00e7ant\u00eb\u201d, por vet\u00ebm miratimi i rendit t\u00eb dit\u00ebs n\u00eb t\u00ebr\u00ebsi, p\u00ebrb\u00ebn shkelje procedurale, pasi propozimi fillestar vjen nga kryetari, si autoritet q\u00eb nuk ka kompetenc\u00eb ligjore p\u00ebr k\u00ebt\u00eb veprim.Si rrjedhoj\u00eb, pikat e propozuara n\u00eb k\u00ebt\u00eb m\u00ebnyr\u00eb nuk kan\u00eb kaluar procedur\u00eb t\u00eb ligjshme dhe konsiderohen t\u00eb kund\u00ebrligjshme, duke v\u00ebn\u00eb n\u00eb pik\u00ebpyetje ligjshm\u00ebrin\u00eb e vendimeve t\u00eb marra mbi to. Respektimi i procedurave ligjore nuk \u00ebsht\u00eb formalitet, por garanci p\u00ebr funksionim demokratik, transparenc\u00eb dhe sundim t\u00eb ligjit n\u00eb nivel lokal\u201d, ka th\u00ebn\u00eb ai..<\/p>\n<p>P\u00ebrtej aspektit procedural, p\u00ebrmes inicimit t\u00eb k\u00ebsaj \u00e7\u00ebshtjeje, Krasniqi ka th\u00ebn\u00eb se Lista Serbe po d\u00ebshmon edhe nj\u00eb her\u00eb hapur se ka p\u00ebr synim nxitjen e ndasive nd\u00ebrmjet komuniteteve, p\u00ebr\u00e7arjen, mosbesimin dhe tensionet, duke treguar munges\u00eb gatishm\u00ebrie p\u00ebr t\u00eb bashk\u00ebpunuar me komunat e tjera n\u00eb kuad\u00ebr t\u00eb Asociacionit\u2026<\/p>\n<p>\u201cKomunitetet n\u00eb Kosov\u00eb, pa dyshim, kan\u00eb interes q\u00eb t\u00eb integrohen dhe t\u00eb bashk\u00ebpunojn\u00eb mes vete p\u00ebr zhvillim ekonomik, siguri, jet\u00eb t\u00eb qet\u00eb dhe fuqizim t\u00eb besimit reciprok n\u00eb t\u00eb gjitha fushat e shoq\u00ebris\u00eb, n\u00eb p\u00ebrputhje me vlerat demokratike dhe proceset integruese drejt Bashkimit Evropian. P\u00ebr fat t\u00eb keq, Lista Serbe, p\u00ebrmes k\u00ebsaj iniciative, edhe nj\u00eb her\u00eb po d\u00ebshmon se ka p\u00ebr objektiv p\u00ebr\u00e7imin e interesave t\u00eb Serbis\u00eb n\u00eb Kosov\u00eb p\u00ebr nxitje t\u00eb p\u00ebr\u00e7arjeve, mosbesimit dhe tensioneve, e jo p\u00ebrfaq\u00ebsimin e interesave t\u00eb serb\u00ebve t\u00eb Kosov\u00ebs, integrimin dhe mir\u00ebqenien e tyre n\u00eb shoq\u00ebri\u201d, ka th\u00ebn\u00eb Krasniqi.<\/p>\n","protected":false},"excerpt":{"rendered":"<p>Prishtin\u00eb 19 Dhjetor 2025 11:03 Komunat me shumic\u00eb serbe n\u00eb veri t\u00eb Kosov\u00ebs, Mitrovica e Veriut, Leposaviqi, Zve\u00e7ani dhe Zubin-Potoku, kan\u00eb votuar p\u00ebr t\u2019u t\u00ebrhequr<\/p>\n","protected":false},"author":6,"featured_media":24690,"comment_status":"open","ping_status":"open","sticky":false,"template":"","format":"standard","meta":{"footnotes":""},"categories":[52],"tags":[],"class_list":["post-24689","post","type-post","status-publish","format-standard","has-post-thumbnail","hentry","category-komunat-sq"],"yoast_head":"<!-- This site is optimized with the Yoast SEO plugin v25.3.1 - https:\/\/yoast.com\/wordpress\/plugins\/seo\/ -->\n<title>Krasniqi: Kryetar\u00ebt e komunave n\u00eb veri propozuan n\u00eb m\u00ebnyr\u00eb t\u00eb kund\u00ebrligjshme pika shtes\u00eb p\u00ebr t\u00eb dal\u00eb nga Asociacioni\u2026 -<\/title>\n<meta name=\"robots\" content=\"index, follow, max-snippet:-1, max-image-preview:large, max-video-preview:-1\" \/>\n<link rel=\"canonical\" href=\"https:\/\/veritasinfo.org\/?p=24689\" \/>\n<meta property=\"og:locale\" content=\"en_US\" \/>\n<meta property=\"og:type\" content=\"article\" \/>\n<meta property=\"og:title\" content=\"Krasniqi: Kryetar\u00ebt e komunave n\u00eb veri propozuan n\u00eb m\u00ebnyr\u00eb t\u00eb kund\u00ebrligjshme pika shtes\u00eb p\u00ebr t\u00eb dal\u00eb nga Asociacioni\u2026 -\" \/>\n<meta property=\"og:description\" content=\"Prishtin\u00eb 19 Dhjetor 2025 11:03 Komunat me shumic\u00eb serbe n\u00eb veri t\u00eb Kosov\u00ebs, Mitrovica e Veriut, Leposaviqi, Zve\u00e7ani dhe Zubin-Potoku, kan\u00eb votuar p\u00ebr t\u2019u t\u00ebrhequr\" \/>\n<meta property=\"og:url\" content=\"https:\/\/veritasinfo.org\/?p=24689\" \/>\n<meta property=\"article:published_time\" content=\"2025-12-19T10:04:18+00:00\" \/>\n<meta property=\"og:image\" content=\"https:\/\/veritasinfo.org\/wp-content\/uploads\/2025\/12\/Elbert-Krasniqi.jpg\" \/>\n\t<meta property=\"og:image:width\" content=\"2048\" \/>\n\t<meta property=\"og:image:height\" content=\"1364\" \/>\n\t<meta property=\"og:image:type\" content=\"image\/jpeg\" \/>\n<meta name=\"author\" content=\"US5\" \/>\n<meta name=\"twitter:card\" content=\"summary_large_image\" \/>\n<meta name=\"twitter:label1\" content=\"Written by\" \/>\n\t<meta name=\"twitter:data1\" content=\"US5\" \/>\n<script type=\"application\/ld+json\" class=\"yoast-schema-graph\">{\"@context\":\"https:\/\/schema.org\",\"@graph\":[{\"@type\":\"WebPage\",\"@id\":\"https:\/\/veritasinfo.org\/?p=24689\",\"url\":\"https:\/\/veritasinfo.org\/?p=24689\",\"name\":\"Krasniqi: Kryetar\u00ebt e komunave n\u00eb veri propozuan n\u00eb m\u00ebnyr\u00eb t\u00eb kund\u00ebrligjshme pika shtes\u00eb p\u00ebr t\u00eb dal\u00eb nga Asociacioni\u2026 -\",\"isPartOf\":{\"@id\":\"https:\/\/veritasinfo.org\/#website\"},\"primaryImageOfPage\":{\"@id\":\"https:\/\/veritasinfo.org\/?p=24689#primaryimage\"},\"image\":{\"@id\":\"https:\/\/veritasinfo.org\/?p=24689#primaryimage\"},\"thumbnailUrl\":\"https:\/\/veritasinfo.org\/wp-content\/uploads\/2025\/12\/Elbert-Krasniqi.jpg\",\"datePublished\":\"2025-12-19T10:04:18+00:00\",\"author\":{\"@id\":\"https:\/\/veritasinfo.org\/#\/schema\/person\/bc442336e35414d04494ab8fb45db4c6\"},\"breadcrumb\":{\"@id\":\"https:\/\/veritasinfo.org\/?p=24689#breadcrumb\"},\"inLanguage\":\"en-US\",\"potentialAction\":[{\"@type\":\"ReadAction\",\"target\":[\"https:\/\/veritasinfo.org\/?p=24689\"]}]},{\"@type\":\"ImageObject\",\"inLanguage\":\"en-US\",\"@id\":\"https:\/\/veritasinfo.org\/?p=24689#primaryimage\",\"url\":\"https:\/\/veritasinfo.org\/wp-content\/uploads\/2025\/12\/Elbert-Krasniqi.jpg\",\"contentUrl\":\"https:\/\/veritasinfo.org\/wp-content\/uploads\/2025\/12\/Elbert-Krasniqi.jpg\",\"width\":2048,\"height\":1364},{\"@type\":\"BreadcrumbList\",\"@id\":\"https:\/\/veritasinfo.org\/?p=24689#breadcrumb\",\"itemListElement\":[{\"@type\":\"ListItem\",\"position\":1,\"name\":\"Home\",\"item\":\"https:\/\/veritasinfo.org\/\"},{\"@type\":\"ListItem\",\"position\":2,\"name\":\"Krasniqi: Kryetar\u00ebt e komunave n\u00eb veri propozuan n\u00eb m\u00ebnyr\u00eb t\u00eb kund\u00ebrligjshme pika shtes\u00eb p\u00ebr t\u00eb dal\u00eb nga Asociacioni\u2026\"}]},{\"@type\":\"WebSite\",\"@id\":\"https:\/\/veritasinfo.org\/#website\",\"url\":\"https:\/\/veritasinfo.org\/\",\"name\":\"\",\"description\":\"\",\"potentialAction\":[{\"@type\":\"SearchAction\",\"target\":{\"@type\":\"EntryPoint\",\"urlTemplate\":\"https:\/\/veritasinfo.org\/?s={search_term_string}\"},\"query-input\":{\"@type\":\"PropertyValueSpecification\",\"valueRequired\":true,\"valueName\":\"search_term_string\"}}],\"inLanguage\":\"en-US\"},{\"@type\":\"Person\",\"@id\":\"https:\/\/veritasinfo.org\/#\/schema\/person\/bc442336e35414d04494ab8fb45db4c6\",\"name\":\"US5\",\"image\":{\"@type\":\"ImageObject\",\"inLanguage\":\"en-US\",\"@id\":\"https:\/\/veritasinfo.org\/#\/schema\/person\/image\/\",\"url\":\"https:\/\/secure.gravatar.com\/avatar\/16a61e7272a0c5d001121ebb9e60e925d5816e4ac1e443ed3e640d9a6ae55d0c?s=96&d=mm&r=g\",\"contentUrl\":\"https:\/\/secure.gravatar.com\/avatar\/16a61e7272a0c5d001121ebb9e60e925d5816e4ac1e443ed3e640d9a6ae55d0c?s=96&d=mm&r=g\",\"caption\":\"US5\"},\"url\":\"https:\/\/veritasinfo.org\/?author=6\"}]}<\/script>\n<!-- \/ Yoast SEO plugin. -->","yoast_head_json":{"title":"Krasniqi: Kryetar\u00ebt e komunave n\u00eb veri propozuan n\u00eb m\u00ebnyr\u00eb t\u00eb kund\u00ebrligjshme pika shtes\u00eb p\u00ebr t\u00eb dal\u00eb nga Asociacioni\u2026 -","robots":{"index":"index","follow":"follow","max-snippet":"max-snippet:-1","max-image-preview":"max-image-preview:large","max-video-preview":"max-video-preview:-1"},"canonical":"https:\/\/veritasinfo.org\/?p=24689","og_locale":"en_US","og_type":"article","og_title":"Krasniqi: Kryetar\u00ebt e komunave n\u00eb veri propozuan n\u00eb m\u00ebnyr\u00eb t\u00eb kund\u00ebrligjshme pika shtes\u00eb p\u00ebr t\u00eb dal\u00eb nga Asociacioni\u2026 -","og_description":"Prishtin\u00eb 19 Dhjetor 2025 11:03 Komunat me shumic\u00eb serbe n\u00eb veri t\u00eb Kosov\u00ebs, Mitrovica e Veriut, Leposaviqi, Zve\u00e7ani dhe Zubin-Potoku, kan\u00eb votuar p\u00ebr t\u2019u t\u00ebrhequr","og_url":"https:\/\/veritasinfo.org\/?p=24689","article_published_time":"2025-12-19T10:04:18+00:00","og_image":[{"width":2048,"height":1364,"url":"https:\/\/veritasinfo.org\/wp-content\/uploads\/2025\/12\/Elbert-Krasniqi.jpg","type":"image\/jpeg"}],"author":"US5","twitter_card":"summary_large_image","twitter_misc":{"Written by":"US5"},"schema":{"@context":"https:\/\/schema.org","@graph":[{"@type":"WebPage","@id":"https:\/\/veritasinfo.org\/?p=24689","url":"https:\/\/veritasinfo.org\/?p=24689","name":"Krasniqi: Kryetar\u00ebt e komunave n\u00eb veri propozuan n\u00eb m\u00ebnyr\u00eb t\u00eb kund\u00ebrligjshme pika shtes\u00eb p\u00ebr t\u00eb dal\u00eb nga Asociacioni\u2026 -","isPartOf":{"@id":"https:\/\/veritasinfo.org\/#website"},"primaryImageOfPage":{"@id":"https:\/\/veritasinfo.org\/?p=24689#primaryimage"},"image":{"@id":"https:\/\/veritasinfo.org\/?p=24689#primaryimage"},"thumbnailUrl":"https:\/\/veritasinfo.org\/wp-content\/uploads\/2025\/12\/Elbert-Krasniqi.jpg","datePublished":"2025-12-19T10:04:18+00:00","author":{"@id":"https:\/\/veritasinfo.org\/#\/schema\/person\/bc442336e35414d04494ab8fb45db4c6"},"breadcrumb":{"@id":"https:\/\/veritasinfo.org\/?p=24689#breadcrumb"},"inLanguage":"en-US","potentialAction":[{"@type":"ReadAction","target":["https:\/\/veritasinfo.org\/?p=24689"]}]},{"@type":"ImageObject","inLanguage":"en-US","@id":"https:\/\/veritasinfo.org\/?p=24689#primaryimage","url":"https:\/\/veritasinfo.org\/wp-content\/uploads\/2025\/12\/Elbert-Krasniqi.jpg","contentUrl":"https:\/\/veritasinfo.org\/wp-content\/uploads\/2025\/12\/Elbert-Krasniqi.jpg","width":2048,"height":1364},{"@type":"BreadcrumbList","@id":"https:\/\/veritasinfo.org\/?p=24689#breadcrumb","itemListElement":[{"@type":"ListItem","position":1,"name":"Home","item":"https:\/\/veritasinfo.org\/"},{"@type":"ListItem","position":2,"name":"Krasniqi: Kryetar\u00ebt e komunave n\u00eb veri propozuan n\u00eb m\u00ebnyr\u00eb t\u00eb kund\u00ebrligjshme pika shtes\u00eb p\u00ebr t\u00eb dal\u00eb nga Asociacioni\u2026"}]},{"@type":"WebSite","@id":"https:\/\/veritasinfo.org\/#website","url":"https:\/\/veritasinfo.org\/","name":"","description":"","potentialAction":[{"@type":"SearchAction","target":{"@type":"EntryPoint","urlTemplate":"https:\/\/veritasinfo.org\/?s={search_term_string}"},"query-input":{"@type":"PropertyValueSpecification","valueRequired":true,"valueName":"search_term_string"}}],"inLanguage":"en-US"},{"@type":"Person","@id":"https:\/\/veritasinfo.org\/#\/schema\/person\/bc442336e35414d04494ab8fb45db4c6","name":"US5","image":{"@type":"ImageObject","inLanguage":"en-US","@id":"https:\/\/veritasinfo.org\/#\/schema\/person\/image\/","url":"https:\/\/secure.gravatar.com\/avatar\/16a61e7272a0c5d001121ebb9e60e925d5816e4ac1e443ed3e640d9a6ae55d0c?s=96&d=mm&r=g","contentUrl":"https:\/\/secure.gravatar.com\/avatar\/16a61e7272a0c5d001121ebb9e60e925d5816e4ac1e443ed3e640d9a6ae55d0c?s=96&d=mm&r=g","caption":"US5"},"url":"https:\/\/veritasinfo.org\/?author=6"}]}},"featured_image_urls":{"full":["https:\/\/veritasinfo.org\/wp-content\/uploads\/2025\/12\/Elbert-Krasniqi.jpg",2048,1364,false],"thumbnail":["https:\/\/veritasinfo.org\/wp-content\/uploads\/2025\/12\/Elbert-Krasniqi-150x150.jpg",150,150,true],"medium":["https:\/\/veritasinfo.org\/wp-content\/uploads\/2025\/12\/Elbert-Krasniqi-300x200.jpg",300,200,true],"medium_large":["https:\/\/veritasinfo.org\/wp-content\/uploads\/2025\/12\/Elbert-Krasniqi-768x512.jpg",640,427,true],"large":["https:\/\/veritasinfo.org\/wp-content\/uploads\/2025\/12\/Elbert-Krasniqi-1024x682.jpg",640,426,true],"1536x1536":["https:\/\/veritasinfo.org\/wp-content\/uploads\/2025\/12\/Elbert-Krasniqi-1536x1023.jpg",1536,1023,true],"2048x2048":["https:\/\/veritasinfo.org\/wp-content\/uploads\/2025\/12\/Elbert-Krasniqi.jpg",2048,1364,false],"kreeti-slider-full":["https:\/\/veritasinfo.org\/wp-content\/uploads\/2025\/12\/Elbert-Krasniqi.jpg",1081,720,false],"kreeti-featured":["https:\/\/veritasinfo.org\/wp-content\/uploads\/2025\/12\/Elbert-Krasniqi.jpg",1024,682,false],"kreeti-medium":["https:\/\/veritasinfo.org\/wp-content\/uploads\/2025\/12\/Elbert-Krasniqi.jpg",720,480,false],"kreeti-medium-square":["https:\/\/veritasinfo.org\/wp-content\/uploads\/2025\/12\/Elbert-Krasniqi.jpg",350,233,false]},"author_info":{"info":["US5"]},"category_info":"<a href=\"https:\/\/veritasinfo.org\/?cat=52\" rel=\"category\">Komunat<\/a>","tag_info":"Komunat","comment_count":"0","_links":{"self":[{"href":"https:\/\/veritasinfo.org\/index.php?rest_route=\/wp\/v2\/posts\/24689","targetHints":{"allow":["GET"]}}],"collection":[{"href":"https:\/\/veritasinfo.org\/index.php?rest_route=\/wp\/v2\/posts"}],"about":[{"href":"https:\/\/veritasinfo.org\/index.php?rest_route=\/wp\/v2\/types\/post"}],"author":[{"embeddable":true,"href":"https:\/\/veritasinfo.org\/index.php?rest_route=\/wp\/v2\/users\/6"}],"replies":[{"embeddable":true,"href":"https:\/\/veritasinfo.org\/index.php?rest_route=%2Fwp%2Fv2%2Fcomments&post=24689"}],"version-history":[{"count":1,"href":"https:\/\/veritasinfo.org\/index.php?rest_route=\/wp\/v2\/posts\/24689\/revisions"}],"predecessor-version":[{"id":24691,"href":"https:\/\/veritasinfo.org\/index.php?rest_route=\/wp\/v2\/posts\/24689\/revisions\/24691"}],"wp:featuredmedia":[{"embeddable":true,"href":"https:\/\/veritasinfo.org\/index.php?rest_route=\/wp\/v2\/media\/24690"}],"wp:attachment":[{"href":"https:\/\/veritasinfo.org\/index.php?rest_route=%2Fwp%2Fv2%2Fmedia&parent=24689"}],"wp:term":[{"taxonomy":"category","embeddable":true,"href":"https:\/\/veritasinfo.org\/index.php?rest_route=%2Fwp%2Fv2%2Fcategories&post=24689"},{"taxonomy":"post_tag","embeddable":true,"href":"https:\/\/veritasinfo.org\/index.php?rest_route=%2Fwp%2Fv2%2Ftags&post=24689"}],"curies":[{"name":"wp","href":"https:\/\/api.w.org\/{rel}","templated":true}]}}