{"id":24678,"date":"2025-12-19T10:06:06","date_gmt":"2025-12-19T09:06:06","guid":{"rendered":"https:\/\/veritasinfo.org\/?p=24678"},"modified":"2025-12-19T10:06:06","modified_gmt":"2025-12-19T09:06:06","slug":"be-ja-do-ti-ule-rastet-e-azilit-nga-7-vendet-e-konsideruara-te-sigurta-perfshire-kosoven","status":"publish","type":"post","link":"https:\/\/veritasinfo.org\/?p=24678","title":{"rendered":"BE-ja do t\u2019i ul\u00eb rastet e azilit nga 7 vendet e konsideruara t\u00eb sigurta, p\u00ebrfshir\u00eb Kosov\u00ebn"},"content":{"rendered":"<p>Prishtin\u00eb 19 Dhjetor 2025 10:04<\/p>\n<p>Bashkimi Evropian tha t\u00eb enjten se do t\u2019i ul\u00eb n\u00eb m\u00ebnyr\u00eb drastike k\u00ebrkesat p\u00ebr azil nga shtat\u00eb vende n\u00eb Afrik\u00eb, Lindje t\u00eb Mesme dhe Azi, duke i konsideruar ato si vende t\u00eb sigurta origjine, raporton agjencia \u201cAP\u201d. <\/p>\n<p>Kjo ka shkaktuar zem\u00ebrim t\u00eb gjer\u00eb nga grupet e t\u00eb drejtave t\u00eb njeriut n\u00eb Dit\u00ebn Nd\u00ebrkomb\u00ebtare t\u00eb Migrant\u00ebve. N\u00eb mesin e vendeve t\u00eb konsideruara si t\u00eb sigurta \u00ebsht\u00eb edhe Kosova.<\/p>\n<p>Nj\u00eb marr\u00ebveshje mes Parlamentit Evropian dhe K\u00ebshillit Evropian, thekson se vendet do t\u00eb konsideroheshin t\u00eb sigurta n\u00ebse u mungojn\u00eb \u201crrethanat p\u00ebrkat\u00ebse, si dhuna, pa dallim n\u00eb kontekstin e nj\u00eb konflikti t\u00eb armatosur\u201d.<\/p>\n<p>K\u00ebshtu q\u00eb k\u00ebrkesat p\u00ebr azil nga azilk\u00ebrkuesit nga Bangladeshi, Kolumbia, Egjipti, Kosova, India, Maroku dhe Tunizia, do t\u00eb \u201cp\u00ebrshpejtohen proceduralisht\u201d.<\/p>\n<p>\u201cLista mund t\u00eb zgjerohet n\u00eb t\u00eb ardhmen, sipas procedur\u00ebs s\u00eb zakonshme legjislative t\u00eb BE-s\u00eb\u201d, \u00ebsht\u00eb paralajm\u00ebruar n\u00eb marr\u00ebveshje.<\/p>\n<p>Po ashtu n\u00eb mesin e vendeve t\u00eb vler\u00ebsuara si t\u00eb sigurta origjine jan\u00eb edhe shtetet kandidate p\u00ebr an\u00ebtar\u00ebsim t\u00eb BE-s\u00eb, me p\u00ebrjashtim n\u00ebse ka rrethana t\u00eb ndryshueshme si: situat\u00eb t\u00eb nj\u00eb konflikti t\u00eb armatosur nd\u00ebrkomb\u00ebtar apo t\u00eb brendsh\u00ebm, masa restriktive t\u00eb t\u00eb drejtave themelore dhe lirive.<br \/>\nKoncepti i vendeve t\u00eb sigurta t\u00eb origjin\u00ebs u lejon shteteve an\u00ebtare t\u00eb vendosin nj\u00eb sistem t\u00eb ve\u00e7ant\u00eb t\u00eb shqyrtimit t\u00eb k\u00ebrkesave t\u00eb azil\u00ebrkuesve. Sipas rregullores s\u00eb procedur\u00ebs s\u00eb azilit t\u00eb vitit 2024, t\u00eb miratuar si pjes\u00eb e Paktit p\u00ebr Azil dhe Migracion, shtetet an\u00ebtare duhet t\u00eb zbatojn\u00eb nj\u00eb procedur\u00eb t\u00eb p\u00ebrshpejtuar p\u00ebr aplikant\u00ebt nga nj\u00eb vend t\u00eb sigurt origjine dhe mund ta kryejn\u00eb at\u00eb n\u00eb kufi apo zonat tranzit.<\/p>\n<p>\u201c\u00c7do vit dhjet\u00ebra mij\u00ebra njer\u00ebz mb\u00ebrrijn\u00eb n\u00eb Evrop\u00eb dhe aplikojn\u00eb p\u00ebr azil edhe pse largohen nga vende t\u00eb sigurta ku n\u00eb p\u00ebrgjith\u00ebsi nuk ka rrezik p\u00ebrndjekjeje. Sot ram\u00eb dakord p\u00ebr list\u00ebn e par\u00eb t\u00eb BE-s\u00eb t\u00eb vendeve t\u00eb sigurta t\u00eb origjin\u00ebs, e cila do t\u00eb ndihmoj\u00eb n\u00eb krijimin e procedurave m\u00eb t\u00eb shpejta dhe m\u00eb efikase t\u00eb azilit dhe kthimin e atyre q\u00eb nuk kan\u00eb nevoj\u00eb p\u00ebr mbrojtje. Nj\u00eb moment i r\u00ebnd\u00ebsish\u00ebm p\u00ebr politik\u00ebn e azilit t\u00eb BE-s\u00eb\u201d, tha Rasmus Stoklung, ministri danez p\u00ebr Imigracion dhe Integrim.Rregullorja q\u00eb p\u00ebrcakton vendet e treta t\u00eb sigurta n\u00eb nivel t\u00eb BE-s\u00eb parashikon gjithashtu p\u00ebrshpejtimin e zbatimit t\u00eb disa dispozitave t\u00eb Paktit p\u00ebr Migracion dhe Azil. Prandaj, k\u00ebto rregulla specifike do t\u00eb zbatohen sapo rregullorja t\u00eb hyj\u00eb n\u00eb fuqi. Lista e BE-s\u00eb e vendeve t\u00eb sigurta t\u00eb origjin\u00ebs do t\u00eb filloj\u00eb t\u00eb zbatohet n\u00eb t\u00eb nj\u00ebjt\u00ebn koh\u00eb me rregulloren e procedur\u00ebs s\u00eb azilit, m\u00eb 12 qershor 2026.<\/p>\n<p>Olivia Sundberg Diez nga Amnesty International tha se masat e reja \u201cishin nj\u00eb p\u00ebrpjekje e paturpshme p\u00ebr t\u00eb anashkaluar detyrimet ligjore nd\u00ebrkomb\u00ebtare\u201d dhe do t\u2019i rrezikonin migrant\u00ebt.<\/p>\n","protected":false},"excerpt":{"rendered":"<p>Prishtin\u00eb 19 Dhjetor 2025 10:04 Bashkimi Evropian tha t\u00eb enjten se do t\u2019i ul\u00eb n\u00eb m\u00ebnyr\u00eb drastike k\u00ebrkesat p\u00ebr azil nga shtat\u00eb vende n\u00eb Afrik\u00eb,<\/p>\n","protected":false},"author":6,"featured_media":24679,"comment_status":"open","ping_status":"open","sticky":false,"template":"","format":"standard","meta":{"footnotes":""},"categories":[60],"tags":[],"class_list":["post-24678","post","type-post","status-publish","format-standard","has-post-thumbnail","hentry","category-shoqerore-sq"],"yoast_head":"<!-- This site is optimized with the Yoast SEO plugin v25.3.1 - https:\/\/yoast.com\/wordpress\/plugins\/seo\/ -->\n<title>BE-ja do t\u2019i ul\u00eb rastet e azilit nga 7 vendet e konsideruara t\u00eb sigurta, p\u00ebrfshir\u00eb Kosov\u00ebn -<\/title>\n<meta name=\"robots\" content=\"index, follow, max-snippet:-1, max-image-preview:large, max-video-preview:-1\" \/>\n<link rel=\"canonical\" href=\"https:\/\/veritasinfo.org\/?p=24678\" \/>\n<meta property=\"og:locale\" content=\"en_US\" \/>\n<meta property=\"og:type\" content=\"article\" \/>\n<meta property=\"og:title\" content=\"BE-ja do t\u2019i ul\u00eb rastet e azilit nga 7 vendet e konsideruara t\u00eb sigurta, p\u00ebrfshir\u00eb Kosov\u00ebn -\" \/>\n<meta property=\"og:description\" content=\"Prishtin\u00eb 19 Dhjetor 2025 10:04 Bashkimi Evropian tha t\u00eb enjten se do t\u2019i ul\u00eb n\u00eb m\u00ebnyr\u00eb drastike k\u00ebrkesat p\u00ebr azil nga shtat\u00eb vende n\u00eb Afrik\u00eb,\" \/>\n<meta property=\"og:url\" content=\"https:\/\/veritasinfo.org\/?p=24678\" \/>\n<meta property=\"article:published_time\" content=\"2025-12-19T09:06:06+00:00\" \/>\n<meta property=\"og:image\" content=\"https:\/\/veritasinfo.org\/wp-content\/uploads\/2025\/12\/azilkerkuesit-shqiptare-587x287-1.jpg\" \/>\n\t<meta property=\"og:image:width\" content=\"587\" \/>\n\t<meta property=\"og:image:height\" content=\"287\" \/>\n\t<meta property=\"og:image:type\" content=\"image\/jpeg\" \/>\n<meta name=\"author\" content=\"US5\" \/>\n<meta name=\"twitter:card\" content=\"summary_large_image\" \/>\n<meta name=\"twitter:label1\" content=\"Written by\" \/>\n\t<meta name=\"twitter:data1\" content=\"US5\" \/>\n<script type=\"application\/ld+json\" class=\"yoast-schema-graph\">{\"@context\":\"https:\/\/schema.org\",\"@graph\":[{\"@type\":\"WebPage\",\"@id\":\"https:\/\/veritasinfo.org\/?p=24678\",\"url\":\"https:\/\/veritasinfo.org\/?p=24678\",\"name\":\"BE-ja do t\u2019i ul\u00eb rastet e azilit nga 7 vendet e konsideruara t\u00eb sigurta, p\u00ebrfshir\u00eb Kosov\u00ebn -\",\"isPartOf\":{\"@id\":\"https:\/\/veritasinfo.org\/#website\"},\"primaryImageOfPage\":{\"@id\":\"https:\/\/veritasinfo.org\/?p=24678#primaryimage\"},\"image\":{\"@id\":\"https:\/\/veritasinfo.org\/?p=24678#primaryimage\"},\"thumbnailUrl\":\"https:\/\/veritasinfo.org\/wp-content\/uploads\/2025\/12\/azilkerkuesit-shqiptare-587x287-1.jpg\",\"datePublished\":\"2025-12-19T09:06:06+00:00\",\"author\":{\"@id\":\"https:\/\/veritasinfo.org\/#\/schema\/person\/bc442336e35414d04494ab8fb45db4c6\"},\"breadcrumb\":{\"@id\":\"https:\/\/veritasinfo.org\/?p=24678#breadcrumb\"},\"inLanguage\":\"en-US\",\"potentialAction\":[{\"@type\":\"ReadAction\",\"target\":[\"https:\/\/veritasinfo.org\/?p=24678\"]}]},{\"@type\":\"ImageObject\",\"inLanguage\":\"en-US\",\"@id\":\"https:\/\/veritasinfo.org\/?p=24678#primaryimage\",\"url\":\"https:\/\/veritasinfo.org\/wp-content\/uploads\/2025\/12\/azilkerkuesit-shqiptare-587x287-1.jpg\",\"contentUrl\":\"https:\/\/veritasinfo.org\/wp-content\/uploads\/2025\/12\/azilkerkuesit-shqiptare-587x287-1.jpg\",\"width\":587,\"height\":287},{\"@type\":\"BreadcrumbList\",\"@id\":\"https:\/\/veritasinfo.org\/?p=24678#breadcrumb\",\"itemListElement\":[{\"@type\":\"ListItem\",\"position\":1,\"name\":\"Home\",\"item\":\"https:\/\/veritasinfo.org\/\"},{\"@type\":\"ListItem\",\"position\":2,\"name\":\"BE-ja do t\u2019i ul\u00eb rastet e azilit nga 7 vendet e konsideruara t\u00eb sigurta, p\u00ebrfshir\u00eb Kosov\u00ebn\"}]},{\"@type\":\"WebSite\",\"@id\":\"https:\/\/veritasinfo.org\/#website\",\"url\":\"https:\/\/veritasinfo.org\/\",\"name\":\"\",\"description\":\"\",\"potentialAction\":[{\"@type\":\"SearchAction\",\"target\":{\"@type\":\"EntryPoint\",\"urlTemplate\":\"https:\/\/veritasinfo.org\/?s={search_term_string}\"},\"query-input\":{\"@type\":\"PropertyValueSpecification\",\"valueRequired\":true,\"valueName\":\"search_term_string\"}}],\"inLanguage\":\"en-US\"},{\"@type\":\"Person\",\"@id\":\"https:\/\/veritasinfo.org\/#\/schema\/person\/bc442336e35414d04494ab8fb45db4c6\",\"name\":\"US5\",\"image\":{\"@type\":\"ImageObject\",\"inLanguage\":\"en-US\",\"@id\":\"https:\/\/veritasinfo.org\/#\/schema\/person\/image\/\",\"url\":\"https:\/\/secure.gravatar.com\/avatar\/16a61e7272a0c5d001121ebb9e60e925d5816e4ac1e443ed3e640d9a6ae55d0c?s=96&d=mm&r=g\",\"contentUrl\":\"https:\/\/secure.gravatar.com\/avatar\/16a61e7272a0c5d001121ebb9e60e925d5816e4ac1e443ed3e640d9a6ae55d0c?s=96&d=mm&r=g\",\"caption\":\"US5\"},\"url\":\"https:\/\/veritasinfo.org\/?author=6\"}]}<\/script>\n<!-- \/ Yoast SEO plugin. -->","yoast_head_json":{"title":"BE-ja do t\u2019i ul\u00eb rastet e azilit nga 7 vendet e konsideruara t\u00eb sigurta, p\u00ebrfshir\u00eb Kosov\u00ebn -","robots":{"index":"index","follow":"follow","max-snippet":"max-snippet:-1","max-image-preview":"max-image-preview:large","max-video-preview":"max-video-preview:-1"},"canonical":"https:\/\/veritasinfo.org\/?p=24678","og_locale":"en_US","og_type":"article","og_title":"BE-ja do t\u2019i ul\u00eb rastet e azilit nga 7 vendet e konsideruara t\u00eb sigurta, p\u00ebrfshir\u00eb Kosov\u00ebn -","og_description":"Prishtin\u00eb 19 Dhjetor 2025 10:04 Bashkimi Evropian tha t\u00eb enjten se do t\u2019i ul\u00eb n\u00eb m\u00ebnyr\u00eb drastike k\u00ebrkesat p\u00ebr azil nga shtat\u00eb vende n\u00eb Afrik\u00eb,","og_url":"https:\/\/veritasinfo.org\/?p=24678","article_published_time":"2025-12-19T09:06:06+00:00","og_image":[{"width":587,"height":287,"url":"https:\/\/veritasinfo.org\/wp-content\/uploads\/2025\/12\/azilkerkuesit-shqiptare-587x287-1.jpg","type":"image\/jpeg"}],"author":"US5","twitter_card":"summary_large_image","twitter_misc":{"Written by":"US5"},"schema":{"@context":"https:\/\/schema.org","@graph":[{"@type":"WebPage","@id":"https:\/\/veritasinfo.org\/?p=24678","url":"https:\/\/veritasinfo.org\/?p=24678","name":"BE-ja do t\u2019i ul\u00eb rastet e azilit nga 7 vendet e konsideruara t\u00eb sigurta, p\u00ebrfshir\u00eb Kosov\u00ebn -","isPartOf":{"@id":"https:\/\/veritasinfo.org\/#website"},"primaryImageOfPage":{"@id":"https:\/\/veritasinfo.org\/?p=24678#primaryimage"},"image":{"@id":"https:\/\/veritasinfo.org\/?p=24678#primaryimage"},"thumbnailUrl":"https:\/\/veritasinfo.org\/wp-content\/uploads\/2025\/12\/azilkerkuesit-shqiptare-587x287-1.jpg","datePublished":"2025-12-19T09:06:06+00:00","author":{"@id":"https:\/\/veritasinfo.org\/#\/schema\/person\/bc442336e35414d04494ab8fb45db4c6"},"breadcrumb":{"@id":"https:\/\/veritasinfo.org\/?p=24678#breadcrumb"},"inLanguage":"en-US","potentialAction":[{"@type":"ReadAction","target":["https:\/\/veritasinfo.org\/?p=24678"]}]},{"@type":"ImageObject","inLanguage":"en-US","@id":"https:\/\/veritasinfo.org\/?p=24678#primaryimage","url":"https:\/\/veritasinfo.org\/wp-content\/uploads\/2025\/12\/azilkerkuesit-shqiptare-587x287-1.jpg","contentUrl":"https:\/\/veritasinfo.org\/wp-content\/uploads\/2025\/12\/azilkerkuesit-shqiptare-587x287-1.jpg","width":587,"height":287},{"@type":"BreadcrumbList","@id":"https:\/\/veritasinfo.org\/?p=24678#breadcrumb","itemListElement":[{"@type":"ListItem","position":1,"name":"Home","item":"https:\/\/veritasinfo.org\/"},{"@type":"ListItem","position":2,"name":"BE-ja do t\u2019i ul\u00eb rastet e azilit nga 7 vendet e konsideruara t\u00eb sigurta, p\u00ebrfshir\u00eb Kosov\u00ebn"}]},{"@type":"WebSite","@id":"https:\/\/veritasinfo.org\/#website","url":"https:\/\/veritasinfo.org\/","name":"","description":"","potentialAction":[{"@type":"SearchAction","target":{"@type":"EntryPoint","urlTemplate":"https:\/\/veritasinfo.org\/?s={search_term_string}"},"query-input":{"@type":"PropertyValueSpecification","valueRequired":true,"valueName":"search_term_string"}}],"inLanguage":"en-US"},{"@type":"Person","@id":"https:\/\/veritasinfo.org\/#\/schema\/person\/bc442336e35414d04494ab8fb45db4c6","name":"US5","image":{"@type":"ImageObject","inLanguage":"en-US","@id":"https:\/\/veritasinfo.org\/#\/schema\/person\/image\/","url":"https:\/\/secure.gravatar.com\/avatar\/16a61e7272a0c5d001121ebb9e60e925d5816e4ac1e443ed3e640d9a6ae55d0c?s=96&d=mm&r=g","contentUrl":"https:\/\/secure.gravatar.com\/avatar\/16a61e7272a0c5d001121ebb9e60e925d5816e4ac1e443ed3e640d9a6ae55d0c?s=96&d=mm&r=g","caption":"US5"},"url":"https:\/\/veritasinfo.org\/?author=6"}]}},"featured_image_urls":{"full":["https:\/\/veritasinfo.org\/wp-content\/uploads\/2025\/12\/azilkerkuesit-shqiptare-587x287-1.jpg",587,287,false],"thumbnail":["https:\/\/veritasinfo.org\/wp-content\/uploads\/2025\/12\/azilkerkuesit-shqiptare-587x287-1-150x150.jpg",150,150,true],"medium":["https:\/\/veritasinfo.org\/wp-content\/uploads\/2025\/12\/azilkerkuesit-shqiptare-587x287-1-300x147.jpg",300,147,true],"medium_large":["https:\/\/veritasinfo.org\/wp-content\/uploads\/2025\/12\/azilkerkuesit-shqiptare-587x287-1.jpg",587,287,false],"large":["https:\/\/veritasinfo.org\/wp-content\/uploads\/2025\/12\/azilkerkuesit-shqiptare-587x287-1.jpg",587,287,false],"1536x1536":["https:\/\/veritasinfo.org\/wp-content\/uploads\/2025\/12\/azilkerkuesit-shqiptare-587x287-1.jpg",587,287,false],"2048x2048":["https:\/\/veritasinfo.org\/wp-content\/uploads\/2025\/12\/azilkerkuesit-shqiptare-587x287-1.jpg",587,287,false],"kreeti-slider-full":["https:\/\/veritasinfo.org\/wp-content\/uploads\/2025\/12\/azilkerkuesit-shqiptare-587x287-1.jpg",587,287,false],"kreeti-featured":["https:\/\/veritasinfo.org\/wp-content\/uploads\/2025\/12\/azilkerkuesit-shqiptare-587x287-1.jpg",587,287,false],"kreeti-medium":["https:\/\/veritasinfo.org\/wp-content\/uploads\/2025\/12\/azilkerkuesit-shqiptare-587x287-1.jpg",587,287,false],"kreeti-medium-square":["https:\/\/veritasinfo.org\/wp-content\/uploads\/2025\/12\/azilkerkuesit-shqiptare-587x287-1.jpg",350,171,false]},"author_info":{"info":["US5"]},"category_info":"<a href=\"https:\/\/veritasinfo.org\/?cat=60\" rel=\"category\">Shoq\u00ebrore<\/a>","tag_info":"Shoq\u00ebrore","comment_count":"0","_links":{"self":[{"href":"https:\/\/veritasinfo.org\/index.php?rest_route=\/wp\/v2\/posts\/24678","targetHints":{"allow":["GET"]}}],"collection":[{"href":"https:\/\/veritasinfo.org\/index.php?rest_route=\/wp\/v2\/posts"}],"about":[{"href":"https:\/\/veritasinfo.org\/index.php?rest_route=\/wp\/v2\/types\/post"}],"author":[{"embeddable":true,"href":"https:\/\/veritasinfo.org\/index.php?rest_route=\/wp\/v2\/users\/6"}],"replies":[{"embeddable":true,"href":"https:\/\/veritasinfo.org\/index.php?rest_route=%2Fwp%2Fv2%2Fcomments&post=24678"}],"version-history":[{"count":1,"href":"https:\/\/veritasinfo.org\/index.php?rest_route=\/wp\/v2\/posts\/24678\/revisions"}],"predecessor-version":[{"id":24680,"href":"https:\/\/veritasinfo.org\/index.php?rest_route=\/wp\/v2\/posts\/24678\/revisions\/24680"}],"wp:featuredmedia":[{"embeddable":true,"href":"https:\/\/veritasinfo.org\/index.php?rest_route=\/wp\/v2\/media\/24679"}],"wp:attachment":[{"href":"https:\/\/veritasinfo.org\/index.php?rest_route=%2Fwp%2Fv2%2Fmedia&parent=24678"}],"wp:term":[{"taxonomy":"category","embeddable":true,"href":"https:\/\/veritasinfo.org\/index.php?rest_route=%2Fwp%2Fv2%2Fcategories&post=24678"},{"taxonomy":"post_tag","embeddable":true,"href":"https:\/\/veritasinfo.org\/index.php?rest_route=%2Fwp%2Fv2%2Ftags&post=24678"}],"curies":[{"name":"wp","href":"https:\/\/api.w.org\/{rel}","templated":true}]}}