{"id":24651,"date":"2025-12-19T08:10:44","date_gmt":"2025-12-19T07:10:44","guid":{"rendered":"https:\/\/veritasinfo.org\/?p=24651"},"modified":"2025-12-19T08:11:01","modified_gmt":"2025-12-19T07:11:01","slug":"deputeti-serb-boskoviq-vuciq-i-ka-kerkuar-kfor-it-te-hape-rrugen-per-grupin-e-radoiciqit-qe-shqiptaret-te-mos-i-vrasin","status":"publish","type":"post","link":"https:\/\/veritasinfo.org\/?p=24651","title":{"rendered":"Deputeti serb, Boskoviq: Vu\u00e7iq i ka k\u00ebrkuar KFOR-it t\u00eb hap\u00eb rrug\u00ebn p\u00ebr grupin e Radoi\u00e7iqit q\u00eb shqiptar\u00ebt t\u00eb mos i vrasin"},"content":{"rendered":"<p>Prodhojn\u00eb 19 Dhjetor 20205 08:09<\/p>\n<p>Deputeti serb, Petar Boskoviq ka mbajtur nj\u00eb fjalim t\u00eb ashp\u00ebr n\u00eb Kuvendin e Serbis\u00eb, duke akuzuar drejtp\u00ebrdrejt pushtetin p\u00ebr bllokimin e integrimit evropian dhe p\u00ebr munges\u00eb t\u00eb vullnetit politik e sundimit t\u00eb ligjit.<br \/>\nSipas Boskoviqit, autoritetet serbe po justifikohen me \u201ckushte teknike t\u00eb p\u00ebrmbushura\u201d p\u00ebr hapjen e kapitullit t\u00eb tret\u00eb t\u00eb negociatave me Bashkimin Evropian, nd\u00ebrsa arsyet reale p\u00ebr bllokad\u00ebn jan\u00eb krejt\u00ebsisht politike.<br \/>\n\u201cAs vet\u00eb nuk besoni n\u00eb k\u00ebto budallallaqe. E dini shum\u00eb mir\u00eb pse kapitulli nuk \u00ebsht\u00eb hapur, por nuk doni v\u00ebrtet t\u00eb shkoni drejt Evrop\u00ebs\u201d, tha ai.<br \/>\nDuke iu referuar raportit t\u00eb Komisionit Evropian, Boskoviq theksoi se dokumenti \u00ebsht\u00eb \u201ci ashp\u00ebr dhe deri tani m\u00eb i sakt\u00eb\u201d, duke n\u00ebnvizuar se problemet kryesore t\u00eb Serbis\u00eb mbeten vullneti politik dhe sundimi i ligjit.<\/p>\n<p>N\u00eb fjalimin e tij, deputeti opozitar p\u00ebrmendi edhe rastin e Banjsk\u00ebs, duke deklaruar se dy vjet pas ngjarjeve, Millan Radoi\u00e7iq vazhdon t\u00eb l\u00ebviz\u00eb lirsh\u00ebm n\u00eb Serbi.<\/p>\n<p>\u201cRadoi\u00e7iq sh\u00ebtitet si t\u00eb doj\u00eb, me vetura t\u00eb blinduara m\u00eb t\u00eb mira se princi saudit dhe me sigurim m\u00eb t\u00eb fuqish\u00ebm se vet\u00eb presidenti Vu\u00e7iq,\u201d u shpreh Boskoviq.<\/p>\n<p>Ai theksoi se \u00e7\u00ebshtja e Banjsk\u00ebs \u00ebsht\u00eb nj\u00eb nga temat kryesore q\u00eb ngrihet nga zyrtar\u00ebt evropian\u00eb n\u00eb \u00e7do vizit\u00eb n\u00eb Serbi, si dhe ndaj politikan\u00ebve serb\u00eb gjat\u00eb udh\u00ebtimeve t\u00eb tyre n\u00eb Evrop\u00eb.<br \/>\nPra, si do ta zgjidhni k\u00ebt\u00eb kur nuk ju lejohet as t\u2019i afroheni Radoi\u00e7iqit tuaj? T\u00eb gjith\u00eb jeni t\u00eb p\u00ebrfshir\u00eb \u2013 nga drejtori asokohe i BIA-s, p\u00ebrmes Mojsiloviqit dhe an\u00ebtar\u00ebve t\u00eb pensionuar t\u00eb ushtris\u00eb, deri te presidenti i shtetit q\u00eb iu ka lutur KFOR-it t\u00eb hap\u00eb rrug\u00ebn p\u00ebr ta, p\u00ebr t\u2019i nxjerr\u00eb njer\u00ebzit q\u00eb shqiptar\u00ebt mos t\u2019i vrasin\u201d, deklaroi ai.<br \/>\nBoskoviq ngriti shqet\u00ebsime edhe p\u00ebr veprimtari t\u00eb dyshimta jasht\u00eb vendit, duke p\u00ebrmendur p\u00ebrgatitjen e grupeve n\u00eb Loznic\u00eb, p\u00ebrfshirjen n\u00eb Moldavi dhe shitjen e municioneve n\u00eb koh\u00ebn e luft\u00ebs n\u00eb Ukrain\u00eb. Ai akuzoi qeverin\u00eb se politika e jashtme nuk po i sh\u00ebrben interesave t\u00eb Serbis\u00eb, por po e izolon vendin edhe m\u00eb tej nga Bashkimi Evropian.<br \/>\nFjalimi i Boskoviqit ka nxitur reagime t\u00eb shumta n\u00eb sken\u00ebn politike serbe, duke rihapur debatin p\u00ebr p\u00ebrgjegj\u00ebsin\u00eb e institucioneve dhe perspektiv\u00ebn evropiane t\u00eb Serbis\u00eb.<\/p>\n","protected":false},"excerpt":{"rendered":"<p>Prodhojn\u00eb 19 Dhjetor 20205 08:09 Deputeti serb, Petar Boskoviq ka mbajtur nj\u00eb fjalim t\u00eb ashp\u00ebr n\u00eb Kuvendin e Serbis\u00eb, duke akuzuar drejtp\u00ebrdrejt pushtetin p\u00ebr bllokimin<\/p>\n","protected":false},"author":6,"featured_media":24652,"comment_status":"open","ping_status":"open","sticky":false,"template":"","format":"standard","meta":{"footnotes":""},"categories":[58],"tags":[],"class_list":["post-24651","post","type-post","status-publish","format-standard","has-post-thumbnail","hentry","category-politike-sq"],"yoast_head":"<!-- This site is optimized with the Yoast SEO plugin v25.3.1 - https:\/\/yoast.com\/wordpress\/plugins\/seo\/ -->\n<title>Deputeti serb, Boskoviq: Vu\u00e7iq i ka k\u00ebrkuar KFOR-it t\u00eb hap\u00eb rrug\u00ebn p\u00ebr grupin e Radoi\u00e7iqit q\u00eb shqiptar\u00ebt t\u00eb mos i vrasin -<\/title>\n<meta name=\"robots\" content=\"index, follow, max-snippet:-1, max-image-preview:large, max-video-preview:-1\" \/>\n<link rel=\"canonical\" href=\"https:\/\/veritasinfo.org\/?p=24651\" \/>\n<meta property=\"og:locale\" content=\"en_US\" \/>\n<meta property=\"og:type\" content=\"article\" \/>\n<meta property=\"og:title\" content=\"Deputeti serb, Boskoviq: Vu\u00e7iq i ka k\u00ebrkuar KFOR-it t\u00eb hap\u00eb rrug\u00ebn p\u00ebr grupin e Radoi\u00e7iqit q\u00eb shqiptar\u00ebt t\u00eb mos i vrasin -\" \/>\n<meta property=\"og:description\" content=\"Prodhojn\u00eb 19 Dhjetor 20205 08:09 Deputeti serb, Petar Boskoviq ka mbajtur nj\u00eb fjalim t\u00eb ashp\u00ebr n\u00eb Kuvendin e Serbis\u00eb, duke akuzuar drejtp\u00ebrdrejt pushtetin p\u00ebr bllokimin\" \/>\n<meta property=\"og:url\" content=\"https:\/\/veritasinfo.org\/?p=24651\" \/>\n<meta property=\"article:published_time\" content=\"2025-12-19T07:10:44+00:00\" \/>\n<meta property=\"article:modified_time\" content=\"2025-12-19T07:11:01+00:00\" \/>\n<meta property=\"og:image\" content=\"https:\/\/veritasinfo.org\/wp-content\/uploads\/2025\/12\/image-71.webp\" \/>\n\t<meta property=\"og:image:width\" content=\"1245\" \/>\n\t<meta property=\"og:image:height\" content=\"700\" \/>\n\t<meta property=\"og:image:type\" content=\"image\/webp\" \/>\n<meta name=\"author\" content=\"US5\" \/>\n<meta name=\"twitter:card\" content=\"summary_large_image\" \/>\n<meta name=\"twitter:label1\" content=\"Written by\" \/>\n\t<meta name=\"twitter:data1\" content=\"US5\" \/>\n\t<meta name=\"twitter:label2\" content=\"Est. reading time\" \/>\n\t<meta name=\"twitter:data2\" content=\"2 minutes\" \/>\n<script type=\"application\/ld+json\" class=\"yoast-schema-graph\">{\"@context\":\"https:\/\/schema.org\",\"@graph\":[{\"@type\":\"WebPage\",\"@id\":\"https:\/\/veritasinfo.org\/?p=24651\",\"url\":\"https:\/\/veritasinfo.org\/?p=24651\",\"name\":\"Deputeti serb, Boskoviq: Vu\u00e7iq i ka k\u00ebrkuar KFOR-it t\u00eb hap\u00eb rrug\u00ebn p\u00ebr grupin e Radoi\u00e7iqit q\u00eb shqiptar\u00ebt t\u00eb mos i vrasin -\",\"isPartOf\":{\"@id\":\"https:\/\/veritasinfo.org\/#website\"},\"primaryImageOfPage\":{\"@id\":\"https:\/\/veritasinfo.org\/?p=24651#primaryimage\"},\"image\":{\"@id\":\"https:\/\/veritasinfo.org\/?p=24651#primaryimage\"},\"thumbnailUrl\":\"https:\/\/veritasinfo.org\/wp-content\/uploads\/2025\/12\/image-71.webp\",\"datePublished\":\"2025-12-19T07:10:44+00:00\",\"dateModified\":\"2025-12-19T07:11:01+00:00\",\"author\":{\"@id\":\"https:\/\/veritasinfo.org\/#\/schema\/person\/bc442336e35414d04494ab8fb45db4c6\"},\"breadcrumb\":{\"@id\":\"https:\/\/veritasinfo.org\/?p=24651#breadcrumb\"},\"inLanguage\":\"en-US\",\"potentialAction\":[{\"@type\":\"ReadAction\",\"target\":[\"https:\/\/veritasinfo.org\/?p=24651\"]}]},{\"@type\":\"ImageObject\",\"inLanguage\":\"en-US\",\"@id\":\"https:\/\/veritasinfo.org\/?p=24651#primaryimage\",\"url\":\"https:\/\/veritasinfo.org\/wp-content\/uploads\/2025\/12\/image-71.webp\",\"contentUrl\":\"https:\/\/veritasinfo.org\/wp-content\/uploads\/2025\/12\/image-71.webp\",\"width\":1245,\"height\":700},{\"@type\":\"BreadcrumbList\",\"@id\":\"https:\/\/veritasinfo.org\/?p=24651#breadcrumb\",\"itemListElement\":[{\"@type\":\"ListItem\",\"position\":1,\"name\":\"Home\",\"item\":\"https:\/\/veritasinfo.org\/\"},{\"@type\":\"ListItem\",\"position\":2,\"name\":\"Deputeti serb, Boskoviq: Vu\u00e7iq i ka k\u00ebrkuar KFOR-it t\u00eb hap\u00eb rrug\u00ebn p\u00ebr grupin e Radoi\u00e7iqit q\u00eb shqiptar\u00ebt t\u00eb mos i vrasin\"}]},{\"@type\":\"WebSite\",\"@id\":\"https:\/\/veritasinfo.org\/#website\",\"url\":\"https:\/\/veritasinfo.org\/\",\"name\":\"\",\"description\":\"\",\"potentialAction\":[{\"@type\":\"SearchAction\",\"target\":{\"@type\":\"EntryPoint\",\"urlTemplate\":\"https:\/\/veritasinfo.org\/?s={search_term_string}\"},\"query-input\":{\"@type\":\"PropertyValueSpecification\",\"valueRequired\":true,\"valueName\":\"search_term_string\"}}],\"inLanguage\":\"en-US\"},{\"@type\":\"Person\",\"@id\":\"https:\/\/veritasinfo.org\/#\/schema\/person\/bc442336e35414d04494ab8fb45db4c6\",\"name\":\"US5\",\"image\":{\"@type\":\"ImageObject\",\"inLanguage\":\"en-US\",\"@id\":\"https:\/\/veritasinfo.org\/#\/schema\/person\/image\/\",\"url\":\"https:\/\/secure.gravatar.com\/avatar\/16a61e7272a0c5d001121ebb9e60e925d5816e4ac1e443ed3e640d9a6ae55d0c?s=96&d=mm&r=g\",\"contentUrl\":\"https:\/\/secure.gravatar.com\/avatar\/16a61e7272a0c5d001121ebb9e60e925d5816e4ac1e443ed3e640d9a6ae55d0c?s=96&d=mm&r=g\",\"caption\":\"US5\"},\"url\":\"https:\/\/veritasinfo.org\/?author=6\"}]}<\/script>\n<!-- \/ Yoast SEO plugin. -->","yoast_head_json":{"title":"Deputeti serb, Boskoviq: Vu\u00e7iq i ka k\u00ebrkuar KFOR-it t\u00eb hap\u00eb rrug\u00ebn p\u00ebr grupin e Radoi\u00e7iqit q\u00eb shqiptar\u00ebt t\u00eb mos i vrasin -","robots":{"index":"index","follow":"follow","max-snippet":"max-snippet:-1","max-image-preview":"max-image-preview:large","max-video-preview":"max-video-preview:-1"},"canonical":"https:\/\/veritasinfo.org\/?p=24651","og_locale":"en_US","og_type":"article","og_title":"Deputeti serb, Boskoviq: Vu\u00e7iq i ka k\u00ebrkuar KFOR-it t\u00eb hap\u00eb rrug\u00ebn p\u00ebr grupin e Radoi\u00e7iqit q\u00eb shqiptar\u00ebt t\u00eb mos i vrasin -","og_description":"Prodhojn\u00eb 19 Dhjetor 20205 08:09 Deputeti serb, Petar Boskoviq ka mbajtur nj\u00eb fjalim t\u00eb ashp\u00ebr n\u00eb Kuvendin e Serbis\u00eb, duke akuzuar drejtp\u00ebrdrejt pushtetin p\u00ebr bllokimin","og_url":"https:\/\/veritasinfo.org\/?p=24651","article_published_time":"2025-12-19T07:10:44+00:00","article_modified_time":"2025-12-19T07:11:01+00:00","og_image":[{"width":1245,"height":700,"url":"https:\/\/veritasinfo.org\/wp-content\/uploads\/2025\/12\/image-71.webp","type":"image\/webp"}],"author":"US5","twitter_card":"summary_large_image","twitter_misc":{"Written by":"US5","Est. reading time":"2 minutes"},"schema":{"@context":"https:\/\/schema.org","@graph":[{"@type":"WebPage","@id":"https:\/\/veritasinfo.org\/?p=24651","url":"https:\/\/veritasinfo.org\/?p=24651","name":"Deputeti serb, Boskoviq: Vu\u00e7iq i ka k\u00ebrkuar KFOR-it t\u00eb hap\u00eb rrug\u00ebn p\u00ebr grupin e Radoi\u00e7iqit q\u00eb shqiptar\u00ebt t\u00eb mos i vrasin -","isPartOf":{"@id":"https:\/\/veritasinfo.org\/#website"},"primaryImageOfPage":{"@id":"https:\/\/veritasinfo.org\/?p=24651#primaryimage"},"image":{"@id":"https:\/\/veritasinfo.org\/?p=24651#primaryimage"},"thumbnailUrl":"https:\/\/veritasinfo.org\/wp-content\/uploads\/2025\/12\/image-71.webp","datePublished":"2025-12-19T07:10:44+00:00","dateModified":"2025-12-19T07:11:01+00:00","author":{"@id":"https:\/\/veritasinfo.org\/#\/schema\/person\/bc442336e35414d04494ab8fb45db4c6"},"breadcrumb":{"@id":"https:\/\/veritasinfo.org\/?p=24651#breadcrumb"},"inLanguage":"en-US","potentialAction":[{"@type":"ReadAction","target":["https:\/\/veritasinfo.org\/?p=24651"]}]},{"@type":"ImageObject","inLanguage":"en-US","@id":"https:\/\/veritasinfo.org\/?p=24651#primaryimage","url":"https:\/\/veritasinfo.org\/wp-content\/uploads\/2025\/12\/image-71.webp","contentUrl":"https:\/\/veritasinfo.org\/wp-content\/uploads\/2025\/12\/image-71.webp","width":1245,"height":700},{"@type":"BreadcrumbList","@id":"https:\/\/veritasinfo.org\/?p=24651#breadcrumb","itemListElement":[{"@type":"ListItem","position":1,"name":"Home","item":"https:\/\/veritasinfo.org\/"},{"@type":"ListItem","position":2,"name":"Deputeti serb, Boskoviq: Vu\u00e7iq i ka k\u00ebrkuar KFOR-it t\u00eb hap\u00eb rrug\u00ebn p\u00ebr grupin e Radoi\u00e7iqit q\u00eb shqiptar\u00ebt t\u00eb mos i vrasin"}]},{"@type":"WebSite","@id":"https:\/\/veritasinfo.org\/#website","url":"https:\/\/veritasinfo.org\/","name":"","description":"","potentialAction":[{"@type":"SearchAction","target":{"@type":"EntryPoint","urlTemplate":"https:\/\/veritasinfo.org\/?s={search_term_string}"},"query-input":{"@type":"PropertyValueSpecification","valueRequired":true,"valueName":"search_term_string"}}],"inLanguage":"en-US"},{"@type":"Person","@id":"https:\/\/veritasinfo.org\/#\/schema\/person\/bc442336e35414d04494ab8fb45db4c6","name":"US5","image":{"@type":"ImageObject","inLanguage":"en-US","@id":"https:\/\/veritasinfo.org\/#\/schema\/person\/image\/","url":"https:\/\/secure.gravatar.com\/avatar\/16a61e7272a0c5d001121ebb9e60e925d5816e4ac1e443ed3e640d9a6ae55d0c?s=96&d=mm&r=g","contentUrl":"https:\/\/secure.gravatar.com\/avatar\/16a61e7272a0c5d001121ebb9e60e925d5816e4ac1e443ed3e640d9a6ae55d0c?s=96&d=mm&r=g","caption":"US5"},"url":"https:\/\/veritasinfo.org\/?author=6"}]}},"featured_image_urls":{"full":["https:\/\/veritasinfo.org\/wp-content\/uploads\/2025\/12\/image-71.webp",1245,700,false],"thumbnail":["https:\/\/veritasinfo.org\/wp-content\/uploads\/2025\/12\/image-71-150x150.webp",150,150,true],"medium":["https:\/\/veritasinfo.org\/wp-content\/uploads\/2025\/12\/image-71-300x169.webp",300,169,true],"medium_large":["https:\/\/veritasinfo.org\/wp-content\/uploads\/2025\/12\/image-71-768x432.webp",640,360,true],"large":["https:\/\/veritasinfo.org\/wp-content\/uploads\/2025\/12\/image-71-1024x576.webp",640,360,true],"1536x1536":["https:\/\/veritasinfo.org\/wp-content\/uploads\/2025\/12\/image-71.webp",1245,700,false],"2048x2048":["https:\/\/veritasinfo.org\/wp-content\/uploads\/2025\/12\/image-71.webp",1245,700,false],"kreeti-slider-full":["https:\/\/veritasinfo.org\/wp-content\/uploads\/2025\/12\/image-71.webp",1245,700,false],"kreeti-featured":["https:\/\/veritasinfo.org\/wp-content\/uploads\/2025\/12\/image-71.webp",1024,576,false],"kreeti-medium":["https:\/\/veritasinfo.org\/wp-content\/uploads\/2025\/12\/image-71.webp",720,405,false],"kreeti-medium-square":["https:\/\/veritasinfo.org\/wp-content\/uploads\/2025\/12\/image-71.webp",350,197,false]},"author_info":{"info":["US5"]},"category_info":"<a href=\"https:\/\/veritasinfo.org\/?cat=58\" rel=\"category\">Politik\u00eb<\/a>","tag_info":"Politik\u00eb","comment_count":"0","_links":{"self":[{"href":"https:\/\/veritasinfo.org\/index.php?rest_route=\/wp\/v2\/posts\/24651","targetHints":{"allow":["GET"]}}],"collection":[{"href":"https:\/\/veritasinfo.org\/index.php?rest_route=\/wp\/v2\/posts"}],"about":[{"href":"https:\/\/veritasinfo.org\/index.php?rest_route=\/wp\/v2\/types\/post"}],"author":[{"embeddable":true,"href":"https:\/\/veritasinfo.org\/index.php?rest_route=\/wp\/v2\/users\/6"}],"replies":[{"embeddable":true,"href":"https:\/\/veritasinfo.org\/index.php?rest_route=%2Fwp%2Fv2%2Fcomments&post=24651"}],"version-history":[{"count":1,"href":"https:\/\/veritasinfo.org\/index.php?rest_route=\/wp\/v2\/posts\/24651\/revisions"}],"predecessor-version":[{"id":24653,"href":"https:\/\/veritasinfo.org\/index.php?rest_route=\/wp\/v2\/posts\/24651\/revisions\/24653"}],"wp:featuredmedia":[{"embeddable":true,"href":"https:\/\/veritasinfo.org\/index.php?rest_route=\/wp\/v2\/media\/24652"}],"wp:attachment":[{"href":"https:\/\/veritasinfo.org\/index.php?rest_route=%2Fwp%2Fv2%2Fmedia&parent=24651"}],"wp:term":[{"taxonomy":"category","embeddable":true,"href":"https:\/\/veritasinfo.org\/index.php?rest_route=%2Fwp%2Fv2%2Fcategories&post=24651"},{"taxonomy":"post_tag","embeddable":true,"href":"https:\/\/veritasinfo.org\/index.php?rest_route=%2Fwp%2Fv2%2Ftags&post=24651"}],"curies":[{"name":"wp","href":"https:\/\/api.w.org\/{rel}","templated":true}]}}