{"id":24648,"date":"2025-12-19T07:21:10","date_gmt":"2025-12-19T06:21:10","guid":{"rendered":"https:\/\/veritasinfo.org\/?p=24648"},"modified":"2025-12-19T07:21:10","modified_gmt":"2025-12-19T06:21:10","slug":"drita-porazena-od-valjekana-ali-obezbedila-plej-of-fazu","status":"publish","type":"post","link":"https:\/\/veritasinfo.org\/?p=24648&lang=sr","title":{"rendered":"Drita pora\u017eena od Valjekana, ali obezbedila \u201eplej-of\u201c fazu"},"content":{"rendered":"<div class=\"flex flex-col text-sm pb-25\">\n<article class=\"text-token-text-primary w-full focus:outline-none [--shadow-height:45px] has-data-writing-block:pointer-events-none has-data-writing-block:-mt-(--shadow-height) has-data-writing-block:pt-(--shadow-height) [&amp;:has([data-writing-block])&gt;*]:pointer-events-auto scroll-mt-[calc(var(--header-height)+min(200px,max(70px,20svh)))]\" dir=\"auto\" tabindex=\"-1\" data-turn-id=\"request-WEB:04f1f42b-7481-437b-9b4c-dbc5ee766a03-43\" data-testid=\"conversation-turn-12\" data-scroll-anchor=\"true\" data-turn=\"assistant\">\n<div class=\"text-base my-auto mx-auto pb-10 [--thread-content-margin:--spacing(4)] @w-sm\/main:[--thread-content-margin:--spacing(6)] @w-lg\/main:[--thread-content-margin:--spacing(16)] px-(--thread-content-margin)\">\n<div class=\"[--thread-content-max-width:40rem] @w-lg\/main:[--thread-content-max-width:48rem] mx-auto max-w-(--thread-content-max-width) flex-1 group\/turn-messages focus-visible:outline-hidden relative flex w-full min-w-0 flex-col agent-turn\" tabindex=\"-1\">\n<div class=\"flex max-w-full flex-col grow\">\n<div class=\"min-h-8 text-message relative flex w-full flex-col items-end gap-2 text-start break-words whitespace-normal [.text-message+&amp;]:mt-1\" dir=\"auto\" data-message-author-role=\"assistant\" data-message-id=\"5e57f1c4-0ffe-4bb2-bd31-369234fc3cbf\" data-message-model-slug=\"gpt-5-2\">\n<div class=\"flex w-full flex-col gap-1 empty:hidden first:pt-[1px]\">\n<div class=\"markdown prose dark:prose-invert w-full break-words light markdown-new-styling\">\n<p data-start=\"0\" data-end=\"93\"><strong>Pri\u0161tina, 19. decembar 2025. 07:20<\/strong><\/p>\n<p data-start=\"95\" data-end=\"231\">Ekipa Drite zavr\u0161ila je liga\u0161ku fazu Lige konferencija porazom, ali je ipak uspela da obezbedi plasman u \u201eplej-of\u201c fazu ovog takmi\u010denja.<\/p>\n<p data-start=\"233\" data-end=\"497\">U utakmici \u0161estog i poslednjeg kola liga\u0161ke faze, Drita je na gostovanju pora\u017eena od ekipe \u0161panske La Lige, Rajo Valjekana. Me\u010d odigran u Madridu zavr\u0161en je pobedom doma\u0107ina rezultatom 3:0, pri \u010demu je Valjekano bio znatno bolji rival od aktuelnog \u0161ampiona Kosova.<\/p>\n<p data-start=\"499\" data-end=\"793\">Jedan gol u prvom i dva u drugom poluvremenu doneli su \u0161panskoj ekipi sigurnu pobedu. Strelci za Valjekano bili su Florijan Le\u017eun u 34. minutu, \u017derar Gumbau u 66. i Alfonso Espino u 83. minutu. Valjekano je tako\u0111e uspe\u0161no pro\u0161ao liga\u0161ku fazu, zavr\u0161iv\u0161i na \u010detvrtom mestu sa 13 osvojenih bodova.<\/p>\n<p data-start=\"795\" data-end=\"929\">Za Dritu je ovo bio drugi uzastopni poraz rezultatom 3:0, nakon \u0161to je istim ishodom pro\u0161le sedmice u Pri\u0161tini izgubila od AZ Alkmara.<\/p>\n<p data-start=\"931\" data-end=\"1114\">U \u0161est utakmica liga\u0161ke faze, Drita je zabele\u017eila dve pobede, dva remija i dva poraza, zavr\u0161iv\u0161i na 21. poziciji sa osam osvojenih bodova, \u0161to je bilo dovoljno za plasman u \u201eplej-of\u201c.<\/p>\n<p data-start=\"1116\" data-end=\"1262\">To zna\u010di da je Drita obezbedila jo\u0161 dve utakmice u Ligi konferencija, koje \u0107e igrati u februaru naredne godine, dok \u0107e \u017ereb biti odr\u017ean u januaru.<\/p>\n<p data-start=\"1264\" data-end=\"1454\" data-is-last-node=\"\" data-is-only-node=\"\">Plasman u \u201eplej-of\u201c fazu predstavlja istorijski uspeh za kosovski fudbal, jer je Drita postala prvi klub sa Kosova koji je izborio plasman u direktnu eliminacionu fazu nekog UEFA takmi\u010denja.<\/p>\n<\/div>\n<\/div>\n<\/div>\n<\/div>\n<div class=\"z-0 flex min-h-[46px] justify-start\"><\/div>\n<div class=\"mt-3 w-full empty:hidden\">\n<div class=\"text-center\"><\/div>\n<\/div>\n<\/div>\n<\/div>\n<\/article>\n<\/div>\n<div class=\"pointer-events-none h-px w-px absolute bottom-0\" aria-hidden=\"true\" data-edge=\"true\"><\/div>\n","protected":false},"excerpt":{"rendered":"<p>Pri\u0161tina, 19. decembar 2025. 07:20 Ekipa Drite zavr\u0161ila je liga\u0161ku fazu Lige konferencija porazom, ali je ipak uspela da obezbedi plasman u \u201eplej-of\u201c fazu ovog<\/p>\n","protected":false},"author":7,"featured_media":24646,"comment_status":"open","ping_status":"open","sticky":false,"template":"","format":"standard","meta":{"footnotes":""},"categories":[36],"tags":[],"class_list":["post-24648","post","type-post","status-publish","format-standard","has-post-thumbnail","hentry","category-sport-sr"],"yoast_head":"<!-- This site is optimized with the Yoast SEO plugin v25.3.1 - https:\/\/yoast.com\/wordpress\/plugins\/seo\/ -->\n<title>Drita pora\u017eena od Valjekana, ali obezbedila \u201eplej-of\u201c fazu -<\/title>\n<meta name=\"robots\" content=\"index, follow, max-snippet:-1, max-image-preview:large, max-video-preview:-1\" \/>\n<link rel=\"canonical\" href=\"https:\/\/veritasinfo.org\/?p=24648&lang=sr\" \/>\n<meta property=\"og:locale\" content=\"en_US\" \/>\n<meta property=\"og:type\" content=\"article\" \/>\n<meta property=\"og:title\" content=\"Drita pora\u017eena od Valjekana, ali obezbedila \u201eplej-of\u201c fazu -\" \/>\n<meta property=\"og:description\" content=\"Pri\u0161tina, 19. decembar 2025. 07:20 Ekipa Drite zavr\u0161ila je liga\u0161ku fazu Lige konferencija porazom, ali je ipak uspela da obezbedi plasman u \u201eplej-of\u201c fazu ovog\" \/>\n<meta property=\"og:url\" content=\"https:\/\/veritasinfo.org\/?p=24648&amp;lang=sr\" \/>\n<meta property=\"article:published_time\" content=\"2025-12-19T06:21:10+00:00\" \/>\n<meta property=\"og:image\" content=\"https:\/\/veritasinfo.org\/wp-content\/uploads\/2025\/12\/1-20.jpg\" \/>\n\t<meta property=\"og:image:width\" content=\"810\" \/>\n\t<meta property=\"og:image:height\" content=\"539\" \/>\n\t<meta property=\"og:image:type\" content=\"image\/jpeg\" \/>\n<meta name=\"author\" content=\"US6\" \/>\n<meta name=\"twitter:card\" content=\"summary_large_image\" \/>\n<meta name=\"twitter:label1\" content=\"Written by\" \/>\n\t<meta name=\"twitter:data1\" content=\"US6\" \/>\n\t<meta name=\"twitter:label2\" content=\"Est. reading time\" \/>\n\t<meta name=\"twitter:data2\" content=\"2 minutes\" \/>\n<script type=\"application\/ld+json\" class=\"yoast-schema-graph\">{\"@context\":\"https:\/\/schema.org\",\"@graph\":[{\"@type\":\"WebPage\",\"@id\":\"https:\/\/veritasinfo.org\/?p=24648&lang=sr\",\"url\":\"https:\/\/veritasinfo.org\/?p=24648&lang=sr\",\"name\":\"Drita pora\u017eena od Valjekana, ali obezbedila \u201eplej-of\u201c fazu -\",\"isPartOf\":{\"@id\":\"https:\/\/veritasinfo.org\/#website\"},\"primaryImageOfPage\":{\"@id\":\"https:\/\/veritasinfo.org\/?p=24648&lang=sr#primaryimage\"},\"image\":{\"@id\":\"https:\/\/veritasinfo.org\/?p=24648&lang=sr#primaryimage\"},\"thumbnailUrl\":\"https:\/\/veritasinfo.org\/wp-content\/uploads\/2025\/12\/1-20.jpg\",\"datePublished\":\"2025-12-19T06:21:10+00:00\",\"author\":{\"@id\":\"https:\/\/veritasinfo.org\/#\/schema\/person\/fe199eede04c3937362892b7444747cc\"},\"breadcrumb\":{\"@id\":\"https:\/\/veritasinfo.org\/?p=24648&lang=sr#breadcrumb\"},\"inLanguage\":\"en-US\",\"potentialAction\":[{\"@type\":\"ReadAction\",\"target\":[\"https:\/\/veritasinfo.org\/?p=24648&lang=sr\"]}]},{\"@type\":\"ImageObject\",\"inLanguage\":\"en-US\",\"@id\":\"https:\/\/veritasinfo.org\/?p=24648&lang=sr#primaryimage\",\"url\":\"https:\/\/veritasinfo.org\/wp-content\/uploads\/2025\/12\/1-20.jpg\",\"contentUrl\":\"https:\/\/veritasinfo.org\/wp-content\/uploads\/2025\/12\/1-20.jpg\",\"width\":810,\"height\":539},{\"@type\":\"BreadcrumbList\",\"@id\":\"https:\/\/veritasinfo.org\/?p=24648&lang=sr#breadcrumb\",\"itemListElement\":[{\"@type\":\"ListItem\",\"position\":1,\"name\":\"Home\",\"item\":\"https:\/\/veritasinfo.org\/\"},{\"@type\":\"ListItem\",\"position\":2,\"name\":\"Drita pora\u017eena od Valjekana, ali obezbedila \u201eplej-of\u201c fazu\"}]},{\"@type\":\"WebSite\",\"@id\":\"https:\/\/veritasinfo.org\/#website\",\"url\":\"https:\/\/veritasinfo.org\/\",\"name\":\"\",\"description\":\"\",\"potentialAction\":[{\"@type\":\"SearchAction\",\"target\":{\"@type\":\"EntryPoint\",\"urlTemplate\":\"https:\/\/veritasinfo.org\/?s={search_term_string}\"},\"query-input\":{\"@type\":\"PropertyValueSpecification\",\"valueRequired\":true,\"valueName\":\"search_term_string\"}}],\"inLanguage\":\"en-US\"},{\"@type\":\"Person\",\"@id\":\"https:\/\/veritasinfo.org\/#\/schema\/person\/fe199eede04c3937362892b7444747cc\",\"name\":\"US6\",\"image\":{\"@type\":\"ImageObject\",\"inLanguage\":\"en-US\",\"@id\":\"https:\/\/veritasinfo.org\/#\/schema\/person\/image\/\",\"url\":\"https:\/\/secure.gravatar.com\/avatar\/cb16c3c31c9d23b9b8c705964598220b3014e42ff51eb540ff23cefa3ae8c15f?s=96&d=mm&r=g\",\"contentUrl\":\"https:\/\/secure.gravatar.com\/avatar\/cb16c3c31c9d23b9b8c705964598220b3014e42ff51eb540ff23cefa3ae8c15f?s=96&d=mm&r=g\",\"caption\":\"US6\"},\"url\":\"https:\/\/veritasinfo.org\/?author=7\"}]}<\/script>\n<!-- \/ Yoast SEO plugin. -->","yoast_head_json":{"title":"Drita pora\u017eena od Valjekana, ali obezbedila \u201eplej-of\u201c fazu -","robots":{"index":"index","follow":"follow","max-snippet":"max-snippet:-1","max-image-preview":"max-image-preview:large","max-video-preview":"max-video-preview:-1"},"canonical":"https:\/\/veritasinfo.org\/?p=24648&lang=sr","og_locale":"en_US","og_type":"article","og_title":"Drita pora\u017eena od Valjekana, ali obezbedila \u201eplej-of\u201c fazu -","og_description":"Pri\u0161tina, 19. decembar 2025. 07:20 Ekipa Drite zavr\u0161ila je liga\u0161ku fazu Lige konferencija porazom, ali je ipak uspela da obezbedi plasman u \u201eplej-of\u201c fazu ovog","og_url":"https:\/\/veritasinfo.org\/?p=24648&lang=sr","article_published_time":"2025-12-19T06:21:10+00:00","og_image":[{"width":810,"height":539,"url":"https:\/\/veritasinfo.org\/wp-content\/uploads\/2025\/12\/1-20.jpg","type":"image\/jpeg"}],"author":"US6","twitter_card":"summary_large_image","twitter_misc":{"Written by":"US6","Est. reading time":"2 minutes"},"schema":{"@context":"https:\/\/schema.org","@graph":[{"@type":"WebPage","@id":"https:\/\/veritasinfo.org\/?p=24648&lang=sr","url":"https:\/\/veritasinfo.org\/?p=24648&lang=sr","name":"Drita pora\u017eena od Valjekana, ali obezbedila \u201eplej-of\u201c fazu -","isPartOf":{"@id":"https:\/\/veritasinfo.org\/#website"},"primaryImageOfPage":{"@id":"https:\/\/veritasinfo.org\/?p=24648&lang=sr#primaryimage"},"image":{"@id":"https:\/\/veritasinfo.org\/?p=24648&lang=sr#primaryimage"},"thumbnailUrl":"https:\/\/veritasinfo.org\/wp-content\/uploads\/2025\/12\/1-20.jpg","datePublished":"2025-12-19T06:21:10+00:00","author":{"@id":"https:\/\/veritasinfo.org\/#\/schema\/person\/fe199eede04c3937362892b7444747cc"},"breadcrumb":{"@id":"https:\/\/veritasinfo.org\/?p=24648&lang=sr#breadcrumb"},"inLanguage":"en-US","potentialAction":[{"@type":"ReadAction","target":["https:\/\/veritasinfo.org\/?p=24648&lang=sr"]}]},{"@type":"ImageObject","inLanguage":"en-US","@id":"https:\/\/veritasinfo.org\/?p=24648&lang=sr#primaryimage","url":"https:\/\/veritasinfo.org\/wp-content\/uploads\/2025\/12\/1-20.jpg","contentUrl":"https:\/\/veritasinfo.org\/wp-content\/uploads\/2025\/12\/1-20.jpg","width":810,"height":539},{"@type":"BreadcrumbList","@id":"https:\/\/veritasinfo.org\/?p=24648&lang=sr#breadcrumb","itemListElement":[{"@type":"ListItem","position":1,"name":"Home","item":"https:\/\/veritasinfo.org\/"},{"@type":"ListItem","position":2,"name":"Drita pora\u017eena od Valjekana, ali obezbedila \u201eplej-of\u201c fazu"}]},{"@type":"WebSite","@id":"https:\/\/veritasinfo.org\/#website","url":"https:\/\/veritasinfo.org\/","name":"","description":"","potentialAction":[{"@type":"SearchAction","target":{"@type":"EntryPoint","urlTemplate":"https:\/\/veritasinfo.org\/?s={search_term_string}"},"query-input":{"@type":"PropertyValueSpecification","valueRequired":true,"valueName":"search_term_string"}}],"inLanguage":"en-US"},{"@type":"Person","@id":"https:\/\/veritasinfo.org\/#\/schema\/person\/fe199eede04c3937362892b7444747cc","name":"US6","image":{"@type":"ImageObject","inLanguage":"en-US","@id":"https:\/\/veritasinfo.org\/#\/schema\/person\/image\/","url":"https:\/\/secure.gravatar.com\/avatar\/cb16c3c31c9d23b9b8c705964598220b3014e42ff51eb540ff23cefa3ae8c15f?s=96&d=mm&r=g","contentUrl":"https:\/\/secure.gravatar.com\/avatar\/cb16c3c31c9d23b9b8c705964598220b3014e42ff51eb540ff23cefa3ae8c15f?s=96&d=mm&r=g","caption":"US6"},"url":"https:\/\/veritasinfo.org\/?author=7"}]}},"featured_image_urls":{"full":["https:\/\/veritasinfo.org\/wp-content\/uploads\/2025\/12\/1-20.jpg",810,539,false],"thumbnail":["https:\/\/veritasinfo.org\/wp-content\/uploads\/2025\/12\/1-20-150x150.jpg",150,150,true],"medium":["https:\/\/veritasinfo.org\/wp-content\/uploads\/2025\/12\/1-20-300x200.jpg",300,200,true],"medium_large":["https:\/\/veritasinfo.org\/wp-content\/uploads\/2025\/12\/1-20-768x511.jpg",640,426,true],"large":["https:\/\/veritasinfo.org\/wp-content\/uploads\/2025\/12\/1-20.jpg",640,426,false],"1536x1536":["https:\/\/veritasinfo.org\/wp-content\/uploads\/2025\/12\/1-20.jpg",810,539,false],"2048x2048":["https:\/\/veritasinfo.org\/wp-content\/uploads\/2025\/12\/1-20.jpg",810,539,false],"kreeti-slider-full":["https:\/\/veritasinfo.org\/wp-content\/uploads\/2025\/12\/1-20.jpg",810,539,false],"kreeti-featured":["https:\/\/veritasinfo.org\/wp-content\/uploads\/2025\/12\/1-20.jpg",810,539,false],"kreeti-medium":["https:\/\/veritasinfo.org\/wp-content\/uploads\/2025\/12\/1-20.jpg",720,479,false],"kreeti-medium-square":["https:\/\/veritasinfo.org\/wp-content\/uploads\/2025\/12\/1-20.jpg",350,233,false]},"author_info":{"info":["US6"]},"category_info":"<a href=\"https:\/\/veritasinfo.org\/?cat=36&#038;lang=sr\" rel=\"category\">Sport<\/a>","tag_info":"Sport","comment_count":"0","_links":{"self":[{"href":"https:\/\/veritasinfo.org\/index.php?rest_route=\/wp\/v2\/posts\/24648","targetHints":{"allow":["GET"]}}],"collection":[{"href":"https:\/\/veritasinfo.org\/index.php?rest_route=\/wp\/v2\/posts"}],"about":[{"href":"https:\/\/veritasinfo.org\/index.php?rest_route=\/wp\/v2\/types\/post"}],"author":[{"embeddable":true,"href":"https:\/\/veritasinfo.org\/index.php?rest_route=\/wp\/v2\/users\/7"}],"replies":[{"embeddable":true,"href":"https:\/\/veritasinfo.org\/index.php?rest_route=%2Fwp%2Fv2%2Fcomments&post=24648"}],"version-history":[{"count":1,"href":"https:\/\/veritasinfo.org\/index.php?rest_route=\/wp\/v2\/posts\/24648\/revisions"}],"predecessor-version":[{"id":24649,"href":"https:\/\/veritasinfo.org\/index.php?rest_route=\/wp\/v2\/posts\/24648\/revisions\/24649"}],"wp:featuredmedia":[{"embeddable":true,"href":"https:\/\/veritasinfo.org\/index.php?rest_route=\/wp\/v2\/media\/24646"}],"wp:attachment":[{"href":"https:\/\/veritasinfo.org\/index.php?rest_route=%2Fwp%2Fv2%2Fmedia&parent=24648"}],"wp:term":[{"taxonomy":"category","embeddable":true,"href":"https:\/\/veritasinfo.org\/index.php?rest_route=%2Fwp%2Fv2%2Fcategories&post=24648"},{"taxonomy":"post_tag","embeddable":true,"href":"https:\/\/veritasinfo.org\/index.php?rest_route=%2Fwp%2Fv2%2Ftags&post=24648"}],"curies":[{"name":"wp","href":"https:\/\/api.w.org\/{rel}","templated":true}]}}