{"id":24609,"date":"2025-12-18T23:10:05","date_gmt":"2025-12-18T22:10:05","guid":{"rendered":"https:\/\/veritasinfo.org\/?p=24609"},"modified":"2025-12-18T23:11:18","modified_gmt":"2025-12-18T22:11:18","slug":"shtate-te-arrestuar-nen-dyshimin-per-korrupsion-dhe-keqperdorim-te-detyres","status":"publish","type":"post","link":"https:\/\/veritasinfo.org\/?p=24609","title":{"rendered":"Shtat\u00eb t\u00eb arrestuar n\u00ebn dyshimin p\u00ebr korrupsion dhe keqp\u00ebrdorim t\u00eb detyr\u00ebs"},"content":{"rendered":"<p><strong>Prishtin\u00eb, 18 dhjetor 2025 23:11<\/strong><\/p>\n<p>Shtat\u00eb persona jan\u00eb arrestuar t\u00eb enjten n\u00ebn dyshimin p\u00ebr disa vepra penale, p\u00ebrfshir\u00eb korrupsionin dhe keqp\u00ebrdorimin e detyr\u00ebs zyrtare.<\/p>\n<p>Si\u00e7 ka njoftuar Prokuroria Speciale e Kosov\u00ebs, aksioni \u00ebsht\u00eb zhvilluar n\u00eb rajonin e Prishtin\u00ebs dhe lidhet me dyshimet p\u00ebr kryerjen e veprave penale: korrupsion, keqp\u00ebrdorim t\u00eb detyr\u00ebs zyrtare, dh\u00ebnie dhe marrje ryshfeti, ushtrim t\u00eb ndikimit mashtrim dhe arm\u00ebmbajtje pa leje.Gjat\u00eb k\u00ebtij aksioni policor jan\u00eb arrestuar : F.I., J.M., N.K., M.D., B.D., Sh.T. dhe G.L.<\/p>\n<p>Si\u00e7 ka njoftuar Prokuroria Speciale, \u201coperacioni \u00ebsht\u00eb realizuar nga Drejtoria p\u00ebr Hetimin e Krimeve Ekonomike n\u00ebn udh\u00ebheqjen e Prokurorit Special, pas nj\u00eb periudhe monitorimi dhe hetimi nd\u00ebr t\u00eb tjera me masa t\u00eb ve\u00e7anta hetimore\u201d.<\/p>\n<p>N\u00eb njoftim \u00ebsht\u00eb th\u00ebn\u00eb se t\u00eb dyshuarit jan\u00eb kapur n\u00eb flagranc\u00eb gjat\u00eb shk\u00ebmbimit t\u00eb parave.<\/p>\n<p>Gjat\u00eb kontrollit jan\u00eb sekuestruar: rreth 20 mij\u00eb (20.000) euro para t\u00eb gatshme, arm\u00eb,\u00a0 bizhuteri, dokumente t\u00eb ndryshme, pajisje elektronike. Nd\u00ebrkaq paraprakisht Policia njoftoi p\u00ebr intervistimin e disa personave pas aksionit t\u00eb zhvilluar n\u00eb bashk\u00ebpunim me Agjencin\u00eb Kosovare p\u00ebr Inteligjenc\u00eb dhe me urdh\u00ebr t\u00eb Prokuroris\u00eb Speciale.<\/p>\n<p>E ministri n\u00eb detyr\u00eb i Pun\u00ebve t\u00eb Brendshme, Xhelal Sve\u00e7la, ka th\u00ebn\u00eb se b\u00ebhet fjal\u00eb p\u00ebr arrestimin e disa zyrtar\u00ebve t\u00eb lart\u00eb publik\u00eb e persona p\u00ebrgjegj\u00ebs, n\u00ebn dyshimin p\u00ebr keqp\u00ebrdorim t\u00eb detyr\u00ebs zyrtare dhe korrupsion.<\/p>\n<p>\u201cN\u00eb k\u00ebt\u00eb rast jan\u00eb t\u00eb p\u00ebrfshir\u00eb disa zyrtar\u00eb t\u00eb lart\u00eb publik\u00eb dhe persona p\u00ebrgjegj\u00ebs, p\u00ebrfshir\u00eb: kryetarin e deg\u00ebs s\u00eb Gjykat\u00ebs s\u00eb Gra\u00e7anic\u00ebs, J. M.; zyrtar\u00eb nga avokatura N. K., M. D. dhe B. D.; ekspertin e gjykat\u00ebs Sh. T.; zyrtarin n\u00eb Departamentin e Shpron\u00ebsimeve; zyrtari i ATK G.L si dhe ish-ministrin e Tregtis\u00eb dhe Industris\u00eb, F. I. Sipas dyshimeve, personat e lartp\u00ebrmendur kan\u00eb vepruar si grup i organizuar kriminal, duke keqp\u00ebrdorur pozitat e tyre zyrtare dhe duke shkaktuar d\u00ebme t\u00eb konsiderueshme n\u00eb buxhetin e Republik\u00ebs s\u00eb Kosov\u00ebs\u201d, ka shkruar Sve\u00e7la n\u00eb Facebook.<\/p>\n","protected":false},"excerpt":{"rendered":"<p>Prishtin\u00eb, 18 dhjetor 2025 23:11 Shtat\u00eb persona jan\u00eb arrestuar t\u00eb enjten n\u00ebn dyshimin p\u00ebr disa vepra penale, p\u00ebrfshir\u00eb korrupsionin dhe keqp\u00ebrdorimin e detyr\u00ebs zyrtare. Si\u00e7<\/p>\n","protected":false},"author":2,"featured_media":24610,"comment_status":"open","ping_status":"open","sticky":false,"template":"","format":"standard","meta":{"footnotes":""},"categories":[60],"tags":[],"class_list":["post-24609","post","type-post","status-publish","format-standard","has-post-thumbnail","hentry","category-shoqerore-sq"],"yoast_head":"<!-- This site is optimized with the Yoast SEO plugin v25.3.1 - https:\/\/yoast.com\/wordpress\/plugins\/seo\/ -->\n<title>Shtat\u00eb t\u00eb arrestuar n\u00ebn dyshimin p\u00ebr korrupsion dhe keqp\u00ebrdorim t\u00eb detyr\u00ebs -<\/title>\n<meta name=\"robots\" content=\"index, follow, max-snippet:-1, max-image-preview:large, max-video-preview:-1\" \/>\n<link rel=\"canonical\" href=\"https:\/\/veritasinfo.org\/?p=24609\" \/>\n<meta property=\"og:locale\" content=\"en_US\" \/>\n<meta property=\"og:type\" content=\"article\" \/>\n<meta property=\"og:title\" content=\"Shtat\u00eb t\u00eb arrestuar n\u00ebn dyshimin p\u00ebr korrupsion dhe keqp\u00ebrdorim t\u00eb detyr\u00ebs -\" \/>\n<meta property=\"og:description\" content=\"Prishtin\u00eb, 18 dhjetor 2025 23:11 Shtat\u00eb persona jan\u00eb arrestuar t\u00eb enjten n\u00ebn dyshimin p\u00ebr disa vepra penale, p\u00ebrfshir\u00eb korrupsionin dhe keqp\u00ebrdorimin e detyr\u00ebs zyrtare. Si\u00e7\" \/>\n<meta property=\"og:url\" content=\"https:\/\/veritasinfo.org\/?p=24609\" \/>\n<meta property=\"article:published_time\" content=\"2025-12-18T22:10:05+00:00\" \/>\n<meta property=\"article:modified_time\" content=\"2025-12-18T22:11:18+00:00\" \/>\n<meta property=\"og:image\" content=\"https:\/\/veritasinfo.org\/wp-content\/uploads\/2025\/12\/Prokuroria-Speciale-Llogo.png\" \/>\n\t<meta property=\"og:image:width\" content=\"1260\" \/>\n\t<meta property=\"og:image:height\" content=\"740\" \/>\n\t<meta property=\"og:image:type\" content=\"image\/png\" \/>\n<meta name=\"author\" content=\"US1\" \/>\n<meta name=\"twitter:card\" content=\"summary_large_image\" \/>\n<meta name=\"twitter:label1\" content=\"Written by\" \/>\n\t<meta name=\"twitter:data1\" content=\"US1\" \/>\n\t<meta name=\"twitter:label2\" content=\"Est. reading time\" \/>\n\t<meta name=\"twitter:data2\" content=\"2 minutes\" \/>\n<script type=\"application\/ld+json\" class=\"yoast-schema-graph\">{\"@context\":\"https:\/\/schema.org\",\"@graph\":[{\"@type\":\"WebPage\",\"@id\":\"https:\/\/veritasinfo.org\/?p=24609\",\"url\":\"https:\/\/veritasinfo.org\/?p=24609\",\"name\":\"Shtat\u00eb t\u00eb arrestuar n\u00ebn dyshimin p\u00ebr korrupsion dhe keqp\u00ebrdorim t\u00eb detyr\u00ebs -\",\"isPartOf\":{\"@id\":\"https:\/\/veritasinfo.org\/#website\"},\"primaryImageOfPage\":{\"@id\":\"https:\/\/veritasinfo.org\/?p=24609#primaryimage\"},\"image\":{\"@id\":\"https:\/\/veritasinfo.org\/?p=24609#primaryimage\"},\"thumbnailUrl\":\"https:\/\/veritasinfo.org\/wp-content\/uploads\/2025\/12\/Prokuroria-Speciale-Llogo.png\",\"datePublished\":\"2025-12-18T22:10:05+00:00\",\"dateModified\":\"2025-12-18T22:11:18+00:00\",\"author\":{\"@id\":\"https:\/\/veritasinfo.org\/#\/schema\/person\/c2b8be262ea994d0995addca692c5e98\"},\"breadcrumb\":{\"@id\":\"https:\/\/veritasinfo.org\/?p=24609#breadcrumb\"},\"inLanguage\":\"en-US\",\"potentialAction\":[{\"@type\":\"ReadAction\",\"target\":[\"https:\/\/veritasinfo.org\/?p=24609\"]}]},{\"@type\":\"ImageObject\",\"inLanguage\":\"en-US\",\"@id\":\"https:\/\/veritasinfo.org\/?p=24609#primaryimage\",\"url\":\"https:\/\/veritasinfo.org\/wp-content\/uploads\/2025\/12\/Prokuroria-Speciale-Llogo.png\",\"contentUrl\":\"https:\/\/veritasinfo.org\/wp-content\/uploads\/2025\/12\/Prokuroria-Speciale-Llogo.png\",\"width\":1260,\"height\":740},{\"@type\":\"BreadcrumbList\",\"@id\":\"https:\/\/veritasinfo.org\/?p=24609#breadcrumb\",\"itemListElement\":[{\"@type\":\"ListItem\",\"position\":1,\"name\":\"Home\",\"item\":\"https:\/\/veritasinfo.org\/\"},{\"@type\":\"ListItem\",\"position\":2,\"name\":\"Shtat\u00eb t\u00eb arrestuar n\u00ebn dyshimin p\u00ebr korrupsion dhe keqp\u00ebrdorim t\u00eb detyr\u00ebs\"}]},{\"@type\":\"WebSite\",\"@id\":\"https:\/\/veritasinfo.org\/#website\",\"url\":\"https:\/\/veritasinfo.org\/\",\"name\":\"\",\"description\":\"\",\"potentialAction\":[{\"@type\":\"SearchAction\",\"target\":{\"@type\":\"EntryPoint\",\"urlTemplate\":\"https:\/\/veritasinfo.org\/?s={search_term_string}\"},\"query-input\":{\"@type\":\"PropertyValueSpecification\",\"valueRequired\":true,\"valueName\":\"search_term_string\"}}],\"inLanguage\":\"en-US\"},{\"@type\":\"Person\",\"@id\":\"https:\/\/veritasinfo.org\/#\/schema\/person\/c2b8be262ea994d0995addca692c5e98\",\"name\":\"US1\",\"image\":{\"@type\":\"ImageObject\",\"inLanguage\":\"en-US\",\"@id\":\"https:\/\/veritasinfo.org\/#\/schema\/person\/image\/\",\"url\":\"https:\/\/secure.gravatar.com\/avatar\/4e96a59bd256abf9956eb9963ac891a47461ffb364d47b0e9aab113328fdb75b?s=96&d=mm&r=g\",\"contentUrl\":\"https:\/\/secure.gravatar.com\/avatar\/4e96a59bd256abf9956eb9963ac891a47461ffb364d47b0e9aab113328fdb75b?s=96&d=mm&r=g\",\"caption\":\"US1\"},\"url\":\"https:\/\/veritasinfo.org\/?author=2\"}]}<\/script>\n<!-- \/ Yoast SEO plugin. -->","yoast_head_json":{"title":"Shtat\u00eb t\u00eb arrestuar n\u00ebn dyshimin p\u00ebr korrupsion dhe keqp\u00ebrdorim t\u00eb detyr\u00ebs -","robots":{"index":"index","follow":"follow","max-snippet":"max-snippet:-1","max-image-preview":"max-image-preview:large","max-video-preview":"max-video-preview:-1"},"canonical":"https:\/\/veritasinfo.org\/?p=24609","og_locale":"en_US","og_type":"article","og_title":"Shtat\u00eb t\u00eb arrestuar n\u00ebn dyshimin p\u00ebr korrupsion dhe keqp\u00ebrdorim t\u00eb detyr\u00ebs -","og_description":"Prishtin\u00eb, 18 dhjetor 2025 23:11 Shtat\u00eb persona jan\u00eb arrestuar t\u00eb enjten n\u00ebn dyshimin p\u00ebr disa vepra penale, p\u00ebrfshir\u00eb korrupsionin dhe keqp\u00ebrdorimin e detyr\u00ebs zyrtare. Si\u00e7","og_url":"https:\/\/veritasinfo.org\/?p=24609","article_published_time":"2025-12-18T22:10:05+00:00","article_modified_time":"2025-12-18T22:11:18+00:00","og_image":[{"width":1260,"height":740,"url":"https:\/\/veritasinfo.org\/wp-content\/uploads\/2025\/12\/Prokuroria-Speciale-Llogo.png","type":"image\/png"}],"author":"US1","twitter_card":"summary_large_image","twitter_misc":{"Written by":"US1","Est. reading time":"2 minutes"},"schema":{"@context":"https:\/\/schema.org","@graph":[{"@type":"WebPage","@id":"https:\/\/veritasinfo.org\/?p=24609","url":"https:\/\/veritasinfo.org\/?p=24609","name":"Shtat\u00eb t\u00eb arrestuar n\u00ebn dyshimin p\u00ebr korrupsion dhe keqp\u00ebrdorim t\u00eb detyr\u00ebs -","isPartOf":{"@id":"https:\/\/veritasinfo.org\/#website"},"primaryImageOfPage":{"@id":"https:\/\/veritasinfo.org\/?p=24609#primaryimage"},"image":{"@id":"https:\/\/veritasinfo.org\/?p=24609#primaryimage"},"thumbnailUrl":"https:\/\/veritasinfo.org\/wp-content\/uploads\/2025\/12\/Prokuroria-Speciale-Llogo.png","datePublished":"2025-12-18T22:10:05+00:00","dateModified":"2025-12-18T22:11:18+00:00","author":{"@id":"https:\/\/veritasinfo.org\/#\/schema\/person\/c2b8be262ea994d0995addca692c5e98"},"breadcrumb":{"@id":"https:\/\/veritasinfo.org\/?p=24609#breadcrumb"},"inLanguage":"en-US","potentialAction":[{"@type":"ReadAction","target":["https:\/\/veritasinfo.org\/?p=24609"]}]},{"@type":"ImageObject","inLanguage":"en-US","@id":"https:\/\/veritasinfo.org\/?p=24609#primaryimage","url":"https:\/\/veritasinfo.org\/wp-content\/uploads\/2025\/12\/Prokuroria-Speciale-Llogo.png","contentUrl":"https:\/\/veritasinfo.org\/wp-content\/uploads\/2025\/12\/Prokuroria-Speciale-Llogo.png","width":1260,"height":740},{"@type":"BreadcrumbList","@id":"https:\/\/veritasinfo.org\/?p=24609#breadcrumb","itemListElement":[{"@type":"ListItem","position":1,"name":"Home","item":"https:\/\/veritasinfo.org\/"},{"@type":"ListItem","position":2,"name":"Shtat\u00eb t\u00eb arrestuar n\u00ebn dyshimin p\u00ebr korrupsion dhe keqp\u00ebrdorim t\u00eb detyr\u00ebs"}]},{"@type":"WebSite","@id":"https:\/\/veritasinfo.org\/#website","url":"https:\/\/veritasinfo.org\/","name":"","description":"","potentialAction":[{"@type":"SearchAction","target":{"@type":"EntryPoint","urlTemplate":"https:\/\/veritasinfo.org\/?s={search_term_string}"},"query-input":{"@type":"PropertyValueSpecification","valueRequired":true,"valueName":"search_term_string"}}],"inLanguage":"en-US"},{"@type":"Person","@id":"https:\/\/veritasinfo.org\/#\/schema\/person\/c2b8be262ea994d0995addca692c5e98","name":"US1","image":{"@type":"ImageObject","inLanguage":"en-US","@id":"https:\/\/veritasinfo.org\/#\/schema\/person\/image\/","url":"https:\/\/secure.gravatar.com\/avatar\/4e96a59bd256abf9956eb9963ac891a47461ffb364d47b0e9aab113328fdb75b?s=96&d=mm&r=g","contentUrl":"https:\/\/secure.gravatar.com\/avatar\/4e96a59bd256abf9956eb9963ac891a47461ffb364d47b0e9aab113328fdb75b?s=96&d=mm&r=g","caption":"US1"},"url":"https:\/\/veritasinfo.org\/?author=2"}]}},"featured_image_urls":{"full":["https:\/\/veritasinfo.org\/wp-content\/uploads\/2025\/12\/Prokuroria-Speciale-Llogo.png",1260,740,false],"thumbnail":["https:\/\/veritasinfo.org\/wp-content\/uploads\/2025\/12\/Prokuroria-Speciale-Llogo-150x150.png",150,150,true],"medium":["https:\/\/veritasinfo.org\/wp-content\/uploads\/2025\/12\/Prokuroria-Speciale-Llogo-300x176.png",300,176,true],"medium_large":["https:\/\/veritasinfo.org\/wp-content\/uploads\/2025\/12\/Prokuroria-Speciale-Llogo-768x451.png",640,376,true],"large":["https:\/\/veritasinfo.org\/wp-content\/uploads\/2025\/12\/Prokuroria-Speciale-Llogo-1024x601.png",640,376,true],"1536x1536":["https:\/\/veritasinfo.org\/wp-content\/uploads\/2025\/12\/Prokuroria-Speciale-Llogo.png",1260,740,false],"2048x2048":["https:\/\/veritasinfo.org\/wp-content\/uploads\/2025\/12\/Prokuroria-Speciale-Llogo.png",1260,740,false],"kreeti-slider-full":["https:\/\/veritasinfo.org\/wp-content\/uploads\/2025\/12\/Prokuroria-Speciale-Llogo.png",1226,720,false],"kreeti-featured":["https:\/\/veritasinfo.org\/wp-content\/uploads\/2025\/12\/Prokuroria-Speciale-Llogo.png",1024,601,false],"kreeti-medium":["https:\/\/veritasinfo.org\/wp-content\/uploads\/2025\/12\/Prokuroria-Speciale-Llogo.png",720,423,false],"kreeti-medium-square":["https:\/\/veritasinfo.org\/wp-content\/uploads\/2025\/12\/Prokuroria-Speciale-Llogo.png",350,206,false]},"author_info":{"info":["US1"]},"category_info":"<a href=\"https:\/\/veritasinfo.org\/?cat=60\" rel=\"category\">Shoq\u00ebrore<\/a>","tag_info":"Shoq\u00ebrore","comment_count":"0","_links":{"self":[{"href":"https:\/\/veritasinfo.org\/index.php?rest_route=\/wp\/v2\/posts\/24609","targetHints":{"allow":["GET"]}}],"collection":[{"href":"https:\/\/veritasinfo.org\/index.php?rest_route=\/wp\/v2\/posts"}],"about":[{"href":"https:\/\/veritasinfo.org\/index.php?rest_route=\/wp\/v2\/types\/post"}],"author":[{"embeddable":true,"href":"https:\/\/veritasinfo.org\/index.php?rest_route=\/wp\/v2\/users\/2"}],"replies":[{"embeddable":true,"href":"https:\/\/veritasinfo.org\/index.php?rest_route=%2Fwp%2Fv2%2Fcomments&post=24609"}],"version-history":[{"count":3,"href":"https:\/\/veritasinfo.org\/index.php?rest_route=\/wp\/v2\/posts\/24609\/revisions"}],"predecessor-version":[{"id":24613,"href":"https:\/\/veritasinfo.org\/index.php?rest_route=\/wp\/v2\/posts\/24609\/revisions\/24613"}],"wp:featuredmedia":[{"embeddable":true,"href":"https:\/\/veritasinfo.org\/index.php?rest_route=\/wp\/v2\/media\/24610"}],"wp:attachment":[{"href":"https:\/\/veritasinfo.org\/index.php?rest_route=%2Fwp%2Fv2%2Fmedia&parent=24609"}],"wp:term":[{"taxonomy":"category","embeddable":true,"href":"https:\/\/veritasinfo.org\/index.php?rest_route=%2Fwp%2Fv2%2Fcategories&post=24609"},{"taxonomy":"post_tag","embeddable":true,"href":"https:\/\/veritasinfo.org\/index.php?rest_route=%2Fwp%2Fv2%2Ftags&post=24609"}],"curies":[{"name":"wp","href":"https:\/\/api.w.org\/{rel}","templated":true}]}}