{"id":24601,"date":"2025-12-18T21:13:55","date_gmt":"2025-12-18T20:13:55","guid":{"rendered":"https:\/\/veritasinfo.org\/?p=24601"},"modified":"2025-12-18T21:16:09","modified_gmt":"2025-12-18T20:16:09","slug":"ibrahimi-shpresojme-qe-komunat-veriore-do-tu-kthehen-asociacionit-te-komunave-te-kosoves","status":"publish","type":"post","link":"https:\/\/veritasinfo.org\/?p=24601","title":{"rendered":"Ibrahimi: Shpresojm\u00eb q\u00eb komunat veriore do t\u2019u kthehen Asociacionit t\u00eb Komunave t\u00eb Kosov\u00ebs"},"content":{"rendered":"<p><strong>Prishtin\u00eb, 18 dhjetor 2025 21:13<\/strong><\/p>\n<p>Nuk i kan\u00eb mbushur ende nj\u00eb muaj prej kur mor\u00ebn detyr\u00ebn.<\/p>\n<p>Prij\u00ebsit e ri t\u00eb kat\u00ebr komunave veriore, u vun\u00eb n\u00eb l\u00ebvizje.<\/p>\n<p>Nd\u00ebr pun\u00ebt e para t\u00eb Kuvendeve Komunale t\u00eb Zubin Potokut, Mitrovic\u00ebs s\u00eb Veriut, Zve\u00e7anit e Leposaviqit, \u00ebsht\u00eb t\u00ebrheqja nga Asociacioni i Komunave t\u00eb Kosov\u00ebs.<\/p>\n<p>Ky vendim ishte i pritsh\u00ebm p\u00ebr kryetarin e AKK-s\u00eb.<\/p>\n<p>Mir\u00ebpo, p\u00ebr ta \u00ebsht\u00eb e paarsyeshme p\u00ebr shkak se Asociacioni i Komunave t\u00eb Kosov\u00ebs punon n\u00eb interes t\u00eb t\u00eb gjitha komunave, pa marr\u00eb parasysh p\u00ebrkat\u00ebsin\u00eb etnike dhe partike.<\/p>\n<p>\u201cNe si Asociacion mision e kemi pun\u00ebn p\u00ebr komunat e Republik\u00ebs s\u00eb Kosov\u00ebs pa marr\u00eb parasysh p\u00ebrkat\u00ebsin\u00eb politike apo etnike n\u00ebp\u00ebr ato komuna. Sepse n\u00eb fund t\u00eb fundit, gjat\u00eb lobimit ton\u00eb ne mundohemi t\u2019i ndryshojm\u00eb ligjet t\u00eb cilat prekin interesat e komunave si t\u00eb tilla, e jo duke u bazuar n\u00eb p\u00ebrkat\u00ebsi politike apo etnike\u201d, ka th\u00ebn\u00eb Sazan Ibrahimi, kryetar i AKK-s\u00eb.<\/p>\n<p>Ibrahimi shpreson se k\u00ebto komuna do t\u00eb reflektojn\u00eb dhe do t\u2019i kthehen Asociacionit.<\/p>\n<p>\u201cNe jemi mekaniz\u00ebm vullnetar dhe dera jon\u00eb gjithmon\u00eb ka qen\u00eb e hapur p\u00ebr gjitha komunat e Republik\u00ebs s\u00eb Kosov\u00ebs, dhe mbesim me shpres\u00eb se duke par\u00eb natyr\u00ebn e pun\u00ebs dhe aktiviteteve tona, q\u00eb nj\u00eb vendim i till\u00eb i marr\u00eb sot nga k\u00ebto kat\u00ebr komuna t\u00eb Republik\u00ebs s\u00eb Kosov\u00ebs, do t\u00eb rishqyrtohen n\u00eb m\u00ebnyr\u00eb q\u00eb edhe ata t\u00eb na bashkohen duke marr\u00eb njohuri, duke shk\u00ebmbyer p\u00ebrvoja\u201d, shprehet ai.<\/p>\n<p>An\u00ebtar\u00ebsimin e komunave veriore n\u00eb AKK rreth dy vite m\u00eb par\u00eb e kishin b\u00ebr\u00eb kuvendet komunale n\u00ebn qeverisjen e kryetar\u00ebve shqiptar\u00eb.<\/p>\n<p>Ish kryetari i Zubin Potokut, Izmir Zeqiri, t\u00ebrheqjen e tyre e sheh si nisje jo t\u00eb mir\u00eb t\u00eb qeverisjes s\u00eb re.<\/p>\n<p>Vendimi p\u00ebr t\u00ebrheqje nga Asociacioni, proceduralisht vihen n\u00eb shqyrtim nga Ministria e Administrimin t\u00eb Pushtetit Lokal.<\/p>\n<p>&nbsp;<\/p>\n","protected":false},"excerpt":{"rendered":"<p>Prishtin\u00eb, 18 dhjetor 2025 21:13 Nuk i kan\u00eb mbushur ende nj\u00eb muaj prej kur mor\u00ebn detyr\u00ebn. Prij\u00ebsit e ri t\u00eb kat\u00ebr komunave veriore, u vun\u00eb<\/p>\n","protected":false},"author":7,"featured_media":24602,"comment_status":"open","ping_status":"open","sticky":false,"template":"","format":"standard","meta":{"footnotes":""},"categories":[60],"tags":[],"class_list":["post-24601","post","type-post","status-publish","format-standard","has-post-thumbnail","hentry","category-shoqerore-sq"],"yoast_head":"<!-- This site is optimized with the Yoast SEO plugin v25.3.1 - https:\/\/yoast.com\/wordpress\/plugins\/seo\/ -->\n<title>Ibrahimi: Shpresojm\u00eb q\u00eb komunat veriore do t\u2019u kthehen Asociacionit t\u00eb Komunave t\u00eb Kosov\u00ebs -<\/title>\n<meta name=\"robots\" content=\"index, follow, max-snippet:-1, max-image-preview:large, max-video-preview:-1\" \/>\n<link rel=\"canonical\" href=\"https:\/\/veritasinfo.org\/?p=24601\" \/>\n<meta property=\"og:locale\" content=\"en_US\" \/>\n<meta property=\"og:type\" content=\"article\" \/>\n<meta property=\"og:title\" content=\"Ibrahimi: Shpresojm\u00eb q\u00eb komunat veriore do t\u2019u kthehen Asociacionit t\u00eb Komunave t\u00eb Kosov\u00ebs -\" \/>\n<meta property=\"og:description\" content=\"Prishtin\u00eb, 18 dhjetor 2025 21:13 Nuk i kan\u00eb mbushur ende nj\u00eb muaj prej kur mor\u00ebn detyr\u00ebn. Prij\u00ebsit e ri t\u00eb kat\u00ebr komunave veriore, u vun\u00eb\" \/>\n<meta property=\"og:url\" content=\"https:\/\/veritasinfo.org\/?p=24601\" \/>\n<meta property=\"article:published_time\" content=\"2025-12-18T20:13:55+00:00\" \/>\n<meta property=\"article:modified_time\" content=\"2025-12-18T20:16:09+00:00\" \/>\n<meta property=\"og:image\" content=\"https:\/\/veritasinfo.org\/wp-content\/uploads\/2025\/12\/1000076704-1.jpg\" \/>\n\t<meta property=\"og:image:width\" content=\"850\" \/>\n\t<meta property=\"og:image:height\" content=\"520\" \/>\n\t<meta property=\"og:image:type\" content=\"image\/jpeg\" \/>\n<meta name=\"author\" content=\"US6\" \/>\n<meta name=\"twitter:card\" content=\"summary_large_image\" \/>\n<meta name=\"twitter:label1\" content=\"Written by\" \/>\n\t<meta name=\"twitter:data1\" content=\"US6\" \/>\n\t<meta name=\"twitter:label2\" content=\"Est. reading time\" \/>\n\t<meta name=\"twitter:data2\" content=\"2 minutes\" \/>\n<script type=\"application\/ld+json\" class=\"yoast-schema-graph\">{\"@context\":\"https:\/\/schema.org\",\"@graph\":[{\"@type\":\"WebPage\",\"@id\":\"https:\/\/veritasinfo.org\/?p=24601\",\"url\":\"https:\/\/veritasinfo.org\/?p=24601\",\"name\":\"Ibrahimi: Shpresojm\u00eb q\u00eb komunat veriore do t\u2019u kthehen Asociacionit t\u00eb Komunave t\u00eb Kosov\u00ebs -\",\"isPartOf\":{\"@id\":\"https:\/\/veritasinfo.org\/#website\"},\"primaryImageOfPage\":{\"@id\":\"https:\/\/veritasinfo.org\/?p=24601#primaryimage\"},\"image\":{\"@id\":\"https:\/\/veritasinfo.org\/?p=24601#primaryimage\"},\"thumbnailUrl\":\"https:\/\/veritasinfo.org\/wp-content\/uploads\/2025\/12\/1000076704-1.jpg\",\"datePublished\":\"2025-12-18T20:13:55+00:00\",\"dateModified\":\"2025-12-18T20:16:09+00:00\",\"author\":{\"@id\":\"https:\/\/veritasinfo.org\/#\/schema\/person\/fe199eede04c3937362892b7444747cc\"},\"breadcrumb\":{\"@id\":\"https:\/\/veritasinfo.org\/?p=24601#breadcrumb\"},\"inLanguage\":\"en-US\",\"potentialAction\":[{\"@type\":\"ReadAction\",\"target\":[\"https:\/\/veritasinfo.org\/?p=24601\"]}]},{\"@type\":\"ImageObject\",\"inLanguage\":\"en-US\",\"@id\":\"https:\/\/veritasinfo.org\/?p=24601#primaryimage\",\"url\":\"https:\/\/veritasinfo.org\/wp-content\/uploads\/2025\/12\/1000076704-1.jpg\",\"contentUrl\":\"https:\/\/veritasinfo.org\/wp-content\/uploads\/2025\/12\/1000076704-1.jpg\",\"width\":850,\"height\":520},{\"@type\":\"BreadcrumbList\",\"@id\":\"https:\/\/veritasinfo.org\/?p=24601#breadcrumb\",\"itemListElement\":[{\"@type\":\"ListItem\",\"position\":1,\"name\":\"Home\",\"item\":\"https:\/\/veritasinfo.org\/\"},{\"@type\":\"ListItem\",\"position\":2,\"name\":\"Ibrahimi: Shpresojm\u00eb q\u00eb komunat veriore do t\u2019u kthehen Asociacionit t\u00eb Komunave t\u00eb Kosov\u00ebs\"}]},{\"@type\":\"WebSite\",\"@id\":\"https:\/\/veritasinfo.org\/#website\",\"url\":\"https:\/\/veritasinfo.org\/\",\"name\":\"\",\"description\":\"\",\"potentialAction\":[{\"@type\":\"SearchAction\",\"target\":{\"@type\":\"EntryPoint\",\"urlTemplate\":\"https:\/\/veritasinfo.org\/?s={search_term_string}\"},\"query-input\":{\"@type\":\"PropertyValueSpecification\",\"valueRequired\":true,\"valueName\":\"search_term_string\"}}],\"inLanguage\":\"en-US\"},{\"@type\":\"Person\",\"@id\":\"https:\/\/veritasinfo.org\/#\/schema\/person\/fe199eede04c3937362892b7444747cc\",\"name\":\"US6\",\"image\":{\"@type\":\"ImageObject\",\"inLanguage\":\"en-US\",\"@id\":\"https:\/\/veritasinfo.org\/#\/schema\/person\/image\/\",\"url\":\"https:\/\/secure.gravatar.com\/avatar\/cb16c3c31c9d23b9b8c705964598220b3014e42ff51eb540ff23cefa3ae8c15f?s=96&d=mm&r=g\",\"contentUrl\":\"https:\/\/secure.gravatar.com\/avatar\/cb16c3c31c9d23b9b8c705964598220b3014e42ff51eb540ff23cefa3ae8c15f?s=96&d=mm&r=g\",\"caption\":\"US6\"},\"url\":\"https:\/\/veritasinfo.org\/?author=7\"}]}<\/script>\n<!-- \/ Yoast SEO plugin. -->","yoast_head_json":{"title":"Ibrahimi: Shpresojm\u00eb q\u00eb komunat veriore do t\u2019u kthehen Asociacionit t\u00eb Komunave t\u00eb Kosov\u00ebs -","robots":{"index":"index","follow":"follow","max-snippet":"max-snippet:-1","max-image-preview":"max-image-preview:large","max-video-preview":"max-video-preview:-1"},"canonical":"https:\/\/veritasinfo.org\/?p=24601","og_locale":"en_US","og_type":"article","og_title":"Ibrahimi: Shpresojm\u00eb q\u00eb komunat veriore do t\u2019u kthehen Asociacionit t\u00eb Komunave t\u00eb Kosov\u00ebs -","og_description":"Prishtin\u00eb, 18 dhjetor 2025 21:13 Nuk i kan\u00eb mbushur ende nj\u00eb muaj prej kur mor\u00ebn detyr\u00ebn. Prij\u00ebsit e ri t\u00eb kat\u00ebr komunave veriore, u vun\u00eb","og_url":"https:\/\/veritasinfo.org\/?p=24601","article_published_time":"2025-12-18T20:13:55+00:00","article_modified_time":"2025-12-18T20:16:09+00:00","og_image":[{"width":850,"height":520,"url":"https:\/\/veritasinfo.org\/wp-content\/uploads\/2025\/12\/1000076704-1.jpg","type":"image\/jpeg"}],"author":"US6","twitter_card":"summary_large_image","twitter_misc":{"Written by":"US6","Est. reading time":"2 minutes"},"schema":{"@context":"https:\/\/schema.org","@graph":[{"@type":"WebPage","@id":"https:\/\/veritasinfo.org\/?p=24601","url":"https:\/\/veritasinfo.org\/?p=24601","name":"Ibrahimi: Shpresojm\u00eb q\u00eb komunat veriore do t\u2019u kthehen Asociacionit t\u00eb Komunave t\u00eb Kosov\u00ebs -","isPartOf":{"@id":"https:\/\/veritasinfo.org\/#website"},"primaryImageOfPage":{"@id":"https:\/\/veritasinfo.org\/?p=24601#primaryimage"},"image":{"@id":"https:\/\/veritasinfo.org\/?p=24601#primaryimage"},"thumbnailUrl":"https:\/\/veritasinfo.org\/wp-content\/uploads\/2025\/12\/1000076704-1.jpg","datePublished":"2025-12-18T20:13:55+00:00","dateModified":"2025-12-18T20:16:09+00:00","author":{"@id":"https:\/\/veritasinfo.org\/#\/schema\/person\/fe199eede04c3937362892b7444747cc"},"breadcrumb":{"@id":"https:\/\/veritasinfo.org\/?p=24601#breadcrumb"},"inLanguage":"en-US","potentialAction":[{"@type":"ReadAction","target":["https:\/\/veritasinfo.org\/?p=24601"]}]},{"@type":"ImageObject","inLanguage":"en-US","@id":"https:\/\/veritasinfo.org\/?p=24601#primaryimage","url":"https:\/\/veritasinfo.org\/wp-content\/uploads\/2025\/12\/1000076704-1.jpg","contentUrl":"https:\/\/veritasinfo.org\/wp-content\/uploads\/2025\/12\/1000076704-1.jpg","width":850,"height":520},{"@type":"BreadcrumbList","@id":"https:\/\/veritasinfo.org\/?p=24601#breadcrumb","itemListElement":[{"@type":"ListItem","position":1,"name":"Home","item":"https:\/\/veritasinfo.org\/"},{"@type":"ListItem","position":2,"name":"Ibrahimi: Shpresojm\u00eb q\u00eb komunat veriore do t\u2019u kthehen Asociacionit t\u00eb Komunave t\u00eb Kosov\u00ebs"}]},{"@type":"WebSite","@id":"https:\/\/veritasinfo.org\/#website","url":"https:\/\/veritasinfo.org\/","name":"","description":"","potentialAction":[{"@type":"SearchAction","target":{"@type":"EntryPoint","urlTemplate":"https:\/\/veritasinfo.org\/?s={search_term_string}"},"query-input":{"@type":"PropertyValueSpecification","valueRequired":true,"valueName":"search_term_string"}}],"inLanguage":"en-US"},{"@type":"Person","@id":"https:\/\/veritasinfo.org\/#\/schema\/person\/fe199eede04c3937362892b7444747cc","name":"US6","image":{"@type":"ImageObject","inLanguage":"en-US","@id":"https:\/\/veritasinfo.org\/#\/schema\/person\/image\/","url":"https:\/\/secure.gravatar.com\/avatar\/cb16c3c31c9d23b9b8c705964598220b3014e42ff51eb540ff23cefa3ae8c15f?s=96&d=mm&r=g","contentUrl":"https:\/\/secure.gravatar.com\/avatar\/cb16c3c31c9d23b9b8c705964598220b3014e42ff51eb540ff23cefa3ae8c15f?s=96&d=mm&r=g","caption":"US6"},"url":"https:\/\/veritasinfo.org\/?author=7"}]}},"featured_image_urls":{"full":["https:\/\/veritasinfo.org\/wp-content\/uploads\/2025\/12\/1000076704-1.jpg",850,520,false],"thumbnail":["https:\/\/veritasinfo.org\/wp-content\/uploads\/2025\/12\/1000076704-1-150x150.jpg",150,150,true],"medium":["https:\/\/veritasinfo.org\/wp-content\/uploads\/2025\/12\/1000076704-1-300x184.jpg",300,184,true],"medium_large":["https:\/\/veritasinfo.org\/wp-content\/uploads\/2025\/12\/1000076704-1-768x470.jpg",640,392,true],"large":["https:\/\/veritasinfo.org\/wp-content\/uploads\/2025\/12\/1000076704-1.jpg",640,392,false],"1536x1536":["https:\/\/veritasinfo.org\/wp-content\/uploads\/2025\/12\/1000076704-1.jpg",850,520,false],"2048x2048":["https:\/\/veritasinfo.org\/wp-content\/uploads\/2025\/12\/1000076704-1.jpg",850,520,false],"kreeti-slider-full":["https:\/\/veritasinfo.org\/wp-content\/uploads\/2025\/12\/1000076704-1.jpg",850,520,false],"kreeti-featured":["https:\/\/veritasinfo.org\/wp-content\/uploads\/2025\/12\/1000076704-1.jpg",850,520,false],"kreeti-medium":["https:\/\/veritasinfo.org\/wp-content\/uploads\/2025\/12\/1000076704-1.jpg",720,440,false],"kreeti-medium-square":["https:\/\/veritasinfo.org\/wp-content\/uploads\/2025\/12\/1000076704-1.jpg",350,214,false]},"author_info":{"info":["US6"]},"category_info":"<a href=\"https:\/\/veritasinfo.org\/?cat=60\" rel=\"category\">Shoq\u00ebrore<\/a>","tag_info":"Shoq\u00ebrore","comment_count":"0","_links":{"self":[{"href":"https:\/\/veritasinfo.org\/index.php?rest_route=\/wp\/v2\/posts\/24601","targetHints":{"allow":["GET"]}}],"collection":[{"href":"https:\/\/veritasinfo.org\/index.php?rest_route=\/wp\/v2\/posts"}],"about":[{"href":"https:\/\/veritasinfo.org\/index.php?rest_route=\/wp\/v2\/types\/post"}],"author":[{"embeddable":true,"href":"https:\/\/veritasinfo.org\/index.php?rest_route=\/wp\/v2\/users\/7"}],"replies":[{"embeddable":true,"href":"https:\/\/veritasinfo.org\/index.php?rest_route=%2Fwp%2Fv2%2Fcomments&post=24601"}],"version-history":[{"count":2,"href":"https:\/\/veritasinfo.org\/index.php?rest_route=\/wp\/v2\/posts\/24601\/revisions"}],"predecessor-version":[{"id":24606,"href":"https:\/\/veritasinfo.org\/index.php?rest_route=\/wp\/v2\/posts\/24601\/revisions\/24606"}],"wp:featuredmedia":[{"embeddable":true,"href":"https:\/\/veritasinfo.org\/index.php?rest_route=\/wp\/v2\/media\/24602"}],"wp:attachment":[{"href":"https:\/\/veritasinfo.org\/index.php?rest_route=%2Fwp%2Fv2%2Fmedia&parent=24601"}],"wp:term":[{"taxonomy":"category","embeddable":true,"href":"https:\/\/veritasinfo.org\/index.php?rest_route=%2Fwp%2Fv2%2Fcategories&post=24601"},{"taxonomy":"post_tag","embeddable":true,"href":"https:\/\/veritasinfo.org\/index.php?rest_route=%2Fwp%2Fv2%2Ftags&post=24601"}],"curies":[{"name":"wp","href":"https:\/\/api.w.org\/{rel}","templated":true}]}}